{"id":15642,"date":"2009-10-08T19:04:42","date_gmt":"2009-10-08T16:04:42","guid":{"rendered":"http:\/\/www.korhanyilmaz.com\/?p=15642"},"modified":"2009-10-08T19:04:42","modified_gmt":"2009-10-08T16:04:42","slug":"yasar-kemal-kimse-bana-sen-kurtsun-demedi","status":"publish","type":"post","link":"http:\/\/www.korhanyilmaz.com\/?p=15642","title":{"rendered":"Ya\u015far Kemal: Kimse bana &#8216;Sen K\u00fcrts\u00fcn&#8217; demedi"},"content":{"rendered":"<p style=\"text-align: center;\"><a href=\"http:\/\/www.korhanyilmaz.com\/wp-content\/uploads\/2009\/10\/ya\u015far-kemal.jpg\"  class=\"lightview\"><img loading=\"lazy\" decoding=\"async\" class=\"aligncenter size-full wp-image-15643\" src=\"http:\/\/www.korhanyilmaz.com\/wp-content\/uploads\/2009\/10\/ya\u015far-kemal.jpg\" alt=\"\" width=\"370\" height=\"216\" \/><\/a><em><span style=\"color: #888888;\">Do\u011fup b\u00fcy\u00fcd\u00fc\u011f\u00fc Osmaniye&#8217;nin Hemite k\u00f6y\u00fcn\u00fc ziyaret eden Ya\u015far Kemal, &#8221;Benim k\u00f6y\u00fcm T\u00fcrkmendir. Biz tek K\u00fcrt eviydik burada. Ama bir kez bile kimsenin bana &#8216;Sen K\u00fcrts\u00fcn&#8217; dedi\u011fini duymad\u0131m&#8221; diye konu\u015ftu.<\/span><\/em><\/p>\n<p style=\"text-align: justify;\">OSMAN\u0130YE &#8211; \u00c7ukurova \u00dcniversitesi Senatosu&#8217;ndan &#8221;Fahri Doktora&#8221; unvan\u0131n\u0131 almak i\u00e7in d\u00fcn Adana&#8217;ya gelen yazar Ya\u015far Kemal, do\u011fup b\u00fcy\u00fcd\u00fc\u011f\u00fc Osmaniye&#8217;nin Hemite k\u00f6y\u00fcn\u00fc ziyaret etti.<\/p>\n<p style=\"text-align: justify;\">K\u00f6y\u00fcne geli\u015finde davul-zurna ile kar\u015f\u0131lanan Ya\u015far Kemal, &#8221;K\u00f6y Kona\u011f\u0131&#8221;ndaki konu\u015fmas\u0131nda, hasret gidermek i\u00e7in bu ziyareti yapt\u0131\u011f\u0131n\u0131 s\u00f6yledi. <!--more--><\/p>\n<p style=\"text-align: justify;\">K\u00f6y ya\u015fam\u0131n\u0131 iyi bildi\u011fini belirten Ya\u015far Kemal, \u015f\u00f6yle konu\u015ftu: &#8221;Ben sosyalistim. Halk a\u00e7 kalmas\u0131n isterim. Herkes birlikte yemek yiyebilsin, \u00e7ocuklar\u0131na bakabilsin diye d\u00fc\u015f\u00fcn\u00fcr\u00fcm. Ben bir k\u00f6yl\u00fc \u00e7ocu\u011fuyum. K\u00f6yl\u00fcm\u00fcn hakk\u0131n\u0131 elimden geldi\u011fince muhafaza etmesini, hakk\u0131n\u0131n verilmesini isterim k\u00f6yl\u00fclerimin. Ben S\u00fcleyman Demirel de\u011filim. O bir k\u00f6yl\u00fc, ama o halk\u0131n\u0131 d\u00fc\u015f\u00fcnmedi, zenginlerle birlikte oldu.<\/p>\n<p style=\"text-align: justify;\">Benim k\u00f6y\u00fcm T\u00fcrkmendir. Biz tek K\u00fcrt eviydik burada. Ama bir kez bile kimsenin bana &#8216;Sen K\u00fcrts\u00fcn&#8217; dedi\u011fini duymad\u0131m. Babam Sad\u0131k a\u011fayd\u0131 burada. \u00c7ok sevilirdi. Ben istedi\u011fim yaramazl\u0131\u011f\u0131 yapard\u0131m, kimse bana bir fiske vurmad\u0131, &#8216;Allah belan\u0131 versin&#8217; demedi. Ben burada serbest b\u00fcy\u00fcd\u00fcm, ne K\u00fcrtl\u00fc\u011f\u00fcm\u00fc bildim ne ba\u015fka \u015feyi. Ben Hemiteliyim hala da \u00f6yleyim.&#8221;<\/p>\n<p style=\"text-align: center;\"><a href=\"http:\/\/www.korhanyilmaz.com\/wp-content\/uploads\/2009\/10\/ya\u015far-kemal-k\u00f6y\u00fcnde1.jpg\"  class=\"lightview\"><img loading=\"lazy\" decoding=\"async\" class=\"aligncenter size-full wp-image-15644\" src=\"http:\/\/www.korhanyilmaz.com\/wp-content\/uploads\/2009\/10\/ya\u015far-kemal-k\u00f6y\u00fcnde1.jpg\" alt=\"\" width=\"414\" height=\"238\" \/><\/a><\/p>\n<p style=\"text-align: center;\"><em><span style=\"color: #888888;\">K\u00f6yl\u00fclerle sohbet eden Ya\u015far Kemal, &#8221;\u0130nce Mehmet An\u0131t\u0131&#8221; \u00f6n\u00fcnde de hat\u0131ra foto\u011fraf\u0131 \u00e7ektirdi. <\/span><\/em><\/p>\n<p style=\"text-align: justify;\">Ya\u015far Kemal, ziyarette kendisine ikram edilen b\u00f6re\u011fi yedi, ayran\u0131 i\u00e7ti. K\u00f6yl\u00fc kad\u0131nlar, dokuduklar\u0131 kilimi Ya\u015far Kemal&#8217;e hediye etti. K\u00f6y kahvesinde \u00e7ay da i\u00e7en Ya\u015far Kemal, daha sonra buradan ayr\u0131ld\u0131.<\/p>\n<p><span style=\"color: #888888;\">NTVMSNBC<\/span><\/p>\n","protected":false},"excerpt":{"rendered":"<p style=\"text-align: center;\">Do\u011fup b\u00fcy\u00fcd\u00fc\u011f\u00fc Osmaniye&#8217;nin Hemite k\u00f6y\u00fcn\u00fc ziyaret eden Ya\u015far Kemal, &#8221;Benim k\u00f6y\u00fcm T\u00fcrkmendir. Biz tek K\u00fcrt eviydik burada. Ama bir kez bile kimsenin bana &#8216;Sen K\u00fcrts\u00fcn&#8217; dedi\u011fini duymad\u0131m&#8221; diye konu\u015ftu.<\/p>\n<p style=\"text-align: justify;\">OSMAN\u0130YE &#8211; \u00c7ukurova \u00dcniversitesi Senatosu&#8217;ndan &#8221;Fahri Doktora&#8221; unvan\u0131n\u0131 almak i\u00e7in d\u00fcn Adana&#8217;ya gelen yazar Ya\u015far Kemal, do\u011fup b\u00fcy\u00fcd\u00fc\u011f\u00fc Osmaniye&#8217;nin Hemite k\u00f6y\u00fcn\u00fc ziyaret <\/p>\n","protected":false},"author":1,"featured_media":0,"comment_status":"open","ping_status":"closed","sticky":false,"template":"","format":"standard","meta":{"footnotes":""},"categories":[8],"tags":[],"class_list":["post-15642","post","type-post","status-publish","format-standard","hentry","category-kultur-sanat","odd"],"_links":{"self":[{"href":"http:\/\/www.korhanyilmaz.com\/index.php?rest_route=\/wp\/v2\/posts\/15642","targetHints":{"allow":["GET"]}}],"collection":[{"href":"http:\/\/www.korhanyilmaz.com\/index.php?rest_route=\/wp\/v2\/posts"}],"about":[{"href":"http:\/\/www.korhanyilmaz.com\/index.php?rest_route=\/wp\/v2\/types\/post"}],"author":[{"embeddable":true,"href":"http:\/\/www.korhanyilmaz.com\/index.php?rest_route=\/wp\/v2\/users\/1"}],"replies":[{"embeddable":true,"href":"http:\/\/www.korhanyilmaz.com\/index.php?rest_route=%2Fwp%2Fv2%2Fcomments&post=15642"}],"version-history":[{"count":0,"href":"http:\/\/www.korhanyilmaz.com\/index.php?rest_route=\/wp\/v2\/posts\/15642\/revisions"}],"wp:attachment":[{"href":"http:\/\/www.korhanyilmaz.com\/index.php?rest_route=%2Fwp%2Fv2%2Fmedia&parent=15642"}],"wp:term":[{"taxonomy":"category","embeddable":true,"href":"http:\/\/www.korhanyilmaz.com\/index.php?rest_route=%2Fwp%2Fv2%2Fcategories&post=15642"},{"taxonomy":"post_tag","embeddable":true,"href":"http:\/\/www.korhanyilmaz.com\/index.php?rest_route=%2Fwp%2Fv2%2Ftags&post=15642"}],"curies":[{"name":"wp","href":"https:\/\/api.w.org\/{rel}","templated":true}]}}