{"id":15639,"date":"2009-10-08T11:26:50","date_gmt":"2009-10-08T08:26:50","guid":{"rendered":"http:\/\/www.korhanyilmaz.com\/?p=15639"},"modified":"2009-10-08T11:26:50","modified_gmt":"2009-10-08T08:26:50","slug":"bir-milyon-liralik-fiyasko","status":"publish","type":"post","link":"http:\/\/www.korhanyilmaz.com\/?p=15639","title":{"rendered":"Bir milyon liral\u0131k fiyasko"},"content":{"rendered":"<p style=\"text-align: center;\"><a href=\"http:\/\/www.korhanyilmaz.com\/wp-content\/uploads\/2009\/10\/yazilim.Jpeg\"  class=\"lightview\"><img loading=\"lazy\" decoding=\"async\" class=\"aligncenter size-full wp-image-15638\" src=\"http:\/\/www.korhanyilmaz.com\/wp-content\/uploads\/2009\/10\/yazilim.Jpeg\" alt=\"\" width=\"306\" height=\"204\" \/><\/a><\/p>\n<p style=\"text-align: justify;\">Eski\u015fehir&#8217;in yaz\u0131l\u0131m \u00fcss\u00fc yap\u0131lma projesi d\u00f6rt y\u0131l boyunca bir milyon lira harcand\u0131ktan sonra iptal edildi.<\/p>\n<p style=\"text-align: justify;\">ESK\u0130\u015eEH\u0130R &#8211; Eski\u015fehir\u2019de ilgili kurumlar\u0131n 4 y\u0131l \u00f6nce \u00e7al\u0131\u015fmalar\u0131na ba\u015flad\u0131\u011f\u0131 Eski\u015fehir Yaz\u0131l\u0131m \u00dcss\u00fc projesinden yakla\u015f\u0131k bir milyon lira harcand\u0131ktan sonra vazge\u00e7ildi.<\/p>\n<p style=\"text-align: justify;\">Eski\u015fehir Yaz\u0131l\u0131m \u00dcss\u00fc \u00e7al\u0131\u015fmalar\u0131, Valilik, T\u00fcrkiye Bili\u015fim Derne\u011fi (TBD) Eski\u015fehir \u015eubesi ve KOSGEB aras\u0131nda \u015eubat 2005\u2019te imzalanan protokolle ba\u015flad\u0131.<!--more--><\/p>\n<p style=\"text-align: justify;\">S\u00f6z konusu \u00e7al\u0131\u015fmalar d\u00f6nemin Valisi Kadir \u00c7al\u0131\u015f\u0131c\u0131 ve TBD Eski\u015fehir \u015eube Ba\u015fkan\u0131 U\u011fur Akku\u015f taraf\u0131ndan y\u00fcr\u00fct\u00fcld\u00fc. Yaz\u0131l\u0131m \u00dcss\u00fc kurulmas\u0131 i\u00e7in Haziran 2005\u2019te yaz\u0131l\u0131m konusunda \u00f6nemli \u00e7al\u0131\u015fmalar\u0131 bulunan \u0130srail\u2019in Ankara B\u00fcy\u00fckel\u00e7ili\u011fi\u2019nde toplant\u0131 yap\u0131ld\u0131.<\/p>\n<p style=\"text-align: justify;\">A\u011fustos 2005\u2019te restore ettirilen tarihi binada Eski\u015fehir Yaz\u0131l\u0131m \u00dcss\u00fc Gen\u00e7 Giri\u015fimciler E\u011fitim Merkezi kuruldu. Yine A\u011fustos 2005\u2019te D\u00fcnya Bankas\u0131 T\u00fcrkiye Ofisi Finans Uzmanlar\u0131 Eski\u015fehir\u2019i ziyaret ederek Yaz\u0131l\u0131m \u00dcss\u00fc Projesi hakk\u0131nda bilgi ald\u0131. Uzmanlar, s\u00f6z konusu projeye D\u00fcnya Bankas\u0131\u2019nca destek verilmesini sa\u011flad\u0131.<\/p>\n<p style=\"text-align: justify;\">Ekim 2005\u2019te D\u00fcnya Bankas\u0131 Washington Merkez Ofisi\u2019nden GDLN Avrupa, ABD, Orta Asya B\u00f6lge Koordinat\u00f6r\u00fc Gary Fine, Paris Ofisi\u2019nden Nicholas Meyer ve T\u00fcrkiye Ofisi\u2019nden Firuzan Bilir, Eski\u015fehir Yaz\u0131l\u0131m \u00dcss\u00fc ile ilgili temaslarda bulunmak \u00fczere Vali Kadir \u00c7al\u0131\u015f\u0131c\u0131\u2019y\u0131 ziyaret etti.<\/p>\n<p style=\"text-align: justify;\">Bu arada, kentteki baz\u0131 yetkililer Yaz\u0131l\u0131m \u00dcss\u00fc \u00e7al\u0131\u015fmalar\u0131n\u0131n 1992 y\u0131l\u0131nda kurulan Teknoloji Geli\u015ftirme Merkezi \u00e7at\u0131s\u0131 alt\u0131nda devam etmesi gerekti\u011fini ifade etti.<\/p>\n<p style=\"text-align: justify;\">Bunun \u00fczerine Aral\u0131k 2005\u2019te Ticaret Odas\u0131\u2019nda &#8220;Eski\u015fehir\u2019e \u0130kinci Teknoloji Ara\u015ft\u0131rma Merkezi Kurulmal\u0131 m\u0131?&#8221; konulu toplant\u0131 d\u00fczenlendi. Vali \u00c7al\u0131\u015f\u0131c\u0131, burada yaz\u0131l\u0131m \u00fcss\u00fc kurulmas\u0131na ihtiya\u00e7 oldu\u011fu y\u00f6n\u00fcnde a\u00e7\u0131klama yapt\u0131. Kas\u0131m 2006\u2019da Gen\u00e7 Patronlar Yenilik\u00e7i \u0130\u015f Fikri Yar\u0131\u015fmas\u0131 d\u00fczenlendi.<\/p>\n<p style=\"text-align: justify;\">AKP Eski\u015fehir Milletvekili ve eski Maliye Bakan\u0131 Kemal Unak\u0131tan, Hindistan\u2019\u0131n Ankara B\u00fcy\u00fckel\u00e7ili\u011fi g\u00f6revine vekalet eden M\u00fcste\u015far S.K. Verma, AK Parti Genel Ba\u015fkan Yard\u0131mc\u0131s\u0131 Reha Deneme\u00e7, Sanayi ve Ticaret Bakanl\u0131\u011f\u0131 Sanayi Ara\u015ft\u0131rma ve Geli\u015ftirme Genel M\u00fcd\u00fcr\u00fc Ziya Karabulut, Eski\u015fehir Yaz\u0131l\u0131m \u00dcss\u00fc\u2019n\u00fc ziyaret etti.<\/p>\n<p style=\"text-align: justify;\">Mart 2007\u2019de 500 d\u00f6n\u00fcm araziye yeni bina yap\u0131lmas\u0131 karar\u0131 al\u0131nd\u0131. Temmuz 2007\u2019de KOB\u0130\u2019ler ve Bili\u015fim Zirvesi yap\u0131ld\u0131. Mart 2008\u2019de lise \u00f6\u011frencilerine, ak\u0131ll\u0131 s\u0131n\u0131flarda e-e\u011fitim kapsam\u0131nda yaz\u0131l\u0131m ve donan\u0131m i\u00e7erikli kurs verildi. Nisan 2008\u2019de Yaz\u0131l\u0131m \u00dcss\u00fc\u2019n\u00fcn de i\u00e7inde yer alaca\u011f\u0131 Bili\u015fim Vadisi kurulmas\u0131 karar\u0131 al\u0131nd\u0131.<\/p>\n<p style=\"text-align: justify;\"><strong><em>&#8220;ZARARIN NERES\u0130NDEN D\u00d6N\u00dcLSE KARDIR&#8221; <\/em><\/strong><\/p>\n<p style=\"text-align: justify;\">Vali Mehmet K\u0131l\u0131\u00e7lar, yapt\u0131\u011f\u0131 a\u00e7\u0131klamada, Eski\u015fehir Yaz\u0131l\u0131m \u00dcss\u00fc\u2019n\u00fcn \u0130l Genel Meclisinin 2005 tarihli karar\u0131yla kuruldu\u011funu belirterek, merkezin maliyetinin tamam\u0131n\u0131n \u0130l \u00d6zel \u0130daresince kar\u015f\u0131land\u0131\u011f\u0131n\u0131 bildirdi.  Merkezin o d\u00f6nem yakla\u015f\u0131k 700 bin liraya mal oldu\u011funu ifade eden Vali K\u0131l\u0131\u00e7lar, \u015f\u00f6yle devam etti:  &#8220;Yaz\u0131l\u0131m \u00dcss\u00fc\u2019ne bili\u015fim konusunda ileri teknoloji diyebilece\u011fimiz bir yat\u0131r\u0131m ger\u00e7ekle\u015ftirilmi\u015f. Eski\u015fehir Yaz\u0131l\u0131m \u00dcss\u00fc ge\u00e7en 4 y\u0131ll\u0131k s\u00fcre zarf\u0131nda y\u00fcksek kapasiteli bir yaz\u0131l\u0131m ortam\u0131na ve gerekli altyap\u0131ya sahip olmas\u0131na ra\u011fmen, bu merkezin kapasitesine uygun bir e\u011fitim \u00e7al\u0131\u015fmas\u0131 d\u00fczenlenmedi\u011fi, verildi\u011fi ifade edilen e\u011fitimlerin de yeterli ve s\u00fcrekli olmad\u0131\u011f\u0131 tespit edilmi\u015ftir. Nisan 2009\u2019da inceleme yapan Sanayi ve Ticaret Bakanl\u0131\u011f\u0131 yetkilileri kentte ikinci bir teknoloji geli\u015ftirme b\u00f6lgesine gerek olmad\u0131\u011f\u0131 konusunda g\u00f6r\u00fc\u015f belirtmi\u015fler. Yaz\u0131l\u0131m \u00dcss\u00fcne g\u00fcn\u00fcm\u00fcz rakamlar\u0131yla 1 milyon lira \u0130l \u00d6zel \u0130daresi kayna\u011f\u0131 harcanm\u0131\u015f, kar\u015f\u0131l\u0131\u011f\u0131nda da somut hi\u00e7bir netice al\u0131namam\u0131\u015ft\u0131r. Mevcut donan\u0131m\u0131n bug\u00fcnk\u00fc de\u011feri yakla\u015f\u0131k 200 bin lirad\u0131r. Zarar\u0131n neresinden d\u00f6n\u00fclse kard\u0131r anlay\u0131\u015f\u0131 ile Yaz\u0131l\u0131m \u00dcss\u00fc projesinden vazge\u00e7ilmi\u015ftir.&#8221;<\/p>\n<p style=\"text-align: justify;\"><strong><em>PROJE E\u011e\u0130T\u0130M VE GEL\u0130\u015eT\u0130RME MERKEZ\u0130 <\/em><\/strong><\/p>\n<p style=\"text-align: justify;\">K\u0131l\u0131\u00e7lar, bu merkezin, sahip oldu\u011fu teknolojik donan\u0131ma paralel bir fonksiyon icra etmesi amac\u0131yla Eski\u015fehir\u2019in inovasyonel proje yapma kapasitesinin art\u0131r\u0131lmas\u0131 ve rekabet kapasitesinin g\u00fc\u00e7lendirilmesi konusuna ciddi katk\u0131 sa\u011flayacak &#8220;Eski\u015fehir Proje E\u011fitim ve Geli\u015ftirme Merkezi&#8221; ad\u0131 alt\u0131nda bir merkeze d\u00f6n\u00fc\u015ft\u00fcr\u00fclmesinin sa\u011fland\u0131\u011f\u0131n\u0131 kaydetti.<\/p>\n<p style=\"text-align: justify;\">Eski\u015fehir Proje E\u011fitim ve Geli\u015ftirme Merkezi\u2019nin kentteki t\u00fcm kamu kurum ve kurulu\u015flar\u0131, yerel y\u00f6netimler, \u00fcniversiteler, mesleki ve sivil toplum kurulu\u015flar\u0131 ile di\u011fer kurumlar\u0131n da yer alaca\u011f\u0131 bir e\u011fitim ve koordinasyon merkezi olaca\u011f\u0131n\u0131 ifade eden K\u0131l\u0131\u00e7lar, \u015funlar\u0131 s\u00f6yledi:<\/p>\n<p style=\"text-align: justify;\">&#8220;Yeni merkez, birlikte olu\u015fturulacak inovasyona dayal\u0131 fikirlerin ve sinerjinin, \u015fehrin ihtiya\u00e7lar\u0131 ve hedefleri do\u011frultusunda projelere d\u00f6n\u00fc\u015ft\u00fcr\u00fclmesi ve bu projelere ulusal ve uluslararas\u0131 fon ve hibelerden kaynak aktarma \u00e7al\u0131\u015fmalar\u0131nda de\u011ferlendirilecek. \u015eu anda bu merkezde \u00e7e\u015fitli kamu kurumlar\u0131ndan, belediyelerden, Ticaret ve Sanayi odalar\u0131 ile Ticaret Borsas\u0131\u2019ndan 13 personel proje y\u00f6netimi e\u011fitimi ald\u0131 ve mevcut imkanlar\u0131 de\u011ferlendirerek AB projeleri haz\u0131rlamaya ba\u015flad\u0131.&#8221;<\/p>\n<p style=\"text-align: justify;\"><span style=\"color: #888888;\">Radikal<\/span><\/p>\n","protected":false},"excerpt":{"rendered":"<p style=\"text-align: center;\">\n<p style=\"text-align: justify;\">Eski\u015fehir&#8217;in yaz\u0131l\u0131m \u00fcss\u00fc yap\u0131lma projesi d\u00f6rt y\u0131l boyunca bir milyon lira harcand\u0131ktan sonra iptal edildi.<\/p>\n<p style=\"text-align: justify;\">ESK\u0130\u015eEH\u0130R &#8211; Eski\u015fehir\u2019de ilgili kurumlar\u0131n 4 y\u0131l \u00f6nce \u00e7al\u0131\u015fmalar\u0131na ba\u015flad\u0131\u011f\u0131 Eski\u015fehir Yaz\u0131l\u0131m \u00dcss\u00fc projesinden yakla\u015f\u0131k bir milyon lira harcand\u0131ktan sonra vazge\u00e7ildi.<\/p>\n<p style=\"text-align: justify;\">Eski\u015fehir Yaz\u0131l\u0131m \u00dcss\u00fc \u00e7al\u0131\u015fmalar\u0131, Valilik, T\u00fcrkiye Bili\u015fim Derne\u011fi (TBD) Eski\u015fehir <\/p>\n","protected":false},"author":1,"featured_media":0,"comment_status":"open","ping_status":"closed","sticky":false,"template":"","format":"standard","meta":{"footnotes":""},"categories":[7],"tags":[],"class_list":["post-15639","post","type-post","status-publish","format-standard","hentry","category-ekonomi","odd"],"_links":{"self":[{"href":"http:\/\/www.korhanyilmaz.com\/index.php?rest_route=\/wp\/v2\/posts\/15639","targetHints":{"allow":["GET"]}}],"collection":[{"href":"http:\/\/www.korhanyilmaz.com\/index.php?rest_route=\/wp\/v2\/posts"}],"about":[{"href":"http:\/\/www.korhanyilmaz.com\/index.php?rest_route=\/wp\/v2\/types\/post"}],"author":[{"embeddable":true,"href":"http:\/\/www.korhanyilmaz.com\/index.php?rest_route=\/wp\/v2\/users\/1"}],"replies":[{"embeddable":true,"href":"http:\/\/www.korhanyilmaz.com\/index.php?rest_route=%2Fwp%2Fv2%2Fcomments&post=15639"}],"version-history":[{"count":0,"href":"http:\/\/www.korhanyilmaz.com\/index.php?rest_route=\/wp\/v2\/posts\/15639\/revisions"}],"wp:attachment":[{"href":"http:\/\/www.korhanyilmaz.com\/index.php?rest_route=%2Fwp%2Fv2%2Fmedia&parent=15639"}],"wp:term":[{"taxonomy":"category","embeddable":true,"href":"http:\/\/www.korhanyilmaz.com\/index.php?rest_route=%2Fwp%2Fv2%2Fcategories&post=15639"},{"taxonomy":"post_tag","embeddable":true,"href":"http:\/\/www.korhanyilmaz.com\/index.php?rest_route=%2Fwp%2Fv2%2Ftags&post=15639"}],"curies":[{"name":"wp","href":"https:\/\/api.w.org\/{rel}","templated":true}]}}