{"id":15634,"date":"2009-10-07T12:15:42","date_gmt":"2009-10-07T09:15:42","guid":{"rendered":"http:\/\/www.korhanyilmaz.com\/?p=15634"},"modified":"2009-10-07T12:15:42","modified_gmt":"2009-10-07T09:15:42","slug":"one-minute-cafe-hizmette","status":"publish","type":"post","link":"http:\/\/www.korhanyilmaz.com\/?p=15634","title":{"rendered":"One Minute Cafe hizmette"},"content":{"rendered":"<p style=\"text-align: center;\"><a href=\"http:\/\/www.korhanyilmaz.com\/wp-content\/uploads\/2009\/10\/oneminute.Jpeg\"  class=\"lightview\"><img loading=\"lazy\" decoding=\"async\" class=\"aligncenter size-full wp-image-15635\" src=\"http:\/\/www.korhanyilmaz.com\/wp-content\/uploads\/2009\/10\/oneminute.Jpeg\" alt=\"\" width=\"315\" height=\"205\" \/><\/a><strong><em><\/em><\/strong><\/p>\n<p style=\"text-align: center;\"><em><span style=\"color: #888888;\">Malatyal\u0131 Yahudi i\u015f adam\u0131 ve orta\u011f\u0131, Ba\u015fbakan Erdo\u011fan&#8217;\u0131n Davos&#8217;ta s\u00f6yledi\u011fi &#8216;One Minute&#8217; s\u00f6z\u00fcnden esinlenerek New York&#8217;ta kafe a\u00e7t\u0131.<\/span><\/em><\/p>\n<p style=\"text-align: justify;\">NEW YORK &#8211; ABD\u2019nin New York kentinde ya\u015fayan T\u00fcrk i\u015f adam\u0131 \u00dczeyir Tari, Ba\u015fbakan Recep Tayyip Erdo\u011fan\u2019\u0131n Davos\u2019ta s\u00f6yledi\u011fi &#8220;One Minute&#8221; s\u00f6z\u00fcnden esinlenerek, Yahudi i\u015f adam\u0131 ve yak\u0131n arkada\u015f\u0131 Eliyahu Nurieli ile Manhattan\u2019da &#8220;One Minute Cafe&#8221; adl\u0131 i\u015fyeri a\u00e7t\u0131.<\/p>\n<p style=\"text-align: justify;\">As\u0131l mesle\u011fi elektronik\u00e7ilik olan T\u00fcrk i\u015f adam\u0131 Tari, &#8220;Ba\u015fbakan\u0131m\u0131z, Davos\u2019ta \u0130srail Cumhurba\u015fkan\u0131\u2019na bu \u00e7\u0131k\u0131\u015f\u0131 yapt\u0131ktan sonra, ilk olarak Banglade\u015fli bir m\u00fc\u015fterimiz bize Erdo\u011fan\u2019\u0131n g\u00f6sterdi\u011fi tavr\u0131 ve duydu\u011fu memnuniyeti aktard\u0131&#8221; dedi. Bu s\u00f6z\u00fcn d\u00fcnya \u00e7ap\u0131nda ses getirmesinden sonra sat\u0131\u015flar\u0131nda \u00e7ok art\u0131\u015f oldu\u011funu fark ettiklerini belirten Tari, &#8220;Ard\u0131ndan pek \u00e7ok m\u00fc\u015fterimizin bize bak\u0131\u015f a\u00e7\u0131s\u0131 de\u011fi\u015fti. Bu s\u00f6z\u00fcn bize ekonomik olarak ciddi katk\u0131 sa\u011flad\u0131\u011f\u0131n\u0131 g\u00f6rd\u00fck&#8221; diye konu\u015ftu.<!--more--><\/p>\n<p style=\"text-align: justify;\">Manhattan\u2019da bulunan \u0130stanbul Cafe\u2019nin de sahibi olan Malatyal\u0131 Tari, Erdo\u011fan\u2019\u0131n bu s\u00f6z\u00fcn\u00fcn kendilerine bir T\u00fcrk olarak b\u00fcy\u00fck onur verdi\u011fini ve \u0130srailli orta\u011f\u0131yla yeni a\u00e7aca\u011f\u0131 cafeye bu ismi koymay\u0131 kararla\u015ft\u0131rd\u0131\u011f\u0131n\u0131 s\u00f6yledi.<\/p>\n<p style=\"text-align: justify;\">Yak\u0131n arkada\u015f\u0131 ve 9 y\u0131ll\u0131k orta\u011f\u0131 Eliyahu Nurieli\u2019nin T\u00fcrkiye hayran\u0131 bir \u0130srailli oldu\u011funu kaydeden T\u00fcrk i\u015f adam\u0131, &#8220;Amerika\u2019ya geldi\u011fimden beri onunla orta\u011f\u0131z. Di\u011fer i\u015flerimizi de birlikte yap\u0131yoruz. Ba\u015fbakan Erdo\u011fan\u2019\u0131 Eliyahu da seviyor. Bu ismi \u00f6nerdi\u011fimde onun da ho\u015funa gitti ve One Minute Cafe\u2019yi a\u00e7maya karar verdik&#8221; ifadesini kulland\u0131.<\/p>\n<p style=\"text-align: justify;\">Yahudi i\u015f adam\u0131 Nurieli de, son 2 y\u0131lda 4 defa T\u00fcrkiye\u2019ye gitti\u011fini, \u0130stanbul\u2019u ve T\u00fcrk insanlar\u0131n\u0131 \u00e7ok sevdi\u011fini ifade ederek, \u00dczeyir Tari ve di\u011fer T\u00fcrklerle \u00e7ok iyi anla\u015ft\u0131\u011f\u0131n\u0131, Ba\u015fbakan Erdo\u011fan\u2019a da sempatisi oldu\u011funu vurgulad\u0131.<\/p>\n<p style=\"text-align: justify;\"><strong><em>M\u00dcLK SAH\u0130B\u0130 YAHUD\u0130N\u0130N \u0130T\u0130RAZI <\/em><\/strong><\/p>\n<p style=\"text-align: justify;\">\u0130\u015f adam\u0131 Tari, One Minute Cafe\u2019yi a\u00e7mak i\u00e7in Manhattan\u2019da kiralad\u0131klar\u0131 d\u00fckkan\u0131n sahibiyle 10 y\u0131ll\u0131k anla\u015fma yapt\u0131klar\u0131n\u0131 bildirdi. M\u00fclk\u00fcn sahibinin de bir ba\u015fka Yahudi oldu\u011funu belirten i\u015f adam\u0131, &#8220;M\u00fclk sahibi, imzay\u0131 att\u0131\u011f\u0131m\u0131z\u0131n ertesi g\u00fcn\u00fc tekrar yan\u0131m\u0131za gelerek, bize ticari nedenlerle s\u00f6zle\u015fmeyi feshetmek istedi\u011fini s\u00f6yledi&#8221; dedi.<\/p>\n<p style=\"text-align: justify;\">\u00dczeyir Tari, s\u00f6zle\u015fmenin iptali i\u00e7in kendilerine y\u00fcksek miktarda para \u00f6nerildi\u011fini, ancak teklife olumlu yakla\u015fmad\u0131klar\u0131n\u0131 belirtti.<\/p>\n<p style=\"text-align: justify;\">Tari, &#8220;Yahudi d\u00fckkan sahibi, bizimle imzalad\u0131\u011f\u0131 s\u00f6zle\u015fmeden sonra daha y\u00fcksek \u00fccret veren ba\u015fka bir kirac\u0131 buldu\u011funu s\u00f6yledi. Anla\u015fmay\u0131 bozmas\u0131 i\u00e7in \u00f6nerdi\u011fi 300 bin dolarl\u0131k \u00fccreti kabul etmedik ve Yahudi orta\u011f\u0131m Nurieli ile yeni cafemizi a\u00e7t\u0131k&#8221; diye konu\u015ftu.<\/p>\n<p style=\"text-align: justify;\"><strong><em>TIMES MEYDANI\u2019NA DA &#8220;ONE MINUTE CAFE&#8221; A\u00c7ACAKLAR <\/em><\/strong><\/p>\n<p style=\"text-align: justify;\">&#8220;Manhattan\u2019daki One Minute Cafe\u2019nin ticari olarak \u00e7ok iyi gitti\u011fini&#8221; belirten Tari, &#8220;\u0130yi bir yat\u0131r\u0131m yapt\u0131\u011f\u0131m\u0131z\u0131 d\u00fc\u015f\u00fcn\u00fcyorum. Cafe, daha birinci ay\u0131nda ba\u015far\u0131l\u0131 oldu\u011fumuzu g\u00f6sterdi. \u0130sminin de etkisi \u00e7ok oluyor&#8221; dedi.<\/p>\n<p style=\"text-align: justify;\">\u0130\u015f adam\u0131 olarak ABD\u2019de \u00e7e\u015fitli yat\u0131r\u0131mlar\u0131 oldu\u011funu s\u00f6yleyen Tari, &#8220;One Minute markas\u0131yla cafe a\u00e7maya devam edeceklerini, iki tane daha One Minute Cafe planlad\u0131klar\u0131n\u0131 ve New York\u2019un d\u00fcnyaca \u00fcnl\u00fc Times Meydan\u0131\u2019nda kiral\u0131k yer arad\u0131klar\u0131n\u0131&#8221; belirtti. Times Meydan\u0131\u2019nda d\u00fckkan bulduklar\u0131 anda ikinci kafenin hizmete girece\u011fini vurgulayan T\u00fcrk i\u015f adam\u0131, \u00fcnl\u00fc meydan\u0131n g\u00fcn\u00fcn 24 saati turistlerle dolu oldu\u011funu ve burada da ba\u015far\u0131y\u0131 yakalayacaklar\u0131na inand\u0131\u011f\u0131n\u0131 s\u00f6yledi.<\/p>\n<p style=\"text-align: justify;\"><span style=\"color: #888888;\">Radikal<\/span><\/p>\n","protected":false},"excerpt":{"rendered":"<p style=\"text-align: center;\">\n<p style=\"text-align: center;\">Malatyal\u0131 Yahudi i\u015f adam\u0131 ve orta\u011f\u0131, Ba\u015fbakan Erdo\u011fan&#8217;\u0131n Davos&#8217;ta s\u00f6yledi\u011fi &#8216;One Minute&#8217; s\u00f6z\u00fcnden esinlenerek New York&#8217;ta kafe a\u00e7t\u0131.<\/p>\n<p style=\"text-align: justify;\">NEW YORK &#8211; ABD\u2019nin New York kentinde ya\u015fayan T\u00fcrk i\u015f adam\u0131 \u00dczeyir Tari, Ba\u015fbakan Recep Tayyip Erdo\u011fan\u2019\u0131n Davos\u2019ta s\u00f6yledi\u011fi &#8220;One Minute&#8221; s\u00f6z\u00fcnden esinlenerek, Yahudi i\u015f adam\u0131 ve yak\u0131n arkada\u015f\u0131 Eliyahu <\/p>\n","protected":false},"author":1,"featured_media":0,"comment_status":"open","ping_status":"closed","sticky":false,"template":"","format":"standard","meta":{"footnotes":""},"categories":[3],"tags":[],"class_list":["post-15634","post","type-post","status-publish","format-standard","hentry","category-dunya","odd"],"_links":{"self":[{"href":"http:\/\/www.korhanyilmaz.com\/index.php?rest_route=\/wp\/v2\/posts\/15634","targetHints":{"allow":["GET"]}}],"collection":[{"href":"http:\/\/www.korhanyilmaz.com\/index.php?rest_route=\/wp\/v2\/posts"}],"about":[{"href":"http:\/\/www.korhanyilmaz.com\/index.php?rest_route=\/wp\/v2\/types\/post"}],"author":[{"embeddable":true,"href":"http:\/\/www.korhanyilmaz.com\/index.php?rest_route=\/wp\/v2\/users\/1"}],"replies":[{"embeddable":true,"href":"http:\/\/www.korhanyilmaz.com\/index.php?rest_route=%2Fwp%2Fv2%2Fcomments&post=15634"}],"version-history":[{"count":0,"href":"http:\/\/www.korhanyilmaz.com\/index.php?rest_route=\/wp\/v2\/posts\/15634\/revisions"}],"wp:attachment":[{"href":"http:\/\/www.korhanyilmaz.com\/index.php?rest_route=%2Fwp%2Fv2%2Fmedia&parent=15634"}],"wp:term":[{"taxonomy":"category","embeddable":true,"href":"http:\/\/www.korhanyilmaz.com\/index.php?rest_route=%2Fwp%2Fv2%2Fcategories&post=15634"},{"taxonomy":"post_tag","embeddable":true,"href":"http:\/\/www.korhanyilmaz.com\/index.php?rest_route=%2Fwp%2Fv2%2Ftags&post=15634"}],"curies":[{"name":"wp","href":"https:\/\/api.w.org\/{rel}","templated":true}]}}