{"id":15631,"date":"2009-10-08T02:12:15","date_gmt":"2009-10-07T23:12:15","guid":{"rendered":"http:\/\/www.korhanyilmaz.com\/?p=15631"},"modified":"2009-10-08T02:12:15","modified_gmt":"2009-10-07T23:12:15","slug":"edebiyat-nobeli-herta-mullerin","status":"publish","type":"post","link":"http:\/\/www.korhanyilmaz.com\/?p=15631","title":{"rendered":"Edebiyat Nobel&#8217;i Herta M\u00fcller&#8217;in"},"content":{"rendered":"<p style=\"text-align: center;\"><a href=\"http:\/\/www.korhanyilmaz.com\/wp-content\/uploads\/2009\/10\/herta.Jpeg\"  class=\"lightview\"><img loading=\"lazy\" decoding=\"async\" class=\"aligncenter size-full wp-image-15632\" title=\"herta\" src=\"http:\/\/www.korhanyilmaz.com\/wp-content\/uploads\/2009\/10\/herta.Jpeg\" alt=\"herta\" width=\"238\" height=\"240\" \/><\/a><\/p>\n<p style=\"text-align: justify;\">2009 Nobel Edebiyat \u00d6d\u00fcl\u00fc&#8217;n\u00fcn sahibi Romanya as\u0131ll\u0131 Alman yazar Herta M\u00fcller oldu.<\/p>\n<p style=\"text-align: justify;\">STOCKHOLM &#8211; D\u00fcnyada prestiji en y\u00fcksek \u00f6d\u00fcl olarak kabul edilen Nobel \u00f6d\u00fcllerinden edebiyat \u00f6d\u00fcl\u00fcn\u00fc, Alman yazar Herta M\u00fcller\u2019in kazand\u0131\u011f\u0131 a\u00e7\u0131kland\u0131.<\/p>\n<p style=\"text-align: justify;\">\u0130sve\u00e7 Akademisinden yap\u0131lan a\u00e7\u0131klamada, Alman yazar Herta M\u00fcller\u2019in \u00f6d\u00fcl\u00fc almaya hak kazand\u0131\u011f\u0131 bildirildi. \u0130sve\u00e7 gazeteleri, bug\u00fcn edebiyat \u00f6d\u00fcl\u00fc a\u00e7\u0131klanmadan, internet sayfalar\u0131nda yer yer verdikleri tahminlerde, en yak\u0131n aday\u0131n M\u00fcller oldu\u011funu belirtmi\u015fti.<!--more--><\/p>\n<p style=\"text-align: justify;\">M\u00fcller\u2019in 17 A\u011fustos 1953 y\u0131l\u0131nda Romanya\u2019da Almanca konu\u015fulan bir k\u00f6yde do\u011fdu\u011fu, daha sonra Almanya\u2019ya g\u00f6\u00e7 etti\u011fi bildirildi.<\/p>\n<p style=\"text-align: justify;\">Nobel \u00f6d\u00fcl\u00fcyle birlikte 10 milyon \u0130sve\u00e7 Kronu (1 milyon avro) para \u00f6d\u00fcl\u00fcn\u00fc de kazanan Alman yazar Herta M\u00fcller\u2019in, kendine \u00f6zg\u00fc yaz\u0131 dili bulundu\u011fu, Almanca ve Romence dillerini \u00e7ok iyi kullanmas\u0131 ve romanlar\u0131yla birlikte \u015fiirleriyle de tan\u0131nd\u0131\u011f\u0131 kaydedildi.<\/p>\n<p style=\"text-align: justify;\">M\u00fcller&#8217;in, &#8216;Tilki Daha O Zaman Avc\u0131yd\u0131&#8217; ve &#8216;Y\u00fcrekteki Hayvan&#8217; adl\u0131 kitaplar\u0131 T\u00fcrk\u00e7e&#8217;de yay\u0131nland\u0131.<\/p>\n<p style=\"text-align: justify;\"><span style=\"color: #888888;\">Kaynak : Radikal<\/span><\/p>\n","protected":false},"excerpt":{"rendered":"<p style=\"text-align: center;\">\n<p style=\"text-align: justify;\">2009 Nobel Edebiyat \u00d6d\u00fcl\u00fc&#8217;n\u00fcn sahibi Romanya as\u0131ll\u0131 Alman yazar Herta M\u00fcller oldu.<\/p>\n<p style=\"text-align: justify;\">STOCKHOLM &#8211; D\u00fcnyada prestiji en y\u00fcksek \u00f6d\u00fcl olarak kabul edilen Nobel \u00f6d\u00fcllerinden edebiyat \u00f6d\u00fcl\u00fcn\u00fc, Alman yazar Herta M\u00fcller\u2019in kazand\u0131\u011f\u0131 a\u00e7\u0131kland\u0131.<\/p>\n<p style=\"text-align: justify;\">\u0130sve\u00e7 Akademisinden yap\u0131lan a\u00e7\u0131klamada, Alman yazar Herta M\u00fcller\u2019in \u00f6d\u00fcl\u00fc almaya hak kazand\u0131\u011f\u0131 bildirildi. \u0130sve\u00e7 <\/p>\n","protected":false},"author":1,"featured_media":0,"comment_status":"open","ping_status":"closed","sticky":false,"template":"","format":"standard","meta":{"footnotes":""},"categories":[3,8],"tags":[],"class_list":["post-15631","post","type-post","status-publish","format-standard","hentry","category-dunya","category-kultur-sanat","odd"],"_links":{"self":[{"href":"http:\/\/www.korhanyilmaz.com\/index.php?rest_route=\/wp\/v2\/posts\/15631","targetHints":{"allow":["GET"]}}],"collection":[{"href":"http:\/\/www.korhanyilmaz.com\/index.php?rest_route=\/wp\/v2\/posts"}],"about":[{"href":"http:\/\/www.korhanyilmaz.com\/index.php?rest_route=\/wp\/v2\/types\/post"}],"author":[{"embeddable":true,"href":"http:\/\/www.korhanyilmaz.com\/index.php?rest_route=\/wp\/v2\/users\/1"}],"replies":[{"embeddable":true,"href":"http:\/\/www.korhanyilmaz.com\/index.php?rest_route=%2Fwp%2Fv2%2Fcomments&post=15631"}],"version-history":[{"count":0,"href":"http:\/\/www.korhanyilmaz.com\/index.php?rest_route=\/wp\/v2\/posts\/15631\/revisions"}],"wp:attachment":[{"href":"http:\/\/www.korhanyilmaz.com\/index.php?rest_route=%2Fwp%2Fv2%2Fmedia&parent=15631"}],"wp:term":[{"taxonomy":"category","embeddable":true,"href":"http:\/\/www.korhanyilmaz.com\/index.php?rest_route=%2Fwp%2Fv2%2Fcategories&post=15631"},{"taxonomy":"post_tag","embeddable":true,"href":"http:\/\/www.korhanyilmaz.com\/index.php?rest_route=%2Fwp%2Fv2%2Ftags&post=15631"}],"curies":[{"name":"wp","href":"https:\/\/api.w.org\/{rel}","templated":true}]}}