{"id":15624,"date":"2009-10-07T08:50:52","date_gmt":"2009-10-07T05:50:52","guid":{"rendered":"http:\/\/www.korhanyilmaz.com\/?p=15624"},"modified":"2026-01-20T08:54:14","modified_gmt":"2026-01-20T05:54:14","slug":"gulden-fransa-yolunda-ermenistan-aciklamasi","status":"publish","type":"post","link":"http:\/\/www.korhanyilmaz.com\/?p=15624","title":{"rendered":"G\u00fcl&#8217;den Fransa yolunda Ermenistan a\u00e7\u0131klamas\u0131"},"content":{"rendered":"<p><a href=\"http:\/\/www.korhanyilmaz.com\/wp-content\/uploads\/2009\/10\/527d4663992df105b827bf17.jpg\"  class=\"lightview\"><img loading=\"lazy\" decoding=\"async\" class=\"aligncenter size-full wp-image-2040425\" src=\"http:\/\/www.korhanyilmaz.com\/wp-content\/uploads\/2009\/10\/527d4663992df105b827bf17.jpg\" alt=\"\" width=\"296\" height=\"294\" \/><\/a><\/p>\n<p style=\"text-align: justify;\">Cumhurba\u015fkan\u0131 Abdullah G\u00fcl bug\u00fcn Fransa&#8217;ya gidiyor. G\u00fcl, ziyareti \u00f6ncesinde AFP&#8217;ye Ermenistan ile gelinen noktay\u0131 de\u011ferlendirdi. Cumhurba\u015fkan\u0131 &#8220;ge\u00e7mi\u015fin sorunlar\u0131n\u0131 bug\u00fcn ya\u015famaya devam edersek, gelece\u011fi zehirleriz&#8221; dedi.<\/p>\n<p style=\"text-align: justify;\">Cumhurba\u015fkan\u0131 G\u00fcl, 1. D\u00fcnya Sava\u015f\u0131 y\u0131llar\u0131nda hem T\u00fcrkler hem de Ermenilerin &#8220;\u00e7ok ac\u0131 \u00e7ektiklerini&#8221; ifade etti.<\/p>\n<p style=\"text-align: justify;\">G\u00fcl, T\u00fcrkiye&#8217;nin ortak tarih komisyonu kurulmas\u0131 \u00f6nerisini de yineledi; &#8220;Komisyonun varaca\u011f\u0131 sonu\u00e7lar\u0131 kabul etmeye haz\u0131r\u0131z. Samimiyetimizi g\u00f6stermek i\u00e7in de konuyla ilgilenen her \u00fclkenin komisyona kat\u0131labilece\u011fini belirttik. Frans\u0131z tarih\u00e7iler de isterlerse kat\u0131labilirler&#8221; dedi. <!--more--><\/p>\n<p style=\"text-align: justify;\">G\u00fcl, AB konusuna da de\u011finerek &#8220;\u00d6nceli\u011fimiz AB m\u00fcktesebat\u0131n\u0131 hayata ge\u00e7irmek&#8221; dedi.<\/p>\n<p style=\"text-align: justify;\">Cumhurba\u015fkan\u0131 UNESCO&#8217;nun 35. genel konferans\u0131nda bakanlar forumunun a\u00e7\u0131l\u0131\u015f konu\u015fmas\u0131n\u0131 yapacak.<\/p>\n<p style=\"text-align: justify;\">G\u00fcl, UNESCO&#8217;yu ziyaret eden ilk cumhurba\u015fkan\u0131 olacak. Ayr\u0131ca Fransa Ba\u015fbakan\u0131 Fran\u00e7ois Fillon ile bir araya gelecek.<\/p>\n<p style=\"text-align: justify;\">Cumhurba\u015fkan\u0131 G\u00fcl, cuma g\u00fcn\u00fc de Fransa&#8217;daki T\u00fcrk Mevsimi kapsam\u0131nda, Cumhurba\u015fkan\u0131 Nicola Sarkozy ile birlikte &#8220;Bizans&#8217;tan \u0130stanbul&#8217;a: \u0130ki K\u0131tan\u0131n Liman\u0131&#8221; adl\u0131 sergiyi a\u00e7acak.<\/p>\n<p style=\"text-align: justify;\"><a href=\"https:\/\/www.cnnturk.com\/turkiye\/gulden-fransa-yolunda-ermenistan-aciklamasi-138780\" target=\"_blank\" rel=\"noopener\"><span style=\"color: #888888;\">CNN T\u00dcRK<\/span><\/a><\/p>\n","protected":false},"excerpt":{"rendered":"<\/p>\n<p style=\"text-align: justify;\">Cumhurba\u015fkan\u0131 Abdullah G\u00fcl bug\u00fcn Fransa&#8217;ya gidiyor. G\u00fcl, ziyareti \u00f6ncesinde AFP&#8217;ye Ermenistan ile gelinen noktay\u0131 de\u011ferlendirdi. Cumhurba\u015fkan\u0131 &#8220;ge\u00e7mi\u015fin sorunlar\u0131n\u0131 bug\u00fcn ya\u015famaya devam edersek, gelece\u011fi zehirleriz&#8221; dedi.<\/p>\n<p style=\"text-align: justify;\">Cumhurba\u015fkan\u0131 G\u00fcl, 1. D\u00fcnya Sava\u015f\u0131 y\u0131llar\u0131nda hem T\u00fcrkler hem de Ermenilerin &#8220;\u00e7ok ac\u0131 \u00e7ektiklerini&#8221; ifade etti.<\/p>\n<p style=\"text-align: justify;\">G\u00fcl, T\u00fcrkiye&#8217;nin ortak tarih komisyonu kurulmas\u0131 \u00f6nerisini <\/p>\n","protected":false},"author":1,"featured_media":0,"comment_status":"open","ping_status":"closed","sticky":false,"template":"","format":"standard","meta":{"footnotes":""},"categories":[105],"tags":[],"class_list":["post-15624","post","type-post","status-publish","format-standard","hentry","category-gundem","odd"],"_links":{"self":[{"href":"http:\/\/www.korhanyilmaz.com\/index.php?rest_route=\/wp\/v2\/posts\/15624","targetHints":{"allow":["GET"]}}],"collection":[{"href":"http:\/\/www.korhanyilmaz.com\/index.php?rest_route=\/wp\/v2\/posts"}],"about":[{"href":"http:\/\/www.korhanyilmaz.com\/index.php?rest_route=\/wp\/v2\/types\/post"}],"author":[{"embeddable":true,"href":"http:\/\/www.korhanyilmaz.com\/index.php?rest_route=\/wp\/v2\/users\/1"}],"replies":[{"embeddable":true,"href":"http:\/\/www.korhanyilmaz.com\/index.php?rest_route=%2Fwp%2Fv2%2Fcomments&post=15624"}],"version-history":[{"count":0,"href":"http:\/\/www.korhanyilmaz.com\/index.php?rest_route=\/wp\/v2\/posts\/15624\/revisions"}],"wp:attachment":[{"href":"http:\/\/www.korhanyilmaz.com\/index.php?rest_route=%2Fwp%2Fv2%2Fmedia&parent=15624"}],"wp:term":[{"taxonomy":"category","embeddable":true,"href":"http:\/\/www.korhanyilmaz.com\/index.php?rest_route=%2Fwp%2Fv2%2Fcategories&post=15624"},{"taxonomy":"post_tag","embeddable":true,"href":"http:\/\/www.korhanyilmaz.com\/index.php?rest_route=%2Fwp%2Fv2%2Ftags&post=15624"}],"curies":[{"name":"wp","href":"https:\/\/api.w.org\/{rel}","templated":true}]}}