{"id":15613,"date":"2009-10-06T17:16:35","date_gmt":"2009-10-06T14:16:35","guid":{"rendered":"http:\/\/www.korhanyilmaz.com\/?p=15613"},"modified":"2009-10-06T17:16:35","modified_gmt":"2009-10-06T14:16:35","slug":"esi-%e2%80%98yapmayin%e2%80%99-diye-yalvardi-ama","status":"publish","type":"post","link":"http:\/\/www.korhanyilmaz.com\/?p=15613","title":{"rendered":"E\u015fi \u2018yapmay\u0131n\u2019 diye yalvard\u0131 ama&#8230;"},"content":{"rendered":"<p style=\"text-align: justify;\"><a href=\"http:\/\/www.korhanyilmaz.com\/wp-content\/uploads\/2009\/10\/PKK.jpg\"  class=\"lightview\"><img loading=\"lazy\" decoding=\"async\" class=\"aligncenter size-full wp-image-15614\" src=\"http:\/\/www.korhanyilmaz.com\/wp-content\/uploads\/2009\/10\/PKK.jpg\" alt=\"\" width=\"329\" height=\"210\" \/><\/a><\/p>\n<p style=\"text-align: justify;\"><strong><em>PKK, polisi \u00e7ocuklar\u0131n\u0131n g\u00f6z\u00fc \u00f6n\u00fcnde \u015fehit etti <\/em><\/strong><\/p>\n<p style=\"text-align: justify;\">Hakkari\u2019de kendisini ziyarete gelen iki a\u011fabeyiyle birlikte katledilen polis memuru A\u00e7\u0131kg\u00f6z\u2019\u00fcn \u00f6l\u00fcm\u00fcne e\u015finin ve iki k\u00fc\u00e7\u00fck \u00e7ocu\u011funun da tan\u0131k oldu\u011fu ortaya \u00e7\u0131kt\u0131. Ter\u00f6ristler \u2019yapmay\u0131n\u2019 diye yalvaran e\u015fi korkutmak i\u00e7in havaya ate\u015f de a\u00e7m\u0131\u015f.<\/p>\n<p style=\"text-align: justify;\">HAKKAR\u0130\u2019de piknik yapmak i\u00e7in gittikleri Depin b\u00f6lgesinde ter\u00f6ristlerin silahl\u0131 sald\u0131r\u0131s\u0131nda \u015fehit d\u00fc\u015fen polis memuru Engin A\u00e7\u0131kg\u00f6z ile a\u011fabeyleri Sabri A\u00e7\u0131kg\u00f6z ve Sadi A\u00e7\u0131kg\u00f6z\u2019\u00fcn cenazeleri, memleketleri Kastamonu\u2019ya g\u00f6nderildi. \u015eehit polis ile iki karde\u015fi bug\u00fcn topra\u011fa verilecek. <!--more--><\/p>\n<p style=\"text-align: justify;\">Van\u2019daki u\u011furlama t\u00f6reninde \u015fehit polisin e\u015fi Sevcan A\u00e7\u0131kg\u00f6z ise ayakta durmakta zorlan\u0131nca, polis memurunun g\u00f6rev arkada\u015flar\u0131 onu teselli etmek i\u00e7in b\u00fcy\u00fck \u00e7aba g\u00f6sterdi.<\/p>\n<p style=\"text-align: justify;\"><strong><em>Babaya son kez el sallad\u0131<\/em><\/strong><\/p>\n<p style=\"text-align: justify;\">T\u00f6ren alan\u0131nda en \u00e7ok y\u00fcr\u00fckleri da\u011flayan sahne ise \u015fehit polis memuru Engin A\u00e7\u0131kg\u00f6z\u2019\u00fcn \u00e7ocuklar\u0131 oldu. Polis memurlar\u0131n\u0131n kucakta ta\u015f\u0131d\u0131\u011f\u0131 5 ya\u015f\u0131ndaki Hayrunnisa, tabuta ve polis memurlar\u0131n\u0131n g\u00f6\u011fs\u00fcnde g\u00f6rd\u00fc\u011f\u00fc foto\u011fraf\u0131 g\u00f6sterip \u201cBaba\u201d diyerek el sallamas\u0131 ve 2 ya\u015f\u0131ndaki karde\u015fi Fatih Hamza\u2019y\u0131 \u00f6pmesi y\u00fcrekleri da\u011flad\u0131. Herkesin g\u00f6zya\u015f\u0131 d\u00f6kt\u00fc\u011f\u00fc t\u00f6rende T\u00fcrk Bayra\u011f\u0131na sar\u0131l\u0131 tabutlar\u0131n polislerin omuzunda ta\u015f\u0131nmas\u0131 s\u0131ras\u0131nda \u015fehit polis memurunun e\u015fi Sevcan, daha fazla dayanamayarak bayg\u0131nl\u0131k ge\u00e7irdi.<\/p>\n<p style=\"text-align: justify;\"><strong><em>E\u015fi \u2018yapmay\u0131n\u2019 diye yalvard\u0131 <\/em><\/strong><\/p>\n<p style=\"text-align: justify;\">Emniyet yetkililerinden al\u0131nan bilgiye g\u00f6re \u00f6nceki g\u00fcn alabal\u0131k tesislerinin bulundu\u011fu Depin mevkiinde piknik yapt\u0131klar\u0131 alandan \u00e7\u0131karken ellerinde uzun namlulu silahla gelen ve PKK\u2019l\u0131 olduklar\u0131 belirtilen 3 ki\u015finin, polis memuru Engin A\u00e7\u0131kg\u00f6z ve a\u011fabeylerini, e\u015fi Sevcan ve 2 \u00e7ocu\u011funun g\u00f6zleri \u00f6n\u00fcnde \u00f6ld\u00fcrd\u00fc\u011f\u00fc ileri s\u00fcr\u00fcld\u00fc. Sald\u0131rganlar\u0131n, polis memuru A\u00e7\u0131kg\u00f6z ve a\u011fabeylerini elma bah\u00e7esinden \u00e7\u0131karken g\u00f6rd\u00fckleri ve bu s\u0131rada ate\u015f a\u00e7t\u0131klar\u0131 belirtildi. Bunu farkeden polis memurunun e\u015fi Sevcan A\u00e7\u0131kg\u00f6z\u2019\u00fcn yalvarmalar\u0131na ra\u011fmen ter\u00f6ristlerin 3 ki\u015fiyi kur\u015fun ya\u011fmuruna tutuklar\u0131 ve ona da, \u201cSeninle i\u015fimiz yok. \u00c7ocuklar\u0131n\u0131 al git buradan\u201d dedikleri, ayr\u0131ca arkas\u0131ndan da korkutmak i\u00e7in havaya ate\u015f ettikleri ileri s\u00fcr\u00fcld\u00fc.<\/p>\n<p style=\"text-align: justify;\"><strong><em>Operasyon s\u00fcr\u00fcyor <\/em><\/strong><\/p>\n<p style=\"text-align: justify;\">Bu arada, kent merkezine 7 kilometre uzakl\u0131kta bulunan Depin mevkiinde meydana gelen sald\u0131r\u0131n\u0131n ard\u0131ndan b\u00f6lgede ba\u015flat\u0131lan hava destekli operasyonlar s\u00fcr\u00fcyor. Operasyonlara \u00f6zel hareket polisleri ile \u00f6zel e\u011fitimli komandolar kat\u0131l\u0131yor. Hakkari Valisi Muammer T\u00fcrker bu olay\u0131n Hakkari i\u00e7in \u00fcz\u00fcnt\u00fc verici oldu\u011funu s\u00f6yledi. Vali T\u00fcrker, polis memurunu \u015fehit eden, 2 karde\u015fi \u00f6ld\u00fcrenlere kar\u015f\u0131 kapsaml\u0131 bir operasyon s\u00fcrd\u00fcr\u00fcld\u00fc\u011f\u00fcn\u00fc belirterek, \u201cYap\u0131lan incelemeler bu olay\u0131n PKK taraf\u0131ndan yap\u0131ld\u0131\u011f\u0131n\u0131 g\u00f6steriyor. Operasyonlar, ara\u015ft\u0131rmalar s\u00fcr\u00fcyor. Bu t\u00fcr olaylar\u0131n bir daha ya\u015fanmamas\u0131n\u0131 \u00fcmit ediyoruz. \u00c7\u00fcnk\u00fc bu olaylar Hakkari\u2019ye ve Hakkari halk\u0131na zarar veriyor. Y\u00f6re halk\u0131 art\u0131k huzur istiyor\u201d dedi.<\/p>\n<p style=\"text-align: justify;\"><span style=\"color: #888888;\">Kaynak : Vatan<\/span><\/p>\n","protected":false},"excerpt":{"rendered":"<p style=\"text-align: justify;\">\n<p style=\"text-align: justify;\">PKK, polisi \u00e7ocuklar\u0131n\u0131n g\u00f6z\u00fc \u00f6n\u00fcnde \u015fehit etti <\/p>\n<p style=\"text-align: justify;\">Hakkari\u2019de kendisini ziyarete gelen iki a\u011fabeyiyle birlikte katledilen polis memuru A\u00e7\u0131kg\u00f6z\u2019\u00fcn \u00f6l\u00fcm\u00fcne e\u015finin ve iki k\u00fc\u00e7\u00fck \u00e7ocu\u011funun da tan\u0131k oldu\u011fu ortaya \u00e7\u0131kt\u0131. Ter\u00f6ristler \u2019yapmay\u0131n\u2019 diye yalvaran e\u015fi korkutmak i\u00e7in havaya ate\u015f de a\u00e7m\u0131\u015f.<\/p>\n<p style=\"text-align: justify;\">HAKKAR\u0130\u2019de piknik yapmak i\u00e7in gittikleri <\/p>\n","protected":false},"author":1,"featured_media":0,"comment_status":"open","ping_status":"closed","sticky":false,"template":"","format":"standard","meta":{"footnotes":""},"categories":[105],"tags":[],"class_list":["post-15613","post","type-post","status-publish","format-standard","hentry","category-gundem","odd"],"_links":{"self":[{"href":"http:\/\/www.korhanyilmaz.com\/index.php?rest_route=\/wp\/v2\/posts\/15613","targetHints":{"allow":["GET"]}}],"collection":[{"href":"http:\/\/www.korhanyilmaz.com\/index.php?rest_route=\/wp\/v2\/posts"}],"about":[{"href":"http:\/\/www.korhanyilmaz.com\/index.php?rest_route=\/wp\/v2\/types\/post"}],"author":[{"embeddable":true,"href":"http:\/\/www.korhanyilmaz.com\/index.php?rest_route=\/wp\/v2\/users\/1"}],"replies":[{"embeddable":true,"href":"http:\/\/www.korhanyilmaz.com\/index.php?rest_route=%2Fwp%2Fv2%2Fcomments&post=15613"}],"version-history":[{"count":0,"href":"http:\/\/www.korhanyilmaz.com\/index.php?rest_route=\/wp\/v2\/posts\/15613\/revisions"}],"wp:attachment":[{"href":"http:\/\/www.korhanyilmaz.com\/index.php?rest_route=%2Fwp%2Fv2%2Fmedia&parent=15613"}],"wp:term":[{"taxonomy":"category","embeddable":true,"href":"http:\/\/www.korhanyilmaz.com\/index.php?rest_route=%2Fwp%2Fv2%2Fcategories&post=15613"},{"taxonomy":"post_tag","embeddable":true,"href":"http:\/\/www.korhanyilmaz.com\/index.php?rest_route=%2Fwp%2Fv2%2Ftags&post=15613"}],"curies":[{"name":"wp","href":"https:\/\/api.w.org\/{rel}","templated":true}]}}