{"id":15610,"date":"2009-10-06T17:22:57","date_gmt":"2009-10-06T14:22:57","guid":{"rendered":"http:\/\/www.korhanyilmaz.com\/?p=15610"},"modified":"2009-10-06T17:22:57","modified_gmt":"2009-10-06T14:22:57","slug":"baykal-sanatci-sabahat-akkirazi-telefonla-aradi","status":"publish","type":"post","link":"http:\/\/www.korhanyilmaz.com\/?p=15610","title":{"rendered":"Baykal, sanat\u00e7\u0131 Sabahat Akkiraz&#039;\u0131 telefonla arad\u0131"},"content":{"rendered":"<p><a href=\"http:\/\/www.korhanyilmaz.com\/wp-content\/uploads\/2009\/10\/AKK\u0130RAZ.jpg\"  class=\"lightview\"><img loading=\"lazy\" decoding=\"async\" class=\"aligncenter size-full wp-image-15611\" src=\"http:\/\/www.korhanyilmaz.com\/wp-content\/uploads\/2009\/10\/AKK\u0130RAZ.jpg\" alt=\"\" width=\"292\" height=\"183\" \/><\/a><\/p>\n<p style=\"text-align: justify;\">CHP Genel Ba\u015fkan\u0131 Deniz Baykal, &#8220;Ba\u015fbakan ile de\u011fil Baykal ile ayn\u0131 g\u00f6r\u00fc\u015fteyiz ama o ismimden bahsetmez&#8221; diyen sanat\u00e7\u0131 Sabahat Akkiraz&#8217;\u0131 telefonla arayarak, &#8220;Sizi ihmal etti\u011fimize y\u00f6nelik bir k\u0131r\u0131kl\u0131k varsa, onu derhal telafi etmeye haz\u0131r\u0131m&#8221; dedi.<\/p>\n<p style=\"text-align: justify;\">Baykal, gazetecilerin sorusu \u00fczerine Akkiraz ile yapt\u0131\u011f\u0131 telefon g\u00f6r\u00fc\u015fmesini anlatt\u0131.<\/p>\n<p style=\"text-align: justify;\">Akkiraz&#8217;a, \u00e7ok de\u011fer verdi\u011fini, sayg\u0131 duydu\u011funu ve zevkle izledi\u011fini dile getiren Baykal, Akkiraz&#8217;\u0131n gazetedeki a\u00e7\u0131klamas\u0131n\u0131 g\u00f6r\u00fcnce, \u015fa\u015f\u0131rd\u0131\u011f\u0131n\u0131, \u00fcz\u00fcld\u00fc\u011f\u00fcn\u00fc ve ayn\u0131 zamanda memnun oldu\u011funu s\u00f6yledi. <!--more--><\/p>\n<p style=\"text-align: justify;\">Baykal, Akkiraz&#8217;\u0131 hemen telefonla arayarak bu duygular\u0131n\u0131 iletti\u011fini, Akkiraz&#8217;a, kendilerine y\u00f6nelik yak\u0131nl\u0131\u011f\u0131n\u0131 ifade etmesinden onur duydu\u011funu s\u00f6yledi\u011fini aktard\u0131.<\/p>\n<p style=\"text-align: justify;\">Baykal, i\u00e7 d\u00fcnyas\u0131n\u0131 yeterince kamuoyuna anlatamamas\u0131n\u0131n, kendisinin eksikli\u011fi oldu\u011funu dile getirerek, &#8220;Bunu d\u00fczeltmek benim g\u00f6revimdir. \u0130lk f\u0131rsatta bunu yapar\u0131m. Beraber olmaktan onur duyar\u0131m. Kendisine, &#8216;\u00c7ok \u00f6zel bir yeriniz var, halk m\u00fczi\u011fimiz i\u00e7erisinde. Sanat\u00e7\u0131 kimli\u011finiz, ki\u015fili\u011finiz \u00e7ok \u00f6zel, buna \u00e7ok de\u011fer veriyoruz, sayg\u0131 duyuyoruz. Bu konuda hi\u00e7bir teredd\u00fct\u00fcn\u00fcz olmas\u0131n&#8217; dedim. Bir g\u00fcn \u00f6ncesinde yoldayd\u0131k, Sebahat Akkiraz&#8217;\u0131 kendi aram\u0131zda konu\u015ftuk. Ad\u0131n\u0131 anmamak s\u00f6z konusu de\u011fil&#8221; dedi.<\/p>\n<p style=\"text-align: justify;\">Deniz Baykal, &#8220;Her ortamda, her vesileyle b\u00fcy\u00fck zevkle konu\u015furum. Demek ki kamuoyuna yans\u0131tmay\u0131 ba\u015faramam\u0131\u015f\u0131z. \u00c7ok se\u00e7kin, \u00f6zel bir insand\u0131r, o konuda hi\u00e7bir teredd\u00fct\u00fcm olmam\u0131\u015ft\u0131r. Onun g\u00f6nl\u00fcnde, onu ihmal etti\u011fimize y\u00f6nelik bir k\u0131r\u0131kl\u0131k varsa, onu derhal telafi etmeye haz\u0131r\u0131m, o benim boynumun borcudur. Bunu kendisine de ifade ettim. O da \u00e7ok tatl\u0131 bir \u015fekilde, anlay\u0131\u015fla, g\u00fclerek, s\u0131cak bir \u00fcslupla konu\u015fmam\u0131za katk\u0131 yapt\u0131&#8221; diye konu\u015ftu.<\/p>\n<p style=\"text-align: justify;\">CHP lideri Baykal, Akkiraz&#8217;\u0131n \u00f6n\u00fcm\u00fczdeki g\u00fcnlerde Ankara&#8217;da verece\u011fi konsere kat\u0131l\u0131p kat\u0131lmayaca\u011f\u0131na ili\u015fkin soru \u00fczerine, Akkiraz&#8217;\u0131n konserlerini \u00f6zenle takip edece\u011fini dile getirdi. Baykal, ancak \u015fimdiden program\u0131n\u0131 bilemedi\u011fi i\u00e7in bir \u015fey s\u00f6ylemeyece\u011fini belirterek, &#8220;Konserlerinde \u00f6zel olarak bir araya gelerek, birbirimize anlay\u0131\u015f\u0131m\u0131z\u0131, duygular\u0131m\u0131z\u0131 ifade ederiz&#8221; dedi.<\/p>\n<p style=\"text-align: justify;\"><strong><em>&#8220;Ba\u015fbakan ile ortak noktalar\u0131m\u0131zdan biri&#8221; <\/em><\/strong><\/p>\n<p style=\"text-align: justify;\">Ba\u015fbakan Recep Tayyip Erdo\u011fan&#8217;\u0131n, AK Parti Kongresi&#8217;nde a\u00e7\u0131klad\u0131\u011f\u0131 liste gibi bir listesinin olup olmad\u0131\u011f\u0131 sorusuna Baykal, &#8220;Herkesin var. Olmas\u0131 da \u00e7ok do\u011fal. Bunda yad\u0131rganacak bir \u015fey g\u00f6rm\u00fcyorum. Bunu bir listeyle s\u0131n\u0131rlamak b\u00fcy\u00fck haks\u0131zl\u0131k, yanl\u0131\u015fl\u0131kl\u0131kt\u0131r. Herkesin tercihlerine sayg\u0131yla yakla\u015f\u0131yorum. Herkesin b\u00f6yle bir tercihi olabilece\u011fini d\u00fc\u015f\u00fcn\u00fcyorum. Bu \u00e7ok do\u011fal. Siyaset\u00e7iler olarak, toplumun ortak de\u011ferlerini, ortak g\u00fczelliklerini, ortak b\u00fcy\u00fckl\u00fcklerini, kendi \u00f6zel s\u0131k\u0131nt\u0131lar\u0131m\u0131z i\u00e7in kullanmaya kalkmamal\u0131y\u0131z. Bu, bizi ayr\u0131\u015ft\u0131racak projelerle ilgili olarak de\u011fil, tam tersine T\u00fcrkiye&#8217;nin birli\u011fini, b\u00fct\u00fcnl\u00fc\u011f\u00fcn\u00fc vurgulama ihtiyac\u0131 do\u011frultusunda de\u011ferlendirilmelidir. Sabahat Akkiraz da Ba\u015fbakan ile belki ortak noktalar\u0131m\u0131zdan bir tanesidir&#8221; diye konu\u015ftu.<\/p>\n<p style=\"text-align: justify;\">Baykal, &#8220;Ba\u015fka var m\u0131?&#8217; sorusunu ise, &#8220;Var tabii, olmaz olur mu? Oradakilerin \u00e7o\u011fu ortakt\u0131r. Eksiklikler, bizim katk\u0131 yapmam\u0131z gerekenler vard\u0131r&#8221; diye yan\u0131tlad\u0131.<\/p>\n<p style=\"text-align: justify;\"><span style=\"color: #888888;\">CNN T\u00dcRK<\/span><\/p>\n","protected":false},"excerpt":{"rendered":"<\/p>\n<p style=\"text-align: justify;\">CHP Genel Ba\u015fkan\u0131 Deniz Baykal, &#8220;Ba\u015fbakan ile de\u011fil Baykal ile ayn\u0131 g\u00f6r\u00fc\u015fteyiz ama o ismimden bahsetmez&#8221; diyen sanat\u00e7\u0131 Sabahat Akkiraz&#8217;\u0131 telefonla arayarak, &#8220;Sizi ihmal etti\u011fimize y\u00f6nelik bir k\u0131r\u0131kl\u0131k varsa, onu derhal telafi etmeye haz\u0131r\u0131m&#8221; dedi.<\/p>\n<p style=\"text-align: justify;\">Baykal, gazetecilerin sorusu \u00fczerine Akkiraz ile yapt\u0131\u011f\u0131 telefon g\u00f6r\u00fc\u015fmesini anlatt\u0131.<\/p>\n<p style=\"text-align: justify;\">Akkiraz&#8217;a, \u00e7ok de\u011fer <\/p>\n","protected":false},"author":1,"featured_media":0,"comment_status":"open","ping_status":"closed","sticky":false,"template":"","format":"standard","meta":{"footnotes":""},"categories":[105],"tags":[],"class_list":["post-15610","post","type-post","status-publish","format-standard","hentry","category-gundem","odd"],"_links":{"self":[{"href":"http:\/\/www.korhanyilmaz.com\/index.php?rest_route=\/wp\/v2\/posts\/15610","targetHints":{"allow":["GET"]}}],"collection":[{"href":"http:\/\/www.korhanyilmaz.com\/index.php?rest_route=\/wp\/v2\/posts"}],"about":[{"href":"http:\/\/www.korhanyilmaz.com\/index.php?rest_route=\/wp\/v2\/types\/post"}],"author":[{"embeddable":true,"href":"http:\/\/www.korhanyilmaz.com\/index.php?rest_route=\/wp\/v2\/users\/1"}],"replies":[{"embeddable":true,"href":"http:\/\/www.korhanyilmaz.com\/index.php?rest_route=%2Fwp%2Fv2%2Fcomments&post=15610"}],"version-history":[{"count":0,"href":"http:\/\/www.korhanyilmaz.com\/index.php?rest_route=\/wp\/v2\/posts\/15610\/revisions"}],"wp:attachment":[{"href":"http:\/\/www.korhanyilmaz.com\/index.php?rest_route=%2Fwp%2Fv2%2Fmedia&parent=15610"}],"wp:term":[{"taxonomy":"category","embeddable":true,"href":"http:\/\/www.korhanyilmaz.com\/index.php?rest_route=%2Fwp%2Fv2%2Fcategories&post=15610"},{"taxonomy":"post_tag","embeddable":true,"href":"http:\/\/www.korhanyilmaz.com\/index.php?rest_route=%2Fwp%2Fv2%2Ftags&post=15610"}],"curies":[{"name":"wp","href":"https:\/\/api.w.org\/{rel}","templated":true}]}}