{"id":15607,"date":"2009-10-06T21:40:32","date_gmt":"2009-10-06T18:40:32","guid":{"rendered":"http:\/\/www.korhanyilmaz.com\/?p=15607"},"modified":"2009-10-06T21:40:32","modified_gmt":"2009-10-06T18:40:32","slug":"ankaraspor-kume-dustu","status":"publish","type":"post","link":"http:\/\/www.korhanyilmaz.com\/?p=15607","title":{"rendered":"Ankaraspor k\u00fcme d\u00fc\u015ft\u00fc"},"content":{"rendered":"<p style=\"text-align: center;\"><a href=\"http:\/\/www.korhanyilmaz.com\/wp-content\/uploads\/2009\/10\/ankaraspor.jpg\"  class=\"lightview\"><img loading=\"lazy\" decoding=\"async\" class=\"aligncenter size-full wp-image-15608\" src=\"http:\/\/www.korhanyilmaz.com\/wp-content\/uploads\/2009\/10\/ankaraspor.jpg\" alt=\"\" width=\"410\" height=\"179\" \/><\/a><\/p>\n<p style=\"text-align: justify;\">Futbol Federasyonu Tahkim Kurulu, Profesyonel Futbol Disiplin Kurulu&#8217;nun verdi\u011fi Ankaraspor&#8217;un alt lige d\u00fc\u015f\u00fcr\u00fclmesi karar\u0131n\u0131 onad\u0131.<\/p>\n<p style=\"text-align: justify;\">Futbol Federasyonu Tahkim Kurulu, Turkcell S\u00fcper Lig ekiplerinden Ankaraspor&#8217;un bir alt lige d\u00fc\u015f\u00fcr\u00fclmesi y\u00f6n\u00fcndeki Profesyonel Futbol Disiplin Kurulu (PFDK) karar\u0131n\u0131 onad\u0131.<\/p>\n<p style=\"text-align: justify;\">Kurul, bug\u00fcn duru\u015fmal\u0131 toplant\u0131 yaparak konuyu ele ald\u0131.<\/p>\n<p style=\"text-align: justify;\">Saat 15.00&#8217;te ba\u015flayan ve yakla\u015f\u0131k 6 saat s\u00fcren toplant\u0131 sonunda karar, oy\u00e7oklu\u011fuyla al\u0131nd\u0131. <!--more--><\/p>\n<p style=\"text-align: justify;\">Tahkim Kurulu&#8217;nun gerek\u00e7eli karar\u0131nda, TFF Stat\u00fcs\u00fc&#8217;n\u00fcn ilgili maddelerinde &#8220;Hi\u00e7bir ger\u00e7ek veya t\u00fczel ki\u015fi, herhangi bir m\u00fcsabaka ya da turnuvan\u0131n d\u00fcr\u00fcstl\u00fc\u011f\u00fcn\u00fc herhangi bir bi\u00e7imde zedeleyecek \u015fekilde birden fazla kul\u00fcb\u00fc y\u00f6netemez veya kontrol\u00fcn\u00fc elinde bulunduramaz&#8221; ve Kul\u00fcp Tescil Talimat\u0131&#8217;n\u0131n 17. maddesinde &#8220;Ger\u00e7ek veya t\u00fczel ki\u015filer, ayn\u0131 ligdeki birden fazla kul\u00fcb\u00fcn hakim hissedar\u0131 veya y\u00f6netim kurulu \u00fcyesi olamazlar. \u00c7o\u011funluk hisseleri veya y\u00f6netime hakim hisseleri ayn\u0131 ger\u00e7ek veya t\u00fczel ki\u015fili\u011fe ait kul\u00fcpler, ayn\u0131 ligdeki m\u00fcsabakalara i\u015ftirak edemezler&#8221; denildi\u011fi vurguland\u0131.<\/p>\n<p style=\"text-align: justify;\">TFF&#8217;ye \u00fcye t\u00fcm kul\u00fcplerin, hukuki yap\u0131lar\u0131na bak\u0131lmaks\u0131z\u0131n, futbola ili\u015fkin ulusal ve uluslararas\u0131 kural ve d\u00fczenlemelere uyma, FIFA, UEFA ve TFF stat\u00fc ve talimatlar\u0131na, fair-play kurallar\u0131na uygun olarak ba\u011fl\u0131l\u0131k, d\u00fcr\u00fcstl\u00fck ve sportmenlik ilkelerini g\u00f6zetme ve buna uygun hareket etme y\u00fck\u00fcml\u00fcl\u00fc\u011f\u00fc i\u00e7inde bulundu\u011fu dile getirilen gerek\u00e7eli kararda, daha sonra \u015fu g\u00f6r\u00fc\u015flere yer verildi:<\/p>\n<p style=\"text-align: justify;\">&#8220;Dosyada yap\u0131lan incelemede, TFF Y\u00f6netim Kurulu&#8217;nun 6 Eyl\u00fcl tarihli toplant\u0131s\u0131nda &#8216;MKE Ankarag\u00fcc\u00fc Kul\u00fcb\u00fc&#8217;n\u00fcn 30 A\u011fustos tarihindeki ola\u011fan\u00fcst\u00fc genel kurulunda al\u0131nan kararlar sonucu Ankaraspor A.\u015e. ile aras\u0131nda ortaya \u00e7\u0131kan ili\u015fkinin sportif rekabeti engelleyici nitelikte oldu\u011fu, mevcut durumun TFF Stat\u00fcs\u00fc&#8217;n\u00fcn 18. ve 76. maddeleri ile TFF Kul\u00fcp Tescil Talimat\u0131&#8217;n\u0131n 17. maddesine ayk\u0131r\u0131 oldu\u011funu belirttikten sonra, MKE Ankarag\u00fcc\u00fc Genel Kurulu&#8217;nda bu ihlalin ortaya \u00e7\u0131kmas\u0131na neden olan kararlar\u0131n 3 g\u00fcn i\u00e7erisinde ortadan kald\u0131r\u0131lmas\u0131n\u0131 ya da Ankaraspor A.\u015e. hisselerinin sportif rekabeti engellemeyecek ve kamu vicdan\u0131n\u0131 tatmin edecek \u015fekilde 3. ki\u015filere devredilmesini&#8217; istedi\u011fi ve ilgili karar\u0131n da her iki kul\u00fcbe noter kanal\u0131yla tebli\u011f edildi\u011fi anla\u015f\u0131lm\u0131\u015ft\u0131r.<\/p>\n<p style=\"text-align: justify;\">TFF Y\u00f6netim Kurulu&#8217;nun 6 Eyl\u00fcl tarihli karar\u0131, adil oyun d\u00fczenini sa\u011flamak ve liglerin ve m\u00fcsabaka sonu\u00e7lar\u0131n\u0131n g\u00fcvenirli\u011fini ve d\u00fcr\u00fcstl\u00fc\u011f\u00fcn\u00fc sa\u011flamak ve g\u00fcvence alt\u0131na almak amac\u0131yla al\u0131n\u0131nm\u0131\u015f bir karard\u0131r. TFF Y\u00f6netim Kurulu&#8217;nun, Tahkim Kurulu&#8217;nun denetimine tabi olarak, stat\u00fcde ve ilgili talimatlarla belirlenen, futbola ili\u015fkin her t\u00fcrl\u00fc karar\u0131 ve d\u00fczenlemeyi yapma yetkisine sahip oldu\u011fu hususunda bir ku\u015fku yoktur.&#8221;<\/p>\n<p style=\"text-align: justify;\"><strong><em>2 kar\u015f\u0131 oy <\/em><\/strong><\/p>\n<p style=\"text-align: justify;\">Futbol Federasyonu Tahkim Kurulu, Ankaraspor&#8217;un bir alt lige d\u00fc\u015f\u00fcr\u00fclmesi karar\u0131n\u0131, oy\u00e7oklu\u011fuyla onad\u0131.<\/p>\n<p style=\"text-align: justify;\">Gerek\u00e7eli kararda, TFF Y\u00f6netim Kurulu taraf\u0131ndan, taraflara ihlalin giderilmesine y\u00f6nelik verilen s\u00fcrenin k\u0131sa ve makul olmad\u0131\u011f\u0131n\u0131n ileri s\u00fcr\u00fcld\u00fc\u011f\u00fc, ancak bu s\u00fcrenin uzat\u0131lmas\u0131na y\u00f6nelik olarak itiraz eden kul\u00fcp taraf\u0131ndan do\u011frudan bir ba\u015fvuruda bulunulmad\u0131\u011f\u0131 vurgulan\u0131rken, \u015f\u00f6yle denildi:<\/p>\n<p style=\"text-align: justify;\">&#8220;Ayr\u0131ca, liglerin devam etti\u011fi bir s\u00fcre\u00e7 i\u00e7inde TFF taraf\u0131ndan yap\u0131lan ihlalin bir an \u00f6nce giderilmesi amac\u0131na y\u00f6nelik olarak ilgili kul\u00fcplere verilen s\u00fcrenin uzun tutulmamas\u0131n\u0131n kabul edilebilir oldu\u011fu anla\u015f\u0131ld\u0131\u011f\u0131ndan, bu y\u00f6nde yap\u0131lan savunmaya itibar etmek m\u00fcmk\u00fcn olmam\u0131\u015ft\u0131r. Her iki kul\u00fcp aras\u0131nda kurulan ili\u015fkinin TFF Y\u00f6netim Kurulu&#8217;nun 6 Eyl\u00fcl tarihli toplant\u0131s\u0131nda belirtilen \u015fekilde &#8216;Sportif rekabeti engelleyici ve zarar verici&#8217; nitelikte oldu\u011fu, bu durumun ise TFF Stat\u00fcs\u00fc&#8217;n\u00fcn 18. ve 76. maddeleri ile TFF Kul\u00fcp Tescil Talimat\u0131&#8217;n\u0131n 17. maddesine ayk\u0131r\u0131 oldu\u011fu sonucuna var\u0131lm\u0131\u015ft\u0131r.<\/p>\n<p style=\"text-align: justify;\">Bu nedenle, kul\u00fcplerden sadece birinin bir alt lige d\u00fc\u015f\u00fcr\u00fclmesinde ve alt lige d\u00fc\u015f\u00fcr\u00fclen kul\u00fcb\u00fcn belirlenmesinde kul\u00fcplerin tarih\u00e7esinin, kurulu\u015f y\u0131llar\u0131n\u0131n, liglerde bulunma s\u00fcresinin, en \u00fcst ligde bulunma s\u00fcresinin, Avrupa kupalar\u0131na kat\u0131l\u0131m s\u00fcresinin, kupa m\u00fcsabakalar\u0131na kat\u0131lma say\u0131s\u0131n\u0131n, ba\u015far\u0131lar\u0131n\u0131n, taraftar potansiyelinin belirleyici kriterler olarak dikkate al\u0131nmas\u0131nda ve kul\u00fcplerin bu kriterler \u00e7er\u00e7evesinde yap\u0131lan kar\u015f\u0131la\u015ft\u0131rma ve de\u011ferlendirme sonucunda, PFDK&#8217;n\u0131n 15 Eyl\u00fcl tarih ve 2009-2010\/121-147 say\u0131l\u0131 karar\u0131 ile Ankaraspor Kul\u00fcb\u00fc hakk\u0131nda &#8216;Bir alt lige d\u00fc\u015f\u00fcr\u00fclmesi&#8217; karar\u0131n\u0131n verilmesinde hukuka ve yasal mevzuata herhangi bir ayk\u0131r\u0131l\u0131k tespit edilemedi\u011finden, yap\u0131lan itiraz\u0131n reddi ile PFDK karar\u0131n\u0131n, \u00fcye Tanju G\u00fcvendiren&#8217;in, kul\u00fcbe hisse devrine ili\u015fkin makul s\u00fcre verilmeyerek eksik soru\u015fturmayla esasa girildi\u011fi \u015feklindeki kar\u015f\u0131 oyu ve \u00fcye Mehmet Do\u011fan&#8217;\u0131n, karar\u0131n kald\u0131r\u0131lmas\u0131 y\u00f6n\u00fcndeki kar\u015f\u0131 oyuyla, oy\u00e7oklu\u011fuyla onanmas\u0131na karar verilmi\u015ftir.&#8221;<\/p>\n<p style=\"text-align: justify;\"><span style=\"color: #888888;\">CNN T\u00dcRK<\/span><\/p>\n","protected":false},"excerpt":{"rendered":"<p style=\"text-align: center;\">\n<p style=\"text-align: justify;\">Futbol Federasyonu Tahkim Kurulu, Profesyonel Futbol Disiplin Kurulu&#8217;nun verdi\u011fi Ankaraspor&#8217;un alt lige d\u00fc\u015f\u00fcr\u00fclmesi karar\u0131n\u0131 onad\u0131.<\/p>\n<p style=\"text-align: justify;\">Futbol Federasyonu Tahkim Kurulu, Turkcell S\u00fcper Lig ekiplerinden Ankaraspor&#8217;un bir alt lige d\u00fc\u015f\u00fcr\u00fclmesi y\u00f6n\u00fcndeki Profesyonel Futbol Disiplin Kurulu (PFDK) karar\u0131n\u0131 onad\u0131.<\/p>\n<p style=\"text-align: justify;\">Kurul, bug\u00fcn duru\u015fmal\u0131 toplant\u0131 yaparak konuyu ele ald\u0131.<\/p>\n<p style=\"text-align:  \n\n","protected":false},"author":1,"featured_media":0,"comment_status":"open","ping_status":"closed","sticky":false,"template":"","format":"standard","meta":{"footnotes":""},"categories":[42],"tags":[],"class_list":["post-15607","post","type-post","status-publish","format-standard","hentry","category-spor","odd"],"_links":{"self":[{"href":"http:\/\/www.korhanyilmaz.com\/index.php?rest_route=\/wp\/v2\/posts\/15607","targetHints":{"allow":["GET"]}}],"collection":[{"href":"http:\/\/www.korhanyilmaz.com\/index.php?rest_route=\/wp\/v2\/posts"}],"about":[{"href":"http:\/\/www.korhanyilmaz.com\/index.php?rest_route=\/wp\/v2\/types\/post"}],"author":[{"embeddable":true,"href":"http:\/\/www.korhanyilmaz.com\/index.php?rest_route=\/wp\/v2\/users\/1"}],"replies":[{"embeddable":true,"href":"http:\/\/www.korhanyilmaz.com\/index.php?rest_route=%2Fwp%2Fv2%2Fcomments&post=15607"}],"version-history":[{"count":0,"href":"http:\/\/www.korhanyilmaz.com\/index.php?rest_route=\/wp\/v2\/posts\/15607\/revisions"}],"wp:attachment":[{"href":"http:\/\/www.korhanyilmaz.com\/index.php?rest_route=%2Fwp%2Fv2%2Fmedia&parent=15607"}],"wp:term":[{"taxonomy":"category","embeddable":true,"href":"http:\/\/www.korhanyilmaz.com\/index.php?rest_route=%2Fwp%2Fv2%2Fcategories&post=15607"},{"taxonomy":"post_tag","embeddable":true,"href":"http:\/\/www.korhanyilmaz.com\/index.php?rest_route=%2Fwp%2Fv2%2Ftags&post=15607"}],"curies":[{"name":"wp","href":"https:\/\/api.w.org\/{rel}","templated":true}]}}