{"id":15604,"date":"2009-10-06T17:49:48","date_gmt":"2009-10-06T14:49:48","guid":{"rendered":"http:\/\/www.korhanyilmaz.com\/?p=15604"},"modified":"2009-10-06T17:49:48","modified_gmt":"2009-10-06T14:49:48","slug":"chpden-dogana-al-capone-benzetmesine-tepki","status":"publish","type":"post","link":"http:\/\/www.korhanyilmaz.com\/?p=15604","title":{"rendered":"CHP&#039;den Do\u011fan&#039;a Al Capone benzetmesine tepki"},"content":{"rendered":"<p style=\"text-align: center;\"><a href=\"http:\/\/www.korhanyilmaz.com\/wp-content\/uploads\/2009\/10\/baykal3.jpg\"  class=\"lightview\"><img loading=\"lazy\" decoding=\"async\" class=\"aligncenter size-full wp-image-15605\" src=\"http:\/\/www.korhanyilmaz.com\/wp-content\/uploads\/2009\/10\/baykal3.jpg\" alt=\"\" width=\"307\" height=\"236\" \/><\/a><\/p>\n<p style=\"text-align: justify;\">CHP lideri Deniz Baykal, Ba\u015fbakan Recep Tayyip Erdo\u011fan&#8217;\u0131n, Ayd\u0131n Do\u011fan&#8217;\u0131 Amerikal\u0131 gangster Al Capone&#8217;a benzetmesine tepki g\u00f6sterdi. Baykal, &#8220;Al Capone vergi vermedi\u011fi i\u00e7in tutuklan\u0131yor, Ayd\u0131n Do\u011fan ise vergi rekortmeni&#8221; dedi.<\/p>\n<p style=\"text-align: justify;\">CHP lideri Baykal, partisinin grup toplant\u0131s\u0131nda konu\u015ftu.<\/p>\n<p style=\"text-align: justify;\">Bas\u0131n\u0131n 7 y\u0131l \u00f6ncesine g\u00f6re daha \u00f6zg\u00fcr olmad\u0131\u011f\u0131n\u0131 ifade eden Baykal, bas\u0131n \u00f6zg\u00fcrl\u00fc\u011f\u00fcn\u00fcn \u00e7i\u011fnendi\u011fini, gazetelerin birinci sayfalar\u0131n\u0131n, \u00fc\u00e7\u00fcnc\u00fc sayfa gibi \u00e7\u0131kmaya ba\u015flad\u0131\u011f\u0131n\u0131 kaydetti. <!--more--><\/p>\n<p style=\"text-align: justify;\">Ba\u015fbakan Erdo\u011fan&#8217;\u0131n, yabanc\u0131 gazeteye verdi\u011fi deme\u00e7te, bir medya grubuna kesilen vergi cezas\u0131n\u0131 ABD&#8217;de Al Capone&#8217;a a\u00e7\u0131lan davaya benzetti\u011fini belirten Baykal, Al Capone&#8217;\u0131n, emrinde maliyecilerin, hukuk\u00e7ular\u0131n bulundu\u011funu, emniyeti sat\u0131n ald\u0131\u011f\u0131n\u0131, ter\u00f6r ve korku yayd\u0131\u011f\u0131n\u0131, tek kuru\u015f vergi vermedi\u011fini, hakk\u0131nda a\u00e7\u0131lan davalarda hi\u00e7 kimsenin ger\u00e7e\u011fi s\u00f6yleyemedi\u011fini anlatt\u0131.<\/p>\n<p style=\"text-align: justify;\">Baykal, Al Capone&#8217;\u0131n gazetesi ve televizyonunun bulunmad\u0131\u011f\u0131n\u0131, h\u00fck\u00fcmeti tehdit etti\u011fi i\u00e7in su\u00e7lanmad\u0131\u011f\u0131n\u0131 ifade etti.<\/p>\n<p style=\"text-align: justify;\">Baykal, Erdo\u011fan&#8217;\u0131n, Al Capone benzetmesinin, bu medya grubunda zarafetle kar\u015f\u0131land\u0131\u011f\u0131n\u0131 belirterek, &#8220;hayranl\u0131\u011f\u0131n\u0131&#8221; dile getirdi.<\/p>\n<p style=\"text-align: justify;\"><strong><em>&#8220;\u0130lk lokmay\u0131 g\u00f6remedik&#8221;<\/em><\/strong><\/p>\n<p style=\"text-align: justify;\">Erdo\u011fan&#8217;\u0131n g\u00f6nderece\u011fini s\u00f6yledi\u011fi mektubun gelmesi halinde, d\u00fc\u015f\u00fcncelerini kamuoyuna ifade edece\u011fini belirten Baykal, &#8220;Bu i\u015f art\u0131k \u00e7\u0131\u011f\u0131r\u0131ndan \u00e7\u0131km\u0131\u015ft\u0131r&#8221; dedi.<\/p>\n<p style=\"text-align: justify;\">CHP lideri, &#8220;\u0130\u015fi tam tersine \u00e7evirerek, yapmakta olduklar\u0131 a\u00e7\u0131l\u0131m\u0131n, T\u00fcrkiye&#8217;yi par\u00e7alayaca\u011f\u0131 y\u00f6n\u00fcn\u00fc g\u00f6zden ka\u00e7\u0131rabileceklerini d\u00fc\u015f\u00fcnd\u00fcler. Bu, isim koymakla olan bir i\u015f de\u011fil, ortada hi\u00e7bir \u015fey yok. Ba\u015fbakan, &#8216;hazmettire hazmettire millete bunu anlataca\u011f\u0131z&#8217; dedi, \u00f6yle anla\u015f\u0131l\u0131yor ki kendisi bir defa hazmetmi\u015f. Millete hazmettirmeye niyetlendi\u011fi \u015feyi, kendisi anla\u015f\u0131l\u0131yor ki hazmetmi\u015f. \u015eimdi millete hazmettirme niyetinde. Ama hala hazmettirici ilk lokmay\u0131 da g\u00f6rmedik&#8221; dedi.<\/p>\n<p style=\"text-align: justify;\">&#8220;Neyle al\u0131\u015ft\u0131racaks\u0131n bizi, ne s\u00f6yleyeceksin?&#8221; diye soran Baykal, &#8220;Onu dahi s\u00f6yleyebilir halde de\u011fil. Hi\u00e7bir \u015fey konu\u015fam\u0131yorlar, s\u00f6yleyemiyorlar. Hollywood y\u0131ld\u0131zlar\u0131ndan medet umdular, &#8216;onlar ile i\u015fi kabul ettirebilir miyiz&#8217; diye, o da olmad\u0131. Bizim bin y\u0131ll\u0131k tarihimiz i\u00e7indeki ne kadar sayg\u0131n isim varsa, onlar\u0131 bir araya getirerek, onlardan medet umarak, onlar\u0131n arkas\u0131na saklanarak, sanki Ba\u015fbakan&#8217;\u0131n niyetlendi\u011fi, telaffuza dahi cesaret edemedi\u011fi i\u015flerin arkas\u0131nda, o insanlar varm\u0131\u015f gibi bir izlenim yarat\u0131p, bir aldatmacay\u0131 deneyerek, T\u00fcrkiye&#8217;yi y\u00f6nlendirmeye \u00e7al\u0131\u015f\u0131yorlar. Ama ya\u011fma yok, burada CHP var&#8221; ifadesini kulland\u0131.<\/p>\n<p style=\"text-align: justify;\"><strong><em>&#8220;Tarihi d\u00f6n\u00fc\u015f\u00fcm a\u015famas\u0131nday\u0131z&#8230;&#8221;<\/em><\/strong><\/p>\n<p style=\"text-align: justify;\">Erken se\u00e7im olmamas\u0131 durumunda, 2009-2010 y\u0131l\u0131n\u0131n mevcut parlamentonun tam \u00e7al\u0131\u015fma y\u0131l\u0131 olarak ger\u00e7ekle\u015ftirece\u011fi son \u00e7al\u0131\u015fma y\u0131l\u0131 olaca\u011f\u0131n\u0131 ifade eden Baykal, 2011 y\u0131l\u0131n\u0131n tamamlanacak gibi g\u00f6z\u00fckmedi\u011fini, 2011 y\u0131l\u0131n\u0131n may\u0131s ay\u0131nda yap\u0131lacak bir se\u00e7imle daha k\u0131sa bir parlamento y\u0131l\u0131n\u0131n ya\u015fanaca\u011f\u0131n\u0131 iddia etti.<\/p>\n<p style=\"text-align: justify;\">Baykal, &#8220;Yani full \u00e7al\u0131\u015fma y\u0131l\u0131 olarak en son bu var. AKP iktidar\u0131nda bug\u00fcn sonun g\u00f6z\u00fckt\u00fc\u011f\u00fc, finalin ortaya \u00e7\u0131kt\u0131\u011f\u0131 bir noktaday\u0131z. Bir tarihi d\u00f6n\u00fc\u015f\u00fcm a\u015famas\u0131nday\u0131z&#8221; dedi.<\/p>\n<p style=\"text-align: justify;\">&#8220;AKP iktidar\u0131n\u0131n 7 y\u0131lda T\u00fcrkiye&#8217;yi getirdi\u011fi noktaya&#8221; ili\u015fkin de\u011ferlendirme yapan Baykal, iktidar\u0131n 2002 y\u0131l\u0131nda y\u00fczde 6.2 olarak devrald\u0131\u011f\u0131 b\u00fcy\u00fcmeyi, 2008 y\u0131l\u0131 rakamlar\u0131na g\u00f6re y\u00fczde 1.1 noktas\u0131na getirdi\u011fini ifade etti.<\/p>\n<p style=\"text-align: justify;\">Baykal, h\u00fck\u00fcmet ve IMF yetkililerine g\u00f6re, 2009 y\u0131l\u0131nda ise ekonominin y\u00fczde 6.5 k\u00fc\u00e7\u00fclece\u011fini kaydederek, &#8220;Her t\u00fcrl\u00fc laf cambazl\u0131\u011f\u0131n\u0131n \u00f6tesinde en somut, en temel, en \u00f6nemli ger\u00e7ek budur. \u00c7\u00fcnk\u00fc, her \u015fey b\u00fcy\u00fcmeye ba\u011fl\u0131d\u0131r. B\u00fcy\u00fcmenin olmad\u0131\u011f\u0131 yerde hi\u00e7bir \u015fey yoktur. B\u00fcy\u00fcyen bir ekonomiyi devralm\u0131\u015ft\u0131r. Devrald\u0131\u011f\u0131ndan daha h\u0131zla k\u00fc\u00e7\u00fclen bir ekonomiye d\u00f6n\u00fc\u015ft\u00fcrm\u00fc\u015ft\u00fcr. Art\u0131 6.2&#8217;yi eksi 6.5&#8217;a d\u00f6n\u00fc\u015ft\u00fcrm\u00fc\u015ft\u00fcr&#8221; diye konu\u015ftu.<\/p>\n<p style=\"text-align: justify;\">D\u00fcnya konjonkt\u00fcr\u00fcn\u00fcn son 7 y\u0131lda b\u00fcy\u00fcmenin son 50 y\u0131ldan daha y\u00fcksek olmas\u0131 gereken bir seyir izledi\u011fini ileri s\u00fcren Baykal, son 7 y\u0131l\u0131n ortalama ekonomik b\u00fcy\u00fcmesinin 4.1 oldu\u011funu s\u00f6yledi.<\/p>\n<p style=\"text-align: justify;\">Baykal, &#8220;T\u00fcrkiye&#8217;nin 1950 y\u0131l\u0131ndan beri b\u00fcy\u00fcme ortalamas\u0131 bunun \u00fczerindedir&#8221; dedi.<\/p>\n<p style=\"text-align: justify;\">\u0130malat sanayi ve sanayide T\u00fcrkiye&#8217;nin geriye gitti\u011fini, &#8220;patinaj yapt\u0131\u011f\u0131n\u0131&#8221; iddia eden Baykal, iktidar\u0131n y\u00fczde 10.3 olarak devrald\u0131\u011f\u0131 i\u015fsizlik oran\u0131n\u0131 y\u00fczde 16.1 noktas\u0131na getirdi\u011fini s\u00f6yledi.<\/p>\n<p style=\"text-align: justify;\">CHP lideri Baykal, d\u0131\u015f bor\u00e7 konusunda patlama ya\u015fand\u0131\u011f\u0131n\u0131, memur maa\u015flar\u0131n\u0131n enflasyon kar\u015f\u0131s\u0131nda g\u00fcl\u00fcn\u00e7 d\u00fczeye d\u00fc\u015ft\u00fc\u011f\u00fcn\u00fc, T\u00fcrkiye&#8217;nin di\u011fer \u00fclkelerden daha fazla darald\u0131\u011f\u0131n\u0131 \u00f6ne s\u00fcrd\u00fc.<\/p>\n<p style=\"text-align: justify;\">&#8220;Kriz kar\u015f\u0131s\u0131nda vatanda\u015f tamamen savunmas\u0131z kalm\u0131\u015ft\u0131r&#8221; diyen Baykal, en a\u011f\u0131r tahribat\u0131n gelir d\u00fczeyi d\u00fc\u015f\u00fck kesimlerde kendini g\u00f6sterdi\u011fini kaydetti. Beslenme harcamalar\u0131n\u0131n bu kesimde yar\u0131 yar\u0131ya d\u00fc\u015ft\u00fc\u011f\u00fcn\u00fc, &#8220;b\u00f6bre\u011fini satan k\u00f6ylerin ortaya \u00e7\u0131kt\u0131\u011f\u0131n\u0131&#8221;, \u00fcniversite \u00f6\u011frencilerinin beslenme a\u00e7\u0131s\u0131ndan &#8220;y\u00fcrek par\u00e7alay\u0131c\u0131&#8221; durumda oldu\u011funu anlatt\u0131.<\/p>\n<p style=\"text-align: justify;\">Baykal, &#8220;AKP iktidar\u0131n\u0131n bir ekonomik muhasebesi \u00e7\u0131kar\u0131lacak olursa, bu parlamento y\u0131l\u0131 tamamland\u0131ktan sonra art\u0131k T\u00fcrkiye&#8217;nin bir se\u00e7im atmosferine girmesi ka\u00e7\u0131n\u0131lmaz olacakt\u0131r&#8221; dedi.<\/p>\n<p style=\"text-align: justify;\">AB ile ili\u015fkiler konusunda da de\u011ferlendirmeler yapan Baykal, h\u00fck\u00fcmeti ele\u015ftirdi. Gelinen noktada 35 ba\u015fl\u0131ktan sadece &#8220;bilim ve teknoloji&#8221; ba\u015fl\u0131\u011f\u0131n\u0131n a\u00e7\u0131l\u0131p kapat\u0131ld\u0131\u011f\u0131n\u0131, a\u00e7\u0131lan 11 tane ba\u015fl\u0131\u011f\u0131n ise hen\u00fcz kapat\u0131lmad\u0131\u011f\u0131n\u0131 anlatan Baykal, &#8220;Milletle niye oynuyorsunuz? Bunlar\u0131n hepsi fiyaskodur. Geldi\u011fimiz nokta bir h\u00fcsran, bir boyun e\u011fikli\u011fi, bir \u00fcz\u00fcnt\u00fc, bir karamsarl\u0131k tablosudur&#8221; dedi.<\/p>\n<p style=\"text-align: justify;\"><strong><em>&#8220;A\u00e7\u0131m&#8221; diye ba\u011f\u0131rd\u0131 <\/em><\/strong><\/p>\n<p style=\"text-align: justify;\">Baykal&#8217;\u0131n konu\u015fmas\u0131 s\u00fcrerken Almanya&#8217;dan geldi\u011fini s\u00f6yleyen Hanefi Do\u011fan adl\u0131 bir ki\u015fi, elinde gazete kup\u00fcr\u00fcyle k\u00fcrs\u00fcye \u00e7\u0131kmak istedi. &#8220;A\u00e7\u0131m&#8221; diye ba\u011f\u0131ran Do\u011fan, g\u00f6revliler ve milletvekilleri taraf\u0131ndan salon d\u0131\u015f\u0131na \u00e7\u0131kar\u0131ld\u0131.<\/p>\n<p style=\"text-align: justify;\">Do\u011fan&#8217;\u0131n g\u00f6sterdi\u011fi gazete kup\u00fcr\u00fcn\u00fc milletvekillerine g\u00f6steren Baykal, gazetede &#8220;\u0130slami holdinglere 120 bin euro kapt\u0131ran bir ki\u015finin can\u0131na k\u0131yd\u0131\u011f\u0131n\u0131n&#8221; belirtildi\u011fini ifade etti. Baykal, &#8220;Bu, bir facia. AKP&#8217;nin bu miras\u0131n\u0131n \u00fczerinde durulmas\u0131 laz\u0131m&#8221; dedi.<\/p>\n<p style=\"text-align: justify;\"><span style=\"color: #888888;\">CNN T\u00dcRK<\/span><\/p>\n","protected":false},"excerpt":{"rendered":"<p style=\"text-align: center;\">\n<p style=\"text-align: justify;\">CHP lideri Deniz Baykal, Ba\u015fbakan Recep Tayyip Erdo\u011fan&#8217;\u0131n, Ayd\u0131n Do\u011fan&#8217;\u0131 Amerikal\u0131 gangster Al Capone&#8217;a benzetmesine tepki g\u00f6sterdi. Baykal, &#8220;Al Capone vergi vermedi\u011fi i\u00e7in tutuklan\u0131yor, Ayd\u0131n Do\u011fan ise vergi rekortmeni&#8221; dedi.<\/p>\n<p style=\"text-align: justify;\">CHP lideri Baykal, partisinin grup toplant\u0131s\u0131nda konu\u015ftu.<\/p>\n<p style=\"text-align: justify;\">Bas\u0131n\u0131n 7 y\u0131l \u00f6ncesine g\u00f6re daha \u00f6zg\u00fcr olmad\u0131\u011f\u0131n\u0131 ifade <\/p>\n","protected":false},"author":1,"featured_media":0,"comment_status":"open","ping_status":"closed","sticky":false,"template":"","format":"standard","meta":{"footnotes":""},"categories":[105],"tags":[],"class_list":["post-15604","post","type-post","status-publish","format-standard","hentry","category-gundem","odd"],"_links":{"self":[{"href":"http:\/\/www.korhanyilmaz.com\/index.php?rest_route=\/wp\/v2\/posts\/15604","targetHints":{"allow":["GET"]}}],"collection":[{"href":"http:\/\/www.korhanyilmaz.com\/index.php?rest_route=\/wp\/v2\/posts"}],"about":[{"href":"http:\/\/www.korhanyilmaz.com\/index.php?rest_route=\/wp\/v2\/types\/post"}],"author":[{"embeddable":true,"href":"http:\/\/www.korhanyilmaz.com\/index.php?rest_route=\/wp\/v2\/users\/1"}],"replies":[{"embeddable":true,"href":"http:\/\/www.korhanyilmaz.com\/index.php?rest_route=%2Fwp%2Fv2%2Fcomments&post=15604"}],"version-history":[{"count":0,"href":"http:\/\/www.korhanyilmaz.com\/index.php?rest_route=\/wp\/v2\/posts\/15604\/revisions"}],"wp:attachment":[{"href":"http:\/\/www.korhanyilmaz.com\/index.php?rest_route=%2Fwp%2Fv2%2Fmedia&parent=15604"}],"wp:term":[{"taxonomy":"category","embeddable":true,"href":"http:\/\/www.korhanyilmaz.com\/index.php?rest_route=%2Fwp%2Fv2%2Fcategories&post=15604"},{"taxonomy":"post_tag","embeddable":true,"href":"http:\/\/www.korhanyilmaz.com\/index.php?rest_route=%2Fwp%2Fv2%2Ftags&post=15604"}],"curies":[{"name":"wp","href":"https:\/\/api.w.org\/{rel}","templated":true}]}}