{"id":15601,"date":"2009-10-06T18:56:32","date_gmt":"2009-10-06T15:56:32","guid":{"rendered":"http:\/\/www.korhanyilmaz.com\/?p=15601"},"modified":"2009-10-06T18:56:32","modified_gmt":"2009-10-06T15:56:32","slug":"tbmm-tezkerenin-suresini-uzatti","status":"publish","type":"post","link":"http:\/\/www.korhanyilmaz.com\/?p=15601","title":{"rendered":"TBMM tezkerenin s\u00fcresini uzatt\u0131"},"content":{"rendered":"<p style=\"text-align: center;\"><a href=\"http:\/\/www.korhanyilmaz.com\/wp-content\/uploads\/2009\/10\/TEZKERE.jpg\"  class=\"lightview\"><img loading=\"lazy\" decoding=\"async\" class=\"aligncenter size-full wp-image-15602\" src=\"http:\/\/www.korhanyilmaz.com\/wp-content\/uploads\/2009\/10\/TEZKERE.jpg\" alt=\"\" width=\"307\" height=\"236\" \/><\/a><\/p>\n<p style=\"text-align: justify;\">T\u00fcrk Silahl\u0131 Kuvvetleri&#8217;nin s\u0131n\u0131r \u00f6tesi operasyonlar\u0131na imkan tan\u0131yan tezkerenin s\u00fcresi 1 y\u0131l daha uzat\u0131ld\u0131. Tezkere TBMM Genel Kurulu&#8217;nda tezkere 452 oyla kabul edildi. Oylamaya 475 milletvekili kat\u0131ld\u0131. 452 milletvekili tezkereye kabul oyu verirken 23 milletvekili ret oyu kulland\u0131.<\/p>\n<p style=\"text-align: justify;\"><strong><em>MHP <\/em><\/strong><\/p>\n<p style=\"text-align: justify;\">Tezkereye ili\u015fkin olarak MHP grubu ad\u0131na konu\u015fan MHP Ankara Milletvekili Deniz B\u00f6l\u00fckba\u015f\u0131 ald\u0131. Tezkereyi desteklediklerini belirten B\u00f6l\u00fckba\u015f\u0131, &#8220;T\u00fcrkiye&#8217;nin ter\u00f6r\u00fc tasfiye etmeye g\u00fcc\u00fc de imkanlar\u0131 da vard\u0131r. Mesele, siyasi iradedir; olmayan budur&#8221; dedi. <!--more--><\/p>\n<p style=\"text-align: justify;\">2007-2008 d\u00f6neminde Kuzey Irak&#8217;a 29 hava harekat\u0131 ve kapsam itibariyle s\u0131n\u0131rl\u0131 bir kara harekat\u0131n\u0131 yap\u0131ld\u0131\u011f\u0131n\u0131 kaydeden B\u00f6l\u00fckba\u015f\u0131, &#8220;2009&#8217;da ise askeri m\u00fcdahalenin \u015fekli ve kapsam\u0131n\u0131n son derece s\u0131n\u0131rl\u0131 kald\u0131\u011f\u0131, bu yetkinin fiiliyatta hemen hemen hi\u00e7 kullan\u0131lmad\u0131\u011f\u0131 g\u00f6r\u00fclmektedir&#8221; dedi.<\/p>\n<p style=\"text-align: justify;\">26 Eyl\u00fcl 2007 tarihinde \u0130\u00e7i\u015fleri Bakan\u0131&#8217;n\u0131n Irak&#8217;l\u0131 kar\u015f\u0131t\u0131yla ter\u00f6rle m\u00fccadele anla\u015fmas\u0131 imzalad\u0131\u011f\u0131n\u0131 s\u00f6yleyen B\u00f6l\u00fckba\u015f\u0131, bu anla\u015fmada T\u00fcrkiye&#8217;nin Irak&#8217;a askeri m\u00fcdahale hakk\u0131n\u0131 Irak&#8217;\u0131n iznine ba\u011flayan bir h\u00fck\u00fcm yer ald\u0131\u011f\u0131n\u0131 kaydetti.<\/p>\n<p style=\"text-align: justify;\">Ter\u00f6r \u00f6rg\u00fct\u00fcn\u00fcn bug\u00fcn de en b\u00fcy\u00fck destek\u00e7isinin Barzani oldu\u011funu ifade eden B\u00f6l\u00fckba\u015f\u0131, Barzani&#8217;nin, PKK&#8217;y\u0131 hala ter\u00f6r \u00f6rg\u00fct\u00fc olarak g\u00f6rmedi\u011fini, ter\u00f6r kart\u0131n\u0131 T\u00fcrkiye&#8217;ye kar\u015f\u0131 bir tehdit ve pazarl\u0131k unsuru olarak bug\u00fcn de elinde tuttu\u011funu kaydetti.<\/p>\n<p style=\"text-align: justify;\"><strong><em>CHP<\/em><\/strong><\/p>\n<p style=\"text-align: justify;\">Tezkereyi destekleyen CHP grubu ad\u0131na konu\u015fan Bursa Milletvekili Onur \u00d6ymen ise, partisinin ter\u00f6rle m\u00fccadelede sergiledi\u011fi tutum ve davran\u0131\u015flar\u0131n &#8220;K\u00fcrtler&#8217;in i\u00e7inde bulundu\u011fu sorunlar\u0131 g\u00f6zard\u0131 ediyor&#8221; \u015feklinde alg\u0131lanmamas\u0131 gerekti\u011fini s\u00f6yledi.<\/p>\n<p style=\"text-align: justify;\">Ge\u00e7mi\u015fte yay\u0131nlad\u0131klar\u0131 K\u00fcrt raporunda da etnik \u00f6zg\u00fcrl\u00fcklerin olmas\u0131 gerekti\u011fini savunduklar\u0131n\u0131 ifade eden \u00d6ymen, &#8220;2002 y\u0131l\u0131nda toplam \u015fehit say\u0131s\u0131 6 iken, sadece d\u00fcn \u015fehit olan asker say\u0131s\u0131 6&#8221; dedi ve h\u00fck\u00fcmeti ele\u015ftirdi.<\/p>\n<p style=\"text-align: justify;\">\u00d6ymen, o zamanki h\u00fck\u00fcmetin siyasi iradesi ve tutumu sonucunda, ter\u00f6r \u00f6rg\u00fct\u00fcn\u00fcn eleba\u015f\u0131n\u0131n, tek bir mermi bile at\u0131lmadan PKK&#8217;n\u0131n beyni olan Suriye&#8217;den \u00e7\u0131kmak zorunda b\u0131rak\u0131ld\u0131\u011f\u0131n\u0131 ifade etti. \u00d6ymen, bug\u00fcnk\u00fc H\u00fck\u00fcmetten de ter\u00f6rle m\u00fccadele ederken ayn\u0131 siyasi iradeyi beklediklerini s\u00f6yledi.<\/p>\n<p style=\"text-align: justify;\"><strong><em>&#8220;Holywood&#8217;u ikna&#8230;&#8221;<\/em><\/strong><\/p>\n<p style=\"text-align: justify;\">&#8220;Irak&#8217;\u0131n anayasas\u0131na g\u00f6re topraklar\u0131nda ter\u00f6rist bulundurmayaca\u011f\u0131 h\u00fck\u00fcm alt\u0131na al\u0131nm\u0131\u015fken ve orada ABD&#8217;li askerler varken, ter\u00f6r \u00f6rg\u00fct\u00fc ile neden yeterli ve etkin m\u00fccadele edilmiyor?&#8221; diye soran Onur \u00d6ymen, &#8220;Irak&#8217;\u0131n 300 bin silahl\u0131 g\u00fcc\u00fc var. \u00dclkedeki b\u00fct\u00fcn ter\u00f6r \u00f6rg\u00fctleriyle sava\u015f\u0131yor, biri hari\u00e7 PKK. ABD ve pe\u015fmergeler de \u00fclkedeki b\u00fct\u00fcn ter\u00f6r \u00f6rg\u00fctleriyle sava\u015f\u0131yor, biri hari\u00e7 PKK. Peki biz ter\u00f6rle m\u00fccadele ederken onlar\u0131 niye ikna edemiyoruz? ABD&#8217;yi ikna edelim derken, s\u00f6zlerimi yanl\u0131\u015f anlamay\u0131n, Washington&#8217;u kastediyorum. Yoksa Hollywood&#8217;u ikna etmede \u00e7ok ba\u015far\u0131l\u0131 oldu\u011funuzu g\u00f6r\u00fcyoruz. Art\u0131k nas\u0131l ikna ettiniz; karada m\u0131, havada m\u0131? onu bilemeyece\u011fim&#8221; diye konu\u015ftu.<\/p>\n<p style=\"text-align: justify;\">Meclis&#8217;in daha \u00f6nce H\u00fck\u00fcmete, Kuzey Irak&#8217;a operasyon i\u00e7in iki kez yetki verdi\u011fini, ancak bu yetkilerin tam olarak kullan\u0131lmad\u0131\u011f\u0131n\u0131, sadece 7 g\u00fcnl\u00fck bir kara harekat\u0131 yap\u0131labildi\u011fini ifade eden \u00d6ymen, T\u00fcrkiye&#8217;nin, ter\u00f6rle m\u00fccadele etmek i\u00e7in askeri g\u00fcc\u00fcn\u00fcn yeterli oldu\u011funu, ancak bunun tam olarak kullan\u0131lmad\u0131\u011f\u0131n\u0131 savundu.<\/p>\n<p style=\"text-align: justify;\">Onur \u00d6ymen, &#8220;Ter\u00f6r \u00f6rg\u00fct\u00fc, T\u00fcrkiye&#8217;de devlet i\u00e7inde devlet kurmak istiyor. &#8216;O b\u00f6lgenin y\u00f6netimini, ekonomiyi bize b\u0131rak\u0131n&#8217; diyorlar. &#8216;Bizim orada silahl\u0131 g\u00fcc\u00fcm\u00fcz olsun&#8217; istiyorlar. Bunun \u00f6tesinde resmen devlet olmak i\u00e7in iki eksik kal\u0131yor. Bir hutbe okutacaks\u0131n, bir de Osmanl\u0131 d\u00f6nemindeki gibi sikke kestireceksin&#8221; dedi.<\/p>\n<p style=\"text-align: justify;\"><strong><em>DTP<\/em><\/strong><\/p>\n<p style=\"text-align: justify;\"><strong><em>&#8220;Sava\u015f tezkeresi&#8221; <\/em><\/strong><\/p>\n<p style=\"text-align: justify;\">DTP Grup Ba\u015fkanvekili G\u00fcltan K\u0131\u015fanak, Ba\u015fbakanl\u0131k Tezkeresi \u00fczerinde partisinin g\u00f6r\u00fc\u015flerini a\u00e7\u0131klad\u0131.<\/p>\n<p style=\"text-align: justify;\">Ba\u015fbakan Recep Tayyip Erdo\u011fan&#8217;\u0131n gitti\u011fi her yerde &#8220;analar a\u011flamas\u0131n, analar\u0131n g\u00f6zya\u015flar\u0131 dinsin&#8221; dedi\u011fini aktaran K\u0131\u015fanak, &#8220;Ancak, ayn\u0131 Ba\u015fbakan&#8217;\u0131n, b\u00f6ylesi bir s\u00fcre\u00e7te Meclisin \u00f6n\u00fcne sava\u015f tezkeresi getirdi\u011fini&#8221; iddia etti.<\/p>\n<p style=\"text-align: justify;\">H\u00fck\u00fcmetin, Meclisten &#8220;gen\u00e7leri bir y\u0131l daha \u00f6lmeye ve \u00f6ld\u00fcrmeye g\u00f6nderme yetkisi istedi\u011fini&#8221; ileri s\u00fcren K\u0131\u015fanak, &#8220;Siz, gen\u00e7lerimizi \u00f6lmeye ve \u00f6ld\u00fcrmeye g\u00f6nderirseniz, analar\u0131n g\u00f6z ya\u015flar\u0131 nas\u0131l dinecek?&#8221; diye sordu.<\/p>\n<p style=\"text-align: justify;\">&#8220;Bu tezkereye &#8216;evet&#8217; oyu verirken, Edirnekap\u0131 Mezarl\u0131\u011f\u0131nda feryat eden gencecik kad\u0131n\u0131 d\u00fc\u015f\u00fcn\u00fcn. Hakkari&#8217;de K\u00fcrt\u00e7e a\u011f\u0131t yakan anay\u0131 d\u00fc\u015f\u00fcn\u00fcn&#8221; diyen K\u0131\u015fanak,  &#8220;\u00c7ok eskilere gitmenize de gerek yok. Bu Parlamentonun \u00e7\u0131kartt\u0131\u011f\u0131 iki tezkereden sona ya\u015fanan can kay\u0131plar\u0131n\u0131 d\u00fc\u015f\u00fcn\u00fcn. Verece\u011finiz &#8216;evet&#8217; oyunun, yeni ocaklara ate\u015f d\u00fc\u015f\u00fcrece\u011fini, Edirnekap\u0131 mezarl\u0131\u011f\u0131nda feryat eden kad\u0131nlara, Hakkari&#8217;de a\u011f\u0131t yakan analara yenilerini ekleyece\u011fini unutmay\u0131n. \u00dclkemizde ya\u015fanan bu anlams\u0131z sava\u015f\u0131 bitirebiliriz. Sava\u015fa &#8216;dur&#8217; diyebiliriz. \u00d6lme ve \u00f6ld\u00fcrme siyasetine izin vermeyebiliriz. \u00c7ocuklar\u0131m\u0131z\u0131 ya\u015fatabilir, gelece\u011fimizi birlikte kurtarabiliriz. Bar\u0131\u015f hakk\u0131m\u0131z\u0131 sonuna kadar kullanal\u0131m&#8221; dedi.<\/p>\n<p style=\"text-align: justify;\"><strong><em>AK Parti <\/em><\/strong><\/p>\n<p style=\"text-align: justify;\">AK Parti Grubu ad\u0131na s\u00f6z alan Ankara Milletvekili Salih Kapusuz da H\u00fck\u00fcmetin G\u00fcneydo\u011fu&#8217;da yapt\u0131\u011f\u0131 yat\u0131r\u0131mlar\u0131 anlatt\u0131.<\/p>\n<p style=\"text-align: justify;\">B\u00f6lgede akan kan\u0131n durmas\u0131n\u0131 sa\u011flamak, \u00e7ocuklar\u0131n bir daha asla devlete kar\u015f\u0131 da\u011fa \u00e7\u0131kmamas\u0131n\u0131 sa\u011flamak ve ter\u00f6r problemini tamam\u0131yla \u00e7\u00f6zmek i\u00e7in e\u015f zamanl\u0131 olarak bir demokratik a\u00e7\u0131l\u0131m politikas\u0131 geli\u015ftirdiklerini belirten Kapusuz, &#8220;Bu konuda parti ay\u0131r\u0131m\u0131 yapmaks\u0131z\u0131n hepimize sorumluluk d\u00fc\u015f\u00fcyor&#8221; dedi.<\/p>\n<p style=\"text-align: justify;\">\u00c7\u00f6z\u00fcm\u00fcn yolunun &#8220;dinlemek, anlamak, demokratik standartlar\u0131n y\u00fckseltmek&#8221; oldu\u011funu dile getiren Kapusuz, \u00e7\u00f6z\u00fcm\u00fcn yerinin Meclis, anahtar\u0131n\u0131n ise millet oldu\u011funu kaydetti.<\/p>\n<p style=\"text-align: justify;\">Kapusuz, \u00e7\u00f6z\u00fcme herkesin katk\u0131s\u0131n\u0131 beklediklerini belirterek, &#8220;Silahl\u0131 \u00f6rg\u00fct\u00fcn var\u0131l\u0131\u011f\u0131 ve eylemleri devam ederken bu alana ili\u015fkin demokratik reformlar\u0131n yap\u0131lmas\u0131n\u0131n yanl\u0131\u015f olaca\u011f\u0131na ili\u015fkin gerek\u00e7eleri de art\u0131k bir kenara koymal\u0131y\u0131z. Benzer sorunlar\u0131n ya\u015fand\u0131\u011f\u0131 d\u00fcnyan\u0131n bir \u00e7ok \u00fclkesinde reformlar\u0131n yap\u0131lmas\u0131, ter\u00f6r eylemlerinin tamamen sona erdirilmesinden sonraya de\u011fil, paralel bir s\u00fcre\u00e7te ele al\u0131nm\u0131\u015ft\u0131r&#8221; diye konu\u015ftu.<\/p>\n<p style=\"text-align: justify;\">&#8220;Ter\u00f6r var oldu\u011fu ve can\u0131m\u0131z\u0131 yakmaya devam etti\u011fi m\u00fcddet\u00e7e m\u00fccadelemiz ayn\u0131 kararl\u0131l\u0131kla devam edecektir&#8221; diyen Kapusuz, &#8220;Bundan kimsenin \u015f\u00fcphesi ve endi\u015fesi olmas\u0131n. Hangi \u00fclkede kendi s\u0131n\u0131rlar\u0131 i\u00e7erisinde kendi g\u00fcvenlik g\u00fc\u00e7leri d\u0131\u015f\u0131nda silahl\u0131 ki\u015filerin varl\u0131\u011f\u0131na m\u00fcsaade edilir? B\u00f6yle bir \u015fey d\u00fc\u015f\u00fcn\u00fclebilir mi? Bu m\u00fccadeleyi savunmak hakt\u0131r&#8221; g\u00f6r\u00fc\u015f\u00fcn\u00fc dile getirdi.<\/p>\n<p style=\"text-align: justify;\">Kapusuz, &#8220;Milli birlik ve karde\u015flik projesi \u00e7er\u00e7evesinde, g\u00fc\u00e7l\u00fc bir T\u00fcrkiye i\u00e7in gelin hep birlikte herkesi, \u00f6zellikle yanl\u0131\u015f yola girmi\u015f, aldat\u0131lm\u0131\u015f insanlar\u0131n silah b\u0131rakmas\u0131 i\u00e7in \u00e7a\u011fr\u0131 yapal\u0131m, gayret sarf edelim. Silahlar\u0131 b\u0131rak\u0131n. B\u00f6ylece sizin hayatlar\u0131n\u0131z \u00fczerinden hesap yapanlar\u0131n da oyunlar\u0131n\u0131 bozun. Tezkereye kimse ba\u015fka anlamlar y\u00fcklemesin. Bu tezkere sava\u015fmak i\u00e7in de\u011fil, sava\u015fmamak i\u00e7indir, bar\u0131\u015f i\u00e7indir. T\u00fcrkiye&#8217;ye kar\u015f\u0131 k\u00f6t\u00fc niyetlileri cayd\u0131rmak i\u00e7indir. Bizim mesaj\u0131m\u0131z tek yanl\u0131 da de\u011fildir. Sorunu bar\u0131\u015f i\u00e7inde, k\u00f6kl\u00fc \u015fekilde \u00e7\u00f6zmek isteyenleri milli birlik ve karde\u015flik projemize davet ediyoruz. Sorunu sava\u015farak \u00e7\u00f6zmek isteyenlerle hem s\u0131n\u0131rlar\u0131m\u0131z i\u00e7inde hem de s\u0131n\u0131rlar\u0131m\u0131z\u0131 d\u0131\u015f\u0131nda yeni bir duru\u015fla m\u00fccadeleye devam edilecektir&#8221; diye konu\u015ftu.<\/p>\n<p style=\"text-align: justify;\">Kapusuz, AK Parti Grubu olarak, tezkerenin bir y\u0131l uzat\u0131lmas\u0131n\u0131 desteklediklerini bildirdi. Salih Kapusuz, harekat yetkisinin, uluslararas\u0131 hukuk ve insan haklar\u0131 \u00e7er\u00e7evesinde en etkili \u015fekilde kullan\u0131laca\u011f\u0131na olan inanc\u0131n\u0131n da tam oldu\u011funu ifade etti.<\/p>\n<p style=\"text-align: justify;\">D\u0131\u015f\u0131\u015fileri Bakan\u0131 Ahmet Davuto\u011flu, Irak&#8217;\u0131n i\u00e7 huzur ve istikrar\u0131n\u0131n, T\u00fcrkiye&#8217;nin i\u00e7 huzuru ve istikrar\u0131 ile i\u00e7 i\u00e7e ge\u00e7mi\u015f durumda oldu\u011funu belirterek, &#8220;Irak ve Suriye ile uzun s\u0131n\u0131r\u0131m\u0131zda istikrar ve g\u00fcvenlik olu\u015fturamazsak, T\u00fcrkiye&#8217;de istikrar ve huzur i\u00e7inde ya\u015famam\u0131z m\u00fcmk\u00fcn olmaz&#8221; dedi.<\/p>\n<p style=\"text-align: justify;\">TBMM Genel Kurulunda, H\u00fck\u00fcmete s\u0131n\u0131r\u00f6tesi operasyona izin veren tezkerenin g\u00f6r\u00fc\u015f\u00fclmesi s\u0131ras\u0131nda, H\u00fck\u00fcmet ad\u0131na konu\u015fan Davuto\u011flu, T\u00fcrk d\u0131\u015f politikas\u0131n\u0131n bir vizyonu ve ana ekseni oldu\u011funu s\u00f6yledi.<\/p>\n<p style=\"text-align: justify;\">Davuto\u011flu, bu vizyonun temel hedefinin i\u00e7 huzur ve toplumsal bar\u0131\u015f\u0131n g\u00fcvenlik ve \u00f6zg\u00fcrl\u00fck alanlar\u0131 geni\u015fletilerek sa\u011flanmas\u0131n\u0131 temin edecek bir d\u0131\u015f ortam sa\u011flanmas\u0131 oldu\u011funu ifade etti.<\/p>\n<p style=\"text-align: justify;\">Bu \u00e7er\u00e7evede \u00fclkenin \u00e7evresinde g\u00fcvenlik ve istikrar ku\u015fa\u011f\u0131 olu\u015fturulmas\u0131n\u0131 ama\u00e7lad\u0131klar\u0131n\u0131 kaydeden Davuto\u011flu, d\u0131\u015f politikan\u0131n temel hedefinin de bu g\u00fcvenlik ve istikrar ku\u015fa\u011f\u0131n\u0131n temin edilmesi oldu\u011funu vurgulad\u0131.<\/p>\n<p style=\"text-align: justify;\">Bunun temin edilmesinin kom\u015fu \u00fclkelerle yo\u011fun i\u015fbirli\u011fi sa\u011flanmas\u0131na ba\u011fl\u0131 oldu\u011funu vurgulayan Davuto\u011flu, T\u00fcrkiye&#8217;nin b\u00f6lgesinde etkin ve k\u00fcresel olarak sayg\u0131n bir konuma getirecek bir d\u0131\u015f politika hedeflediklerini kaydetti.<\/p>\n<p style=\"text-align: justify;\">Davuto\u011flu, bu d\u0131\u015f politikan\u0131n temel uygulama alan\u0131n\u0131n Irak ve Suriye&#8217;yi kapsad\u0131\u011f\u0131n\u0131 belirterek, \u015f\u00f6yle devam etti. &#8220;\u00c7\u00fcnk\u00fc, Irak&#8217;\u0131n i\u00e7 huzur ve istikrar\u0131, T\u00fcrkiye&#8217;nin i\u00e7 huzuru ve istikrar\u0131 ile i\u00e7 i\u00e7e ge\u00e7mi\u015f durumdad\u0131r. Irak ve Suriye ile uzun s\u0131n\u0131r\u0131m\u0131zda istikrar ve g\u00fcvenlik olu\u015fturamazsak, T\u00fcrkiye&#8217;de istikrar ve huzur i\u00e7inde ya\u015famam\u0131z m\u00fcmk\u00fcn olmaz. \u00c7\u00fcnk\u00fc, Irak&#8217;ta bar\u0131\u015f yoksa b\u00f6lgemizde bar\u0131\u015f sa\u011flaman\u0131n imkan\u0131 yoktur. \u00c7\u00fcnk\u00fc, Irak bir\u00e7ok \u00f6zelli\u011fi itibariyle k\u00fc\u00e7\u00fck bir Ortado\u011fu&#8217;dur. Dolay\u0131s\u0131yla T\u00fcrkiye&#8217;nin Irak&#8217;ta etkin bir Ortado\u011fu politikas\u0131 y\u00fcr\u00fctmekten ba\u015fka bir d\u0131\u015f politika tercihi olamaz. Bu sebepledir ki Irak ile ili\u015fkilerimiz son derece iyi bir seyir i\u00e7indedir.&#8221;<\/p>\n<p style=\"text-align: justify;\"><strong><em>&#8220;Diplomatik ve askeri ayakl\u0131 eylem plan\u0131&#8221; <\/em><\/strong><\/p>\n<p style=\"text-align: justify;\">Irak ile her alanda s\u0131n\u0131r tan\u0131mayan bir i\u015fbirli\u011fi geli\u015ftirildi\u011fini anlatan Davuto\u011flu, yap\u0131lan g\u00f6r\u00fc\u015fmeleri anlatt\u0131.<\/p>\n<p style=\"text-align: justify;\">Suriye ile benzer bir i\u015fbirli\u011finin geli\u015ftirilmekte oldu\u011funu kaydeden Davuto\u011flu, \u00f6n\u00fcm\u00fczdeki hafta 11 bakanla bu \u00fclkeyi ziyaret edece\u011fini bildirdi.<\/p>\n<p style=\"text-align: justify;\">Davuto\u011flu, \u015funlar\u0131 s\u00f6yledi: &#8220;Bu b\u00f6lgesel vizyondan bak\u0131ld\u0131\u011f\u0131nda T\u00fcrkiye&#8217;nin bu etkin d\u0131\u015f politika anlay\u0131\u015f\u0131n\u0131 tehdit eden en \u00f6nemli unsurlardan birisi Irak&#8217;\u0131n kuzeyinde yerle\u015fmi\u015f bulunan ter\u00f6r \u00f6rg\u00fct\u00fcn\u00fcn mevcudiyetidir. Tezkerenin g\u00fcndeme gelmesi de ter\u00f6r \u00f6rg\u00fct\u00fcn\u00fcn 2007 y\u0131l Ekim ay\u0131nda artan ter\u00f6r faaliyetleri dolay\u0131s\u0131yla ortaya \u00e7\u0131kan atmosferdir. H\u00fck\u00fcmet olarak b\u00f6yle tehdidin nas\u0131l ortadan kald\u0131r\u0131laca\u011f\u0131 konusunu ele ald\u0131k. Diplomatik ve askeri ayakl\u0131 kapsaml\u0131 bir stratejik eylem plan\u0131 geli\u015ftirdik.<\/p>\n<p style=\"text-align: justify;\">TBMM&#8217;nin verdi\u011fi yetki ile 17 Aral\u0131k 2007&#8217;den bu yana T\u00fcrk Silahl\u0131 Kuvvetlerimiz en etkin askeri m\u00fccadeleyi y\u00fcr\u00fctegelmi\u015ftir. Bu sebeple bug\u00fcn ter\u00f6r \u00f6rg\u00fct\u00fcn\u00fcn faaliyetlerinde ciddi bir azalma ya\u015fanm\u0131\u015ft\u0131r. Tek ba\u015f\u0131na askeri y\u00f6ntemler bu t\u00fcr m\u00fccadelelerde yeterli olamaz. Onun i\u00e7in tezkerenin yan\u0131 s\u0131ra kapsaml\u0131 bir diplomatik eylem faaliyeti \u00e7\u0131kard\u0131k.&#8221;<\/p>\n<p style=\"text-align: justify;\">Irak h\u00fck\u00fcmeti ile y\u00fcr\u00fct\u00fclen temaslar\u0131 da anlatan Davuto\u011flu, bu temaslarla ter\u00f6r \u00f6rg\u00fct\u00fcn\u00fcn bir hedefinin bertaraf edildi\u011fini, Irak ile ili\u015fkilerin kriz beklentilerinin aksine her t\u00fcrl\u00fc alanda geli\u015fti\u011fini belirtti.<\/p>\n<p style=\"text-align: justify;\">Davuto\u011flu, &#8220;\u0130kinci ana diplomatik faaliyet alan\u0131 olarak bunun K\u00fcrt-T\u00fcrk \u00e7at\u0131\u015fmas\u0131na d\u00f6n\u00fc\u015fmesine engellemek \u00fczere Irak&#8217;\u0131n kuzeyindeki b\u00f6lgesel y\u00f6netim nezdinde diplomatik etki g\u00fcc\u00fcm\u00fcz\u00fcn art\u0131r\u0131lmas\u0131d\u0131r&#8221; dedi.<\/p>\n<p style=\"text-align: justify;\">Irak&#8217;\u0131 askeri olarak kontrol alt\u0131nda tutan ABD ile diplomatik g\u00f6r\u00fc\u015fmeler y\u00fcr\u00fct\u00fcld\u00fc\u011f\u00fcn\u00fc anlatan Davuto\u011flu, istihbarat ve operasyon i\u015fbirli\u011fi sonucunda TSK&#8217;ya 30 y\u0131l i\u00e7inde belki de en rahat operasyon yapma zemini olu\u015fturuldu\u011funu kaydetti. Davuto\u011flu, T\u00fcrkiye, Irak ve ABD aras\u0131nda geli\u015ftirilen 3&#8217;l\u00fc mekanizmay\u0131 da an\u0131msatarak, y\u00fcr\u00fct\u00fclen \u00e7al\u0131\u015fmalar\u0131 dile getirdi.<\/p>\n<p style=\"text-align: justify;\"><strong><em>Ahmet T\u00fcrk: &#8220;Oyumuzun rengi belliydi&#8221; <\/em><\/strong><\/p>\n<p style=\"text-align: justify;\">DTP Genel Ba\u015fkan\u0131 Ahmet T\u00fcrk, s\u0131n\u0131r \u00f6tesi operasyon tezkeresinin kabul edilmesini de\u011ferlendirirken, &#8220;Yeni d\u00f6neme uygun politikalar\u0131n ve ger\u00e7ekten toplumu kucakla\u015ft\u0131racak bir mant\u0131\u011f\u0131n \u00f6ne \u00e7\u0131kmas\u0131 gerekir&#8221; dedi.<\/p>\n<p style=\"text-align: justify;\">T\u00fcrk, T\u00fcrk Silahl\u0131 Kuvvetleri&#8217;nin, Irak&#8217;\u0131n kuzeyinden T\u00fcrkiye&#8217;ye y\u00f6nelik ter\u00f6r tehdidinin ve sald\u0131r\u0131lar\u0131n\u0131n bertaraf edilmesi amac\u0131yla H\u00fck\u00fcmete verilen s\u00fcrenin, 17 Ekim 2009 tarihinden itibaren 1 y\u0131l daha uzat\u0131lmas\u0131n\u0131 \u00f6ng\u00f6ren Ba\u015fbakanl\u0131k Tezkeresinin kabul edilmesinin ard\u0131ndan gazetecilerin sorular\u0131n\u0131 cevapland\u0131rd\u0131.<\/p>\n<p style=\"text-align: justify;\">&#8220;Oyumuzun rengi belliydi zaten&#8221; diyen T\u00fcrk, tezkereye ret oyu vermelerinin gerek\u00e7elerini \u00f6nceki konu\u015fmalar\u0131nda ortaya koyduklar\u0131n\u0131 s\u00f6yledi.<\/p>\n<p style=\"text-align: justify;\">Ahmet T\u00fcrk, &#8220;Biz ba\u015f\u0131ndan beri \u00e7at\u0131\u015fma, imha, inkar politikalar\u0131n\u0131n, bu sorunu \u00e7\u00f6zmeyece\u011fini ifade ediyoruz. Yeni d\u00f6neme uygun politikalar\u0131n ve ger\u00e7ekten toplumu kucakla\u015ft\u0131racak bir mant\u0131\u011f\u0131n \u00f6ne \u00e7\u0131kmas\u0131 gerekir&#8221; diye konu\u015ftu.<\/p>\n<p style=\"text-align: justify;\"><span style=\"color: #888888;\">CNN T\u00dcRK<\/span><\/p>\n","protected":false},"excerpt":{"rendered":"<p style=\"text-align: center;\">\n<p style=\"text-align: justify;\">T\u00fcrk Silahl\u0131 Kuvvetleri&#8217;nin s\u0131n\u0131r \u00f6tesi operasyonlar\u0131na imkan tan\u0131yan tezkerenin s\u00fcresi 1 y\u0131l daha uzat\u0131ld\u0131. Tezkere TBMM Genel Kurulu&#8217;nda tezkere 452 oyla kabul edildi. Oylamaya 475 milletvekili kat\u0131ld\u0131. 452 milletvekili tezkereye kabul oyu verirken 23 milletvekili ret oyu kulland\u0131.<\/p>\n<p style=\"text-align: justify;\">MHP <\/p>\n<p style=\"text-align: justify;\">Tezkereye ili\u015fkin olarak MHP grubu ad\u0131na <\/p>\n","protected":false},"author":1,"featured_media":0,"comment_status":"open","ping_status":"closed","sticky":false,"template":"","format":"standard","meta":{"footnotes":""},"categories":[105],"tags":[],"class_list":["post-15601","post","type-post","status-publish","format-standard","hentry","category-gundem","odd"],"_links":{"self":[{"href":"http:\/\/www.korhanyilmaz.com\/index.php?rest_route=\/wp\/v2\/posts\/15601","targetHints":{"allow":["GET"]}}],"collection":[{"href":"http:\/\/www.korhanyilmaz.com\/index.php?rest_route=\/wp\/v2\/posts"}],"about":[{"href":"http:\/\/www.korhanyilmaz.com\/index.php?rest_route=\/wp\/v2\/types\/post"}],"author":[{"embeddable":true,"href":"http:\/\/www.korhanyilmaz.com\/index.php?rest_route=\/wp\/v2\/users\/1"}],"replies":[{"embeddable":true,"href":"http:\/\/www.korhanyilmaz.com\/index.php?rest_route=%2Fwp%2Fv2%2Fcomments&post=15601"}],"version-history":[{"count":0,"href":"http:\/\/www.korhanyilmaz.com\/index.php?rest_route=\/wp\/v2\/posts\/15601\/revisions"}],"wp:attachment":[{"href":"http:\/\/www.korhanyilmaz.com\/index.php?rest_route=%2Fwp%2Fv2%2Fmedia&parent=15601"}],"wp:term":[{"taxonomy":"category","embeddable":true,"href":"http:\/\/www.korhanyilmaz.com\/index.php?rest_route=%2Fwp%2Fv2%2Fcategories&post=15601"},{"taxonomy":"post_tag","embeddable":true,"href":"http:\/\/www.korhanyilmaz.com\/index.php?rest_route=%2Fwp%2Fv2%2Ftags&post=15601"}],"curies":[{"name":"wp","href":"https:\/\/api.w.org\/{rel}","templated":true}]}}