{"id":15598,"date":"2009-10-06T21:19:50","date_gmt":"2009-10-06T18:19:50","guid":{"rendered":"http:\/\/www.korhanyilmaz.com\/?p=15598"},"modified":"2009-10-06T21:19:50","modified_gmt":"2009-10-06T18:19:50","slug":"3-papandreu-donemi-basladi","status":"publish","type":"post","link":"http:\/\/www.korhanyilmaz.com\/?p=15598","title":{"rendered":"3. Papandreu d\u00f6nemi ba\u015flad\u0131"},"content":{"rendered":"<p style=\"text-align: justify;\"><a href=\"http:\/\/www.korhanyilmaz.com\/wp-content\/uploads\/2009\/10\/papandereu.jpg\"  class=\"lightview\"><img loading=\"lazy\" decoding=\"async\" class=\"size-full wp-image-15599 aligncenter\" src=\"http:\/\/www.korhanyilmaz.com\/wp-content\/uploads\/2009\/10\/papandereu.jpg\" alt=\"\" width=\"307\" height=\"236\" \/><\/a><\/p>\n<p style=\"text-align: justify;\">Yunanistan&#8217;da yeni Ba\u015fbakan Yorgo Papandreu, yemin ederek g\u00f6revine ba\u015flad\u0131. Papandreu, kabinesini de a\u00e7\u0131klad\u0131.<\/p>\n<p style=\"text-align: justify;\">Papandreu t\u00f6rende Cumhurba\u015fkan\u0131 Karolos Papulyas ve Atina Ba\u015fpiskoposu \u0130eronimos&#8217;un huzurunda \u0130ncil&#8217;e el basarak ant i\u00e7ti.<\/p>\n<p style=\"text-align: justify;\">Papandreu, yeminin ard\u0131ndan Ba\u015fbakanl\u0131\u011fa giderek eski Ba\u015fbakan Kostas Karamanlis&#8217;ten g\u00f6revi devrald\u0131.<\/p>\n<p style=\"text-align: justify;\">PASOK Partisi Genel Ba\u015fkan\u0131 Yorgo Papandreu, bug\u00fcn kabinesini a\u00e7\u0131klad\u0131. <!--more--><\/p>\n<p style=\"text-align: justify;\">Ba\u015fbakanl\u0131\u011f\u0131n yan\u0131s\u0131ra d\u0131\u015fi\u015fleri bakanl\u0131\u011f\u0131 g\u00f6revini de \u00fcstlenen Yorgo Papandreu, savunma bakanl\u0131\u011f\u0131 g\u00f6revine Evangelos Venizelos, ekonomi bakanl\u0131\u011f\u0131na Luka Katseli, maliye bakanl\u0131\u011f\u0131na ise Yorgos Papakostandinu&#8217;yu getirdi.<\/p>\n<p style=\"text-align: justify;\">Yap\u0131lan de\u011fi\u015fikliklerle, se\u00e7imleri yitiren Yeni Demokrasi Partisi (YDP) zaman\u0131nda 16 olan bakanl\u0131k say\u0131s\u0131 15&#8217;e indirildi.<\/p>\n<p style=\"text-align: justify;\">Ekonomi bakanl\u0131\u011f\u0131, maliye bakanl\u0131\u011f\u0131ndan ayr\u0131l\u0131rken, kalk\u0131nma ile Ege ve deniz ticaret bakanl\u0131klar\u0131n\u0131 da kapsar duruma getirildi.<\/p>\n<p style=\"text-align: justify;\">\u00c7evre bakanl\u0131\u011f\u0131 kurulurken, eski bay\u0131nd\u0131rl\u0131k ve ula\u015ft\u0131rma bakanl\u0131klar\u0131, yeni kurulan altyap\u0131 bakanl\u0131\u011f\u0131 \u00e7at\u0131s\u0131 alt\u0131nda birle\u015fti.<\/p>\n<p style=\"text-align: justify;\">Turizm ile k\u00fclt\u00fcr bakanl\u0131klar\u0131 birle\u015firken, i\u00e7i\u015fleri bakanl\u0131\u011f\u0131 ve bu \u00e7er\u00e7evede Yunan polisi, itfaiye \u00f6rg\u00fct\u00fc, sahil g\u00fcvenlik birimleri ve sivil savunma \u00f6rg\u00fct\u00fc ile Makedonya-Trakya Bakanl\u0131\u011f\u0131, kamu g\u00fcvenli\u011fi bakanl\u0131\u011f\u0131 ad\u0131 alt\u0131nda kurulan yeni bakanl\u0131\u011fa ba\u011fland\u0131.<\/p>\n<p style=\"text-align: justify;\">Adalet bakanl\u0131\u011f\u0131 ise adalet, \u015feffafl\u0131k ve insan haklar\u0131 bakanl\u0131\u011f\u0131 ad\u0131n\u0131 ald\u0131.<\/p>\n<p style=\"text-align: justify;\">Yorgo Papandreu, eski d\u0131\u015fi\u015fleri bakanlar\u0131ndan Teodoros Pangolos&#8217;a ba\u015fbakan yard\u0131mc\u0131l\u0131\u011f\u0131 g\u00f6revini verdi.<\/p>\n<p style=\"text-align: justify;\">Ba\u015fbakan Papandreu&#8217;nun, parlamento ba\u015fkanl\u0131\u011f\u0131 g\u00f6revi i\u00e7in eski bakanlardan Filippos Pe\u00e7alnikos&#8217;u aday g\u00f6sterece\u011fi de kaydedildi.<\/p>\n<p style=\"text-align: justify;\"><strong><em>Bakanlar Kurulu listesi <\/em><\/strong><\/p>\n<p style=\"text-align: justify;\">Yunanistan&#8217;\u0131n yeni kabinesi, yar\u0131n yemin ederek g\u00f6revine ba\u015flayacak.<\/p>\n<p style=\"text-align: justify;\">Yeni bakanlar kurulu \u015fu isimlerden olu\u015fuyor:<\/p>\n<p style=\"text-align: justify;\"><strong><em>Ba\u015fbakan ve D\u0131\u015fi\u015fleri Bakan\u0131<\/em><\/strong>: Yorgo Papandreu<\/p>\n<p style=\"text-align: justify;\"><strong><em>Maliye Bakan\u0131<\/em><\/strong>: Yorgo Papakostandinu<\/p>\n<p style=\"text-align: justify;\"><strong><em>Ekonomi, Rekabet ve Denizcilik Bakan\u0131:<\/em><\/strong> Luka Katseli<\/p>\n<p style=\"text-align: justify;\"><strong><em>Savunma Bakan\u0131<\/em><\/strong>: Evangelos Venizelos<\/p>\n<p style=\"text-align: justify;\"><strong><em>Altyap\u0131 Bakan\u0131<\/em><\/strong>: Dimitris Reppas<\/p>\n<p style=\"text-align: justify;\"><em><strong>Turizm ve K\u00fclt\u00fcr Bakan\u0131<\/strong><\/em>: Panos Gerulanos<\/p>\n<p style=\"text-align: justify;\"><strong><em>E\u011fitim Bakan\u0131<\/em><\/strong>: Anna Diamandopulu<\/p>\n<p style=\"text-align: justify;\"><strong><em>Sa\u011fl\u0131k Bakan\u0131<\/em><\/strong>: Mariliza Ksenoyanakopulu<\/p>\n<p style=\"text-align: justify;\"><strong><em>Tar\u0131m Bakan\u0131<\/em><\/strong>: Katerina Ba\u00e7eli<\/p>\n<p style=\"text-align: justify;\"><strong><em>Yerel Y\u00f6netim ve \u0130\u00e7i\u015fleri Bakanl\u0131\u011f\u0131<\/em><\/strong>: Yannis Ragusis<\/p>\n<p style=\"text-align: justify;\"><strong><em>\u00c7evre ve Enerji Bakan\u0131<\/em><\/strong>: Tina Birbili<\/p>\n<p style=\"text-align: justify;\"><strong><em>\u00c7al\u0131\u015fma Bakan\u0131<\/em><\/strong>: Andreas Loverdos<\/p>\n<p style=\"text-align: justify;\"><strong><em>Kamu G\u00fcvenli\u011fi Bakan\u0131<\/em><\/strong>: Mihalis Hrisohoidis<\/p>\n<p style=\"text-align: justify;\"><strong><em>Adalet, \u015eeffafl\u0131k ve \u0130nsan Haklar\u0131 Bakan\u0131<\/em><\/strong>: Haris Kastanidis<\/p>\n<p style=\"text-align: justify;\"><strong><em>Devlet Bakan\u0131<\/em><\/strong>: Haris Pambukis<\/p>\n<p style=\"text-align: justify;\">Papandreu, 4 Ekim&#8217;deki se\u00e7imlerde ezici \u00e7o\u011funlukla 160 milletvekili kazanm\u0131\u015ft\u0131.<\/p>\n<p style=\"text-align: justify;\">57 ya\u015f\u0131ndaki Yorgo Papandreu&#8217;nun dedesi ve babas\u0131 da Ba\u015fbakanl\u0131k yapm\u0131\u015ft\u0131.<\/p>\n<p style=\"text-align: justify;\"><span style=\"color: #888888;\">CNN T\u00dcRK<\/span><\/p>\n","protected":false},"excerpt":{"rendered":"<p style=\"text-align: justify;\">\n<p style=\"text-align: justify;\">Yunanistan&#8217;da yeni Ba\u015fbakan Yorgo Papandreu, yemin ederek g\u00f6revine ba\u015flad\u0131. Papandreu, kabinesini de a\u00e7\u0131klad\u0131.<\/p>\n<p style=\"text-align: justify;\">Papandreu t\u00f6rende Cumhurba\u015fkan\u0131 Karolos Papulyas ve Atina Ba\u015fpiskoposu \u0130eronimos&#8217;un huzurunda \u0130ncil&#8217;e el basarak ant i\u00e7ti.<\/p>\n<p style=\"text-align: justify;\">Papandreu, yeminin ard\u0131ndan Ba\u015fbakanl\u0131\u011fa giderek eski Ba\u015fbakan Kostas Karamanlis&#8217;ten g\u00f6revi devrald\u0131.<\/p>\n<p style=\"text-align: justify;\">PASOK Partisi Genel Ba\u015fkan\u0131 Yorgo <\/p>\n","protected":false},"author":1,"featured_media":0,"comment_status":"open","ping_status":"closed","sticky":false,"template":"","format":"standard","meta":{"footnotes":""},"categories":[3],"tags":[],"class_list":["post-15598","post","type-post","status-publish","format-standard","hentry","category-dunya","odd"],"_links":{"self":[{"href":"http:\/\/www.korhanyilmaz.com\/index.php?rest_route=\/wp\/v2\/posts\/15598","targetHints":{"allow":["GET"]}}],"collection":[{"href":"http:\/\/www.korhanyilmaz.com\/index.php?rest_route=\/wp\/v2\/posts"}],"about":[{"href":"http:\/\/www.korhanyilmaz.com\/index.php?rest_route=\/wp\/v2\/types\/post"}],"author":[{"embeddable":true,"href":"http:\/\/www.korhanyilmaz.com\/index.php?rest_route=\/wp\/v2\/users\/1"}],"replies":[{"embeddable":true,"href":"http:\/\/www.korhanyilmaz.com\/index.php?rest_route=%2Fwp%2Fv2%2Fcomments&post=15598"}],"version-history":[{"count":0,"href":"http:\/\/www.korhanyilmaz.com\/index.php?rest_route=\/wp\/v2\/posts\/15598\/revisions"}],"wp:attachment":[{"href":"http:\/\/www.korhanyilmaz.com\/index.php?rest_route=%2Fwp%2Fv2%2Fmedia&parent=15598"}],"wp:term":[{"taxonomy":"category","embeddable":true,"href":"http:\/\/www.korhanyilmaz.com\/index.php?rest_route=%2Fwp%2Fv2%2Fcategories&post=15598"},{"taxonomy":"post_tag","embeddable":true,"href":"http:\/\/www.korhanyilmaz.com\/index.php?rest_route=%2Fwp%2Fv2%2Ftags&post=15598"}],"curies":[{"name":"wp","href":"https:\/\/api.w.org\/{rel}","templated":true}]}}