{"id":15592,"date":"2009-10-06T11:56:16","date_gmt":"2009-10-06T08:56:16","guid":{"rendered":"http:\/\/www.korhanyilmaz.com\/?p=15592"},"modified":"2009-10-06T11:56:16","modified_gmt":"2009-10-06T08:56:16","slug":"asyayi-vurdu-marmara-kayniyor","status":"publish","type":"post","link":"http:\/\/www.korhanyilmaz.com\/?p=15592","title":{"rendered":"Asya&#039;y\u0131 vurdu Marmara kayn\u0131yor"},"content":{"rendered":"<p style=\"text-align: center;\"><a href=\"http:\/\/www.korhanyilmaz.com\/wp-content\/uploads\/2009\/10\/DEPREM.jpg\"  class=\"lightview\"><img loading=\"lazy\" decoding=\"async\" class=\"size-full wp-image-15593 aligncenter\" src=\"http:\/\/www.korhanyilmaz.com\/wp-content\/uploads\/2009\/10\/DEPREM.jpg\" alt=\"\" width=\"329\" height=\"210\" \/><\/a><\/p>\n<p style=\"text-align: justify;\">G\u00fcney Asya&#8217;da son bir haftada meydana gelen tayfun, tsunami ve depremler, \u0130stanbul&#8217;la birlikte Akdeniz k\u0131y\u0131lar\u0131n\u0131 da tehdit etmeye ba\u015flad\u0131.<\/p>\n<p style=\"text-align: justify;\">Uzmanlara g\u00f6re, Pasifik tabakas\u0131, di\u011fer plakalar\u0131 harekete ge\u00e7irince Kuzeydo\u011fu Fay Hatt\u0131 gerildi. Bu nedenle \u0130stanbul ve Akdeniz k\u0131y\u0131lar\u0131n\u0131n da deprem riski alt\u0131nda oldu\u011fu belirtildi&#8230;<\/p>\n<p style=\"text-align: justify;\">Bug\u00fcn gazetesindeki habere g\u00f6re, d\u00fcnya depremler ve tsunamilerle dolu bir hafta ge\u00e7irirken, uzmanlar Pasifik tektonik tabakas\u0131n\u0131n di\u011fer plakalar\u0131 harekete ge\u00e7irdi\u011fini, bu nedenle \u0130stanbul&#8217;un da deprem tehdit alt\u0131nda oldu\u011funu a\u00e7\u0131klad\u0131. Ge\u00e7ti\u011fimiz hafta Filipinler&#8217;de tayfun, Samoa&#8217;da deprem ve tsunami, Sumatra&#8217;da \u015fiddetli deprem ya\u015fand\u0131. <!--more--><\/p>\n<p style=\"text-align: justify;\">Uzmanlar, afetlerin son de\u011fil ba\u015flang\u0131\u00e7 oldu\u011fu konusunda hemfikir olurken, 400&#8217;\u00fc a\u015fk\u0131n can alan Ketsana&#8217;n\u0131n vurdu\u011fu Filipinler&#8217;de d\u00fcn de Parma tayfunu ve 6.5&#8217;lik deprem, Tonga ve Samoa&#8217;da ise 6.3l\u00fck yeni depremler ya\u015fand\u0131. Singapur&#8217;daki Nanyang \u00dcniversitesi&#8217;nden Sismolog Karry Sieh, 200 y\u0131l\u0131n en b\u00fcy\u00fck afetleriyle kar\u015f\u0131 kar\u015f\u0131ya oldu\u011fumuzu belirtirken, Sumatra&#8217;daki Talang, Tandikat ve Merapi volkanlar\u0131ndaki hareketlili\u011fe dikkat \u00e7ekti. Prof. Sieh, tayfunlar ve volkanik patlamalar, Samoa ve ABD&#8217;deki depremleri de felaketin ayak sesleri olarak yorumlad\u0131.<\/p>\n<p style=\"text-align: justify;\"><strong><em>AKDEN\u0130Z KIYILARI TEHL\u0130KEDE <\/em><\/strong><\/p>\n<p style=\"text-align: justify;\">Prof. Sieh, &#8220;Sumatra&#8217;n\u0131n \u00f6n\u00fcndeki Pasifik tektonik tabakas\u0131 Endonezya&#8217;n\u0131n \u00fczerinde bulundu\u011fu Sunda levhas\u0131 alt\u0131nda itiliyor. Levha bir y\u0131lda 8 santim \u00e7\u00f6kt\u00fc. Yeralt\u0131ndaki hareketlilik b\u00fcy\u00fck felaketlere gebe. Plaka 10 metre \u00e7\u00f6kt\u00fc\u011f\u00fcnde di\u011fer faylar\u0131 herekete ge\u00e7irecek&#8221; dedi. Pasifik tektonik tabakas\u0131ndaki hareketlili\u011fin yol a\u00e7t\u0131\u011f\u0131 do\u011fal afetler sonucu, G\u00fcney Do\u011fu Asya&#8217;da son bir haftada 2 bin ki\u015fi hayat\u0131n\u0131 kaybetmi\u015fti.<\/p>\n<p style=\"text-align: justify;\">Bu arada, Alman Jeolojik Ara\u015ft\u0131rmalar Merkezi&#8217;nden Prof. Rainer Kind de &#8220;\u0130stanbul&#8217;u b\u00fcy\u00fck deprem bekliyor. Kuzeydo\u011fu Anadolu Fay Hatt\u0131 gerilim yarat\u0131yor. \u0130stanbul&#8217;un d\u0131\u015f\u0131nda T\u00fcrkiye&#8217;nin Akdeniz k\u0131y\u0131lar\u0131ndan Tibet&#8217;e kadar t\u00fcm b\u00f6lge tehlikede&#8221; dedi.<\/p>\n<p style=\"text-align: justify;\"><strong><em>Di\u011eER B\u00d6LGELERi TETiKLEDi <\/em><\/strong><\/p>\n<p style=\"text-align: justify;\">Alman Jeolojik Ara\u015ft\u0131rmalar Merkezi&#8217;nden Prof. Rainer Kind, Asya&#8217;da meydana gelen depremlerin di\u011fer b\u00f6lgeler i\u00e7in de risk olu\u015fturdu\u011funa dikkat \u00e7ekti. Prof. Kind, &#8220;\u0130stanbul ve T\u00fcrkiye&#8217;nin Akdeniz k\u0131y\u0131lar\u0131ndan Tibet&#8217;e kadar olan b\u00f6lge tehlikede&#8221; dedi.<\/p>\n<p style=\"text-align: justify;\"><strong><em>MARMARA KAYNIYOR, S\u0130L\u0130VR\u0130&#8217;DE GAZ VAR <\/em><\/strong><\/p>\n<p style=\"text-align: justify;\">Denizin 1239 metre alt\u0131na inerek fay\u0131n rontgenini \u00e7eken Prof. Naci G\u00f6r\u00fcr, &#8220;Marmara fokur fokur kayn\u0131yor. Tekirda\u011f ve Silivri a\u00e7\u0131klar\u0131nda ise gaz ve su \u00e7\u0131k\u0131\u015flar\u0131 var&#8221; dedi&#8230;Marmara Belediyeler Birli\u011fi&#8217;nce d\u00fczenlenen &#8220;Deprem ve Deprem Sonras\u0131&#8221; konulu panelde konu\u015fan deprem uzman\u0131 Prof. Naci G\u00f6r\u00fcr, &#8220;Marmara Denizi&#8217;nin alt\u0131 fokur fokur kayn\u0131yor. Tekirda\u011f \u00e7ukurundan Silivri a\u00e7\u0131klar\u0131na kadar izlenmesi gereken gaz ve su \u00e7\u0131k\u0131\u015flar\u0131 var&#8221; dedi. Panelde, Marmara&#8217;da yapt\u0131\u011f\u0131 ara\u015ft\u0131rmalar hakk\u0131nda bilgi veren Prof. Dr. G\u00f6r\u00fcr, \u015f\u00f6yle devam etti:<\/p>\n<p style=\"text-align: justify;\"><strong><em>TEK\u0130RDA\u011e \u0130ZLENMEL\u0130 <\/em><\/strong><\/p>\n<p style=\"text-align: justify;\">&#8220;Marmara, d\u00fcnyan\u0131n en riskli b\u00f6lgelerinden biri. Denizin alt\u0131nda fay\u0131n r\u00f6ntgenini \u00e7ektik. Marmara&#8217;n\u0131n 1239 metre alt\u0131na indik. Yetkililer taraf\u0131ndan izlenmesi gereken gaz ve su \u00e7\u0131k\u0131\u015flar\u0131 g\u00f6rd\u00fck. Marmara&#8217;n\u0131n alt\u0131 fokur fokur kayn\u0131yor. \u00d6zellikle Tekirda\u011f \u00e7ukurundan Silivri a\u00e7\u0131klar\u0131na kadar olan k\u0131s\u0131mda ciddi gaz \u00e7\u0131k\u0131\u015flar\u0131 var. Gaz ve su \u00e7\u0131k\u0131\u015f\u0131 olan yerlerde acilen istasyonlar kurulup, s\u00fcrekli izleme yap\u0131lmal\u0131. Deprem bir anda gelmez. Uzun bir s\u00fcre\u00e7le gelir ve bu s\u00fcre\u00e7 do\u011fru takip edilirse, b\u00fcy\u00fck y\u0131k\u0131mlar\u0131n ve ac\u0131lar\u0131n \u00f6n\u00fcne ge\u00e7ilebilir.&#8221; Prof. G\u00f6r\u00fcr, &#8220;Biz bilim adam\u0131y\u0131z ve ara\u015ft\u0131rma yap\u0131yoruz. Ara\u015ft\u0131rmalar\u0131m\u0131z\u0131 bile incelemeyen baz\u0131 insanlar, kar\u015f\u0131 a\u00e7\u0131klama yap\u0131yorlar. Deprem konusunun tart\u0131\u015fma yerleri TV ekranlar\u0131 de\u011fil, bilim platformlar\u0131d\u0131r. Medyaya da halka da uyar\u0131da bulunuyorum, bu ki\u015filere aldanmay\u0131n&#8221; dedi.<\/p>\n<p style=\"text-align: justify;\"><strong><em>KOLONLAR \u00d6L\u00dcME DAVET\u0130YE \u00c7IKARIYOR <\/em><\/strong><\/p>\n<p style=\"text-align: justify;\">Sakarya&#8217;da incelemelerde bulunan Tohoku \u00dcniversitesi Afet Ara\u015ft\u0131rma Kontrol Merkezi M\u00fcd\u00fcr\u00fc Prof. Dr. Masato Motosaka, T\u00fcrkiye&#8217;deki depremlerin binalara zarar vermesinin temel nedeninin, binalar\u0131n yap\u0131m a\u015famas\u0131ndaki detaylar\u0131n eksikli\u011finden kaynakland\u0131\u011f\u0131n\u0131 s\u00f6yledi.<\/p>\n<p style=\"text-align: justify;\">Motosaka, Adapazar\u0131&#8217;nda orta d\u00fczeydeki binalar\u0131n yerine 2 katl\u0131 binalar\u0131n yap\u0131ld\u0131\u011f\u0131n\u0131 g\u00f6r\u00fcnce b\u00fcy\u00fck \u015fok ya\u015fad\u0131\u011f\u0131n\u0131 belirtirken, &#8220;Binalar\u0131n biti\u015fik nizam olmas\u0131 en b\u00fcy\u00fck tehlike. \u0130ki binan\u0131n birbiri ile \u00e7arp\u0131\u015fmas\u0131 sonucu y\u0131k\u0131mlar oluyor. Kolonlar\u0131n \u00e7o\u011fu dikd\u00f6rtgen \u015feklinde. Binalar\u0131n yatay y\u00f6ndeki hareketlerinin e\u015fit kuvvette olmas\u0131 laz\u0131m. T\u00fcrkiye&#8217;de buna dikkat edilmiyor. \u0130ki y\u00f6ndeki kuvvetlerin e\u015fit olmas\u0131 gerekiyor. Bu kare \u015feklinde kolanlar yap\u0131larak a\u015f\u0131labilir&#8221; dedi.<\/p>\n<p style=\"text-align: justify;\"><span style=\"color: #888888;\">Kaynak : Vatan<\/span><\/p>\n","protected":false},"excerpt":{"rendered":"<p style=\"text-align: center;\">\n<p style=\"text-align: justify;\">G\u00fcney Asya&#8217;da son bir haftada meydana gelen tayfun, tsunami ve depremler, \u0130stanbul&#8217;la birlikte Akdeniz k\u0131y\u0131lar\u0131n\u0131 da tehdit etmeye ba\u015flad\u0131.<\/p>\n<p style=\"text-align: justify;\">Uzmanlara g\u00f6re, Pasifik tabakas\u0131, di\u011fer plakalar\u0131 harekete ge\u00e7irince Kuzeydo\u011fu Fay Hatt\u0131 gerildi. Bu nedenle \u0130stanbul ve Akdeniz k\u0131y\u0131lar\u0131n\u0131n da deprem riski alt\u0131nda oldu\u011fu belirtildi&#8230;<\/p>\n<p style=\"text-align: justify;\">Bug\u00fcn gazetesindeki habere <\/p>\n","protected":false},"author":1,"featured_media":0,"comment_status":"open","ping_status":"closed","sticky":false,"template":"","format":"standard","meta":{"footnotes":""},"categories":[105],"tags":[],"class_list":["post-15592","post","type-post","status-publish","format-standard","hentry","category-gundem","odd"],"_links":{"self":[{"href":"http:\/\/www.korhanyilmaz.com\/index.php?rest_route=\/wp\/v2\/posts\/15592","targetHints":{"allow":["GET"]}}],"collection":[{"href":"http:\/\/www.korhanyilmaz.com\/index.php?rest_route=\/wp\/v2\/posts"}],"about":[{"href":"http:\/\/www.korhanyilmaz.com\/index.php?rest_route=\/wp\/v2\/types\/post"}],"author":[{"embeddable":true,"href":"http:\/\/www.korhanyilmaz.com\/index.php?rest_route=\/wp\/v2\/users\/1"}],"replies":[{"embeddable":true,"href":"http:\/\/www.korhanyilmaz.com\/index.php?rest_route=%2Fwp%2Fv2%2Fcomments&post=15592"}],"version-history":[{"count":0,"href":"http:\/\/www.korhanyilmaz.com\/index.php?rest_route=\/wp\/v2\/posts\/15592\/revisions"}],"wp:attachment":[{"href":"http:\/\/www.korhanyilmaz.com\/index.php?rest_route=%2Fwp%2Fv2%2Fmedia&parent=15592"}],"wp:term":[{"taxonomy":"category","embeddable":true,"href":"http:\/\/www.korhanyilmaz.com\/index.php?rest_route=%2Fwp%2Fv2%2Fcategories&post=15592"},{"taxonomy":"post_tag","embeddable":true,"href":"http:\/\/www.korhanyilmaz.com\/index.php?rest_route=%2Fwp%2Fv2%2Ftags&post=15592"}],"curies":[{"name":"wp","href":"https:\/\/api.w.org\/{rel}","templated":true}]}}