{"id":15582,"date":"2009-10-06T06:14:04","date_gmt":"2009-10-06T03:14:04","guid":{"rendered":"http:\/\/www.korhanyilmaz.com\/?p=15582"},"modified":"2009-10-06T06:14:04","modified_gmt":"2009-10-06T03:14:04","slug":"savcilik-devrede","status":"publish","type":"post","link":"http:\/\/www.korhanyilmaz.com\/?p=15582","title":{"rendered":"Savc\u0131l\u0131k devrede"},"content":{"rendered":"<p style=\"text-align: center;\"><a href=\"http:\/\/www.korhanyilmaz.com\/wp-content\/uploads\/2009\/10\/\u0131rkc\u0131alman.jpg\"  class=\"lightview\"><img loading=\"lazy\" decoding=\"async\" class=\"aligncenter size-full wp-image-15583\" src=\"http:\/\/www.korhanyilmaz.com\/wp-content\/uploads\/2009\/10\/\u0131rkc\u0131alman.jpg\" alt=\"\" width=\"329\" height=\"210\" \/><\/a><\/p>\n<p style=\"text-align: justify;\">Irk\u00e7\u0131 Alman b\u00fcrokrat\u0131 \u00f6zr\u00fc bile kurtaramad\u0131!<\/p>\n<p style=\"text-align: justify;\">Almanya\u2019da T\u00fcrk g\u00f6\u00e7menlere hakaret eden Merkez Bankas\u0131 y\u00f6neticisi Thilo Sarrazin\u2019e y\u00f6nelik tepkiler art\u0131yor. Merkez Bankas\u0131 Ba\u015fkan\u0131 Weber \u201cKurumumuz zarar g\u00f6rd\u00fc. Hemen telafi edilmeli\u201d diyerek istifa imas\u0131nda bulundu. Banka sendikas\u0131 da \u201cS\u00f6zler kabul edilemez\u201d tepkisini g\u00f6sterdi.Almanya\u2019n\u0131n en \u00fcnl\u00fc ekonomistlerinden, Merkez Bankas\u0131 Y\u00f6netim Kurulu \u00dcyesi ve Berlin eyaletinin eski Maliye Bakan\u0131 olan Thilo Sarrazin\u2019in koltu\u011fu T\u00fcrk ve Arap g\u00f6\u00e7menlere y\u00f6nelik a\u015fa\u011f\u0131lay\u0131c\u0131 s\u00f6zleri y\u00fcz\u00fcnden sallan\u0131yor. <!--more--><\/p>\n<p style=\"text-align: justify;\">Sarrazin, ge\u00e7en hafta \u201cLettre International\u201d adl\u0131 k\u00fclt\u00fcr dergisine verdi\u011fi r\u00f6portajda Berlin\u2019in bir\u00e7ok sorununun k\u00f6keninde g\u00f6\u00e7menlerin oldu\u011funu \u00f6ne s\u00fcrerek, \u015fu ifadeyi kullanm\u0131\u015ft\u0131: \u201cYanl\u0131\u015f politikalardan dolay\u0131 say\u0131lar\u0131 artan bu kentteki T\u00fcrk ve Araplar\u0131n b\u00fcy\u00fck \u00e7o\u011funlu\u011funun manavl\u0131ktan ba\u015fka \u00fcretim i\u015flevi yok. Almanya\u2019daki T\u00fcrk ve Arap g\u00f6\u00e7menler, devletten ge\u00e7inen, bu devlete kar\u015f\u0131 \u00e7\u0131kan, \u00e7ocuklar\u0131n\u0131n meslekleri i\u00e7in yeterince ilgilenmeyen ve s\u00fcrekli ba\u015f\u00f6rt\u00fcl\u00fc yeni k\u00fc\u00e7\u00fck k\u0131zlar \u00fcreten bir grup. Bu tespitim Berlin\u2019deki T\u00fcrklerin y\u00fczde 70\u2019i ve Araplar\u0131n y\u00fczde 90\u2019\u0131 i\u00e7in ge\u00e7erli. Ayr\u0131ca T\u00fcrk gen\u00e7ler k\u00fclt\u00fcrlerinden dolay\u0131 kad\u0131n \u00f6\u011fretmenlerini dinlemiyor. Bu bir skandald\u0131r.<\/p>\n<p style=\"text-align: justify;\">T\u00fcrkler fazla do\u011fum oran\u0131yla Alman n\u00fcfusu ge\u00e7meye \u00e7al\u0131\u015f\u0131yor. E\u011fer Almanlardan IQ olarak y\u00fczde 15 daha zeki olan do\u011fu Avrupal\u0131 Yahudiler olsayd\u0131 bu ho\u015fuma bile giderdi.\u201d<\/p>\n<p style=\"text-align: justify;\">Bu a\u00e7\u0131klamalar T\u00fcrk derneklerini ve Alman bas\u0131n\u0131n\u0131 aya\u011fa kald\u0131r\u0131rken, artan tepkiler \u00fczerine Sarrazin a\u00e7\u0131klamalar\u0131n\u0131n \u201cmaksad\u0131n\u0131 a\u015ft\u0131\u011f\u0131n\u0131\u201d s\u00f6yleyerek \u00f6z\u00fcr diledi. Ancak bu \u00f6z\u00fcr f\u0131rt\u0131nay\u0131 dindirmedi. IMF ve D\u00fcnya Bankas\u0131 toplant\u0131lar\u0131 i\u00e7in \u0130stanbul\u2019da bulunan Almanya Merkez Bankas\u0131 Ba\u015fkan\u0131 Axel Weber de \u00f6nceki g\u00fcn yapt\u0131\u011f\u0131 a\u00e7\u0131klamada, Sarrazin\u2019in a\u00e7\u0131klamalar\u0131ndan duydu\u011fu \u00fcz\u00fcnt\u00fcy\u00fc dile getirerek, dolayl\u0131 olarak Sarrazin\u2019le \u201cyollar\u0131n\u0131 ay\u0131rabilecekleri\u201d mesaj\u0131n\u0131 verdi. Weber, s\u00f6z konusu a\u00e7\u0131klamalar dolay\u0131s\u0131yla \u201cMerkez Bankas\u0131 kurumunun imaj\u0131na, derhal giderilmesi gereken bir zarar verildi\u011fini\u201d s\u00f6yledi. Federal Merkez Bankas\u0131 \u00c7al\u0131\u015fanlar\u0131 Sendikas\u0131 VdB de \u00f6nceki g\u00fcn Sarrazin\u2019in istifas\u0131n\u0131 istedi. Sendikan\u0131n a\u00e7\u0131klamas\u0131nda \u201cSarrazin\u2019in ifadelerinin kabul edilemez oldu\u011fu\u201d belirtildi.<\/p>\n<p style=\"text-align: justify;\"><strong><em>Savc\u0131l\u0131k devrede <\/em><\/strong><\/p>\n<p style=\"text-align: justify;\">Sosyal Demokrat Parti de Sarrazin\u2019in partiden ihra\u00e7 edilmesi i\u00e7in hakk\u0131nda disiplin soru\u015fturulmas\u0131 ba\u015flat\u0131lmas\u0131 talebiyle ba\u015fvuruda bulundu. Sarrazin\u2019in a\u00e7\u0131klamalar\u0131 ayr\u0131ca Berlin Savc\u0131l\u0131\u011f\u0131\u2019n\u0131n da g\u00fcndeminde. Savc\u0131l\u0131k a\u00e7\u0131klamalar\u0131n \u201cifade \u00f6zg\u00fcrl\u00fc\u011f\u00fc\u201d \u00e7er\u00e7evesinde de\u011ferlendirilip de\u011ferlendirilmeyece\u011fi konusunda inceleme ba\u015flatt\u0131. Ancak konuyla ilgili resmi bir soru\u015fturma ba\u015flat\u0131lmad\u0131.<\/p>\n<p style=\"text-align: justify;\"><span style=\"color: #888888;\">Kaynak : Vatan<\/span><\/p>\n","protected":false},"excerpt":{"rendered":"<p style=\"text-align: center;\">\n<p style=\"text-align: justify;\">Irk\u00e7\u0131 Alman b\u00fcrokrat\u0131 \u00f6zr\u00fc bile kurtaramad\u0131!<\/p>\n<p style=\"text-align: justify;\">Almanya\u2019da T\u00fcrk g\u00f6\u00e7menlere hakaret eden Merkez Bankas\u0131 y\u00f6neticisi Thilo Sarrazin\u2019e y\u00f6nelik tepkiler art\u0131yor. Merkez Bankas\u0131 Ba\u015fkan\u0131 Weber \u201cKurumumuz zarar g\u00f6rd\u00fc. Hemen telafi edilmeli\u201d diyerek istifa imas\u0131nda bulundu. Banka sendikas\u0131 da \u201cS\u00f6zler kabul edilemez\u201d tepkisini g\u00f6sterdi.Almanya\u2019n\u0131n en \u00fcnl\u00fc ekonomistlerinden, Merkez Bankas\u0131 Y\u00f6netim Kurulu <\/p>\n","protected":false},"author":1,"featured_media":0,"comment_status":"open","ping_status":"closed","sticky":false,"template":"","format":"standard","meta":{"footnotes":""},"categories":[3],"tags":[],"class_list":["post-15582","post","type-post","status-publish","format-standard","hentry","category-dunya","odd"],"_links":{"self":[{"href":"http:\/\/www.korhanyilmaz.com\/index.php?rest_route=\/wp\/v2\/posts\/15582","targetHints":{"allow":["GET"]}}],"collection":[{"href":"http:\/\/www.korhanyilmaz.com\/index.php?rest_route=\/wp\/v2\/posts"}],"about":[{"href":"http:\/\/www.korhanyilmaz.com\/index.php?rest_route=\/wp\/v2\/types\/post"}],"author":[{"embeddable":true,"href":"http:\/\/www.korhanyilmaz.com\/index.php?rest_route=\/wp\/v2\/users\/1"}],"replies":[{"embeddable":true,"href":"http:\/\/www.korhanyilmaz.com\/index.php?rest_route=%2Fwp%2Fv2%2Fcomments&post=15582"}],"version-history":[{"count":0,"href":"http:\/\/www.korhanyilmaz.com\/index.php?rest_route=\/wp\/v2\/posts\/15582\/revisions"}],"wp:attachment":[{"href":"http:\/\/www.korhanyilmaz.com\/index.php?rest_route=%2Fwp%2Fv2%2Fmedia&parent=15582"}],"wp:term":[{"taxonomy":"category","embeddable":true,"href":"http:\/\/www.korhanyilmaz.com\/index.php?rest_route=%2Fwp%2Fv2%2Fcategories&post=15582"},{"taxonomy":"post_tag","embeddable":true,"href":"http:\/\/www.korhanyilmaz.com\/index.php?rest_route=%2Fwp%2Fv2%2Ftags&post=15582"}],"curies":[{"name":"wp","href":"https:\/\/api.w.org\/{rel}","templated":true}]}}