{"id":15579,"date":"2009-10-05T15:05:46","date_gmt":"2009-10-05T12:05:46","guid":{"rendered":"http:\/\/www.korhanyilmaz.com\/?p=15579"},"modified":"2009-10-05T15:05:46","modified_gmt":"2009-10-05T12:05:46","slug":"hastaneye-ziyaretci-akini","status":"publish","type":"post","link":"http:\/\/www.korhanyilmaz.com\/?p=15579","title":{"rendered":"Hastaneye ziyaret\u00e7i ak\u0131n\u0131"},"content":{"rendered":"<p style=\"text-align: center;\"><a href=\"http:\/\/www.korhanyilmaz.com\/wp-content\/uploads\/2009\/10\/disk.jpg\"  class=\"lightview\"><img loading=\"lazy\" decoding=\"async\" class=\"aligncenter size-full wp-image-15580\" src=\"http:\/\/www.korhanyilmaz.com\/wp-content\/uploads\/2009\/10\/disk.jpg\" alt=\"\" width=\"329\" height=\"210\" \/><\/a><\/p>\n<p><strong><em>\u2018175 bin mark borcu vard\u0131 vermeyince \u00e7ektim, vurdum!\u2019 <\/em><\/strong><\/p>\n<p style=\"text-align: justify;\">\u015ei\u015fli\u2019deki sendika binas\u0131nda silahl\u0131 sald\u0131r\u0131ya u\u011frayan D\u0130SK Genel Ba\u015fkan\u0131 S\u00fcleyman \u00c7elebi, her iki aya\u011f\u0131ndan vurularak yaraland\u0131. Olay s\u0131ras\u0131nda odada olan genel sekreter ve koruma polisi taraf\u0131ndan etkisiz hale getirilen sald\u0131rgan Tun\u00e7bilek, Ba\u015fkan\u2019\u0131 alacak meselesi y\u00fcz\u00fcnden vurdu\u011funu s\u00f6yledi.<\/p>\n<p style=\"text-align: justify;\">D\u0130SK 20 y\u0131l aradan sonra d\u00fcn yine bir silahl\u0131 sald\u0131r\u0131ya sahne oldu. Ancak bu kez sald\u0131rgan, siyasi nedenlerle de\u011fil alacak verecek meselesi y\u00fcz\u00fcnden yapt\u0131\u011f\u0131 s\u00f6yledi. \u0130stanbul \u015ei\u015fli\u2019deki D\u0130SK Genel Merkezi\u2019nde saat 14.45 s\u0131ralar\u0131nda meydana gelen olay g\u00f6rg\u00fc tan\u0131klar\u0131n\u0131n anlatt\u0131klar\u0131na g\u00f6re \u015f\u00f6yle geli\u015fti:<!--more--><\/p>\n<p style=\"text-align: justify;\"><strong><em>\u2018\u00c7ocukluk arkada\u015f\u0131m\u2019 <\/em><\/strong><\/p>\n<p style=\"text-align: justify;\">D\u0130SK Genel Ba\u015fkan\u0131 S\u00fcleyman \u00c7elebi\u2019nin \u00e7ok eskiden mahalle arkada\u015f\u0131 oldu\u011funu s\u00f6yleyen R\u0131za Tun\u00e7bilek (59), \u00c7elebi\u2019yle g\u00f6r\u00fc\u015fmek \u00fczere randevu ald\u0131. D\u00fcn saat 14.00 s\u0131ralar\u0131nda D\u0130SK Genel Merkezi\u2019ne gelen Tun\u00e7bilek, binan\u0131n giri\u015findeki g\u00fcvenlik g\u00f6revlilerine \u00c7elebi\u2019yle randevusu oldu\u011funu belirterek 7\u2019inci kata \u00e7\u0131kt\u0131. Tun\u00e7bilek, k\u0131sa bir s\u00fcre bekledikten sonra D\u0130SK Genel Sekreter Tayfun G\u00f6rg\u00fcn\u2019le birlikte sohbet eden \u00c7elebi\u2019nin odas\u0131na girdi. Bir s\u00fcre sohbet eden Tun\u00e7bilek ile \u00c7elebi aras\u0131nda alacak-verecek meselesinden tart\u0131\u015fma \u00e7\u0131kt\u0131. Tart\u0131\u015fman\u0131n b\u00fcy\u00fcmesi \u00fczerine Tun\u00e7bilek, yan\u0131nda ta\u015f\u0131d\u0131\u011f\u0131 silaha ate\u015f a\u00e7t\u0131.<\/p>\n<p style=\"text-align: justify;\"><strong><em>Etkisiz hale getirildi <\/em><\/strong><\/p>\n<p style=\"text-align: justify;\">Ruhsats\u0131z oldu\u011fu tespit edilen silah\u0131yla \u00c7elebi\u2019ye kur\u015fun ya\u011fd\u0131ran Tun\u00e7bilek, olaya tan\u0131k olan Tayfun G\u00f6rg\u00fcn ve \u00c7elebi\u2019nin polis korumas\u0131 taraf\u0131ndan etkisiz hale getirildi. Silah sesleri \u00fczerine odaya giren Emekli Sen Aksaray \u015eubesi Ba\u015fkan\u0131 Cumali Y\u0131ld\u0131z da Tun\u00e7bilek\u2019e m\u00fcdahale etti. R\u0131za Tun\u00e7bilek, k\u0131sa s\u00fcre sonra olay yerine gelen polislere teslim edildi.<\/p>\n<p style=\"text-align: justify;\"><strong><em>8 kur\u015fun s\u0131kt\u0131, 4\u2019\u00fc isabet etti <\/em><\/strong><\/p>\n<p style=\"text-align: justify;\">Sald\u0131rgan\u0131n 8 el ate\u015f etti\u011fi, bunlardan 4\u2019\u00fcn\u00fcn Ba\u015fkan\u2019a isabet etti\u011fi ortaya \u00e7\u0131kt\u0131. Tun\u00e7bilek\u2019in \u00fczerinde olayda kulland\u0131\u011f\u0131 ruhsats\u0131z tabancan\u0131n yan\u0131 s\u0131ra iki \u015farj\u00f6r dolusu merminin ve 37 adet mermi ele ge\u00e7irildi. Tun\u00e7bilek, olay yerine gelen polis ekipleri taraf\u0131ndan \u00f6nce \u015ei\u015fli Emniyet M\u00fcd\u00fcrl\u00fc\u011f\u00fc\u2019ne ard\u0131ndan sa\u011fl\u0131k kontrol\u00fc i\u00e7in \u015ei\u015fli Etfal Hastanesi\u2019ne daha sonra da \u0130stanbul Asayi\u015f \u015eubesi M\u00fcd\u00fcrl\u00fc\u011f\u00fc\u2019ne g\u00f6t\u00fcr\u00fcld\u00fc.<\/p>\n<p style=\"text-align: justify;\"><strong><em>Ba\u015fkan kanlar i\u00e7inde <\/em><\/strong><\/p>\n<p style=\"text-align: justify;\">Baca\u011f\u0131na isabet eden kur\u015funlarla kanlar i\u00e7inde kalan S\u00fcleyman \u00c7elebi hemen hastaneye kald\u0131r\u0131ld\u0131. Sa\u011f ve sol bacak bald\u0131r\u0131nda 2 kur\u015fun giri\u015f \u00e7\u0131k\u0131\u015f\u0131 oldu\u011fu, sa\u011f ve sol ayak bileklerine 2 adet kur\u015fun \u00e7ekirde\u011fi sapland\u0131\u011f\u0131 belirlenen \u00c7elebi\u2019nin bacaklar\u0131nda k\u0131r\u0131klar da tespit edildi. Olduk\u00e7a fazla kan kaybeden Ba\u015fkan, saat 16.30 s\u0131ralar\u0131nda ameliyata al\u0131nd\u0131.<\/p>\n<p style=\"text-align: justify;\"><strong><em>\u2018Benim paramla ev ald\u0131\u2019 <\/em><\/strong><\/p>\n<p style=\"text-align: justify;\">Tun\u00e7bilek\u2019in polisteki ilk ifadesinde \u00c7elebi ile mahalleden \u00e7ocukluk arkada\u015f\u0131 oldu\u011funu belirterek kendisine 14 y\u0131l \u00f6nce 175 bin mark verdi\u011fini, paras\u0131n\u0131 hala alamay\u0131nca vurdu\u011funu s\u00f6yledi\u011fi \u00f6\u011frenildi. Tun\u00e7bilek\u2019in, \u201cS\u00fcleyman \u00c7elebi\u2019nin defalarca istedim ama param\u0131 alamad\u0131m. \u00c7elebi bu parayla ev ald\u0131\u201d dedi\u011fi de iddia edildi.<\/p>\n<p style=\"text-align: justify;\"><strong><em>\u2018Koruma, silah\u0131n\u0131 ald\u0131\u2019 <\/em><\/strong><\/p>\n<p style=\"text-align: justify;\">Sald\u0131r\u0131 an\u0131nda odada bulunan D\u0130SK Genel Sekreteri Tayfun G\u00f6rg\u00fcn de sald\u0131rgan\u0131n haz\u0131rl\u0131kl\u0131 oldu\u011funu, seri \u015fekilde hareket etti\u011fini belirterek, ya\u015fananlar\u0131 \u015f\u00f6yle anlatt\u0131: \u201cBa\u015fkan\u0131n eski mahallesindenmi\u015f. Randevulu gelmi\u015f. Ba\u015fkan da kendisini tan\u0131yor. Para falan istedi ama ticari bir \u015fey de\u011fil. Ate\u015f etti S\u00fcleyman Bey\u2019e. Haz\u0131rl\u0131kl\u0131 gelmi\u015f. \u00c7ok seri hareket etti. Sonra bana ve korumaya do\u011frulttu silah\u0131. Koruma elini b\u00fckerek ald\u0131 silah\u0131. Randevulu gelmi\u015f. 50-55 ya\u015flar\u0131nda. Ba\u015fkanla ayn\u0131 mahalledenmi\u015f, 1980 \u00f6ncesi tan\u0131\u015f\u0131yorlarm\u0131\u015f. G\u00fcvenlik zafiyeti d\u00fc\u015f\u00fcn\u00fclebilir. Her gelenin \u00fcst\u00fc aranm\u0131yor. Bunu g\u00f6zden ge\u00e7irece\u011fiz.\u201d<\/p>\n<p style=\"text-align: justify;\"><strong><em>\u2018Polisler ge\u00e7 kald\u0131\u2019 iddias\u0131 <\/em><\/strong><\/p>\n<p style=\"text-align: justify;\">D\u0130SK Bas\u0131n ve Halkla \u0130li\u015fkiler M\u00fcd\u00fcr\u00fc Fahrettin Erdo\u011fan ise olaydan sonra polislerin ge\u00e7 kald\u0131\u011f\u0131n\u0131 \u00f6ne s\u00fcrd\u00fc. \u00c7elebi\u2019nin iki kez kalp ameliyat\u0131 ge\u00e7irdi\u011fi i\u00e7in endi\u015feli oldu\u011funu belirten Erdo\u011fan, \u201c5-6 el silah sesi duydum, onun \u00f6ncesinde herhangi bir ba\u011fr\u0131\u015fma kavga veya buna benzer bir \u015fey duymad\u0131m. Silah sesleri \u00fczerine odaya girdim. Onun \u00f6ncesinde herhangi bir ba\u011fr\u0131\u015fma kavga veya buna benzer bir \u015fey duymad\u0131m. \u0130\u00e7eri girdi\u011fimde ba\u015fkan\u0131n korumas\u0131 sald\u0131rgan\u0131n \u00fczerindeydi. Silah da sald\u0131rgan\u0131n elindeydi\u201d dedi.<\/p>\n<p style=\"text-align: justify;\"><strong><em>Dev-Yol davas\u0131nda birlikte yarg\u0131lanm\u0131\u015flar <\/em><\/strong><\/p>\n<p style=\"text-align: justify;\">Ba\u015fkan \u00c7elebi\u2019ye sald\u0131ran R\u0131za Tun\u00e7bilekin, \u201cuyu\u015fturucu bulundurmak\u201d su\u00e7undan poliste kayd\u0131n\u0131n bulundu\u011fu ve 1980 d\u00f6neminde arkada\u015f\u0131 oldu\u011funu s\u00f6yledi\u011fi \u00c7elebi\u2019yle birlikte Dev-yol davas\u0131ndan 8 ay tutuklu yarg\u0131land\u0131\u011f\u0131 \u00f6\u011frenildi. S\u00fcleyman \u00c7elebi, D\u0130SK \u00d6rg\u00fctlenme Daire Ba\u015fkanl\u0131\u011f\u0131\u2019na se\u00e7ilmi\u015f, 12 Eyl\u00fcl sonras\u0131nda Dev-Yol davas\u0131nda yarg\u0131lanarak 4 y\u0131l cezaevinde yatm\u0131\u015ft\u0131.<\/p>\n<p style=\"text-align: justify;\"><strong><em>D\u0130SK\u2019in kurucusu da sald\u0131r\u0131da \u00f6ld\u00fcr\u00fclm\u00fc\u015ft\u00fc <\/em><\/strong><\/p>\n<p style=\"text-align: justify;\">D\u0130SK Genel Ba\u015fkan\u0131 S\u00fcleyman \u00c7elebi\u2019ye yap\u0131lan sald\u0131r\u0131, D\u0130SK\u2019in kurucusu ve ilk genel ba\u015fkan\u0131 Kemal T\u00fcrkler\u2019in 22 Temmuz 1980\u2019de \u0130stanbul\u2019da \u00f6ld\u00fcr\u00fcld\u00fc\u011f\u00fc sald\u0131r\u0131y\u0131 hat\u0131rlatt\u0131. T\u00fcrkler, 22 Temmuz 1980 sabah\u0131 Merter\u2019de evinin \u00f6n\u00fcnde sendikaya gitmek \u00fczere arabas\u0131na binerken d\u00fczenlenen bir sald\u0131r\u0131 sonucu \u00f6ld\u00fcr\u00fcld\u00fc. Y\u00fczbinlerce i\u015f\u00e7i, Edirne\u2019den Van\u2019a kadar \u00fcretimi b\u0131rakarak sayg\u0131 duru\u015funda bulunmu\u015ftu. Suikast\u0131n ard\u0131ndan Ankara S\u0131k\u0131y\u00f6netim Mahkemesi aralar\u0131nda Alpaslan T\u00fcrke\u015f\u2019in de bulundu\u011fu 5 ki\u015fi hakk\u0131nda \u2019azmettirici\u2019su\u00e7lamalar\u0131na dava a\u00e7\u0131ld\u0131. Ancak defalarca beraat karar\u0131 \u00e7\u0131kan ve defalarca bozulan T\u00fcrkler\u2019in davas\u0131 hala bir sonuca ba\u011flanmad\u0131. 30 y\u0131ll\u0131k zaman a\u015f\u0131m\u0131 s\u00fcresi 22 Temmuz 2010\u2019da sona erecek. Dava bu s\u00fcre i\u00e7inde bir karara ba\u011flanmazsa zaman a\u015f\u0131m\u0131ndan dolay\u0131 d\u00fc\u015fecek.<\/p>\n<p style=\"text-align: justify;\"><em><strong>\u2018Polis olay yerine zaman\u0131nda geldi\u2019 <\/strong><\/em><\/p>\n<p style=\"text-align: justify;\">Sald\u0131r\u0131n\u0131n\u00a0 hemen ard\u0131ndan polisin aranmas\u0131na ra\u011fmen olay yerine ge\u00e7 geldi\u011fi iddialar\u0131na \u0130stanbul Emniyet M\u00fcd\u00fcr\u00fc H\u00fcseyin \u00c7apk\u0131n cevap verdi. \u0130stanbul Valisi Muammer G\u00fcler ile birlikte \u00c7elebi\u2019nin tedavi alt\u0131na al\u0131nd\u0131\u011f\u0131 \u00c7a\u011flayan\u2019daki Florence Nightingale Hastanesi\u2019ne gelen \u00c7apk\u0131n, \u201cNas\u0131l b\u00f6yle bir \u015fey olur? Zaten yan\u0131nda kendisini s\u00fcrekli koruyan bir koruma polisi var. Sald\u0131rgan\u0131 da bu koruma polisi etkisiz hale getirmi\u015ftir\u201d yan\u0131t\u0131n\u0131 verdi. G\u00fcler de, zanl\u0131n\u0131n ruhsats\u0131z silah\u0131yla, iki \u015farj\u00f6r ve yan\u0131nda 37 mermiyle randevuya geldi\u011fini s\u00f6yledi ve, \u201cKendisinin sa\u011fl\u0131k durumu iyi. Daha sonra ifadesi al\u0131nacak. Zanl\u0131n\u0131n da ifadesi al\u0131nacak olay\u0131n neden oldu\u011fu ortaya \u00e7\u0131kacak\u201d dedi.<\/p>\n<p style=\"text-align: justify;\"><strong><em>Hastaneye ziyaret\u00e7i ak\u0131n\u0131 <\/em><\/strong><\/p>\n<p style=\"text-align: justify;\">Olay\u0131n duyulmas\u0131 \u00fczerine \u00c7elebi\u2019nin tedavi alt\u0131na al\u0131nd\u0131\u011f\u0131 hastane ziyaret\u00e7i ak\u0131n\u0131na u\u011frad\u0131. Devlet Bakan\u0131 Zafer \u00c7a\u011flayan, CHP\u2019den \u0130stanbul \u0130l Ba\u015fkan\u0131 G\u00fcrsel Tekin, Mehmet Sevigen, Hak- \u0130\u015f Genel Ba\u015fkan\u0131 Salim Uslu, KESK Genel Ba\u015fkan\u0131 Sami Evren, \u0130stanbul Valisi Muammer G\u00fcler, \u0130stanbul Emniyet M\u00fcd\u00fcr\u00fc H\u00fcseyin \u00c7apk\u0131n, Mustafa Sar\u0131g\u00fcl, Kad\u0131k\u00f6y Belediye Ba\u015fkan\u0131 Selami \u00d6zt\u00fcrk\u2019\u00fcn de aralar\u0131nda bulundu\u011fu \u00e7ok say\u0131da ziyaret\u00e7i hastaneye gelerek ge\u00e7mi\u015f olsun dileklerini iletti, \u00c7elebi\u2019nin sa\u011fl\u0131k durumuyla ilgili bilgi ald\u0131.<\/p>\n<p style=\"text-align: justify;\"><strong><em>D\u0130SK: Nedeni bilmiyoruz <\/em><\/strong><\/p>\n<p style=\"text-align: justify;\">D\u0130SK\u2019TEN yap\u0131lan yaz\u0131l\u0131 a\u00e7\u0131klamada sald\u0131r\u0131n\u0131n nedeninin bilinmedi\u011fi belirtilerek, \u015f\u00f6yle denildi: \u201cGenel Ba\u015fkan\u0131m\u0131z S\u00fcleyman \u00c7elebi\u2019ye 14.30\u2019-da, silahl\u0131 bir sald\u0131r\u0131 yap\u0131ld\u0131. \u015eahs\u0131n kim oldu\u011funu ve sald\u0131r\u0131n\u0131n nedenini bilmiyoruz. Sald\u0131rgan meczup mudur, bir kiral\u0131k katil midir, ya da olay tertip midir, bilemiyoruz. \u00dclkemizin hassas bir d\u00f6nemden ge\u00e7ti\u011fi bu g\u00fcnlerde herkes \u00e7ok dikkatli olmal\u0131d\u0131r. Kamuoyunun sa\u011fl\u0131kl\u0131 bilgi alabilmesi i\u00e7in herkesi \u00f6zenli davranmaya davet ediyoruz. B\u00fct\u00fcn D\u0130SK ailesine ge\u00e7mi\u015f olsun diyoruz.\u201d<\/p>\n<p style=\"text-align: justify;\"><span style=\"color: #888888;\">Kaynak : Vatan<\/span><\/p>\n<p style=\"text-align: justify;\">\n","protected":false},"excerpt":{"rendered":"<p style=\"text-align: center;\">\n<p>\u2018175 bin mark borcu vard\u0131 vermeyince \u00e7ektim, vurdum!\u2019 <\/p>\n<p style=\"text-align: justify;\">\u015ei\u015fli\u2019deki sendika binas\u0131nda silahl\u0131 sald\u0131r\u0131ya u\u011frayan D\u0130SK Genel Ba\u015fkan\u0131 S\u00fcleyman \u00c7elebi, her iki aya\u011f\u0131ndan vurularak yaraland\u0131. Olay s\u0131ras\u0131nda odada olan genel sekreter ve koruma polisi taraf\u0131ndan etkisiz hale getirilen sald\u0131rgan Tun\u00e7bilek, Ba\u015fkan\u2019\u0131 alacak meselesi y\u00fcz\u00fcnden vurdu\u011funu s\u00f6yledi.<\/p>\n<p style=\"text-align: justify;\">D\u0130SK 20 <\/p>\n","protected":false},"author":1,"featured_media":0,"comment_status":"open","ping_status":"closed","sticky":false,"template":"","format":"standard","meta":{"footnotes":""},"categories":[105],"tags":[],"class_list":["post-15579","post","type-post","status-publish","format-standard","hentry","category-gundem","odd"],"_links":{"self":[{"href":"http:\/\/www.korhanyilmaz.com\/index.php?rest_route=\/wp\/v2\/posts\/15579","targetHints":{"allow":["GET"]}}],"collection":[{"href":"http:\/\/www.korhanyilmaz.com\/index.php?rest_route=\/wp\/v2\/posts"}],"about":[{"href":"http:\/\/www.korhanyilmaz.com\/index.php?rest_route=\/wp\/v2\/types\/post"}],"author":[{"embeddable":true,"href":"http:\/\/www.korhanyilmaz.com\/index.php?rest_route=\/wp\/v2\/users\/1"}],"replies":[{"embeddable":true,"href":"http:\/\/www.korhanyilmaz.com\/index.php?rest_route=%2Fwp%2Fv2%2Fcomments&post=15579"}],"version-history":[{"count":0,"href":"http:\/\/www.korhanyilmaz.com\/index.php?rest_route=\/wp\/v2\/posts\/15579\/revisions"}],"wp:attachment":[{"href":"http:\/\/www.korhanyilmaz.com\/index.php?rest_route=%2Fwp%2Fv2%2Fmedia&parent=15579"}],"wp:term":[{"taxonomy":"category","embeddable":true,"href":"http:\/\/www.korhanyilmaz.com\/index.php?rest_route=%2Fwp%2Fv2%2Fcategories&post=15579"},{"taxonomy":"post_tag","embeddable":true,"href":"http:\/\/www.korhanyilmaz.com\/index.php?rest_route=%2Fwp%2Fv2%2Ftags&post=15579"}],"curies":[{"name":"wp","href":"https:\/\/api.w.org\/{rel}","templated":true}]}}