{"id":15575,"date":"2009-10-04T22:01:47","date_gmt":"2009-10-04T20:01:47","guid":{"rendered":"http:\/\/www.korhanyilmaz.com\/?p=15575"},"modified":"2025-12-30T08:51:22","modified_gmt":"2025-12-30T05:51:22","slug":"ahmet-turk-yeniden-dtpde-genel-baskan","status":"publish","type":"post","link":"http:\/\/www.korhanyilmaz.com\/?p=15575","title":{"rendered":"Ahmet T\u00fcrk yeniden DTP&#039;de genel ba\u015fkan"},"content":{"rendered":"<p style=\"text-align: center;\">\n<p><a href=\"http:\/\/www.korhanyilmaz.com\/wp-content\/uploads\/2009\/10\/527d48a9992df10db8e97bbd.jpg\"  class=\"lightview\"><img loading=\"lazy\" decoding=\"async\" class=\"aligncenter size-full wp-image-1790691\" src=\"http:\/\/www.korhanyilmaz.com\/wp-content\/uploads\/2009\/10\/527d48a9992df10db8e97bbd.jpg\" alt=\"\" width=\"384\" height=\"295\" \/><\/a><\/p>\n<p style=\"text-align: justify;\">DTP&#8217;nin 3. Ola\u011fan\u00fcst\u00fc B\u00fcy\u00fck Kongresinde tek aday olan Ahmet T\u00fcrk, 651 oyla yeniden genel ba\u015fkan se\u00e7ildi.<\/p>\n<p style=\"text-align: justify;\">DTP Genel Ba\u015fkanl\u0131\u011f\u0131&#8217;na Mardin Milletvekili Ahmet T\u00fcrk yeniden se\u00e7ildi.<\/p>\n<p style=\"text-align: justify;\">DTP&#8217;nin Selim S\u0131rr\u0131 Tarcan Spor Salonu&#8217;nda yap\u0131lan 3. Ola\u011fan\u00fcst\u00fc B\u00fcy\u00fck Kongresi&#8217;nde 654 delege oy kullan\u0131rken 3 oy ge\u00e7ersiz say\u0131ld\u0131.<\/p>\n<p style=\"text-align: justify;\">Ge\u00e7erli 651 oyun tamam\u0131n\u0131 alan T\u00fcrk, yeniden genel ba\u015fkanl\u0131\u011fa getirildi.<\/p>\n<p style=\"text-align: justify;\">T\u00fcrk, sonucun a\u00e7\u0131klanmas\u0131n\u0131n ard\u0131ndan yapt\u0131\u011f\u0131 konu\u015fmada, kendisine g\u00fcvenen halka ve delegasyona te\u015fekk\u00fcr etti. <!--more--><\/p>\n<p style=\"text-align: justify;\">T\u00fcrkiye&#8217;nin sanc\u0131l\u0131, ancak &#8220;Demokratik A\u00e7\u0131l\u0131m&#8221;\u0131n da s\u00f6z konusu oldu\u011fu \u00f6nemli bir s\u00fcre\u00e7ten ge\u00e7ti\u011fini belirten Ahmet T\u00fcrk, &#8220;Bize d\u00fc\u015fen sorumlulu\u011fu yerine getirmeye haz\u0131r\u0131z. Bu topraklarda bin y\u0131ll\u0131k birlikteli\u011fi ger\u00e7ekle\u015ftiren K\u00fcrt ve T\u00fcrk halk\u0131 daha g\u00fczel bir gelece\u011fi hak etmi\u015ftir&#8221; dedi.<\/p>\n<p style=\"text-align: justify;\">Bar\u0131\u015f ve karde\u015flik i\u00e7in geli\u015fim ve d\u00f6n\u00fc\u015f\u00fcmden yana olmas\u0131n\u0131n gerekti\u011fini ifade eden DTP Genel Ba\u015fkan\u0131 T\u00fcrk, &#8220;\u0130nan\u0131yoruz ki halk\u0131m\u0131z\u0131n m\u00fccadelesini daha g\u00fc\u00e7l\u00fc bir noktaya ta\u015f\u0131mak i\u00e7in, daha g\u00fczel bir gelecek i\u00e7in ve T\u00fcrkiye&#8217;de ezilen halklar\u0131n terc\u00fcman\u0131 olmak i\u00e7in partimizin t\u00fcm organlar\u0131yla yeni bir s\u00fcreci ba\u015flataca\u011f\u0131z&#8221; diye konu\u015ftu.<\/p>\n<p style=\"text-align: justify;\">Kongrede Parti Meclisi ve Merkez Disiplin Kurulu \u00fcyeliklerine se\u00e7im yap\u0131ld\u0131. Selim S\u0131rr\u0131 Tarcan Spor Salonundaki kongrede, 90 ki\u015filik Parti Meclisi ile 11 ki\u015filik Merkez Disiplin Kurulu \u00fcyeleri de belirlendi.<\/p>\n<p style=\"text-align: justify;\">Parti Meclisi&#8217;nin cezaevinde bulunan as\u0131l listede 5, yedeklerde 11 olmak \u00fczere toplam 16 \u00fcyesi de avukatlar\u0131 arac\u0131l\u0131\u011f\u0131yla yapt\u0131klar\u0131 ba\u015fvuru sonras\u0131nda yeniden Parti Meclisi&#8217;ne se\u00e7ildiler. Se\u00e7imlerin ard\u0131ndan, kongre \u00e7al\u0131\u015fmalar\u0131n\u0131 tamamlad\u0131.<\/p>\n<p style=\"text-align: justify;\"><strong><em>AHMET T\u00dcRK&#8217;TEN MESAJLAR <\/em><\/strong><\/p>\n<p style=\"text-align: justify;\">Ahmet T\u00fcrk, partisinin Selim S\u0131rr\u0131 Tarcan Spor Salonu&#8217;nda yap\u0131lan 3. Ola\u011fan\u00fcst\u00fc B\u00fcy\u00fck Kongresi&#8217;nde yapt\u0131\u011f\u0131 konu\u015fmada, DTP&#8217;nin kuruldu\u011fu g\u00fcnden bu yana demokrasi, bar\u0131\u015f ve \u00f6zg\u00fcrl\u00fck i\u00e7in m\u00fccadele etti\u011fini ve bunun i\u00e7in \u00e7ok bedeller \u00f6dedi\u011fini s\u00f6yledi.<\/p>\n<p style=\"text-align: justify;\">Herkesin DTP&#8217;nin siyasette varl\u0131\u011f\u0131n\u0131n \u00f6nemli oldu\u011funu s\u00f6yledi\u011fini, ancak \u00f6b\u00fcr yandan da bask\u0131larla \u00f6n\u00fcn\u00fc kesmeye \u00e7al\u0131\u015ft\u0131\u011f\u0131n\u0131 ileri s\u00fcren T\u00fcrk, bunun kabul edilemez bir tablo oldu\u011funu ifade etti.<\/p>\n<p style=\"text-align: justify;\"><strong><em>DTP&#8217;ye y\u00f6nelik tavr\u0131 ele\u015ftirdi<\/em><\/strong><\/p>\n<p style=\"text-align: justify;\">Son d\u00f6nemde DTP&#8217;ye y\u00f6nelik tavr\u0131 da ele\u015ftiren T\u00fcrk, 14 Nisan&#8217;dan bu yana \u00e7ok say\u0131da parti y\u00f6neticisinin tutukland\u0131\u011f\u0131n\u0131 ifade etti.<\/p>\n<p style=\"text-align: justify;\">T\u00fcrk, &#8220;Halk\u0131m\u0131z\u0131n ve demokratik kamuoyunun K\u00fcrt sorununun bar\u0131\u015f\u00e7\u0131l \u00e7\u00f6z\u00fcm\u00fc ve akan kan\u0131n durmas\u0131 noktas\u0131nda partimizden beklentisi b\u00fcy\u00fckt\u00fcr. Bu durum son kamuoyu yoklamalar\u0131nda da bariz bir \u015fekilde ortaya \u00e7\u0131km\u0131\u015ft\u0131r. T\u00fcrkiye kamuoyunun partimize y\u00f6nelik giderek y\u00fckselen g\u00fcveni ve inanc\u0131, DTP&#8217;nin sorumlulu\u011funu daha da art\u0131rmaktad\u0131r&#8221; dedi.<\/p>\n<p style=\"text-align: justify;\">&#8220;Herkes \u015fundan emin olmal\u0131 ki DTP \u00e7\u00f6z\u00fcm \u0131srar\u0131ndan, bar\u0131\u015fa olan inanc\u0131 ve kararl\u0131l\u0131\u011f\u0131ndan asla vazge\u00e7meyecektir&#8221; diyen T\u00fcrk, &#8220;S\u00fcrecin bar\u0131\u015f\u00e7\u0131l bir noktaya evrilebilmesi i\u00e7in yo\u011fun bir m\u00fccadele i\u00e7erisinde olaca\u011f\u0131z. Bu m\u00fccadelede rotam\u0131z bar\u0131\u015f, k\u0131lavuzumuz demokratik siyaset olacakt\u0131r&#8221; diye konu\u015ftu.<\/p>\n<p style=\"text-align: justify;\">K\u00fcrtlerin, T\u00fcrkiye&#8217;nin \u00f6nemli bir demokrasi g\u00fcc\u00fc ve dinami\u011fi oldu\u011funu belirten T\u00fcrk, &#8220;\u015eu iyi g\u00f6r\u00fclmelidir ki; K\u00fcrtlerin y\u00fcr\u00fctt\u00fc\u011f\u00fc toplumsal demokratik muhalefet, \u00fclkemizi ka\u00e7\u0131n\u0131lmaz olan bir de\u011fi\u015fim ve d\u00f6n\u00fc\u015f\u00fcm s\u00fcrecine ta\u015f\u0131m\u0131\u015ft\u0131r. E\u011fer K\u00fcrt sorunu \u00e7\u00f6z\u00fcl\u00fcrse, bu, T\u00fcrkiye&#8217;nin demokratikle\u015fme, adalet-e\u015fitlik, sosyal refah ve kalk\u0131nma alanlar\u0131nda kar\u015f\u0131la\u015ft\u0131\u011f\u0131 sorunlar\u0131n da \u00e7\u00f6z\u00fcm\u00fcn\u00fc h\u0131zland\u0131racakt\u0131r&#8221; diye konu\u015ftu.<\/p>\n<p style=\"text-align: justify;\">Taleplerinin, bir halk\u0131n demokratik uygarl\u0131k \u00e7a\u011f\u0131nda kar\u015f\u0131lanmas\u0131 gereken en insani istemler oldu\u011funu savunan T\u00fcrk, &#8220;Bu taleplerin kar\u015f\u0131lanmas\u0131 T\u00fcrkiye&#8217;nin demokratik \u00fcniter yap\u0131s\u0131n\u0131 ve \u00e7o\u011fulcu dokusunu g\u00fc\u00e7lendirecektir. Evet, K\u00fcrtler demokratik haklar\u0131na kavu\u015ftuk\u00e7a T\u00fcrkiye d\u00f6n\u00fc\u015fecek, T\u00fcrkiye d\u00f6n\u00fc\u015ft\u00fck\u00e7e de demokratik ilerleme derinle\u015fecek ve h\u0131z kazanacakt\u0131r. Bu nedenle diyoruz ki demokratik siyaset kanallar\u0131n\u0131 K\u00fcrtlere kapatmay\u0131n. DTP \u00fczerindeki bask\u0131lara son verin, tutuklu arkada\u015flar\u0131m\u0131z\u0131 biran \u00f6nce serbest b\u0131rak\u0131n&#8221; dedi.<\/p>\n<p style=\"text-align: justify;\"><strong><em>&#8220;E\u015fitlik\u00e7i \u00e7\u00f6z\u00fcm&#8221; <\/em><\/strong><\/p>\n<p style=\"text-align: justify;\">Ahmet T\u00fcrk, &#8220;K\u00fcrt sorunun, demokratik ve sa\u011flam temellere oturan adil ve e\u015fitlik\u00e7i bir \u00e7\u00f6z\u00fcme kavu\u015fturulmas\u0131n\u0131n, T\u00fcrkiye&#8217;nin demokratik de\u011fi\u015fim ve d\u00f6n\u00fc\u015f\u00fcm\u00fcn\u00fcn \u00f6n\u00fcn\u00fcn a\u00e7\u0131lmas\u0131 i\u00e7in acil ihtiya\u00e7 oldu\u011funu&#8221; ileri s\u00fcrd\u00fc.<\/p>\n<p style=\"text-align: justify;\">T\u00fcrkiye&#8217;nin demokratikle\u015fmede ilerleyememesinin temel nedeninin &#8220;K\u00fcrt sorunu&#8221; oldu\u011funu iddia eden T\u00fcrk, &#8220;\u0130\u015fsizlikten yoksullu\u011fa, yolsuzluktan ekonomik krize, sosyal patlamalardan toplumsal cinnetlere var\u0131ncaya kadar ya\u015fanan i\u00e7-siyasi-toplumsal gerilimlerin kayna\u011f\u0131nda K\u00fcrt sorununun yans\u0131malar\u0131 olan politikalar yatmaktad\u0131r. E\u011fer bug\u00fcn \u00e7eteler T\u00fcrkiye&#8217;yi esir alm\u0131\u015f, Ergenekonlar devleti ele ge\u00e7irmeyi hedefleyen bir g\u00fcce eri\u015fmi\u015fse, bunun alt\u0131nda yatan K\u00fcrt sorununun \u00e7\u00f6z\u00fcms\u00fczl\u00fc\u011f\u00fcd\u00fcr&#8221; diye konu\u015ftu.<\/p>\n<p style=\"text-align: justify;\">&#8220;T\u00fcrkiye&#8217;nin, k\u00fcresel d\u00fcnyan\u0131n bir par\u00e7as\u0131 olmak istiyorsa kendisini \u00e7a\u011fda\u015f demokratik de\u011ferlere g\u00f6re yeniden dizayn etmek zorunda oldu\u011funu&#8221; ifade eden T\u00fcrk, &#8220;G\u00fcn\u00fcm\u00fcz d\u00fcnyas\u0131nda ihtilaflar\u0131n yegane \u00e7\u00f6z\u00fcm\u00fc bar\u0131\u015f ve diyalogdur. Sava\u015f ve \u00e7at\u0131\u015fmalar d\u00f6nemi kapanmak zorundad\u0131r. K\u00fcresel oyun planlar\u0131n\u0131n i\u00e7inde bir akt\u00f6r olarak yer almak amac\u0131yla Ortado\u011fu&#8217;da bar\u0131\u015f\u00e7\u0131l bir rol oynamaya \u00e7al\u0131\u015fan T\u00fcrkiye&#8217;nin, kendi i\u00e7 sorunlar\u0131n\u0131 geleneksel \u00e7at\u0131\u015fmac\u0131 \u00e7izgiyle a\u015fabilmesi olanakl\u0131 de\u011fildir&#8221; dedi.<\/p>\n<p style=\"text-align: justify;\"><strong><em>&#8220;Sorunun \u00f6z\u00fc&#8230;&#8221; <\/em><\/strong><\/p>\n<p style=\"text-align: justify;\">&#8220;K\u00fcrtler, Cumhuriyet&#8217;in e\u015fit \u00f6zg\u00fcr yurtta\u015flar\u0131 olarak karde\u015f\u00e7e bir arada ya\u015fama arzusu, inanc\u0131 ve kararl\u0131l\u0131\u011f\u0131 i\u00e7erisindedir. Bunun iyi g\u00f6r\u00fclmesi gerekir&#8221; diyen Ahmet T\u00fcrk, ba\u015flayacak bir \u00e7\u00f6z\u00fcm s\u00fcrecini sonuca do\u011fru h\u0131zl\u0131 ad\u0131mlarla ilerletecek bir di\u011fer \u00f6nemli noktan\u0131n da iki halk\u0131n Kurtulu\u015f Sava\u015f\u0131&#8217;na uzanan tarihsel birlikteli\u011fi oldu\u011funu anlatt\u0131.<\/p>\n<p style=\"text-align: justify;\">T\u00fcrk, &#8220;\u015eimdi bu birlikteli\u011fin e\u015fit \u00f6zg\u00fcr yurtta\u015fl\u0131k temelinde yeni bir a\u015famaya do\u011fru ilerletilmesi gerekmektedir. Cumhuriyet, 86 y\u0131ll\u0131k bir gecikmeyle de olsa, demokratik bir \u00fclke olma rotas\u0131na girmenin sanc\u0131lar\u0131n\u0131 ya\u015f\u0131yor. 1924 Anayasas\u0131yla ba\u015flayan ret ve inkar politikas\u0131n\u0131n sonuna do\u011fru geliniyor. Bug\u00fcn K\u00fcrt sorununun \u00e7\u00f6z\u00fcm\u00fcne kar\u015f\u0131 direnenler, &#8216;\u00fclke par\u00e7alan\u0131yor&#8217; diyenler, asl\u0131nda \u00fclkenin de\u011fil, kendi iktidarlar\u0131n\u0131n par\u00e7alanaca\u011f\u0131ndan korkan bir az\u0131nl\u0131kt\u0131r. Bunu, t\u00fcm yurtta\u015flar\u0131m\u0131z\u0131n \u00e7ok iyi g\u00f6rmesi gerekir&#8221; dedi.<\/p>\n<p style=\"text-align: justify;\">DTP&#8217;li T\u00fcrk, &#8220;Burada \u015funu kal\u0131n \u00e7izgilerle bir kez daha vurgulamak istiyorum; K\u00fcrtlerin dilsel, kimliksel, k\u00fclt\u00fcrel hak talepleri \u00fcniter yap\u0131y\u0131 daraltmaz, s\u0131n\u0131rland\u0131rmaz. T\u00fcrk yurtta\u015flar\u0131m\u0131z\u0131n temel hak ve \u00f6zg\u00fcrl\u00fcklerini k\u0131s\u0131tlamaz, eksiltmez. Burada bir halk\u0131n haklar\u0131ndan kesilip, bir di\u011fer halka verilmesi s\u00f6z konusu de\u011fil. Kimse b\u00f6yle bir kayg\u0131ya kap\u0131lmamal\u0131d\u0131r. Sorunun \u00f6z\u00fc, halklar\u0131n hak ve \u00f6zg\u00fcrl\u00fckler ba\u011flam\u0131nda e\u015fit stat\u00fcye sahip olmamas\u0131d\u0131r. K\u00fcrtlerin, Cumhuriyet ve bayrakla bir ihtilaf\u0131 yoktur. Tepkimiz, farkl\u0131 kimlik ve k\u00fclt\u00fcrleri tektip-le\u015ftirmeye \u00e7al\u0131\u015fan sisteme ve anlay\u0131\u015flarad\u0131r. Bu nedenle, &#8216;T\u00fcrkiye tek\u00e7ili\u011fi esas alan kat\u0131 ulusal yap\u0131dan \u00e7o\u011fulculu\u011fa dayal\u0131 demokratik \u00fcniter bir devlete-\u00fclkeye d\u00f6n\u00fc\u015fmelidir&#8217; diyoruz&#8221; diye konu\u015ftu.<\/p>\n<p style=\"text-align: justify;\"><strong><em>&#8220;\u00c7\u00f6z\u00fcm risk almay\u0131 gerektirir&#8221; <\/em><\/strong><\/p>\n<p style=\"text-align: justify;\">DTP&#8217;li T\u00fcrk, &#8220;Elbette, K\u00fcrt sorununun \u00e7\u00f6z\u00fcm\u00fc risk almay\u0131, kararl\u0131 durmay\u0131 ve cesur olmay\u0131 gerektirir. Risk almayan bu sorunu \u00e7\u00f6zemez. H\u00fck\u00fcmetin, ba\u015flang\u0131\u00e7ta bir siyasi irade ortaya koyarak ba\u015flatt\u0131\u011f\u0131 giri\u015fimi \u00f6nemsedik, umutland\u0131k. K\u00fcrt sorununun \u00e7\u00f6z\u00fcm\u00fc konusunda, ger\u00e7ekten samimi ad\u0131mlara d\u00f6n\u00fc\u015f\u00fcrse, bunu sonuna kadar destekleyece\u011fimizi ifade ettik. DTP&#8217;nin durdu\u011fu nokta \u00e7ok a\u00e7\u0131kt\u0131r. Biz misyonumuzun bir gere\u011fi olarak ba\u015f\u0131ndan bu yana \u00e7\u00f6z\u00fcm\u00fc savunuyoruz, \u00e7\u00f6z\u00fcm i\u00e7in m\u00fccadele ediyoruz. En k\u00fc\u00e7\u00fck bir ad\u0131m\u0131 dahi \u00f6nemser ve de\u011ferlendiririz. Bundan kimsenin \u015f\u00fcphesi olmas\u0131n&#8221; dedi.<\/p>\n<p style=\"text-align: justify;\">Gelinen nokta itibariyle h\u00fck\u00fcmetin tutumunun i\u00e7 a\u00e7\u0131c\u0131 olmad\u0131\u011f\u0131n\u0131 ve toplumda kayg\u0131lar uyand\u0131rd\u0131\u011f\u0131n\u0131 iddia eden T\u00fcrk, &#8220;(Risk ald\u0131\u011f\u0131n\u0131) ifade eden Say\u0131n Ba\u015fbakan&#8217;dan, &#8216;risksiz&#8217; alanlara kaymamas\u0131n\u0131, cesur ve kararl\u0131 olmas\u0131n\u0131 bekliyoruz. T\u00fcrkiye&#8217;de bir a\u00e7\u0131l\u0131m\u0131n olabilmesi i\u00e7in, \u00f6ncelikli olarak y\u00fcr\u00fcrl\u00fckteki darbe Anayasas\u0131n\u0131n de\u011fi\u015ftirilmesi gerekiyor. \u00d6zellikle de K\u00fcrt sorunu gibi k\u00f6kl\u00fc bir sorun \u00e7\u00f6z\u00fclmek isteniyorsa, \u00f6nce buradan ba\u015flanmas\u0131 gerekiyor&#8221; diye konu\u015ftu.<\/p>\n<p style=\"text-align: justify;\"><strong><em>\u00d6calan i\u00e7in &#8220;Say\u0131n&#8221; dedi <\/em><\/strong><\/p>\n<p style=\"text-align: justify;\">Bir di\u011fer kayg\u0131 verici noktan\u0131n da &#8220;K\u00fcrt sorununu, K\u00fcrtlerin iradesini, siyasal temsilcilerini muhatap almadan \u00e7\u00f6zme aray\u0131\u015f ve hesaplar\u0131&#8221; oldu\u011funu iddia eden T\u00fcrk, ter\u00f6r \u00f6rg\u00fct\u00fc eleba\u015f\u0131 i\u00e7in &#8220;Say\u0131n&#8221; ifadesini kulland\u0131.<\/p>\n<p style=\"text-align: justify;\">DTP Genel Ba\u015fkan\u0131 T\u00fcrk, &#8220;\u00c7\u00f6z\u00fcm denkleminde \u00f6nemli bir yeri bulunan K\u00fcrt dinami\u011fi bu s\u00fcrecin d\u0131\u015f\u0131nda tutulmaya \u00e7al\u0131\u015f\u0131yor. Say\u0131n \u00d6calan aylard\u0131r &#8216;Akan kan\u0131 durdurmak istiyorum. \u00d6n\u00fcm\u00fc a\u00e7\u0131n&#8217; diyor. K\u00fcrt sorununun gelmi\u015f oldu\u011fu boyutlar d\u00fc\u015f\u00fcn\u00fcld\u00fc\u011f\u00fcnde ve sorunun ne kadar karma\u015f\u0131k bir hal ald\u0131\u011f\u0131 dikkate al\u0131nd\u0131\u011f\u0131nda, Say\u0131n \u00d6calan&#8217;\u0131n sorunun \u00e7\u00f6z\u00fcm\u00fc konusunda ne derecede etkili oldu\u011fu ortaya \u00e7\u0131kmaktad\u0131r. T\u00fcm kamuoyunun bildi\u011fi \u00fczere, sorunun \u00e7\u00f6z\u00fcm\u00fc i\u00e7in bir yol haritas\u0131 haz\u0131rlay\u0131p 20 A\u011fustos&#8217;ta yetkililere sundu. Devlet ve h\u00fck\u00fcmet yol haritas\u0131n\u0131 ald\u0131, inceledi, \u00fczerinde \u00e7al\u0131\u015f\u0131yor. Bu yol haritas\u0131n\u0131 bilmek ve \u00f6\u011frenmek halk\u0131m\u0131z\u0131n ve demokratik kamuoyunun da hakk\u0131d\u0131r. H\u00fck\u00fcmet bu beklentileri yok sayarak, neden a\u00e7\u0131klamamakta \u0131srar ediyor? Yol haritas\u0131n\u0131n kamuoyuna yans\u0131mas\u0131n\u0131 istiyoruz&#8221; dedi.<\/p>\n<p style=\"text-align: justify;\"><strong><em>&#8220;PKK \u00e7\u00f6z\u00fcm s\u00fcrecinde olmal\u0131&#8221; <\/em><\/strong><\/p>\n<p style=\"text-align: justify;\">DTP&#8217;nin toplumsal bar\u0131\u015f ve demokratikle\u015fme hamlesinin temel akt\u00f6rlerinden biri oldu\u011funu ve i\u00e7inde olmad\u0131\u011f\u0131 kal\u0131c\u0131 bir \u00e7\u00f6z\u00fcm s\u00fcreci m\u00fcmk\u00fcn olmad\u0131\u011f\u0131n\u0131 savunan Ahmet T\u00fcrk, &#8220;Elbette, silahlar\u0131n g\u00fcndemden kalkmas\u0131 ve \u00e7at\u0131\u015fmas\u0131z bir ortam\u0131n sa\u011flanabilmesi i\u00e7in, elinde silah bulunduran PKK&#8217;n\u0131n \u00e7\u00f6z\u00fcm s\u00fcreci d\u0131\u015f\u0131nda tutulmamas\u0131 gerekir. \u00c7\u00f6z\u00fcm s\u00fcrecinde, gerekli olan alanlarda, diyalog ve m\u00fczakerelerden ka\u00e7\u0131n\u0131lmamal\u0131d\u0131r. DTP, bu s\u00fcrecin en olumlu ve makul bir \u015fekilde ilerleyebilmesi i\u00e7in, elinden geleni yapmaya \u00e7al\u0131\u015facakt\u0131r&#8221; dedi.<\/p>\n<p style=\"text-align: justify;\">H\u00fck\u00fcmetin, s\u0131n\u0131r \u00f6tesi operasyon tezkeresini Meclis&#8217;e g\u00f6ndermesini de ele\u015ftiren T\u00fcrk, bunun \u00e7\u00f6z\u00fcme katk\u0131 sa\u011flamayaca\u011f\u0131n\u0131 savundu.<\/p>\n<p style=\"text-align: justify;\"><strong><em>&#8220;Kimsede sihirli de\u011fnek yok&#8221; <\/em><\/strong><\/p>\n<p style=\"text-align: justify;\">A\u00e7\u0131l\u0131m\u0131n inand\u0131r\u0131c\u0131 ve ikna edici olabilmesi i\u00e7in operasyonlar\u0131n durdurulmas\u0131 gerekti\u011fini \u00f6ne s\u00fcren T\u00fcrk, &#8220;H\u00fck\u00fcmeti buradan bir kez daha uyar\u0131yoruz. Akan kan\u0131 durdurma konusunda samimiyseniz, acil olarak PKK&#8217;y\u0131 \u00e7at\u0131\u015fmas\u0131zl\u0131k \u00e7izgisinde tutacak g\u00fcven verici ad\u0131mlar\u0131 atmak durumundas\u0131n\u0131z. Bunun yolu kar\u015f\u0131l\u0131kl\u0131 \u00e7at\u0131\u015fmas\u0131zl\u0131ktan ve taraflar aras\u0131 m\u00fczakerelerden ge\u00e7er. \u00c7\u00f6z\u00fcm i\u00e7in kimsenin elinde sihirli bir de\u011fnek yoktur ama, kilidi a\u00e7acak anahtar da ortadad\u0131r. Yeter ki bu anahtar do\u011fru kullan\u0131ls\u0131n. \u0130mral\u0131&#8217;n\u0131n bu anahtar\u0131 bar\u0131\u015f i\u00e7in kullanaca\u011f\u0131ndan hi\u00e7 \u015f\u00fcphem yoktur&#8221; diye konu\u015ftu.<\/p>\n<p style=\"text-align: justify;\">Cumhurba\u015fkan\u0131 Abdullah G\u00fcl&#8217;\u00fcn TBMM&#8217;de yapt\u0131\u011f\u0131 yasama y\u0131l\u0131 a\u00e7\u0131l\u0131\u015f konu\u015fmas\u0131n\u0131 da de\u011finen T\u00fcrk, G\u00fcl&#8217;\u00fcn ortaya koydu\u011fu mant\u0131\u011f\u0131 ve T\u00fcrkiye perspektifini \u00f6nemsediklerini ve bu yakla\u015f\u0131m\u0131n anayasal reformlarla kal\u0131c\u0131 hale getirilmesini dilediklerini s\u00f6yledi.<\/p>\n<p style=\"text-align: justify;\"><strong><em>DTP&#8217;li Ayna: &#8220;Hi\u00e7bir anadil kursta \u00f6\u011frenilmez&#8221; <\/em><\/strong><\/p>\n<p style=\"text-align: justify;\">T\u00fcrk&#8217;\u00fcn ard\u0131ndan k\u00fcrs\u00fcye \u00e7\u0131kan DTP Genel Ba\u015fkan Yard\u0131mc\u0131s\u0131 Emine Ayna da, T\u00fcrkiye&#8217;nin antidemokratik yasalar ve uygulamalarla y\u00f6netildi\u011fini savunarak, T\u00fcrkiye&#8217;nin \u00e7ok uluslu bir \u00fclke oldu\u011funu ancak &#8220;Tek\u00e7i, militarist bir anayasa ve zihniyetin vesayetinde&#8221; bulundu\u011funu \u00f6ne s\u00fcrd\u00fc.<\/p>\n<p style=\"text-align: justify;\">Emine Ayna, &#8220;\u00d6ncelikle \u015fu kabul edilebilmeli; K\u00fcrtler bir halkt\u0131r ve ortak noktalar\u0131ndan biri de anadilleridir. Bu siyasal olarak fa\u015fizan-\u0131rk\u00e7\u0131, sosyal olarak da ay\u0131p yakla\u015f\u0131mdan art\u0131k vazge\u00e7ilmelidir. Hi\u00e7bir halk kendi anadilini gidip kursta \u00f6\u011frenmez. Yabanc\u0131 dil, ikinci bir dil kurslarda \u00f6\u011frenilir. Anadilde e\u011fitim olur ve bu sorgulanamaz, demokrasilerde yok say\u0131lamaz, yasaklanamaz, do\u011fu\u015ftan sahip olunan bir hakt\u0131r&#8221; dedi.<\/p>\n<p style=\"text-align: justify;\">Demokratik siyaseti hakim k\u0131lman\u0131n mevcut Anayasa ile m\u00fcmk\u00fcn olamayaca\u011f\u0131n\u0131 da savunan Ayna, bu nedenle ilk 3 maddesi de dahil Anayasa&#8217;n\u0131n bir b\u00fct\u00fcn halinde de\u011fi\u015ftirilmesi gerekti\u011fini ileri s\u00fcrd\u00fc.<\/p>\n<p style=\"text-align: justify;\">Bu kongrede belirlenecek y\u00f6netimin, kendilerini genel se\u00e7ime haz\u0131rlayaca\u011f\u0131n\u0131 ifade eden DTP Genel Ba\u015fkan Yard\u0131mc\u0131s\u0131 Ayna, &#8220;Kongremizden hemen sonra ba\u015flataca\u011f\u0131m\u0131z \u00e7al\u0131\u015fmalarla t\u00fcm a\u011f\u0131rl\u0131\u011f\u0131m\u0131z\u0131 metropollere verece\u011fiz. \u0130stanbul T\u00fcrkiye&#8217;nin en b\u00fcy\u00fck K\u00fcrt ilidir ve \u00f6n\u00fcm\u00fczdeki d\u00f6nem bu potansiyelini a\u00e7\u0131\u011fa \u00e7\u0131karaca\u011f\u0131z. Yine \u0130zmir, Adana, Mersin, Kocaeli, Denizli, Manisa, Ankara, Konya, Kayseri, K\u0131r\u015fehir ismini burada saymaya zaman\u0131m\u0131z yetmeyecek bir\u00e7ok ilde \u00e7ok ciddi potansiyelimiz vard\u0131r. Bu y\u0131l bu illerde DTP y\u0131l\u0131 olacak. K\u00fcrdistan halk\u0131n\u0131n kendisi DTP&#8217;dir, \u00f6zg\u00fcrl\u00fck hareketidir. \u00d6n\u00fcm\u00fczdeki genel se\u00e7imde y\u00fczde 10 bizim i\u00e7in hi\u00e7bir engel te\u015fkil etmeyecektir&#8221; iddias\u0131nda bulundu.<\/p>\n<p style=\"text-align: justify;\">Genel Ba\u015fkan Ahmet T\u00fcrk&#8217;\u00fcn konu\u015fmas\u0131 s\u0131ras\u0131nda salonda bulunanlar\u0131n zaman zaman slogan atmalar\u0131 \u00fczerine, divandan parti taraf\u0131ndan belirlenen sloganlar\u0131n d\u0131\u015f\u0131na \u00e7\u0131k\u0131lmamas\u0131 uyar\u0131s\u0131nda bulunuldu.<\/p>\n<p style=\"text-align: justify;\">Genel Ba\u015fkan Yard\u0131mc\u0131s\u0131 Ayna&#8217;n\u0131n konu\u015fmas\u0131n\u0131n ard\u0131ndan, konu\u015fmalar\u0131n yap\u0131ld\u0131\u011f\u0131 b\u00f6l\u00fcmdeki \u00e7elik konstr\u00fcksiyona t\u0131rmanan y\u00fcz\u00fc kapal\u0131 bir ki\u015fi, ter\u00f6r \u00f6rg\u00fct\u00fc eleba\u015f\u0131 Abdullah \u00d6calan&#8217;\u0131n posterini ast\u0131. Poster, bir g\u00f6revli taraf\u0131ndan indirildi.<\/p>\n<p style=\"text-align: justify;\"><strong><em>Kongreden notlar<\/em><\/strong><\/p>\n<p style=\"text-align: justify;\">Selim S\u0131rr\u0131 Tarcan Spor Salonu&#8217;ndaki kongrede, Divan Ba\u015fkanl\u0131\u011f\u0131na DTP Siirt Milletvekili Osman \u00d6z\u00e7elik se\u00e7ildi.<\/p>\n<p style=\"text-align: justify;\">\u0130stiklal Mar\u015f\u0131&#8217;n\u0131n okunmad\u0131\u011f\u0131 kongrede, sayg\u0131 duru\u015funda bulunuldu.<\/p>\n<p style=\"text-align: justify;\">&#8220;E\u015fitlik ve \u00d6zg\u00fcrl\u00fck i\u00e7in Demokratik \u00c7\u00f6z\u00fcm&#8221; slogan\u0131yla yap\u0131lan kongrenin ger\u00e7ekle\u015ftirildi\u011fi salonda k\u00fcrs\u00fcn\u00fcn arkas\u0131na, parti flamas\u0131 ve T\u00fcrk bayra\u011f\u0131 as\u0131ld\u0131.<\/p>\n<p style=\"text-align: justify;\">Salonda, &#8220;Demokratik T\u00fcrkiye i\u00e7in Demokratik \u00d6zerklik&#8221;, &#8220;Yol Haritas\u0131 \u0130stiyoruz&#8221;, &#8220;\u0130\u00e7i Bo\u015f A\u00e7\u0131l\u0131mlara Son&#8221;, &#8220;\u00c7\u00f6z\u00fcm Operasyonlarda De\u011fil, Diyalog ve Bar\u0131\u015fta&#8221; yaz\u0131l\u0131 pankartlar dikkati \u00e7ekti.<\/p>\n<p style=\"text-align: justify;\">K\u00fcrt\u00e7e t\u00fcrk\u00fclerin \u00e7al\u0131nd\u0131\u011f\u0131 salonda bulunanlar, s\u0131k s\u0131k T\u00fcrk\u00e7e ve K\u00fcrt\u00e7e sloganlar att\u0131.<\/p>\n<p style=\"text-align: justify;\"><strong><em>\u00d6calan posterleri a\u00e7\u0131ld\u0131 <\/em><\/strong><\/p>\n<p style=\"text-align: justify;\">Bu arada, y\u00fczleri kapal\u0131 baz\u0131 ki\u015filer, delegelerin bulundu\u011fu b\u00f6l\u00fcmde ter\u00f6r \u00f6rg\u00fct\u00fc eleba\u015f\u0131 Abdullah \u00d6calan posterleri ve ter\u00f6r \u00f6rg\u00fct\u00fcn\u00fcn renklerinin bulundu\u011fu bez par\u00e7alar\u0131 a\u00e7t\u0131.<\/p>\n<p style=\"text-align: justify;\">Salondakiler bu s\u0131rada ter\u00f6r \u00f6rg\u00fct\u00fc eleba\u015f\u0131 lehine K\u00fcrt\u00e7e slogan att\u0131. Ayn\u0131 ki\u015filer, DTP Genel Ba\u015fkan\u0131 Ahmet T\u00fcrk salona girdikten sonra sahneye \u00e7\u0131karak, tekrar poster a\u00e7t\u0131.<\/p>\n<p style=\"text-align: justify;\">Kongre sunucusu, &#8220;sahne sa\u011flam olmad\u0131\u011f\u0131 i\u00e7in tehlike yaratabilece\u011fi&#8221; gerek\u00e7esiyle bu ki\u015filerin sahneden inmelerini istedi. Bu ki\u015filer daha sonra kongrenin yap\u0131ld\u0131\u011f\u0131 salondan \u00e7\u0131kar\u0131ld\u0131.<\/p>\n<p style=\"text-align: justify;\">Kongrede, 993 delege genel ba\u015fkan ve partinin yetkili organlar\u0131 i\u00e7in oy kullanacak.<\/p>\n<p style=\"text-align: justify;\">Mevcut Genel Ba\u015fkan Ahmet T\u00fcrk&#8217;\u00fcn tek genel ba\u015fkan aday\u0131 olmas\u0131 beklenen kongrede, baz\u0131 t\u00fcz\u00fck de\u011fi\u015fiklikleri de yap\u0131lacak.<\/p>\n<p style=\"text-align: justify;\">DTP&#8217;nin Temmuz ay\u0131nda ger\u00e7ekle\u015ftirilen Parti Meclisi toplant\u0131s\u0131nda, &#8220;geli\u015fen siyasal s\u00fcrecin \u00f6nemi nedeniyle bu s\u00fcrece yan\u0131t verebilecek \u00f6rg\u00fctsel bir yap\u0131n\u0131n \u00e7\u0131kar\u0131lmas\u0131&#8221; de\u011ferlendirmesi yap\u0131larak ola\u011fan\u00fcst\u00fc kongre karar\u0131 al\u0131nm\u0131\u015ft\u0131.<\/p>\n<p style=\"text-align: justify;\"><span style=\"color: #888888;\">CNN T\u00dcRK<\/span><\/p>\n","protected":false},"excerpt":{"rendered":"<p style=\"text-align: center;\">\n<p style=\"text-align: justify;\">DTP&#8217;nin 3. Ola\u011fan\u00fcst\u00fc B\u00fcy\u00fck Kongresinde tek aday olan Ahmet T\u00fcrk, 651 oyla yeniden genel ba\u015fkan se\u00e7ildi.<\/p>\n<p style=\"text-align: justify;\">DTP Genel Ba\u015fkanl\u0131\u011f\u0131&#8217;na Mardin Milletvekili Ahmet T\u00fcrk yeniden se\u00e7ildi.<\/p>\n<p style=\"text-align: justify;\">DTP&#8217;nin Selim S\u0131rr\u0131 Tarcan Spor Salonu&#8217;nda yap\u0131lan 3. Ola\u011fan\u00fcst\u00fc B\u00fcy\u00fck Kongresi&#8217;nde 654 delege oy kullan\u0131rken 3 oy ge\u00e7ersiz say\u0131ld\u0131.<\/p>\n<p  \n\n","protected":false},"author":1,"featured_media":0,"comment_status":"open","ping_status":"closed","sticky":false,"template":"","format":"standard","meta":{"footnotes":""},"categories":[105],"tags":[],"class_list":["post-15575","post","type-post","status-publish","format-standard","hentry","category-gundem","odd"],"_links":{"self":[{"href":"http:\/\/www.korhanyilmaz.com\/index.php?rest_route=\/wp\/v2\/posts\/15575","targetHints":{"allow":["GET"]}}],"collection":[{"href":"http:\/\/www.korhanyilmaz.com\/index.php?rest_route=\/wp\/v2\/posts"}],"about":[{"href":"http:\/\/www.korhanyilmaz.com\/index.php?rest_route=\/wp\/v2\/types\/post"}],"author":[{"embeddable":true,"href":"http:\/\/www.korhanyilmaz.com\/index.php?rest_route=\/wp\/v2\/users\/1"}],"replies":[{"embeddable":true,"href":"http:\/\/www.korhanyilmaz.com\/index.php?rest_route=%2Fwp%2Fv2%2Fcomments&post=15575"}],"version-history":[{"count":0,"href":"http:\/\/www.korhanyilmaz.com\/index.php?rest_route=\/wp\/v2\/posts\/15575\/revisions"}],"wp:attachment":[{"href":"http:\/\/www.korhanyilmaz.com\/index.php?rest_route=%2Fwp%2Fv2%2Fmedia&parent=15575"}],"wp:term":[{"taxonomy":"category","embeddable":true,"href":"http:\/\/www.korhanyilmaz.com\/index.php?rest_route=%2Fwp%2Fv2%2Fcategories&post=15575"},{"taxonomy":"post_tag","embeddable":true,"href":"http:\/\/www.korhanyilmaz.com\/index.php?rest_route=%2Fwp%2Fv2%2Ftags&post=15575"}],"curies":[{"name":"wp","href":"https:\/\/api.w.org\/{rel}","templated":true}]}}