{"id":15571,"date":"2009-10-04T21:23:46","date_gmt":"2009-10-04T19:23:46","guid":{"rendered":"http:\/\/www.korhanyilmaz.com\/?p=15571"},"modified":"2009-10-04T21:23:46","modified_gmt":"2009-10-04T19:23:46","slug":"baykal-erdoganin-mektubunu-bekliyor","status":"publish","type":"post","link":"http:\/\/www.korhanyilmaz.com\/?p=15571","title":{"rendered":"Baykal Erdo\u011fan&#039;\u0131n mektubunu bekliyor"},"content":{"rendered":"<p style=\"text-align: justify;\"><a href=\"http:\/\/www.korhanyilmaz.com\/wp-content\/uploads\/2009\/10\/BAYKAL.jpg\"  class=\"lightview\"><img loading=\"lazy\" decoding=\"async\" class=\"aligncenter size-full wp-image-15572\" src=\"http:\/\/www.korhanyilmaz.com\/wp-content\/uploads\/2009\/10\/BAYKAL.jpg\" alt=\"\" width=\"276\" height=\"212\" \/><\/a><\/p>\n<p style=\"text-align: justify;\">CHP Genel Ba\u015fkan\u0131 Deniz Baykal, &#8220;Ba\u015fbakan Recep Tayyip Erdo\u011fan&#8217;\u0131n &#8216;Demokratik A\u00e7\u0131l\u0131m&#8217; \u00e7al\u0131\u015fmalar\u0131 konusunda, CHP&#8217;ye yaz\u0131l\u0131 davette bulunaca\u011f\u0131na&#8221; ili\u015fkin a\u00e7\u0131klamalar\u0131n\u0131 de\u011ferlendirirken &#8220;Yaz\u0131l\u0131 gelen bir \u015fey yok, gelsin sonra bakal\u0131m&#8221; dedi. Baykal, konu\u015fmas\u0131nda yine Ba\u015fbakan Erdo\u011fan&#8217;a y\u00fcklendi.<\/p>\n<p style=\"text-align: justify;\">Baykal, 5. Do\u011fan\u015fehir Elma ve K\u00fclt\u00fcr Festivali&#8217;ne kat\u0131lmak \u00fczere \u00f6zel u\u00e7akla Malatya&#8217;ya geldi.<\/p>\n<p style=\"text-align: justify;\">Partililer taraf\u0131ndan kar\u015f\u0131lanan Deniz Baykal, parti otob\u00fcs\u00fc ile il\u00e7eye hareket etti.<\/p>\n<p style=\"text-align: justify;\">Yol \u00fczerinde vatanda\u015flar\u0131 selamlayan Baykal, kesilmek istenen kurbanlara izin vermedi. <!--more--><\/p>\n<p style=\"text-align: justify;\">Do\u011fan\u015fehir Belediye Ba\u015fkan\u0131 \u0130brahim Karaman&#8217;\u0131 ziyaret eden Baykal, gazetecilerin, &#8220;Ba\u015fbakan Erdo\u011fan&#8217;\u0131n, &#8216;Demokratik A\u00e7\u0131l\u0131m&#8217; ile ilgili CHP&#8217;ye yaz\u0131l\u0131 davette bulunaca\u011f\u0131na&#8221; ili\u015fkin a\u00e7\u0131klamalar\u0131n\u0131 hat\u0131rlatmas\u0131 \u00fczerine &#8220;Arkada\u015flar \u00e7ok fazla konu\u015ftuk. Her yerde konu\u015fuyoruz bunu. Daha gelen bir\u015fey yok. Gelsin ondan sonra bakal\u0131m&#8221; diye konu\u015ftu.<\/p>\n<p style=\"text-align: justify;\">Di\u011fer sorular\u0131 yan\u0131ts\u0131z b\u0131rakan CHP Genel Ba\u015fkan\u0131 Baykal, CHP&#8217;li belediye ba\u015fkanlar\u0131 ile toplant\u0131ya ge\u00e7ti.<\/p>\n<p style=\"text-align: justify;\">Bu arada Deniz Baykal&#8217;\u0131 Erha\u00e7 Havaalan\u0131&#8217;nda kar\u015f\u0131layan partililer ile g\u00fcvenlik g\u00f6revlileri aras\u0131nda salona girme konusunda k\u0131sa s\u00fcreli arbede ya\u015fand\u0131. CHP Malatya Milletvekili Mevl\u00fct Aslano\u011flu, araya girerek taraflar\u0131 yat\u0131\u015ft\u0131rd\u0131.<\/p>\n<p style=\"text-align: justify;\">Baykal, Malatya&#8217;n\u0131n Do\u011fan\u015fehir il\u00e7esinde d\u00fczenlenen, 5. Do\u011fan\u015fehir Elma ve K\u00fclt\u00fcr Festivali&#8217;nde yapt\u0131\u011f\u0131 konu\u015fmada, y\u0131llardan beri &#8220;Halk\u0131 ezdirmeyeceklerini, \u00fclkeyi soydurmayacaklar\u0131n\u0131 ve devleti b\u00f6ld\u00fcrmeyeceklerini&#8221; s\u00f6ylediklerini belirtti.<\/p>\n<p style=\"text-align: justify;\">Deniz Baykal, &#8220;3 temel iddiay\u0131 s\u00f6yledi\u011fimiz zaman &#8216;ya nereden \u00e7\u0131kt\u0131 bunlar, adamlar daha yeni geldiler, halk\u0131n ezildi\u011fi yok, \u00fclkenin soyuldu\u011fu yok, milletin b\u00f6l\u00fcnd\u00fc\u011f\u00fc yok, kendi kendinize ne tela\u015flan\u0131yorsunuz&#8217; der gibiydi insanlar. Bu s\u00f6zlerin anlam\u0131 ne? &#8216;Bunlar halk\u0131 ezecekler karde\u015fim&#8217; demektir. Bu bir te\u015fhistir. Te\u015fhis bug\u00fcn \u00e7\u0131kt\u0131 m\u0131? Halk eziliyor mu, ezilmiyor mu? Elma \u00fcreticisi eziliyor mu, ezilmiyor mu? \u00c7ocu\u011funu i\u015fe sokamayan anne babalar eziliyor mu, ezilmiyor mu? T\u00fcrkiye&#8217;de mahsul\u00fcn\u00fcn masraf\u0131n\u0131 kar\u015f\u0131layamayan \u00e7ift\u00e7i eziliyor mu, ezilmiyor mu?. Bunlar kendilerini d\u00fc\u015f\u00fcn\u00fcyorlar. Bunlar yak\u0131nlar\u0131n\u0131 d\u00fc\u015f\u00fcn\u00fcyorlar. Halk\u0131 milleti d\u00fc\u015f\u00fcnd\u00fckleri yok. &#8216;\u00dclkeyi soydurmayaca\u011f\u0131z&#8217; demi\u015fiz. Bu ne demektir? \u00dclke soyulacak demektir. Bu do\u011fru \u00e7\u0131kt\u0131 m\u0131, \u00e7\u0131kmad\u0131 m\u0131? \u00dclke soyuldu mu soyulmad\u0131 m\u0131?&#8221; diye sordu.<\/p>\n<p style=\"text-align: justify;\">\u00dc\u00e7\u00fcnc\u00fc temel iddialar\u0131n\u0131n &#8220;Devleti b\u00f6ld\u00fcrmemek&#8221; oldu\u011funu ifade eden Baykal, \u015funlar\u0131 s\u00f6yledi: &#8220;(Devleti b\u00f6ld\u00fcrmeyece\u011fiz) demi\u015fiz. \u015eimdi bu da \u00e7\u0131kt\u0131 m\u0131? Bunlar\u0131n zihniyeti ortada de\u011fil mi? Bunlar\u0131n s\u00f6yledikleri s\u00f6zler, konular T\u00fcrkiye&#8217;yi rahatlat\u0131yor mu? Siz bundan mutlu oluyor musunuz? Huzur buluyor musunuz? Gece g\u00fcnd\u00fcz T\u00fcrkiye&#8217;de bir kimlik tart\u0131\u015fmas\u0131 dayatman\u0131n bir faydas\u0131 var m\u0131? \u0130\u015fi g\u00fcc\u00fc b\u0131rak\u0131p, kay\u0131s\u0131y\u0131, elmay\u0131 b\u0131rak\u0131p, \u00e7ift\u00e7iyi b\u0131rak\u0131p, milletin borcunu b\u0131rak\u0131p bir kimlik tart\u0131\u015fmas\u0131n\u0131 T\u00fcrkiye&#8217;ye dayatman\u0131n, T\u00fcrkiye&#8217;ye rahatl\u0131k getiren bir taraf\u0131 var m\u0131? Birbirinize &#8216;sen nesin, sen nesin&#8217; diye soru sordurtman\u0131n bir anlam\u0131 var m\u0131?<\/p>\n<p style=\"text-align: justify;\">Neysek neyiz karde\u015fim. Hepimiz de Allah&#8217;\u0131n kuluyuz, bu vatan\u0131n evlatlar\u0131y\u0131z. T\u00fcrkiye Cumhuriyeti&#8217;nin bir par\u00e7as\u0131y\u0131z. Oydu buydu diye ay\u0131rman\u0131n, herkesi birbirine ku\u015fku duyar, birbirinden farkl\u0131ym\u0131\u015f gibi bir noktaya getirmenin bir anlam\u0131 var m\u0131? Biz insanlar\u0131 anla\u015ft\u0131rmaya \u00e7al\u0131\u015f\u0131yoruz, birbirlerine yak\u0131nla\u015ft\u0131rmaya, kayna\u015ft\u0131rmaya \u00e7al\u0131\u015f\u0131yoruz. \u0130nsanlar\u0131 Alevi-S\u00fcnni diye ay\u0131rmay\u0131n. Herkesin etnik kimli\u011fi var, herkesin etnik kimli\u011fi \u015ferefidir. Sen ne burnunu sokuyorsun benim etnik kimli\u011fime, \u015ferefime. Ben etnik kimli\u011fimi istedi\u011fim gibi ya\u015far\u0131m. Sen niye bana yakla\u015f\u0131yorsun da beni di\u011ferlerinden ay\u0131rmaya \u00e7al\u0131\u015f\u0131yorsun. Bu tart\u0131\u015fma de\u011fil, bunlar \u00e7aresiz kald\u0131lar, ne yapacaklar\u0131n\u0131 belirleyemediler, birileri de d\u0131\u015far\u0131dan bizi ay\u0131rmaya \u00e7al\u0131\u015f\u0131yor.&#8221;<\/p>\n<p style=\"text-align: justify;\"><em><strong>&#8220;Yapay az\u0131nl\u0131k yarat\u0131lmaya \u00e7al\u0131\u015f\u0131l\u0131yor&#8221;<\/strong><\/em><\/p>\n<p style=\"text-align: justify;\">T\u00fcrkiye&#8217;de &#8220;Yapay az\u0131nl\u0131k&#8221; yarat\u0131lmaya \u00e7al\u0131\u015f\u0131ld\u0131\u011f\u0131n\u0131 da \u00f6ne s\u00fcren Baykal, &#8220;Hay\u0131r az\u0131nl\u0131k falan yok, hepimiz e\u015fitiz. T\u00fcrkiye&#8217;nin 72 milyon tapusu var, o tapu her birimizde ayr\u0131 ayr\u0131 ayn\u0131 \u015fekilde, ayn\u0131 haklara sahibiz. \u015eimdi T\u00fcrkiye&#8217;nin ba\u015f\u0131na bu derdi a\u00e7t\u0131lar. \u015eimdi de bunlarla u\u011fra\u015f\u0131yoruz. Bunlar\u0131n kimsenin yarar\u0131na olmayaca\u011f\u0131n\u0131 bilmenizi istiyorum, bunlar do\u011fru de\u011fil&#8221; diye konu\u015ftu.<\/p>\n<p style=\"text-align: justify;\">&#8220;Devletin a\u011fz\u0131na milleti b\u00f6lme s\u00f6zleri yak\u0131\u015fm\u0131yor. D\u00fcnyan\u0131n hi\u00e7bir yerinde hi\u00e7bir devlet, kendi milletini b\u00f6lmeye y\u00f6nelik s\u00f6ylemlere \u00f6nc\u00fcl\u00fck yapmaz. Birileri var olan anla\u015fmay\u0131, kayna\u015fmay\u0131 ayr\u0131\u015ft\u0131rmaya \u00e7al\u0131\u015f\u0131yor. Bunlar yanl\u0131\u015f ve tehlikeli i\u015fler. Bunlara sak\u0131n destek olmay\u0131n. Y\u00fcz de vermeyin. Kayg\u0131lanmak i\u00e7in hi\u00e7bir neden yoktur. Bunu bilmenizi istiyorum&#8221; diyen CHP Genel Ba\u015fkan\u0131 Baykal, &#8220;Bunlar\u0131n \u00fcstesinden hep beraber geliriz. Ben AKP&#8217;ye destek olmu\u015f vatanda\u015flar\u0131m\u0131 g\u00f6reve \u00e7a\u011f\u0131r\u0131yorum. L\u00fctfen partinize sahip \u00e7\u0131k\u0131n. Bu siyaset i\u015fi de\u011fildir, millet i\u015fidir. AKP de bu milletin partisidir. AKP&#8217;liyi de bu milletin par\u00e7as\u0131 olarak, bu millet birli\u011finin d\u0131\u015f\u0131nda tart\u0131\u015fmalar\u0131n i\u00e7inde g\u00f6rmek istemiyoruz. Hepiniz bu gidi\u015fata &#8216;dur&#8217; deyin. T\u00fcrkiye&#8217;yi b\u00f6lmeye kimse kalkmas\u0131n. T\u00fcrkiye&#8217;yi b\u00f6lmeye y\u00f6nelik tuzaklara kimse d\u00fc\u015fmesin. Kimse \u00fclkemize bu tuzaklar\u0131 kurmaya kalkmas\u0131n&#8221; dedi.<\/p>\n<p style=\"text-align: justify;\">Baykal, h\u00fck\u00fcmetin ekonomi ve tar\u0131m politikalar\u0131n\u0131 da ele\u015ftirerek esnaf\u0131n, \u00e7ift\u00e7inin ve memurun ezildi\u011fini savundu.<\/p>\n<p style=\"text-align: justify;\">Bu arada, CHP Genel Ba\u015fkan\u0131 Baykal, konu\u015fmak \u00fczere k\u00fcrs\u00fcye giderken kalabal\u0131\u011f\u0131n i\u00e7inden bir ki\u015fi elinde &#8220;Fa\u015fist Baykal defol&#8221; yaz\u0131l\u0131 pankart a\u00e7t\u0131.<\/p>\n<p style=\"text-align: justify;\">Pankart\u0131n fark edilmesi \u00fczerine polis protestocuyu alandan uzakla\u015ft\u0131rd\u0131. Baykal, festivalin ard\u0131ndan Kahramanmara\u015f&#8217;a gitmek \u00fczere karayolu ile Malatya&#8217;dan ayr\u0131ld\u0131.<\/p>\n<p style=\"text-align: justify;\"><span style=\"color: #888888;\">CNN T\u00dcRK<\/span><\/p>\n","protected":false},"excerpt":{"rendered":"<p style=\"text-align: justify;\">\n<p style=\"text-align: justify;\">CHP Genel Ba\u015fkan\u0131 Deniz Baykal, &#8220;Ba\u015fbakan Recep Tayyip Erdo\u011fan&#8217;\u0131n &#8216;Demokratik A\u00e7\u0131l\u0131m&#8217; \u00e7al\u0131\u015fmalar\u0131 konusunda, CHP&#8217;ye yaz\u0131l\u0131 davette bulunaca\u011f\u0131na&#8221; ili\u015fkin a\u00e7\u0131klamalar\u0131n\u0131 de\u011ferlendirirken &#8220;Yaz\u0131l\u0131 gelen bir \u015fey yok, gelsin sonra bakal\u0131m&#8221; dedi. Baykal, konu\u015fmas\u0131nda yine Ba\u015fbakan Erdo\u011fan&#8217;a y\u00fcklendi.<\/p>\n<p style=\"text-align: justify;\">Baykal, 5. Do\u011fan\u015fehir Elma ve K\u00fclt\u00fcr Festivali&#8217;ne kat\u0131lmak \u00fczere \u00f6zel u\u00e7akla Malatya&#8217;ya geldi.<\/p>\n","protected":false},"author":1,"featured_media":0,"comment_status":"open","ping_status":"closed","sticky":false,"template":"","format":"standard","meta":{"footnotes":""},"categories":[105],"tags":[],"class_list":["post-15571","post","type-post","status-publish","format-standard","hentry","category-gundem","odd"],"_links":{"self":[{"href":"http:\/\/www.korhanyilmaz.com\/index.php?rest_route=\/wp\/v2\/posts\/15571","targetHints":{"allow":["GET"]}}],"collection":[{"href":"http:\/\/www.korhanyilmaz.com\/index.php?rest_route=\/wp\/v2\/posts"}],"about":[{"href":"http:\/\/www.korhanyilmaz.com\/index.php?rest_route=\/wp\/v2\/types\/post"}],"author":[{"embeddable":true,"href":"http:\/\/www.korhanyilmaz.com\/index.php?rest_route=\/wp\/v2\/users\/1"}],"replies":[{"embeddable":true,"href":"http:\/\/www.korhanyilmaz.com\/index.php?rest_route=%2Fwp%2Fv2%2Fcomments&post=15571"}],"version-history":[{"count":0,"href":"http:\/\/www.korhanyilmaz.com\/index.php?rest_route=\/wp\/v2\/posts\/15571\/revisions"}],"wp:attachment":[{"href":"http:\/\/www.korhanyilmaz.com\/index.php?rest_route=%2Fwp%2Fv2%2Fmedia&parent=15571"}],"wp:term":[{"taxonomy":"category","embeddable":true,"href":"http:\/\/www.korhanyilmaz.com\/index.php?rest_route=%2Fwp%2Fv2%2Fcategories&post=15571"},{"taxonomy":"post_tag","embeddable":true,"href":"http:\/\/www.korhanyilmaz.com\/index.php?rest_route=%2Fwp%2Fv2%2Ftags&post=15571"}],"curies":[{"name":"wp","href":"https:\/\/api.w.org\/{rel}","templated":true}]}}