{"id":15567,"date":"2009-10-04T17:04:34","date_gmt":"2009-10-04T15:04:34","guid":{"rendered":"http:\/\/www.korhanyilmaz.com\/?p=15567"},"modified":"2009-10-04T17:04:34","modified_gmt":"2009-10-04T15:04:34","slug":"bahceli-erdogan-siyasi-bolucu-basi","status":"publish","type":"post","link":"http:\/\/www.korhanyilmaz.com\/?p=15567","title":{"rendered":"Bah\u00e7eli: &quot;Erdo\u011fan siyasi b\u00f6l\u00fcc\u00fc ba\u015f\u0131&quot;"},"content":{"rendered":"<p><a href=\"http:\/\/www.korhanyilmaz.com\/wp-content\/uploads\/2009\/10\/file.ashx.jpg\"  class=\"lightview\"><img loading=\"lazy\" decoding=\"async\" class=\"aligncenter size-full wp-image-15568\" src=\"http:\/\/www.korhanyilmaz.com\/wp-content\/uploads\/2009\/10\/file.ashx.jpg\" alt=\"\" width=\"292\" height=\"212\" \/><\/a><\/p>\n<p style=\"text-align: justify;\">MHP lideri Devlet Bah\u00e7eli, Ba\u015fbakan Recep Tayyip Erdo\u011fan&#8217;\u0131 &#8220;siyasi b\u00f6l\u00fcc\u00fc ba\u015f\u0131l\u0131\u011f\u0131&#8221;na soyunmakla su\u00e7lad\u0131. Erdo\u011fan&#8217;\u0131n d\u00fcn parti kongresinde MHP&#8217;ye y\u00f6neltti\u011fi ele\u015ftirileri hedef alan Bah\u00e7eli, \u00e7ok sert bir \u00fcslup kulland\u0131. Ba\u015fbakan&#8217;\u0131n K\u00fcrt a\u00e7\u0131l\u0131m\u0131yla b\u00f6l\u00fcc\u00fcl\u00fc\u011fe hizmet etti\u011fini ileri s\u00fcren Bah\u00e7eli, &#8220;\u0130ktidara gelirsek, Erdo\u011fan&#8217;\u0131 Y\u00fcce Divan&#8217;a g\u00f6nderece\u011fiz&#8221; dedi.<\/p>\n<p style=\"text-align: justify;\">MHP lideri Bah\u00e7eli, partisinin Ankara 9. Ola\u011fan \u0130l Kongresinde konu\u015ftu. <!--more--><\/p>\n<p style=\"text-align: justify;\">Bah\u00e7eli, &#8220;T\u00fcrkiye&#8217;nin \u00e7ok a\u011f\u0131r sonu\u00e7lar\u0131 olacak bir etnik farkl\u0131la\u015fma, ayr\u0131\u015fma, \u00e7at\u0131\u015fma ve b\u00f6l\u00fcnmeyle kar\u015f\u0131 kar\u015f\u0131ya b\u0131rak\u0131ld\u0131\u011f\u0131n\u0131&#8221; ileri s\u00fcrerek, &#8220;1991 y\u0131l\u0131nda, \u0130stanbul \u0130l Ba\u015fkan\u0131 iken K\u00fcrt sorunu i\u00e7erisinde b\u00f6l\u00fcnmeye do\u011fru T\u00fcrkiye&#8217;yi s\u00fcr\u00fckleyebilecek bir ara\u015ft\u0131rmay\u0131 yapan veya yapt\u0131ran Say\u0131n Ba\u015fbakan, 7 y\u0131l sonra T\u00fcrkiye&#8217;yi 1991 y\u0131l\u0131ndaki anlay\u0131\u015f do\u011frultusunda bir b\u00f6l\u00fc\u015ft\u00fcrmeye \u00e7aba g\u00f6stermektedir&#8221; dedi.<\/p>\n<p style=\"text-align: justify;\">&#8220;T\u00fcrkiye&#8217;nin nereden nereye gitti\u011finin g\u00f6r\u00fcld\u00fc\u011f\u00fcn\u00fc, bilindi\u011fini, alg\u0131land\u0131\u011f\u0131n\u0131, anla\u015f\u0131ld\u0131\u011f\u0131n\u0131&#8221; belirten Bah\u00e7eli, &#8220;Allah&#8217;a \u015f\u00fck\u00fcr ki milli hassasiyetler konusunda tek dik duru\u015fu sergileyen MHP, bir kez daha milletimizin g\u00f6nl\u00fcnde \u00f6nemli bir yer i\u015fgal edebilecek bir seviyeye ula\u015fmaktad\u0131r&#8221; dedi.<\/p>\n<p style=\"text-align: justify;\">AK Parti h\u00fck\u00fcmetinin 6 y\u0131l 10 ay 19 g\u00fcnd\u00fcr \u00fclkeyi y\u00f6netti\u011fini an\u0131msatan Bah\u00e7eli, bu s\u00fcre i\u00e7erisinde 58, 59, ve 60. h\u00fck\u00fcmetlerin kuruldu\u011funu kaydetti.<\/p>\n<p style=\"text-align: justify;\">Bah\u00e7eli, &#8220;Ancak bu s\u00fcre\u00e7 i\u00e7inde bir karanl\u0131k b\u00f6lge var. Bu b\u00f6lge hala ayd\u0131nlat\u0131lmam\u0131\u015ft\u0131r. AKP&#8217;nin ampul\u00fc bu b\u00f6lgenin ayd\u0131nlat\u0131lmas\u0131na kafi gelmemektedir. Ancak, 9 \u0131\u015f\u0131klar neresi karanl\u0131ksa oray\u0131 ayd\u0131nlatacakt\u0131r&#8221; diye konu\u015ftu.<\/p>\n<p style=\"text-align: justify;\"><strong><em>&#8220;Erdo\u011fan tek adaml\u0131\u011fa soyunuyor&#8221;<\/em><\/strong><\/p>\n<p style=\"text-align: justify;\">Erdo\u011fan&#8217;\u0131n &#8220;tek adaml\u0131\u011fa soyunarak&#8221; d\u00fcn yapt\u0131\u011f\u0131 kongresinde kendi siyasi hayat\u0131n\u0131 anlatt\u0131\u011f\u0131n\u0131 ileri s\u00fcren Bah\u00e7eli, &#8220;\u0130stanbul&#8217;da, bir \u015fiiri okumas\u0131 vesilesiyle alm\u0131\u015f oldu\u011fu cezay\u0131, siyasetinin temeli, kendisinin ma\u011fduriyeti olarak kabul edip ac\u0131nd\u0131ra ac\u0131nd\u0131ra anlat\u0131yor. \u0130stanbul&#8217;dan cezaevine gidi\u015fini anlat\u0131yor. Belki de duygulu bir sesle kendisinin dinleyenleri de aynen a\u011flatt\u0131\u011f\u0131 analar gibi AKP&#8217;lileri de a\u011flatmaya \u00e7al\u0131\u015f\u0131yor. Partinin kurulu\u015f ve ilk genel ba\u015fkan se\u00e7ildi\u011fi s\u00fcreyle, Siirt&#8217;te milletvekili se\u00e7ilip 59. h\u00fck\u00fcmeti kuran ve Ba\u015fbakan olan Say\u0131n Recep Tayyip Erdo\u011fan bu 116 g\u00fcn\u00fc, karanl\u0131kta b\u0131rak\u0131yor, ac\u0131mas\u0131zca, ahlaks\u0131zca ve al\u00e7ak\u00e7a MHP&#8217;ye sald\u0131r\u0131yor. Zannediyor ki g\u00f6rkemli salonla y\u00fcksek paralarla d\u00fczenlemi\u015f oldu\u011fu bir salonda teknolojinin imkanlar\u0131 ve yanda\u015flar\u0131n\u0131n \u00e7\u0131\u011f\u0131rtkanl\u0131\u011f\u0131yla MHP&#8217;ye sald\u0131r\u0131rken bozkurtlar\u0131n korkaca\u011f\u0131n\u0131 sinece\u011fini, inine \u00e7ekilece\u011fini zannediyor. Yan\u0131l\u0131yorsun Say\u0131n Ba\u015fbakan, bozkurtlar\u0131n nefesi ensende olacak&#8221; dedi.<\/p>\n<p style=\"text-align: justify;\">T\u00fcrkiye&#8217;nin \u00e7ok kritik bir d\u00f6nemden ge\u00e7ti\u011fini ifade eden Bah\u00e7eli, &#8220;T\u00fcrkiye \u00e7ok a\u011f\u0131r sonu\u00e7lar\u0131 olacak bir etnik farkl\u0131la\u015fma, ayr\u0131\u015fma, \u00e7at\u0131\u015fma ve b\u00f6l\u00fcnmeyle kar\u015f\u0131 kar\u015f\u0131yla b\u0131rak\u0131lm\u0131\u015ft\u0131r. \u00d6zellikle 1991 y\u0131l\u0131nda, \u0130stanbul il ba\u015fkan\u0131 iken K\u00fcrt sorunu i\u00e7erisinde b\u00f6l\u00fcnmeye do\u011fru T\u00fcrkiye&#8217;yi s\u00fcr\u00fckleyebilecek bir ara\u015ft\u0131rmay\u0131 yapar veya yapt\u0131ran say\u0131n Ba\u015fbakan 7 y\u0131l sonra T\u00fcrkiye&#8217;yi 1991 y\u0131l\u0131ndaki anlay\u0131\u015f do\u011frultusunda bir b\u00f6l\u00fc\u015ft\u00fcrmeye \u00e7aba g\u00f6stermektedir. 7 y\u0131l i\u00e7erisinde hep bu g\u00fcnlerin haz\u0131rl\u0131\u011f\u0131 yapm\u0131\u015f ama medya g\u00fcc\u00fc yanda\u015flar\u0131 ve parasal destekler, milleti aldatmaya ve kand\u0131rmaya \u00e7al\u0131\u015fm\u0131\u015ft\u0131r&#8221; dedi.<\/p>\n<p style=\"text-align: justify;\">&#8220;Bu sebepten dolay\u0131 bug\u00fcnk\u00fc AKP&#8217;nin a\u00e7\u0131l\u0131m\u0131n\u0131 art\u0131k milletimizin do\u011fru okumas\u0131 gerekir&#8221; diyen Bah\u00e7eli, &#8220;Bu a\u00e7\u0131l\u0131m ile Adalet ve Kalk\u0131nma Partisi, &#8216;Aldatma ve Kand\u0131rma Partisi&#8217; haline d\u00f6n\u00fc\u015fm\u00fc\u015ft\u00fcr. Bunu hissettikleri g\u00fcn, kendi te\u015fkilat\u0131na ve medya arac\u0131l\u0131\u011f\u0131yla da b\u00fct\u00fcn siyasi kurumlara ve yanda\u015f k\u00f6\u015fe yazarlar\u0131na verilen talimatlarla AKP yerine AK Parti denilmesini ve b\u00f6ylelikle aldatma ve kand\u0131rman\u0131n \u00fcst\u00fcn\u00fc \u00f6rtme gayreti i\u00e7erisine girmi\u015ftir. Say\u0131n Ba\u015fbakan siz AK de\u011filsiniz. Sizin, Adalet ve kalk\u0131nmayla da alakan\u0131z kalmam\u0131\u015ft\u0131r&#8221; dedi.<\/p>\n<p style=\"text-align: justify;\">MHP lideri, &#8220;Siz art\u0131k aldatan, kand\u0131ran, yalan sald\u0131r\u0131larla rakiplerinizi yok etmeye \u00e7al\u0131\u015fan haks\u0131z rekabet i\u00e7erisinde ya\u015fayan bir siyaset\u00e7isiniz. AK olman\u0131z i\u00e7in aklanman\u0131z laz\u0131m, aklanman\u0131z i\u00e7in Mecliste bulunan ve gelecekte gelecek olan dosyalarla, sizin, parti arkada\u015flar\u0131n\u0131z\u0131n, akrabalar\u0131n\u0131z\u0131n ve yanda\u015flar\u0131n\u0131z\u0131n hepsi de yarg\u0131 \u00f6n\u00fcnde hesap sorulabilmesi i\u00e7in dokunulmazl\u0131\u011f\u0131n\u0131n kald\u0131r\u0131lmas\u0131 s\u00f6z\u00fcn\u00fc yerine getirmeniz laz\u0131md\u0131r&#8221; ifadesini kulland\u0131.<\/p>\n<p style=\"text-align: justify;\"><strong><em>Alparslan&#8217;\u0131, Ertu\u011frul Gazi&#8217;yi, Atat\u00fcrk&#8217;\u00fc hat\u0131rlatt\u0131<\/em><\/strong><\/p>\n<p style=\"text-align: justify;\">Bah\u00e7eli, yapt\u0131\u011f\u0131 konu\u015fmada, Ba\u015fbakan Erdo\u011fan&#8217;\u0131n Alparslan&#8217;\u0131, Ertu\u011frul Gazi&#8217;yi, Atat\u00fcrk&#8217;\u00fc hat\u0131rlatmak istedi\u011fini s\u00f6yledi.<\/p>\n<p style=\"text-align: justify;\">&#8220;Bize sata\u015fmak i\u00e7in bile olsa bu isimleri hat\u0131rlaman\u0131zdan mutluluk duyar\u0131z&#8221; diyen Bah\u00e7eli, \u015fu iddialarda bulundu:<\/p>\n<p style=\"text-align: justify;\">&#8220;Ne var ki bunlar, a\u011fz\u0131n\u0131za ve icraatlar\u0131n\u0131za hi\u00e7 yak\u0131\u015fm\u0131yor. Asla uyu\u015fmuyor. Biz Bilge Ka\u011fan&#8217;\u0131, Sultan Alparslan\u0131&#8217;\u0131 iyi biliriz. Fatih Sultan Mehmet&#8217;e, Mustafa Kemal Atat\u00fcrk&#8217;e biz binlerce y\u0131ll\u0131k varolu\u015fumuzun hangi cengaverlere, bilgelere, kahramanlara, sanatkarlara bor\u00e7lu oldu\u011fumuzu da \u00e7ok iyi biliriz. Onlar kendi tarihine hakaret ederek Avrupal\u0131&#8217;ya s\u0131rna\u015fmam\u0131\u015flard\u0131r. Biz de &#8216;katliam yapt\u0131k&#8217; diye ecdad\u0131na hakaret etmemi\u015flerdir. Milletine su\u00e7 duyurusunda bulunmam\u0131\u015flard\u0131r. Avrupa&#8217;da Avrupal\u0131, Amerika&#8217;da Amerikal\u0131, Akdamar&#8217;da Ermeni olmam\u0131\u015flard\u0131r. Al\u00e7ak\u00e7a hakaret eden has\u0131mlar\u0131 kucaklamam\u0131\u015flard\u0131r.<\/p>\n<p style=\"text-align: justify;\">\u00dc\u00e7 paral\u0131k a\u015firet reisleriyle pazarl\u0131k yapmam\u0131\u015flar, katillerle masaya oturmam\u0131\u015flard\u0131r. T\u00fcrk \u0130slam d\u00fc\u015fman\u0131 NATO Genel Sekreteri&#8217;ni se\u00e7memi\u015flerdir. Ya g\u00f6r\u00fcnd\u00fckleri gibi olmu\u015flard\u0131r, olduklar\u0131 gibi g\u00f6r\u00fcnm\u00fc\u015flerdir. Yanl\u0131\u015f yapmam\u0131\u015flard\u0131r belki ama d\u00f6nek olmam\u0131\u015flard\u0131r. Milli G\u00f6r\u00fc\u015f\u00fc \u00e7\u0131kart\u0131p \u00f6nde Avrupa Birli\u011fi, AB arkas\u0131nda ABD ti\u015f\u00f6rt\u00fcn\u00fc giymemi\u015flerdir. Do\u011fruyu s\u00f6ylemi\u015flerdir ama takiye yapmam\u0131\u015flard\u0131r. Dik durmu\u015flar, \u0131srarc\u0131 olmu\u015flar ama teslim olmam\u0131\u015flard\u0131r.&#8221;<\/p>\n<p style=\"text-align: justify;\">&#8220;Ecdad\u0131m\u0131z\u0131n ad\u0131 Say\u0131n Recep Tayyip Erdo\u011fan&#8217;a yak\u0131\u015fm\u0131yor, ecdad\u0131m\u0131z\u0131n yapt\u0131klar\u0131 da kimli\u011fi ile uyu\u015fmuyor&#8221; diyen Bah\u00e7eli, &#8220;Sen kim, Sel\u00e7uklu, Osmanl\u0131 nerede?&#8221; diye konu\u015ftu.<\/p>\n<p style=\"text-align: justify;\"><strong><em>&#8220;Milliyet\u00e7i olamazs\u0131n&#8221;<\/em><\/strong><\/p>\n<p style=\"text-align: justify;\">Milleti sevdikleri i\u00e7in her \u00e7ileyi \u00e7ekeceklerini ifade eden Bah\u00e7eli, &#8220;Ama sen milleti \u0131rk zannediyorsun. Yanl\u0131\u015fl\u0131\u011f\u0131n burada. Cahiliyet d\u00f6neminin kavimiyet\u00e7ili\u011fine tak\u0131l\u0131 kalm\u0131\u015fs\u0131n. Aradan ge\u00e7en bin y\u0131lda biz \u00fclkemizin g\u00fczelliklerinde bir milletle bulu\u015ftuk. Aram\u0131zda ortak ge\u00e7mi\u015f, ortak dil, ortak vatan, ortak k\u00fclt\u00fcr, ortak paydalar olu\u015fturduk. Bunlardan senin haberin yok. Sen farkl\u0131la\u015fman\u0131n pe\u015findesin. Bakt\u0131\u011f\u0131n\u0131 karde\u015f\u00e7e g\u00f6rmek yerine ne fark\u0131 var, onu fark ederek ayr\u0131mc\u0131l\u0131\u011fa, b\u00f6l\u00fcc\u00fcl\u00fc\u011fe minnet etmektesin. Sen milliyet\u00e7i olamazs\u0131n, onun i\u00e7in ke\u015fke olsan, sayg\u0131 duyar\u0131z, iftihar ederiz. Bir milliyet\u00e7i Ba\u015fbakan\u0131m\u0131z var diye \u00f6v\u00fcn\u00fcr\u00fcz ama sen istesen de milliyet\u00e7i olamazs\u0131n, milliyet\u00e7ili\u011fin ne anlama geldi\u011fini asla ve asla anlayamazs\u0131n&#8221; dedi.<\/p>\n<p style=\"text-align: justify;\">Bah\u00e7eli, &#8220;Avrupa ile m\u00fczakerelerde teslim olan sen, Amerika&#8217;yla g\u00f6r\u00fc\u015fmelerde taviz veren sen, K\u0131br\u0131s&#8217;\u0131 g\u00f6zden \u00e7\u0131kartan sen, Kerk\u00fck&#8217;\u00fc kederine terk eden sen, s\u0131n\u0131r \u00f6tesi harekat i\u00e7in icazet bekleyen sen, 6 polisimiz Irak&#8217;ta \u015fehit edilirken susan sen, askerimize \u00e7uval ge\u00e7irilirken utanmayan sen. B\u00f6l\u00fcc\u00fcl\u00fck senin d\u00f6neminde artt\u0131. Ermeniler senin d\u00f6neminde co\u015ftu. Papa heykeli alt\u0131nda imzay\u0131 sen att\u0131n. Yabanc\u0131 bakanlar\u0131n hakaretlerine sen g\u00f6z yumdun. Hamas&#8217;\u0131 \u00e7a\u011f\u0131rd\u0131n, bulu\u015fmadan ka\u00e7t\u0131n. M\u00fcsl\u00fcman zulm\u00fcne seyirci kald\u0131n ama d\u00fcn Gazze&#8217;de nutuk \u00fczerine nutuk att\u0131n. \u015eimdi kalkm\u0131\u015f b\u00fcy\u00fck T\u00fcrk hakan\u0131 Alparslan&#8217;dan s\u00f6z ediyorsun. Sen kimsin, milliyet\u00e7ilik nerede!&#8221; diye seslendi.<\/p>\n<p style=\"text-align: justify;\">&#8220;Herkesin milliyet\u00e7i oldu\u011funu kabul eden ama milliyet\u00e7i\u011fini \u00fclk\u00fcc\u00fcl\u00fc\u011f\u00fcyle \u015fereflendiren MHP&#8217;ye dil uzat\u0131lamayaca\u011f\u0131n\u0131&#8221; s\u00f6yleyen Bah\u00e7eli, &#8220;\u0130\u015fte b\u00f6yle bir Ba\u015fbakan ile kar\u015f\u0131 kar\u015f\u0131yay\u0131z. T\u00fcrkiye&#8217;yi her t\u00fcrl\u00fc imkan\u0131 kullanarak 36 etnik gruba ay\u0131rarak, say\u0131n Cumhurba\u015fkan\u0131&#8217;yla rol payla\u015farak farkl\u0131l\u0131klar\u0131 demokrasinin gere\u011fi gibi tatbik ederek ayr\u0131\u015fmaya, netice alamazsa \u00e7at\u0131\u015fmaya, netice alamazsa ter\u00f6rist ba\u015f\u0131 gibi kendileri de siyasi b\u00f6l\u00fcc\u00fc ba\u015fl\u0131\u011f\u0131na kalk\u0131yorlar&#8221; dedi.<\/p>\n<p style=\"text-align: justify;\">Ba\u015fbakan Erdo\u011fan&#8217;\u0131n bu yoldan vazge\u00e7mesi gerekti\u011fini kaydeden Bah\u00e7eli, &#8220;B\u00f6l\u00fcc\u00fc ba\u015f\u0131 gibi onlar\u0131n taleplerini kar\u015f\u0131layan siyasi b\u00f6l\u00fcc\u00fc ba\u015f\u0131 olmaya heves etme. Tarihe ihanete d\u00fc\u015fm\u00fc\u015f bir Ba\u015fbakan olarak ge\u00e7me diye MHP sizi bir kez daha uyar\u0131yor&#8221; diye konu\u015ftu.<\/p>\n<p style=\"text-align: justify;\">Ba\u015fbakan Erdo\u011fan&#8217;\u0131n &#8220;Anayasa su\u00e7u i\u015flemeye te\u015febb\u00fcsten bir g\u00fcn Y\u00fcce Divan&#8217;a g\u00f6nderilece\u011finden korktu\u011funu&#8221; iddia eden Bah\u00e7eli, &#8220;\u015eehit cenazelerinde hi\u00e7 g\u00f6r\u00fcnmedi\u011finiz g\u00fcnlerde o cenazelere sahip \u00e7\u0131kan \u00fclk\u00fcc\u00fc harekete &#8216;cenaze namaz\u0131n\u0131 k\u0131lm\u0131yor&#8217; diye a\u015fa\u011f\u0131layacaks\u0131n, sen kimsin, kendini nereye koyuyorsun, hi\u00e7 mi yan\u0131nda ulemadan kimse yok. Ne yap\u0131yorsun say\u0131n Ba\u015fbakan? Sen \u00e7\u0131ld\u0131rm\u0131\u015fs\u0131n&#8230; Bu gidi\u015fat say\u0131n Ba\u015fbakan&#8217;\u0131n ba\u015f\u0131n\u0131 yakacak, onunla beraber AKP&#8217;yi yok edecek&#8221; ifadelerini kulland\u0131.<\/p>\n<p style=\"text-align: justify;\"><span style=\"color: #888888;\">CNN T\u00dcRK<\/span><\/p>\n","protected":false},"excerpt":{"rendered":"<\/p>\n<p style=\"text-align: justify;\">MHP lideri Devlet Bah\u00e7eli, Ba\u015fbakan Recep Tayyip Erdo\u011fan&#8217;\u0131 &#8220;siyasi b\u00f6l\u00fcc\u00fc ba\u015f\u0131l\u0131\u011f\u0131&#8221;na soyunmakla su\u00e7lad\u0131. Erdo\u011fan&#8217;\u0131n d\u00fcn parti kongresinde MHP&#8217;ye y\u00f6neltti\u011fi ele\u015ftirileri hedef alan Bah\u00e7eli, \u00e7ok sert bir \u00fcslup kulland\u0131. Ba\u015fbakan&#8217;\u0131n K\u00fcrt a\u00e7\u0131l\u0131m\u0131yla b\u00f6l\u00fcc\u00fcl\u00fc\u011fe hizmet etti\u011fini ileri s\u00fcren Bah\u00e7eli, &#8220;\u0130ktidara gelirsek, Erdo\u011fan&#8217;\u0131 Y\u00fcce Divan&#8217;a g\u00f6nderece\u011fiz&#8221; dedi.<\/p>\n<p style=\"text-align: justify;\">MHP lideri Bah\u00e7eli, partisinin Ankara 9. <\/p>\n","protected":false},"author":1,"featured_media":0,"comment_status":"open","ping_status":"closed","sticky":false,"template":"","format":"standard","meta":{"footnotes":""},"categories":[105],"tags":[],"class_list":["post-15567","post","type-post","status-publish","format-standard","hentry","category-gundem","odd"],"_links":{"self":[{"href":"http:\/\/www.korhanyilmaz.com\/index.php?rest_route=\/wp\/v2\/posts\/15567","targetHints":{"allow":["GET"]}}],"collection":[{"href":"http:\/\/www.korhanyilmaz.com\/index.php?rest_route=\/wp\/v2\/posts"}],"about":[{"href":"http:\/\/www.korhanyilmaz.com\/index.php?rest_route=\/wp\/v2\/types\/post"}],"author":[{"embeddable":true,"href":"http:\/\/www.korhanyilmaz.com\/index.php?rest_route=\/wp\/v2\/users\/1"}],"replies":[{"embeddable":true,"href":"http:\/\/www.korhanyilmaz.com\/index.php?rest_route=%2Fwp%2Fv2%2Fcomments&post=15567"}],"version-history":[{"count":0,"href":"http:\/\/www.korhanyilmaz.com\/index.php?rest_route=\/wp\/v2\/posts\/15567\/revisions"}],"wp:attachment":[{"href":"http:\/\/www.korhanyilmaz.com\/index.php?rest_route=%2Fwp%2Fv2%2Fmedia&parent=15567"}],"wp:term":[{"taxonomy":"category","embeddable":true,"href":"http:\/\/www.korhanyilmaz.com\/index.php?rest_route=%2Fwp%2Fv2%2Fcategories&post=15567"},{"taxonomy":"post_tag","embeddable":true,"href":"http:\/\/www.korhanyilmaz.com\/index.php?rest_route=%2Fwp%2Fv2%2Ftags&post=15567"}],"curies":[{"name":"wp","href":"https:\/\/api.w.org\/{rel}","templated":true}]}}