{"id":15537,"date":"2009-10-03T13:56:26","date_gmt":"2009-10-03T10:56:26","guid":{"rendered":"http:\/\/www.korhanyilmaz.com\/?p=15537"},"modified":"2009-10-03T13:56:26","modified_gmt":"2009-10-03T10:56:26","slug":"turk-kimligi-total-bir-kimliktir","status":"publish","type":"post","link":"http:\/\/www.korhanyilmaz.com\/?p=15537","title":{"rendered":"&quot;T\u00fcrk kimli\u011fi total bir kimliktir&quot;"},"content":{"rendered":"<p style=\"text-align: center;\"><a href=\"http:\/\/www.korhanyilmaz.com\/wp-content\/uploads\/2009\/10\/avsar.jpg\"  class=\"lightview\"><img loading=\"lazy\" decoding=\"async\" class=\"aligncenter size-full wp-image-15538\" src=\"http:\/\/www.korhanyilmaz.com\/wp-content\/uploads\/2009\/10\/avsar.jpg\" alt=\"\" width=\"224\" height=\"222\" \/><\/a><\/p>\n<p style=\"text-align: justify;\">Bak\u0131rk\u00f6y Cumhuriyet Ba\u015fsavc\u0131s\u0131 Ali \u00c7ak\u0131r, H\u00fclya Av\u015far i\u00e7in verdi\u011fi takipsizlik karar\u0131nda, T\u00fcrk kimli\u011fi tan\u0131m\u0131 da yapt\u0131 ve \u201cT\u00fcrk kimli\u011fi, Osmanl\u0131\u2019dan kalan t\u00fcm \u0131rklar\u0131, milletleri ve dinleri i\u00e7inde bar\u0131nd\u0131ran total bir kimliktir\u201d dedi.<\/p>\n<p style=\"text-align: justify;\">Bak\u0131rk\u00f6y Cumhuriyet Ba\u015fsavc\u0131l\u0131\u011f\u0131\u2019n\u0131n sanat\u00e7\u0131 H\u00fclya Av\u015far hakk\u0131nda verdi\u011fi jet takipsizlik karar\u0131n\u0131n gerek\u00e7esi belli oldu. Bak\u0131rk\u00f6y Cumhuriyet Ba\u015fsavc\u0131s\u0131 Ali \u00c7ak\u0131r, sanat\u00e7\u0131 Av\u015far i\u00e7in verdi\u011fi takipsizlik karar\u0131nda \u201cbirlik ve beraberlik i\u00e7inde olunmas\u0131 gerekti\u011fi\u201d vurgusunu yapt\u0131. \u00c7ak\u0131r, karar\u0131nda, T\u00fcrk kimli\u011fi tan\u0131m\u0131 da yapt\u0131 ve \u201cT\u00fcrk kimli\u011fi, Osmanl\u0131\u2019dan kalan t\u00fcm \u0131rklar\u0131, milletleri ve dinleri i\u00e7inde bar\u0131nd\u0131ran total bir kimliktir\u201d dedi.<!--more--><\/p>\n<p style=\"text-align: justify;\">Yapt\u0131\u011f\u0131 bir r\u00f6portaj\u0131nda babas\u0131n\u0131n K\u00fcrt, oldu\u011funu a\u00e7\u0131klad\u0131ktan sonra hakk\u0131nda, \u201cHalk\u0131 kin, nefret ve d\u00fc\u015fmanl\u0131\u011fa tahrik etmek\u201d su\u00e7undan dolay\u0131 soru\u015fturma a\u00e7\u0131lan H\u00fclya Av\u015far ile ilgili takipsizlik karar\u0131 verildi. Ge\u00e7ti\u011fimiz hafta Bak\u0131rk\u00f6y Adliyesi\u2019nde Av\u015far\u2019\u0131n ifadesini alan, \u00f6nceki g\u00fcnde takipsizlik karar\u0131 veren Savc\u0131 \u00c7ak\u0131r, tarihe ge\u00e7ecek gerek\u00e7eli karar\u0131nda birlik ve beraberli\u011fe vurgu yapt\u0131.<\/p>\n<p style=\"text-align: justify;\"><strong><em>\u201cD\u00dc\u015e\u00dcNCE \u00d6ZG\u00dcRL\u00dc\u011e\u00dc KAPSAMINDA\u201d<\/em><\/strong><\/p>\n<p style=\"text-align: justify;\">Savc\u0131 \u00c7ak\u0131r, Av\u015far\u2019\u0131n bu su\u00e7u i\u015flemedi\u011fine y\u00f6nelik kanaat olu\u015fturmas\u0131 nedeniyle takipsizlik karar\u0131 verdi\u011fi ifade etti ve \u015fu g\u00f6r\u00fc\u015fleri dile getirdi:<\/p>\n<p style=\"text-align: justify;\">\u201cTarihte Anadolu insan\u0131n\u0131n utanaca\u011f\u0131 hi\u00e7bir d\u00f6nem ve olay olmam\u0131\u015ft\u0131r. Bug\u00fcn de karga\u015fa ve kaos durumundan sonra kurulmak istenen yeni dengenin emperyalizmin yarar\u0131na olmamas\u0131 i\u00e7in, birlik ve beraberlik i\u00e7inde olunmas\u0131 gerekmektedir. \u015e\u00fcphelinin samimi tavr\u0131 ve tarihsel ger\u00e7eklerle T\u00fcrkiye Cumhuriyeti devletinin anayasal h\u00fck\u00fcmleriyle \u00e7eli\u015fmedi\u011fi; g\u00fcncel bir konunun d\u00fc\u015f\u00fcnce \u00f6zg\u00fcrl\u00fc\u011f\u00fc kapsam\u0131nda ele al\u0131narak g\u00f6r\u00fc\u015f ve d\u00fc\u015f\u00fcncesini a\u00e7\u0131klad\u0131\u011f\u0131 sonucuna var\u0131ld\u0131.<\/p>\n<p style=\"text-align: justify;\">Kamuoyunda \u2018K\u00fcrt a\u00e7\u0131l\u0131m\u0131\u2019 olarak ileri s\u00fcr\u00fclen tart\u0131\u015fman\u0131n tarihsel s\u00fcre\u00e7 i\u00e7erisinde, nedensellik \u00f6l\u00e7\u00fctleriyle irdelenmesi soru\u015fturma konusuyla yak\u0131n alaka te\u015fkil etmektedir.<\/p>\n<p style=\"text-align: justify;\">Anadolu tarihsel olarak etkin rol\u00fcn\u00fc Osmanl\u0131 ile kazanm\u0131\u015f, Osmanl\u0131\u2019dan sonra kurulan T\u00fcrkiye Cumhuriyeti ise, b\u00f6lgesel etnik farkl\u0131l\u0131klar\u0131, din mezhep ve dil ayr\u0131l\u0131klar\u0131n\u0131n \u00fcst\u00fcnde bir \u00f6rg\u00fctlenme olmu\u015ftur.<\/p>\n<p style=\"text-align: justify;\"><strong><em>\u201cTOTAL B\u0130R K\u0130ML\u0130KT\u0130R\u201d<\/em><\/strong><\/p>\n<p style=\"text-align: justify;\">T\u00fcrk kimli\u011fi, Osmanl\u0131\u2019dan kalan t\u00fcm \u0131rklar\u0131, milletleri ve dinleri i\u00e7inde bar\u0131nd\u0131ran total bir kimliktir. Bu kimlik, ideolojik bir aidiyet de\u011fil, ulus aidiyetidir. Ulus devletin T\u00fcrk kimli\u011fi, farkl\u0131l\u0131klar\u0131n ortaya \u00e7\u0131kard\u0131\u011f\u0131 \u00e7e\u015fitlili\u011fin hem t\u00fcm\u00fcn\u00fc kucaklam\u0131\u015f hem de t\u00fcm\u00fcn\u00fcn \u00fcst\u00fcnde yer alm\u0131\u015ft\u0131r. Bir ba\u015fka deyi\u015fle T\u00fcrk kimli\u011fi, etnik kimliklerin t\u00fcm\u00fcn\u00fc i\u00e7ine alan etnikler \u00fcst\u00fc bir kavram olmu\u015ftur. \u2018ne mutlu t\u00fcrk\u00fcm diyene\u2019, i\u015fte bu olguya tekab\u00fcl etmektedir.<\/p>\n<p style=\"text-align: justify;\">Tarihte Anadolu insan\u0131n\u0131n utanaca\u011f\u0131 hi\u00e7bir d\u00f6nem ve olay olmam\u0131\u015ft\u0131r. Bug\u00fcn de karga\u015fa ve kaos durumundan sonra kurulmak istenen yeni dengenin emperyalizmin yarar\u0131na olmamas\u0131 i\u00e7in, birlik ve beraberlik i\u00e7inde olunmas\u0131 gerekmektedir.<\/p>\n<p style=\"text-align: justify;\">Bu g\u00fcn de d\u00fcn oldu\u011fu gibi, emperyalizmin zenginlikleri s\u00f6m\u00fcrme projesine, y\u00f6nlendirme ve b\u00f6lme y\u00f6ntemiyle i\u015fleyen \u00e7e\u015fitli etnik kimliklerin kutsanmas\u0131 ve halk\u0131n cehalet i\u00e7inde b\u0131rak\u0131lmas\u0131 e\u015flik etmektedir.<\/p>\n<p style=\"text-align: justify;\">Tarihsel olarak Mustafa Kemal Atat\u00fcrk&#8217;\u00fcn \u00f6nderli\u011finde kurulan T\u00fcrkiye Cumhuriyeti devleti; kurulu\u015fundan bu yana mazlum halklar\u0131n savunuculu\u011fu yapan politikalar izlemi\u015ftir. Her t\u00fcrl\u00fc eziyete katlanm\u0131\u015f oldu\u011fu halde emperyalizmin \u00f6n\u00fcnde ba\u015f e\u011fmeyen T\u00fcrk halk\u0131, yine onuru ile ekonomik k\u0131r\u0131lganl\u0131k, umutsuzluk, \u00e7aresizlik ve halk\u0131n birbirine yabanc\u0131l\u0131\u011f\u0131 ve d\u00fc\u015fmanl\u0131\u011f\u0131yla i\u015fletilmek istenen bu s\u00fcrecin \u00f6n\u00fcnde durmal\u0131 ve m\u00fccadele etmelidir.\u201d<\/p>\n<p style=\"text-align: justify;\">Savc\u0131, H\u00fclya Av\u015far\u2019\u0131n r\u00f6portaj\u0131nda mu\u011flak ifadelerin bulunmas\u0131 nedeniyle soru\u015fturma a\u00e7\u0131ld\u0131\u011f\u0131n\u0131 kaydederken, \u201cAl\u0131nan ifadesinde ortaya koydu\u011fu \u00f6ng\u00f6r\u00fcleri ve samimi tavr\u0131n\u0131n yukar\u0131da s\u0131ralanan tarihsel ger\u00e7eklerle ve T\u00fcrkiye Cumhuriyeti devletinin anayasal h\u00fck\u00fcmleriyle \u00e7eli\u015fmedi\u011fi; g\u00fcncel bir konunun d\u00fc\u015f\u00fcnce \u00f6zg\u00fcrl\u00fc\u011f\u00fc kapsam\u0131nda ele al\u0131narak g\u00f6r\u00fc\u015f ve d\u00fc\u015f\u00fcncesini a\u00e7\u0131klad\u0131\u011f\u0131 sonucuna var\u0131ld\u0131\u011f\u0131n\u0131\u201d bildirdi. Savc\u0131 \u00c7ak\u0131r karar\u0131nda \u015f\u00f6yle devam etti:<\/p>\n<p style=\"text-align: justify;\">\u201cDemokratik \u00fclkelerde; bas\u0131n\u0131n denetim, uyarma, ele\u015ftirme ve ger\u00e7ekleri a\u00e7\u0131klama h\u00fcrriyetini kullan\u0131rken, d\u00fc\u015f\u00fcncelerin sert bir \u00fcslupla a\u00e7\u0131klanabilece\u011fi gibi, al\u0131\u015f\u0131lm\u0131\u015f\u0131n d\u0131\u015f\u0131nda yay\u0131n yap\u0131labilece\u011finin \u2018A\u0130HS\u2019 h\u00fck\u00fcmleriyle \u2018A\u0130HM\u2019 kararlar\u0131nda g\u00fcvence alt\u0131na al\u0131nd\u0131\u011f\u0131; an\u0131lan nedenlerden \u00f6t\u00fcr\u00fc; \u015f\u00fcphelinin kabul g\u00f6ren savunmas\u0131 ile s\u00f6yle\u015fide ele al\u0131nan konular bir b\u00fct\u00fcn olarak de\u011ferlendirildi\u011finde; d\u00fc\u015f\u00fcnce a\u00e7\u0131klamak ve ele\u015ftiri getirme \u00f6zg\u00fcrl\u00fc\u011f\u00fc kapsam\u0131nda kald\u0131\u011f\u0131n\u0131n anla\u015f\u0131lmas\u0131yla, at\u0131l\u0131 su\u00e7un yasal ve hukuki unsurlar\u0131n\u0131n olu\u015fmad\u0131\u011f\u0131 y\u00f6n\u00fcnde vicdani kanaat olu\u015fmakla; \u015f\u00fcpheliler hakk\u0131nda kamu ad\u0131na kovu\u015fturmaya yer olmad\u0131\u011f\u0131na karar verildi.\u201d <span style=\"color: #888888;\">(ANKA)<\/span><\/p>\n<p style=\"text-align: justify;\"><span style=\"color: #888888;\">Kaynak : Gazeteport<\/span><\/p>\n","protected":false},"excerpt":{"rendered":"<p style=\"text-align: center;\">\n<p style=\"text-align: justify;\">Bak\u0131rk\u00f6y Cumhuriyet Ba\u015fsavc\u0131s\u0131 Ali \u00c7ak\u0131r, H\u00fclya Av\u015far i\u00e7in verdi\u011fi takipsizlik karar\u0131nda, T\u00fcrk kimli\u011fi tan\u0131m\u0131 da yapt\u0131 ve \u201cT\u00fcrk kimli\u011fi, Osmanl\u0131\u2019dan kalan t\u00fcm \u0131rklar\u0131, milletleri ve dinleri i\u00e7inde bar\u0131nd\u0131ran total bir kimliktir\u201d dedi.<\/p>\n<p style=\"text-align: justify;\">Bak\u0131rk\u00f6y Cumhuriyet Ba\u015fsavc\u0131l\u0131\u011f\u0131\u2019n\u0131n sanat\u00e7\u0131 H\u00fclya Av\u015far hakk\u0131nda verdi\u011fi jet takipsizlik karar\u0131n\u0131n gerek\u00e7esi belli oldu. Bak\u0131rk\u00f6y Cumhuriyet <\/p>\n","protected":false},"author":1,"featured_media":0,"comment_status":"open","ping_status":"closed","sticky":false,"template":"","format":"standard","meta":{"footnotes":""},"categories":[105],"tags":[],"class_list":["post-15537","post","type-post","status-publish","format-standard","hentry","category-gundem","odd"],"_links":{"self":[{"href":"http:\/\/www.korhanyilmaz.com\/index.php?rest_route=\/wp\/v2\/posts\/15537","targetHints":{"allow":["GET"]}}],"collection":[{"href":"http:\/\/www.korhanyilmaz.com\/index.php?rest_route=\/wp\/v2\/posts"}],"about":[{"href":"http:\/\/www.korhanyilmaz.com\/index.php?rest_route=\/wp\/v2\/types\/post"}],"author":[{"embeddable":true,"href":"http:\/\/www.korhanyilmaz.com\/index.php?rest_route=\/wp\/v2\/users\/1"}],"replies":[{"embeddable":true,"href":"http:\/\/www.korhanyilmaz.com\/index.php?rest_route=%2Fwp%2Fv2%2Fcomments&post=15537"}],"version-history":[{"count":0,"href":"http:\/\/www.korhanyilmaz.com\/index.php?rest_route=\/wp\/v2\/posts\/15537\/revisions"}],"wp:attachment":[{"href":"http:\/\/www.korhanyilmaz.com\/index.php?rest_route=%2Fwp%2Fv2%2Fmedia&parent=15537"}],"wp:term":[{"taxonomy":"category","embeddable":true,"href":"http:\/\/www.korhanyilmaz.com\/index.php?rest_route=%2Fwp%2Fv2%2Fcategories&post=15537"},{"taxonomy":"post_tag","embeddable":true,"href":"http:\/\/www.korhanyilmaz.com\/index.php?rest_route=%2Fwp%2Fv2%2Ftags&post=15537"}],"curies":[{"name":"wp","href":"https:\/\/api.w.org\/{rel}","templated":true}]}}