{"id":15532,"date":"2009-10-03T23:09:48","date_gmt":"2009-10-03T20:09:48","guid":{"rendered":"http:\/\/www.korhanyilmaz.com\/?p=15532"},"modified":"2009-10-03T23:09:48","modified_gmt":"2009-10-03T20:09:48","slug":"mehmet-agara-suikast-plani-engellendi","status":"publish","type":"post","link":"http:\/\/www.korhanyilmaz.com\/?p=15532","title":{"rendered":"&#039;Mehmet A\u011far&#039;a suikast plan\u0131&#039; engellendi"},"content":{"rendered":"<p style=\"text-align: center;\"><a href=\"http:\/\/www.korhanyilmaz.com\/wp-content\/uploads\/2009\/10\/agar.jpg\"  class=\"lightview\"><img loading=\"lazy\" decoding=\"async\" class=\"aligncenter size-full wp-image-15533\" src=\"http:\/\/www.korhanyilmaz.com\/wp-content\/uploads\/2009\/10\/agar.jpg\" alt=\"\" width=\"307\" height=\"236\" \/><\/a><\/p>\n<p style=\"text-align: justify;\">\u0130stanbul ve 4 ayr\u0131 ilde d\u00fczenlenen operasyonlarda yakalanan &#8220;Devrimci Karargah&#8221; \u00f6rg\u00fct\u00fc \u00fcyesi olduklar\u0131 bildirilen 17 ki\u015finin, &#8220;sansasyonel eylem&#8221; haz\u0131rl\u0131\u011f\u0131 i\u00e7inde olduklar\u0131 bildirildi. Eylemler aras\u0131nda Mehmet A\u011far&#8217;a suikast plan\u0131 oldu\u011fu da belirtildi. G\u00f6zalt\u0131na al\u0131nan 17 ki\u015fiden 8&#8217;i tutukland\u0131.<\/p>\n<p style=\"text-align: justify;\">\u0130stanbul Emniyet M\u00fcd\u00fcrl\u00fc\u011f\u00fc Ter\u00f6rle M\u00fccadele \u015eube M\u00fcd\u00fcrl\u00fc\u011f\u00fcnden yap\u0131lan a\u00e7\u0131klamada, \u0130stihbarat \u015eube M\u00fcd\u00fcrl\u00fc\u011f\u00fc ile koordineli olarak, \u0130stanbul, Ankara, Ayd\u0131n, Denizli ve Diyarbak\u0131r&#8217;da sol bir ter\u00f6r \u00f6rg\u00fct\u00fcne y\u00f6nelik operasyon ba\u015flat\u0131ld\u0131\u011f\u0131 belirtildi.<\/p>\n<p style=\"text-align: justify;\">Operasyonlarda, \u00f6rg\u00fct \u00fcyesi ve \u00f6rg\u00fctle irtibatl\u0131 oldu\u011fu belirlenen 17 ki\u015finin g\u00f6zalt\u0131na al\u0131nd\u0131\u011f\u0131 kaydedildi. G\u00f6zalt\u0131na al\u0131nan ki\u015filerden 10&#8217;u mahkemeye sevkedilirken, 8&#8217;i tutukland\u0131. <!--more--><\/p>\n<p style=\"text-align: justify;\">G\u00f6zalt\u0131na al\u0131nan ki\u015filerin \u00fcstlerinde ve kald\u0131klar\u0131 yerlerde yap\u0131lan aramalarda, bol miktarda dijital malzeme, \u00f6rg\u00fctsel dok\u00fcman ve yay\u0131n ele ge\u00e7irildi\u011fi bildirildi.<\/p>\n<p style=\"text-align: justify;\">Ele ge\u00e7irilen \u00f6rg\u00fctsel malzeme ve yay\u0131nlar\u0131n incelenmesi sonucu sol \u00f6rg\u00fct\u00fcn, &#8220;l\u00fcks ara\u00e7lar\u0131n benzin d\u00f6k\u00fcl\u00fcp yak\u0131lmas\u0131, \u0130stanbul ve \u0130zmir&#8217;de l\u00fcks yatlar\u0131n yak\u0131larak &#8216;demokratik a\u00e7\u0131l\u0131m&#8217; s\u00fcrecinin sabote edilmesi, ulusal bir yay\u0131n kurulu\u015funun kamyonlar\u0131n\u0131n ve depolar\u0131n\u0131n yak\u0131lmas\u0131, u\u00e7ak ka\u00e7\u0131rma ve eski bir siyasi parti ba\u015fkan\u0131 ile i\u015f adamlar\u0131na y\u00f6nelik suikast d\u00fczenlemek gibi sansasyonel eylem haz\u0131rl\u0131\u011f\u0131&#8221; i\u00e7inde olduklar\u0131n\u0131n anla\u015f\u0131ld\u0131\u011f\u0131 a\u00e7\u0131kland\u0131.<\/p>\n<p style=\"text-align: justify;\">Eylemler aras\u0131nda ad\u0131 ge\u00e7en eski siyasi parti ba\u015fkan\u0131n\u0131n Mehmet A\u011far, ulusal bir yay\u0131n kurulu\u015funun ise Zaman gazetesi oldu\u011fu belirtildi.<\/p>\n<p style=\"text-align: justify;\">17 ki\u015finin yakaland\u0131\u011f\u0131 operasyonda, Bostanc\u0131&#8217;da \u00e7\u0131kan \u00e7at\u0131\u015fmada \u00f6ld\u00fcr\u00fclen liderleri Orhan Y\u0131lmazkaya&#8217;n\u0131n yerine T\u00fcrkiye sorumlulu\u011funa Ula\u015f Erdo\u011fan&#8217;\u0131n (31) getirildi\u011fi ifade edildi.<\/p>\n<p style=\"text-align: justify;\">\u00d6rg\u00fct\u00fcn kendi i\u00e7inde \u015fifreli yaz\u0131\u015fmalar ger\u00e7ekle\u015ftirdi\u011fi, talimatlar\u0131n bu \u015fifrelerle verildi\u011fi belirtildi. U\u00e7ak ka\u00e7\u0131rma eylemi,demokratik a\u00e7\u0131l\u0131m s\u00fcrecine zarar verme, siyasi parti eski lideri ve i\u015fadamlar\u0131na y\u00f6nelik eylemler ile bir medya grubunun da aralar\u0131nda bulundu\u011fu eylem talimatlar\u0131n\u0131n bu \u015fifrelerle verildi\u011fi ifade edildi.<\/p>\n<p style=\"text-align: justify;\">\u00d6rg\u00fct liderinin \u00c7e\u00e7enistan&#8217;da 14 ay Ruslara kar\u015f\u0131 sava\u015ft\u0131\u011f\u0131 da ortaya \u00e7\u0131kt\u0131.<\/p>\n<p style=\"text-align: justify;\"><strong><em>Sansasyonel eylemler <\/em><\/strong><\/p>\n<p style=\"text-align: justify;\">\u00d6rg\u00fct\u00fcn yurtd\u0131\u015f\u0131nda bulundu\u011fu belirtilen liderinin verdi\u011fi talimatlar do\u011frultusunda harekete ge\u00e7en Devrimci Karargah \u00f6rg\u00fct\u00fc \u00fcyeleri polisin yapt\u0131\u011f\u0131 bask\u0131nla yakalanm\u0131\u015ft\u0131. 17 ki\u015finin g\u00f6zalt\u0131na al\u0131nd\u0131\u011f\u0131 operasyonda yakalanan \u015f\u00fcpheliler bug\u00fcn adliyeye sevk edildi. \u00d6rg\u00fct\u00fcn sansasyonel eylemlere y\u00f6neldi\u011fi ifade edildi.<\/p>\n<p style=\"text-align: justify;\"><strong><em>U\u00e7ak ka\u00e7\u0131rma eylemi <\/em><\/strong><\/p>\n<p style=\"text-align: justify;\">Bostanc\u0131&#8217;da \u00e7\u0131kan \u00e7at\u0131\u015fma&#8217;da emniyet amiri \u015fehit olmu\u015f, \u00f6rg\u00fct lideri Orhan Y\u0131lmazkaya \u00f6l\u00fc ele ge\u00e7irilmi\u015f bir vatanda\u015f da hayat\u0131n\u0131 kaybetmi\u015fti. \u0130ddianamenin a\u00e7\u0131kland\u0131\u011f\u0131 ve kabul edildi\u011fi g\u00fcn olan 29 Eyl\u00fcl g\u00fcn\u00fc polis \u00f6rg\u00fcte ikinci bask\u0131n\u0131 d\u00fczenledi ve 17 ki\u015fiyi g\u00f6zalt\u0131na ald\u0131.<\/p>\n<p style=\"text-align: justify;\">Y\u0131lmazkaya&#8217;dan sonra \u00f6rg\u00fct\u00fcn T\u00fcrkiye liderli\u011fine Ula\u015f Erdo\u011fan&#8217;\u0131n(31) getirildi\u011fi ortaya \u00e7\u0131kt\u0131. 1995 y\u0131l\u0131nda MLKP \u00fcyesi oldu\u011fu i\u00e7in cezaevinde yatan Erdo\u011fan, cezaevinden \u00e7\u0131kt\u0131ktan sonra \u00c7e\u00e7enistan&#8217;a gitmi\u015f. \u00dclk\u00fcc\u00fc gruplarla 14 ay Ruslarla sava\u015fan Erdo\u011fan&#8217;\u0131n daha sonra T\u00fcrkiye&#8217;ye d\u00f6nd\u00fc\u011f\u00fc ifade edildi.<\/p>\n<p style=\"text-align: justify;\">Erdo\u011fan&#8217;\u0131n \u00f6rg\u00fct liderli\u011fine getirilmesinden sonra baz\u0131 sansasyonel eylemlerin hayata ge\u00e7irilmesi planland\u0131. Bu eylemlerden biri de u\u00e7ak ka\u00e7\u0131rma eylemi planlad\u0131klar\u0131 belirtildi.<\/p>\n<p style=\"text-align: justify;\">Ancak bu plan\u0131n \u00f6rg\u00fct liderinden de\u011fil, T\u00fcrkiye sorumlusu Erdo\u011fan taraf\u0131ndan teklif edildi\u011fi ifade edildi. \u00d6rg\u00fct\u00fcn kendi i\u00e7indeki \u015fifreleme sistemi geli\u015ftirdi\u011fi ve bu kodlarla yurtd\u0131\u015f\u0131nda bulunan \u00f6rg\u00fct lideriyle haberle\u015fti\u011fi ortaya \u00e7\u0131kt\u0131.<\/p>\n<p style=\"text-align: justify;\">Bu \u015fifrelemeye g\u00f6re Erdo\u011fan, yurtd\u0131\u015f\u0131nda bulunan \u00f6rg\u00fct liderine u\u00e7ak ka\u00e7\u0131rma eylemini \u015f\u00f6yle teklif etmi\u015f:<\/p>\n<p style=\"text-align: justify;\">K170 \/ D71 \/ W21 KONUM \u00c7OK \u00d6NEML\u0130 VE STATEJ\u0130K F 88 + V54 \/ 81 &#8211; 103 \/ 22 &#8211; 11 KONUMU M\u00dcMK\u00dcN OLAMAZ MI?<\/p>\n<p style=\"text-align: justify;\">\u00d6rg\u00fct\u00fcn bu ama\u00e7 kapsam\u0131nda havaliman\u0131nda 2 ki\u015fiyi temizlik g\u00f6revlisi olarak yerle\u015ftirdi\u011fi ve bu ki\u015filer bu ama\u00e7 do\u011frultusunda \u00e7al\u0131\u015fma yapm\u0131\u015f.<\/p>\n<p style=\"text-align: justify;\"><strong><em>Siyasi parti eski lideri ve i\u015fadamlar\u0131na suikast <\/em><\/strong><\/p>\n<p style=\"text-align: justify;\">\u00d6rg\u00fct \u00fcyelerinden ele ge\u00e7irilen belgeleri inceleyen polis ekipleri bir siyasi partinin eski lideri ile i\u015fadamlar\u0131na y\u00f6nelik suikast planlad\u0131klar\u0131n\u0131 ortaya \u00e7\u0131kard\u0131. Emniyet yetkilileri siyasi parti lideri ile ilgili herhangi bir bilgi vermedi. Ancak i\u015fadamlar\u0131n\u0131n \u00f6rg\u00fct\u00fcn taban kazanmaya y\u00f6nelik olarak Tuzla Tersanesi&#8217;ndeki \u00f6l\u00fcmlere dikkat \u00e7ekmek i\u00e7in bu i\u015fadamlar\u0131na suikast planlad\u0131klar\u0131 iddia edildi.<\/p>\n<p style=\"text-align: justify;\"><strong><em>Medya grubuna sald\u0131r\u0131 <\/em><\/strong><\/p>\n<p style=\"text-align: justify;\">\u00d6rg\u00fct\u00fcn \u015fifreli kodlar\u0131n\u0131 \u00e7\u00f6zen polis ekipleri bir medya grubuna y\u00f6nelikte sald\u0131r\u0131 plan\u0131n\u0131 ortaya \u00e7\u0131kard\u0131. Yurtd\u0131\u015f\u0131ndan yollanan \u015fifreli sald\u0131r\u0131 plan\u0131n\u0131n &#8220;Ergenekon soru\u015fturmas\u0131 kapsam\u0131nda yap\u0131lan haberlerle ilgili olarak Zaman grubuna eylem yap\u0131lmas\u0131&#8221; olarak ge\u00e7ti\u011fi ifade edildi. Grubun kamyonlar\u0131n\u0131n yada depolar\u0131n\u0131n yak\u0131lmas\u0131 talimat\u0131n\u0131n verildi\u011fi belirtildi.<\/p>\n<p style=\"text-align: justify;\"><strong><em>Demokratik a\u00e7\u0131l\u0131m s\u00fcrecine zarar verme (16.7 KODLU 6250\/G47+H 134) <\/em><\/strong><\/p>\n<p style=\"text-align: justify;\">Emniyet yetkililerinden al\u0131nan bilgiye g\u00f6re \u00f6rg\u00fct liderini demokratik a\u00e7\u0131l\u0131m s\u00fcrecine zarar vermeye y\u00f6nelik eylemler planlad\u0131\u011f\u0131 da \u00f6\u011frenildi.<\/p>\n<p style=\"text-align: justify;\">Buna g\u00f6re \u00f6rg\u00fct \u00fcyelerinin l\u00fcks ara\u00e7lar\u0131n benzin d\u00f6k\u00fclerek yak\u0131lmas\u0131, \u0130stanbul-\u0130zmir gibi illerde sahil yerlerindeki l\u00fcks yatlar\u0131n yak\u0131larak demokratik a\u00e7\u0131l\u0131m s\u00fcrecinin sabote edilmesi talimatlar\u0131 ald\u0131\u011f\u0131 ifade edildi.Demokratik a\u00e7\u0131l\u0131m s\u00fcrecine zarar vermeye y\u00f6nelik eylemlerin talimat\u0131 ise 16.7 KODLU 6 250 \/G 47 + H 134 \u015fifreleriyle verilmi\u015f<\/p>\n<p style=\"text-align: justify;\"><strong><em>A\u011flayarak ifade verdi<\/em><\/strong><\/p>\n<p style=\"text-align: justify;\">\u00d6rg\u00fct\u00fcn T\u00fcrkiye sorumlulu\u011funa getirilen Ula\u015f Erdo\u011fan&#8217;\u0131n sevgilisi Gamze C&#8217;nin ifade verirken a\u011flad\u0131\u011f\u0131 belirtildi. Ula\u015f Erdo\u011fan&#8217;\u0131n bo\u015fanm\u0131\u015f ve \u00e7ocu\u011funun oldu\u011funu \u00f6\u011frenen Gamze C. polise a\u011flayarak ifade verdi. Ankara&#8217;da bir dersanede T\u00fcrk\u00e7e \u00f6\u011fretmen olan Gamze C&#8217;nin Denizli Pamukkale \u00dcniversitesi \u00f6\u011frencisi oldu\u011fu d\u00f6nemden arkada\u015flar\u0131n\u0131 \u00f6rg\u00fcte kazand\u0131rd\u0131\u011f\u0131 ifade edildi.<\/p>\n<p style=\"text-align: justify;\">\u00d6rg\u00fct lideri Erdo\u011fan&#8217;\u0131n ise ifadesinde &#8220;kendisinin ve babas\u0131n\u0131n i\u015f\u00e7i oldu\u011funu s\u00f6yledi\u011fi gelen talimatlar\u0131n i\u015f\u00e7i s\u0131n\u0131f\u0131na zarar verece\u011fi i\u00e7in yava\u015flatmaya \u00e7al\u0131\u015ft\u0131\u011f\u0131n\u0131\u00f6 s\u00f6yledi\u011fi belirtildi.<\/p>\n<p style=\"text-align: justify;\"><strong><em>G\u00f6zalt\u0131na al\u0131nanlar <\/em><\/strong><\/p>\n<p style=\"text-align: justify;\">Operasyon kapsam\u0131nda g\u00f6zalt\u0131na al\u0131nan Cenk B.&#8217;nin havaliman\u0131nda \u00e7al\u0131\u015ft\u0131\u011f\u0131 ve u\u00e7ak ka\u00e7\u0131rma eyleminin \u00e7al\u0131\u015fmalar\u0131n\u0131 organize etti\u011fi ifade edildi.<\/p>\n<p style=\"text-align: justify;\">Zafer ve Bar\u0131\u015f K. Karde\u015fler ile Volkan K. Murat A.,Gamze C., Ahmet G., Salih B., Onur S., \u00dclk\u00fc D.,\u00dclk\u00fc D., Serkan D., Banu \u00c7., Mustafa K., F\u0131rat E., ve Ozan E. g\u00f6zalt\u0131na al\u0131nd\u0131. Murat A.&#8217;n\u0131n \u00f6rg\u00fct\u00fcn propaganda sorumlusu oldu\u011fu ve \u00f6rg\u00fct\u00fcn dergisi olan Demokratik D\u00f6n\u00fc\u015f\u00fcm Dergisi&#8217;nde yazarl\u0131k yapt\u0131\u011f\u0131 belirtildi.<\/p>\n<p style=\"text-align: justify;\">Zafer K&#8217;n\u0131n ise \u0130lerici Gen\u00e7lik Derne\u011fi ba\u015fkan\u0131 oldu\u011fu \u00f6\u011frenildi. \u00d6rg\u00fct\u00fcn ayr\u0131ca Devrimci Gen\u00e7lik Cephesi ad\u0131 alt\u0131nda faaliyet d\u00fczenledi\u011fi ve \u00f6rg\u00fcte eleman kazand\u0131rd\u0131\u011f\u0131 ifade edildi. Emniyette i\u015flemleri tamamlanan \u015f\u00fcpheliler Be\u015fikta\u015f&#8217;taki \u0130stanbul Adliyesi&#8217;ne sevk edildi.<\/p>\n<p style=\"text-align: justify;\"><span style=\"color: #888888;\">CNN T\u00dcRK<\/span><\/p>\n","protected":false},"excerpt":{"rendered":"<p style=\"text-align: center;\">\n<p style=\"text-align: justify;\">\u0130stanbul ve 4 ayr\u0131 ilde d\u00fczenlenen operasyonlarda yakalanan &#8220;Devrimci Karargah&#8221; \u00f6rg\u00fct\u00fc \u00fcyesi olduklar\u0131 bildirilen 17 ki\u015finin, &#8220;sansasyonel eylem&#8221; haz\u0131rl\u0131\u011f\u0131 i\u00e7inde olduklar\u0131 bildirildi. Eylemler aras\u0131nda Mehmet A\u011far&#8217;a suikast plan\u0131 oldu\u011fu da belirtildi. G\u00f6zalt\u0131na al\u0131nan 17 ki\u015fiden 8&#8217;i tutukland\u0131.<\/p>\n<p style=\"text-align: justify;\">\u0130stanbul Emniyet M\u00fcd\u00fcrl\u00fc\u011f\u00fc Ter\u00f6rle M\u00fccadele \u015eube M\u00fcd\u00fcrl\u00fc\u011f\u00fcnden yap\u0131lan a\u00e7\u0131klamada, \u0130stihbarat \u015eube <\/p>\n","protected":false},"author":1,"featured_media":0,"comment_status":"open","ping_status":"closed","sticky":false,"template":"","format":"standard","meta":{"footnotes":""},"categories":[105],"tags":[],"class_list":["post-15532","post","type-post","status-publish","format-standard","hentry","category-gundem","odd"],"_links":{"self":[{"href":"http:\/\/www.korhanyilmaz.com\/index.php?rest_route=\/wp\/v2\/posts\/15532","targetHints":{"allow":["GET"]}}],"collection":[{"href":"http:\/\/www.korhanyilmaz.com\/index.php?rest_route=\/wp\/v2\/posts"}],"about":[{"href":"http:\/\/www.korhanyilmaz.com\/index.php?rest_route=\/wp\/v2\/types\/post"}],"author":[{"embeddable":true,"href":"http:\/\/www.korhanyilmaz.com\/index.php?rest_route=\/wp\/v2\/users\/1"}],"replies":[{"embeddable":true,"href":"http:\/\/www.korhanyilmaz.com\/index.php?rest_route=%2Fwp%2Fv2%2Fcomments&post=15532"}],"version-history":[{"count":0,"href":"http:\/\/www.korhanyilmaz.com\/index.php?rest_route=\/wp\/v2\/posts\/15532\/revisions"}],"wp:attachment":[{"href":"http:\/\/www.korhanyilmaz.com\/index.php?rest_route=%2Fwp%2Fv2%2Fmedia&parent=15532"}],"wp:term":[{"taxonomy":"category","embeddable":true,"href":"http:\/\/www.korhanyilmaz.com\/index.php?rest_route=%2Fwp%2Fv2%2Fcategories&post=15532"},{"taxonomy":"post_tag","embeddable":true,"href":"http:\/\/www.korhanyilmaz.com\/index.php?rest_route=%2Fwp%2Fv2%2Ftags&post=15532"}],"curies":[{"name":"wp","href":"https:\/\/api.w.org\/{rel}","templated":true}]}}