{"id":15528,"date":"2009-10-03T22:35:25","date_gmt":"2009-10-03T20:35:25","guid":{"rendered":"http:\/\/www.korhanyilmaz.com\/?p=15528"},"modified":"2009-10-03T22:35:25","modified_gmt":"2009-10-03T20:35:25","slug":"erdogandan-muhalefete-turkiyeyi-bolen-sizsiniz","status":"publish","type":"post","link":"http:\/\/www.korhanyilmaz.com\/?p=15528","title":{"rendered":"Erdo\u011fan&#039;dan muhalefete: &#039;&#039;T\u00fcrkiyeyi b\u00f6len sizsiniz&#039;&#039;"},"content":{"rendered":"<p style=\"text-align: center;\"><a href=\"http:\/\/www.korhanyilmaz.com\/wp-content\/uploads\/2009\/10\/TAYY\u0130P2.jpg\"  class=\"lightview\"><img loading=\"lazy\" decoding=\"async\" class=\"aligncenter size-full wp-image-15529\" src=\"http:\/\/www.korhanyilmaz.com\/wp-content\/uploads\/2009\/10\/TAYY\u0130P2.jpg\" alt=\"\" width=\"307\" height=\"236\" \/><\/a><\/p>\n<p style=\"text-align: justify;\">Ba\u015fbakan Recep Tayyip Erdo\u011fan, AK Parti 3. Olagan Kongresi&#8217;nde K\u00fcrt a\u00e7\u0131l\u0131m\u0131yla ilgili mesajlar verdi, &#8220;K\u00fcrt karde\u015fimin meselesi benim meselemdir&#8221; dedi. Muhalefete de y\u00fcklenen Erdo\u011fan, &#8221;T\u00fcrkiyeyi as\u0131l b\u00f6len sizsiniz&#8221; diye konu\u015ftu.<\/p>\n<p style=\"text-align: justify;\">AK Parti&#8217;nin 3. Ola\u011fan Kongre&#8217;si Ankara&#8217;da ba\u015flad\u0131. Ba\u015fbakan Recep Tayyip Erdo\u011fan&#8217;\u0131n tek genel ba\u015fkan aday\u0131 oldu\u011fu kongrede ana tema ise a\u00e7\u0131l\u0131md\u0131.<\/p>\n<p style=\"text-align: justify;\">Erdo\u011fan da  a\u00e7\u0131l\u0131\u015f konu\u015fmas\u0131n\u0131n b\u00fcy\u00fck bir b\u00f6l\u00fcm\u00fcn\u00fc a\u00e7\u0131l\u0131ma ay\u0131rd\u0131. <!--more--><\/p>\n<p style=\"text-align: justify;\"><strong><em>K\u00dcRT A\u00c7ILIMI MESAJLARI <\/em><\/strong><\/p>\n<p style=\"text-align: justify;\">Muhalefete seslenen Erdo\u011fan MHP ve CHP i\u00e7in iki farkl\u0131 dil kulland\u0131. G\u00f6r\u00fc\u015fme talebini reddeden MHP&#8217;yi sert bir dille ele\u015ftiren Erdo\u011fan CHP&#8217;ye ise &#8220;Gelin \u00fcz\u00fcm\u00fc beraber yiyelim&#8221; diyerek \u00e7a\u011fr\u0131da bulundu.<\/p>\n<p style=\"text-align: justify;\">Ba\u015fbakan CHP&#8217;ye y\u00f6nelik olarak da &#8220;Yaz\u0131l\u0131 davet isteyece\u011fim, verirlerse gidece\u011fim&#8221; diye konu\u015ftu.<\/p>\n<p style=\"text-align: justify;\">Erdo\u011fan, &#8220;\u00dclkenin bir meselesi varsa, AK Parti&#8217;nin ona s\u0131rt\u0131n\u0131 d\u00f6nme se\u00e7ene\u011fi asla ve asla yok. \u00dclkemde kanayan bir yara varsa, AK Parti&#8217;nin ona ilgisiz kalma, alakas\u0131z kalma l\u00fcks\u00fc asla ve asla yok. \u00dclkemde y\u00fckselen bir talep varsa, AK Parti&#8217;nin ona kar\u015f\u0131 k\u00f6r, sa\u011f\u0131r, dilsiz olma ihtimali yok&#8221; dedi.<\/p>\n<p style=\"text-align: justify;\">&#8220;\u00dclkemde y\u00fckselen bir talep varsa, AK Parti&#8217;nin ona kar\u015f\u0131 k\u00f6r, sa\u011f\u0131r, dilsiz olma ihtimali yok. T\u00fcrk karde\u015fimin meselesi benim meselemdir. K\u00fcrt karde\u015fimin meselesi benim meselemdir&#8221; diyen Erdo\u011fan, &#8220;Alevi karde\u015fimin meselesi benim meselemdir. Az\u0131nl\u0131klar\u0131n meselesi, benim meselemdir. Bu \u00fclkeye vatanda\u015fl\u0131k ba\u011f\u0131yla ba\u011fl\u0131 her bir karde\u015fimin meselesi benim meselemdir. \u0130\u015fte onun i\u00e7in &#8216;milli birlik&#8217; diyoruz. \u0130\u015fte onun i\u00e7in &#8216;demokratik a\u00e7\u0131l\u0131m&#8217; diyoruz&#8221; diye konu\u015ftu.<\/p>\n<p style=\"text-align: justify;\">Erdo\u011fan, &#8220;Meydanlarda hamasetle bu i\u015f \u00e7\u00f6z\u00fclm\u00fcyor. Onun i\u00e7in diyoruz ki ne biliyorsan onu s\u00f6yle. Hizmetkar\u0131n olal\u0131m, do\u011frular\u0131 payla\u015fal\u0131m, beraber bunu ortadan kald\u0131ral\u0131m diyoruz. Bildi\u011fimizi, d\u00fc\u015f\u00fcnd\u00fc\u011f\u00fcm\u00fcz\u00fc dayatal\u0131m demiyoruz gel beraber yapal\u0131m diyoruz. Onun i\u00e7in de \u0130\u00e7i\u015fleri Bakan\u0131m\u0131z\u0131n koordinasyonunda bug\u00fcne kadar \u00e7al\u0131\u015ft\u0131k, \u00e7al\u0131\u015f\u0131yoruz.  Herkes, \u00e7\u00f6z\u00fcm\u00fc devletten bekliyorsa, herkes \u00e7\u00f6z\u00fcm\u00fc siyasetten bekliyorsa, buna g\u00f6z\u00fcn\u00fc yummak, buna duyars\u0131z kalmak ak\u0131l kar\u0131 m\u0131d\u0131r? B\u00f6yle bir yakla\u015f\u0131m, demokrasiden ba\u015fka, siyasetten ba\u015fka, hukuktan ba\u015fka kap\u0131lar\u0131n a\u00e7\u0131lmas\u0131na seyirci kalmak demek de\u011fil midir?&#8221; ifadelerini kulland\u0131.<\/p>\n<p style=\"text-align: justify;\"><strong><em>&#8220;Kimse AK Parti&#8217;ye &#8216;\u00fclkeyi b\u00f6l\u00fcyorsun&#8217; diyemez&#8221; <\/em><\/strong><\/p>\n<p style=\"text-align: justify;\">Erdo\u011fan, AK Parti&#8217;nin her meseleyi siyaset i\u00e7inde, hukuk i\u00e7inde, demokrasi i\u00e7inde konu\u015fulabilece\u011fini, tart\u0131\u015f\u0131labilece\u011fini, \u00e7\u00f6z\u00fclebilece\u011fini d\u00fc\u015f\u00fcnd\u00fc\u011f\u00fcn\u00fc ifade ederek,T\u00fcrkiye&#8217;nin her sorunu hal yoluna koyabilecek bir donan\u0131ma, bir birikime ve bir \u00f6zg\u00fcvene sahip oldu\u011funa inand\u0131klar\u0131n\u0131 belirtti. Son derece halis duygularla, son derece samimi hislerle, son derece hasbi niyetlerle yola \u00e7\u0131kt\u0131klar\u0131n\u0131 anlatan Erdo\u011fan, &#8220;Burada iki \u015fey var. Bir hesab\u0131 olanlar var, iki hasbi olanlar var. Hesab\u0131 olanlar\u0131 milletim hesaba \u00e7ekecek. Ama hasbi olanlar\u0131 da benim milletim her zaman oldu\u011fu gibi m\u00fckafatland\u0131racak&#8221; diye konu\u015ftu.<\/p>\n<p style=\"text-align: justify;\">&#8220;Utanmadan, s\u0131k\u0131lmadan bir de kalkacaks\u0131n, diyeceksin ki T\u00fcrkiye&#8217;yi b\u00f6l\u00fcyorlar. T\u00fcrkiye&#8217;yi as\u0131l b\u00f6len sizsiniz, siz. Sizin ta kendiniz bu \u00fclkeyi y\u0131llard\u0131r maalesef etnik ifadelerle b\u00f6ld\u00fcn\u00fcz. Hi\u00e7 bir zaman kucaklayamad\u0131n\u0131z&#8221; diyen Ba\u015fbakan Erdo\u011fan, &#8220;Cenazelerimizde bizim slogan at\u0131lmaz. Ba\u011f\u0131r\u0131p, \u00e7a\u011fr\u0131lmaz. Tekbir dahi getirilmez&#8230; Ve maalesef cenaze namaz\u0131nda da durmazlar. \u015eehide sayg\u0131n varsa gel g\u00f6revini yap! B\u0131rak slogan atmay\u0131, b\u0131rak orada bu i\u015fin adab\u0131 i\u00e7erisinde olmayan \u015feyleri yapmay\u0131&#8221; \u015feklinde konu\u015ftu ve a\u00e7\u0131l\u0131m s\u00fcrecine muhalefet eden kesimleri ele\u015ftirdi ve s\u00f6z konusu olaylar\u0131, &#8216;provokasyon&#8217; olarak de\u011ferlendirdi.<\/p>\n<p style=\"text-align: justify;\"><strong><em>&#8220;Yaz\u0131l\u0131 davet isteyece\u011fim&#8221;<\/em><\/strong><\/p>\n<p style=\"text-align: justify;\">Bu s\u00fcreci y\u0131lmadan, usanmadan devam ettireceklerini, parlamentoda \u00f6nce milletvekillerince konuyu m\u00fczakere edeceklerini, daha sonra da b\u00fct\u00fcn T\u00fcrkiye&#8217;yi dola\u015facaklar\u0131n\u0131 belirten Erdo\u011fan, \u0130\u00e7i\u015fleri Bakan\u0131 Be\u015fir Atalay&#8217;\u0131n iki ayd\u0131r konuya ili\u015fkin sivil toplum \u00f6rg\u00fctleri, siyasi partiler, d\u00fc\u015f\u00fcnce gruplar\u0131, yaz\u0131l\u0131 ve g\u00f6rsel yay\u0131nlar\u0131n temsilcileri ve akademisyenlerle g\u00f6r\u00fc\u015ft\u00fc\u011f\u00fcn\u00fc an\u0131msatt\u0131.<\/p>\n<p style=\"text-align: justify;\">Erdo\u011fan, &#8220;Havuzda \u015fu anda bir \u015feyler birikti. Bu kongreden sonra MHP karar\u0131n\u0131 a\u00e7\u0131klad\u0131\u011f\u0131 i\u00e7in, ret cevab\u0131 verdi\u011fi i\u00e7in, gerek yok. CHP yaz\u0131l\u0131 cevap vermedi\u011fi i\u00e7in ben bir yaz\u0131l\u0131 davet isteyece\u011fim. Verirler veya vermezler. Vermeleri halinde gidece\u011fim, konu\u015faca\u011f\u0131m. Konu\u015ftuktan sonra da ona g\u00f6re yolumuza devam edece\u011fiz. Biz bu konuda ba\u011fc\u0131yla u\u011fra\u015fm\u0131yoruz bizim tek derdimiz bar\u0131\u015f\u0131n, \u00f6zg\u00fcrl\u00fc\u011f\u00fcn, karde\u015fli\u011fin markas\u0131 olan \u00fcz\u00fcm\u00fc yemek. Ve slogan atarak, iftira atarak, a\u011f\u0131r ithamlarla s\u00fcreci tahrik ederek a\u00e7\u0131l\u0131mlar\u0131 baltalamak i\u00e7in ellerinden geleni yap\u0131yorlar. Cenaze t\u00f6renlerinden, stad trib\u00fcnlerine kadar neler yapt\u0131klar\u0131n\u0131 g\u00f6r\u00fcyorsunuz de\u011fil mi?&#8221; diye sordu.<\/p>\n<p style=\"text-align: justify;\">&#8220;Bu provokasyonlar\u0131 kimler ne i\u00e7in yap\u0131yor, milletim biliyor. Futbolu dahi tahriklerine alet edecek kadar bu \u00fclkenin karde\u015fli\u011finden haz etmiyorlar. Cenazelerimizde bizim slogan at\u0131lmaz&#8221; diyen Erdo\u011fan, &#8220;Ba\u011f\u0131r\u0131p, \u00e7a\u011fr\u0131lmaz. Tekbir dahi getirilmez. Bunlar\u0131 biz bu i\u015fin ehli olanlardan \u00f6\u011frendik. Ama ehli olanlar musallan\u0131n ba\u015f\u0131nda s\u00f6ylemelerine ra\u011fmen onlar bak\u0131yorsunuz kendilerine has sloganlar\u0131yla, kendilerine has i\u015faretleriyle, kendilerine siyasi rant dev\u015firmenin gayreti i\u00e7erisindeler. Ve maalesef cenaze namaz\u0131nda da durmazlar. \u015eehide sayg\u0131n varsa gel g\u00f6revini yap. B\u0131rak slogan atmay\u0131, b\u0131rak orada bu i\u015fin adab\u0131 i\u00e7erisinde olmayan \u015feyleri yapmay\u0131&#8221; \u015feklinde konu\u015ftu.<\/p>\n<p style=\"text-align: justify;\"><strong><em>&#8220;K\u0131\u015fk\u0131rtmalara prim vermeyiniz&#8221; <\/em><\/strong><\/p>\n<p style=\"text-align: justify;\">B\u00fct\u00fcn bu ya\u015fanan olumsuzluklar\u0131 sab\u0131rla kar\u015f\u0131lad\u0131klar\u0131n\u0131, sab\u0131rla da kar\u015f\u0131lamaya devam ettiklerini ifade eden Erdo\u011fan, hi\u00e7 bir zaman k\u00f6t\u00fcy\u00fc kendilerine \u00f6rnek almayacaklar\u0131n\u0131, yap\u0131lan ayr\u0131mc\u0131l\u0131\u011f\u0131, haks\u0131zl\u0131\u011f\u0131 onaylayan, suskunluk ve pi\u015fkinlik i\u00e7erisinde olmayacaklar\u0131n\u0131 vurgulad\u0131.<\/p>\n<p style=\"text-align: justify;\">Erdo\u011fan, &#8220;Stadlarda at\u0131lacak her gol kalemize at\u0131lacakt\u0131r. Orada at\u0131lacak her gol, bizi k\u00fcme d\u00fc\u015f\u00fcrecektir. Orada at\u0131lacak her gol, d\u00fc\u015fmanl\u0131\u011f\u0131n, \u00e7at\u0131\u015fman\u0131n, ayr\u0131\u015fman\u0131n hanesine yaz\u0131lacakt\u0131r. Gelin, karde\u015flik ad\u0131na, dostluk ad\u0131na, birlik ve beraberli\u011fimiz ad\u0131na gol atal\u0131m. Zorlu bir s\u00fcre\u00e7teyiz, zor bir d\u00f6neme\u00e7teyiz, sab\u0131r isteyen, so\u011fukkanl\u0131l\u0131k isteyen, suhulet isteyen bir de\u011fi\u015fim s\u00fcrecindeyiz. Ter\u00f6r piyasas\u0131ndan nemalananlar, kirli oyunlar\u0131n\u0131 sergilemeye devam edecekler. Biz o oyunlar\u0131 hep birlikte bozaca\u011f\u0131z, millet olarak, el ele, g\u00f6n\u00fcl g\u00f6n\u00fcle bozaca\u011f\u0131z. Ve bu demokratik a\u00e7\u0131l\u0131m s\u00fcrecinde \u00f6ncelikli ter\u00f6r sorunu var&#8221; diye konu\u015ftu.<\/p>\n<p style=\"text-align: justify;\"><strong><em>Ba\u015fbakan Erdo\u011fan&#8217;\u0131n konu\u015fmas\u0131ndan \u00f6ne \u00e7\u0131kan di\u011fer sat\u0131r ba\u015flar\u0131: <\/em><\/strong><\/p>\n<p style=\"text-align: justify;\">Erdo\u011fan, &#8220;Cumhuriyetimizin temel nitelikleri olan demokrasiden, laiklikten, sosyal devletten ve hukuk devleti anlay\u0131\u015f\u0131ndan taviz vermeden \u00fclkemizi, milletimizi ve devletimizi y\u00fcceltmeye devam edece\u011fiz&#8221; dedi.<\/p>\n<p style=\"text-align: justify;\">Bu parti, bu hareket ve bu kadronun, milletin rotas\u0131ndan ba\u015fka bir rota tan\u0131mad\u0131\u011f\u0131n\u0131 belirterek, &#8220;Bundan sonra da tan\u0131mayacak. Bu partiye, toplumdan kopuk olan elitler y\u00f6n belirleyemez. Bu partiye, k\u00fc\u00e7\u00fcmseyerek bakan se\u00e7kinler rota \u00e7izemez. Bu parti milletin hukukunu ayaklar alt\u0131na alan \u00e7eteler sirayet edemez. Zira \u00fczerimizdeki y\u00fck, aziz milletin y\u00fck\u00fcd\u00fcr. \u00dczerimizdeki emanet top yekin milletin emanetidir. Biz bu y\u00fck\u00fc yere d\u00fc\u015f\u00fcrmedik. Bundan sonra da d\u00fc\u015f\u00fcrmeyece\u011fiz. Biz bu emanete halel getirmedik, bundan sonra da Allah&#8217;\u0131n izniyle getirmeyece\u011fiz&#8221; dedi.<\/p>\n<p style=\"text-align: justify;\">&#8220;Dikkat edin, iktidarda bulundu\u011fumuz 7 y\u0131l boyunca \u00fczerimizdeki bu emaneti d\u00fc\u015f\u00fcrmek isteyenler oldu. Millet iradesini g\u00f6lgelemek, milletin arzu ve taleplerini \u00e7i\u011fnemek isteyenler oldu. Bizi demokrasi yolunda, ilerleme yolunda, kalk\u0131nma yolunda al\u0131koymak isteyenler oldu. Tahriklerle, provokasyonlarla, kirli senaryolarla T\u00fcrkiye&#8217;yi karanl\u0131k mecralara sevk etmek isteyenler oldu. Hi\u00e7 birine boyun e\u011fmedik. Hi\u00e7birine prim vermedik. Dik durduk, boynumuzu b\u00fckmedik, ba\u015f\u0131m\u0131z\u0131 \u00f6ne e\u011fmedik&#8221; diyen Erdo\u011fan,  &#8220;AK Parti&#8217;nin akl\u0131na asla ve asla g\u00f6lge d\u00fc\u015f\u00fcrmedik. 3 Kas\u0131m 2002 bu \u00fclke i\u00e7in bu \u00fclke ve millet i\u00e7in milat olmu\u015ftur. 3 Kas\u0131m&#8217;dan itibaren bu \u00fclkede siyaset tart\u0131, y\u00f6netim anlay\u0131\u015f\u0131, demokrasinin standard\u0131, devlet millet kayna\u015fmas\u0131 k\u00f6kl\u00fc \u015fekilde de\u011fi\u015fmi\u015ftir. Millet iradesinin se\u00e7imlerin d\u0131\u015f\u0131nda bir yolla de\u011fi\u015ftirilebilece\u011fine inananlar, art\u0131k kar\u015f\u0131s\u0131nda milleti bulurlar&#8221; ifadelerini kulland\u0131.<\/p>\n<p style=\"text-align: justify;\">Ba\u015fbakan, &#8220;Demokrasinin ertelenebilece\u011fini, zafiyete u\u011frat\u0131labilece\u011fini vehmedenler, kar\u015f\u0131lar\u0131nda milleti bulurlar. H\u00fck\u00fcmet politikalar\u0131n\u0131 \u00e7eteler eliyle, mafya eliyle, gizli senaryolarla, kirli ili\u015fkilerle \u015fekillenebilece\u011fine inananlar, b\u00f6yle bir gayretin i\u00e7ine girenler, kar\u015f\u0131lar\u0131nda hukuku bulurlar. Milleti, bulurlar, Ak Parti iktidar\u0131n\u0131 bulurlar&#8221; diye konu\u015ftu.<\/p>\n<p style=\"text-align: justify;\">Mehmet AKif Ersoy&#8217;un, &#8220;Cehennem olsa gelen, g\u00f6\u011fs\u00fcm\u00fczde s\u00f6nd\u00fcr\u00fcr\u00fcz, bu yol hak yoludur d\u00f6nme bilmez y\u00fcr\u00fcr\u00fcz&#8221; dizelerini okuyan Erdo\u011fan, AK Parti&#8217;nin milletten ald\u0131\u011f\u0131 g\u00fc\u00e7le, T\u00fcrkiye&#8217;yi daha ileri bir demokrasi haline getirmeye kararl\u0131 oldu\u011funu vurgulad\u0131.<\/p>\n<p style=\"text-align: justify;\"><strong><em>&#8220;Yolculu\u011fumuzu bu \u015fekilde devam ettirece\u011fiz&#8221;<\/em><\/strong><\/p>\n<p style=\"text-align: justify;\">Erdo\u011fan, &#8220;Cumhuriyetimizin temel nitelikleri olan demokrasiden, laiklikten, sosyal devletten ve hukuk devleti anlay\u0131\u015f\u0131ndan taviz vermeden \u00fclkemizi, milletimizi ve devletimizi y\u00fcceltmeye devam edece\u011fiz. Demokrasi tarihimiz boyunca, bu \u00fclkede iktidarlar 2 y\u0131l, 3 y\u0131l gibi k\u0131sa s\u00fcreler i\u00e7inde y\u0131prand\u0131, heyecan\u0131n\u0131 kaybetti. Yozla\u015fma ve yolsuzluk bata\u011f\u0131nda \u00e7\u0131rp\u0131n\u0131r hale geldiler. Siyaset, millete hizmet etmenin, millete hizmetkar olman\u0131n, milletin derdi ile dertlenmenin, milletin meseleleriyle me\u015fgul olman\u0131n de\u011fil, ac\u0131 ama ger\u00e7ek \u00e7\u0131kar sa\u011flaman\u0131n, rant sa\u011flaman\u0131n, g\u00fc\u00e7 dev\u015firmenin arac\u0131na d\u00f6n\u00fc\u015ft\u00fc&#8221; dedi.<\/p>\n<p style=\"text-align: justify;\">Ba\u015fbakan, &#8220;Siyasetin amac\u0131n\u0131 iktidara gelerek, iktidar\u0131n imkan ve f\u0131rsatlar\u0131n\u0131 kullanmak oldu\u011funu zannedenler, ki\u015fisel ihtiraslara, m\u00fcnferit menfaat aray\u0131\u015flar\u0131na esir olmaktan kurtulamad\u0131lar. Biz &#8216;millete efendi olmaya de\u011fil, hizmetkar olmaya geliyoruz&#8217; dedik&#8221; diye konu\u015ftu.<\/p>\n<p style=\"text-align: justify;\">&#8220;Bu yolculu\u011fumuzu da bu \u015fekilde devam ettirece\u011fiz. AK Parti&#8217;de &#8216;her \u015feyin temeli insand\u0131r. Siyasette insan\u0131n huzur ve mutlulu\u011fu, refah ve esenli\u011fi i\u00e7in yap\u0131lmal\u0131d\u0131r&#8217; diyerek, siyasetin amac\u0131n\u0131 yeniden belirledi. Art\u0131k siyasetin amac\u0131, belli ki\u015fi ve partilerin gelece\u011fini garanti alt\u0131na alma u\u011fra\u015f\u0131 olmaktan \u00e7\u0131kt\u0131. Art\u0131k t\u00fcm partilerin, t\u00fcm kurumlar\u0131n t\u00fcm sistemin ancak ve ancak insan\u0131n huzuruna, mutlulu\u011funa, refah\u0131na odaklanmas\u0131 gerekti\u011fine inanan bir siyasi anlay\u0131\u015f iktidara geldi&#8221; diyen Erdo\u011fan, &#8220;Siyasetin amac\u0131, toplumun umumi menfaati oldu. Adaletin tam anlam\u0131yla tesis edilmesi oldu, her bireyin temel hak ve \u00f6zg\u00fcrl\u00fcklere kavu\u015fmas\u0131 oldu. De\u011ferleri olmayan, idealleri olmayan, ahlaki amac\u0131 olmayan bir siyaset bizim kitab\u0131m\u0131zda yer bulamaz&#8221; ifadelerini kulland\u0131.<\/p>\n<p style=\"text-align: justify;\">&#8220;Siyaseti daha etkin bir kurum haline getirerek, devlet millet kayna\u015fmas\u0131n\u0131 yeniden tesis etmek, devletin kurumlar\u0131na g\u00fcveni tazelemek, \u00f6nemli hedeflerimizin aras\u0131nda yer ald\u0131. Yolsuzluklara, usuls\u00fczl\u00fcklere g\u00f6z yummad\u0131k, bundan sonra da g\u00f6z yummayaca\u011f\u0131z&#8221; diyen Erdo\u011fan, &#8220;AK Parti&#8217;de yozla\u015fma bekleyenler, beyhude beklerler; y\u0131pranma bekleyenler, beyhude beklerler. AK Parti&#8217;de yorgunluk, b\u0131kk\u0131nl\u0131k, heyecans\u0131zl\u0131k, durgunluk bekleyenler beyhude beklerler&#8221; \u015feklinde konu\u015ftu.<\/p>\n<p style=\"text-align: justify;\"><strong><em>&#8220;Yolumuz me\u015fakkatli&#8221;<\/em><\/strong><\/p>\n<p style=\"text-align: justify;\">Erdo\u011fan, te\u015fkilat\u0131m\u0131n t\u00fcm mensuplar\u0131na seslenerek, &#8220;Bizim yolumuz uzun&#8230; Bizim yolumuz me\u015fakkatli&#8230; Bizim yolumuz zahmetli&#8221; dedi.<\/p>\n<p style=\"text-align: justify;\">Erdo\u011fan, &#8220;Bu partiden, bu hareketten farkl\u0131 beklentileri olanlar varsa, millete ve \u00fclkeye hizmetin \u00f6tesinde hedefleri olanlar varsa, onlar bizimle yollar\u0131n\u0131 ay\u0131rs\u0131nlar. Heyecan\u0131n\u0131, co\u015fkusunu, hizmet etme a\u015fk\u0131n\u0131 ve sevdas\u0131n\u0131 yitirenler varsa onlar kenara \u00e7ekilsinler. Kendisini yorulmu\u015f hissedenler varsa biraz mola versinler. Biz, 7 y\u0131l boyunca milletimizin huzuruna aln\u0131m\u0131z ak, ba\u015f\u0131m\u0131z dik \u015fekilde \u00e7\u0131kt\u0131k, bundan sonra da ayn\u0131 \u015fekilde milletimizle kayna\u015fmaya, kucakla\u015fmaya devam edece\u011fiz&#8221; dedi.<\/p>\n<p style=\"text-align: justify;\"><strong><em>&#8220;Bekle-G\u00f6r politikas\u0131 olamaz&#8221; <\/em><\/strong><\/p>\n<p style=\"text-align: justify;\">7 y\u0131lda T\u00fcrkiye&#8217;nin, AK Parti&#8217;nin siyasete getirdi\u011fi yeni solukla, dinamizmle, yeni ufuklarla \u00e7ok b\u00fcy\u00fck bir de\u011fi\u015fim, \u00e7ok k\u00f6kl\u00fc bir d\u00f6n\u00fc\u015f\u00fcm ya\u015fad\u0131\u011f\u0131 g\u00f6r\u00fc\u015f\u00fcn\u00fc dile getiren Erdo\u011fan, &#8220;Bizim 7 y\u0131ll\u0131k iktidar s\u00fcremizi, \u00f6nceki h\u00fck\u00fcmetle, \u00f6nceki h\u00fck\u00fcmetlerle k\u0131yaslamak yan\u0131lt\u0131c\u0131 olur. Zira biz, T\u00fcrkiye&#8217;yi bir b\u00fct\u00fcn olarak ele ald\u0131k, sorunlara b\u00fct\u00fcnc\u00fcl \u00e7\u00f6z\u00fcmler, k\u00f6kl\u00fc \u00e7\u00f6z\u00fcmler getirdik&#8221; dedi.<\/p>\n<p style=\"text-align: justify;\">T\u00fcrkiye&#8217;nin d\u0131\u015f politikas\u0131n\u0131n, &#8220;Bekle-G\u00f6r politikas\u0131 olamayaca\u011f\u0131na&#8221; i\u015faret eden Ba\u015fbakan Erdo\u011fan, &#8220;K\u00fcresel g\u00fcndemin pe\u015fine tak\u0131l\u0131p, oradan oraya savrulan bir \u00fclke olamaz. T\u00fcrkiye, g\u00fcndemi belirlenen bir \u00fclke olamaz. T\u00fcrkiye, haks\u0131zl\u0131k kar\u015f\u0131s\u0131nda susan bir \u00fclke asla olamaz. Tam tersine T\u00fcrkiye, bug\u00fcn g\u00fcndem belirleyen, b\u00f6lgesel ve k\u00fcresel meselelerde a\u011f\u0131rl\u0131\u011f\u0131n\u0131 koyan, g\u00fc\u00e7l\u00fc, itibarl\u0131, sayg\u0131n bir \u00fclke konumuna y\u00fckselmi\u015ftir&#8221; dedi.<\/p>\n<p style=\"text-align: justify;\">&#8220;Bug\u00fcn T\u00fcrkiye, bamba\u015fka bir yerde duruyor. Biz so\u011fuk sava\u015f\u0131n refleksleriyle de\u011fil, tarihi bir misyon ruhuyla hareket ettik, ediyoruz&#8221; diyen Erdo\u011fan, &#8220;Biz T\u00fcrkiye&#8217;nin tarihi birikimini, k\u00fclt\u00fcrel derinli\u011fini, jeo-stratejik konumunu bilerek ve anlayarak politika geli\u015ftiriyoruz. Biz, tarihin bu k\u0131r\u0131lma noktas\u0131nda T\u00fcrkiye&#8217;nin \u00fcstlenmesi gereken rol\u00fc biliyoruz. T\u00fcrkiye&#8217;nin etraf\u0131na duvarlar \u00f6rerek T\u00fcrkiye&#8217;yi 21&#8217;inci y\u00fczy\u0131l\u0131n parlayan y\u0131ld\u0131z\u0131 yapmak m\u00fcmk\u00fcn de\u011fildir&#8221; diye konu\u015ftu.<\/p>\n<p style=\"text-align: justify;\">&#8220;Hi\u00e7bir milleti ay\u0131rmadan herkese e\u015fit davran\u0131lmas\u0131n\u0131 istiyoruz. Zira uygulanmayan ilkeler, k\u0131sa s\u00fcrede anlamlar\u0131n\u0131 yitirirler&#8221; diyen Ba\u015fbakan, &#8220;Biz bu y\u00fczden evrensel adalet ilkesinin Gazze&#8217;den Afganistan&#8217;a, \u00c7in&#8217;den Afrika&#8217;ya, Balkanlar&#8217;dan Latin Amerika&#8217;ya kadar d\u00fcnyan\u0131n her yerinde tutarl\u0131 bir \u015fekilde uygulanmas\u0131n\u0131n m\u00fccadelesini veriyoruz&#8221; \u015feklinde konu\u015ftu.<\/p>\n<p style=\"text-align: justify;\"><strong><em>&#8220;D\u0131\u015flama&#8221; tepkisi <\/em><\/strong><\/p>\n<p style=\"text-align: justify;\">Erdo\u011fan, &#8220;Kimsenin bu \u00fclkede bir ba\u015fkas\u0131n\u0131 d\u0131\u015flamaya hakk\u0131 olamaz. Bu \u00fclkenin hamurunda d\u0131\u015flamak yoktur. Bu \u00fclkenin hamurunda \u00f6tekile\u015ftirmek yoktur. Ge\u00e7mi\u015fte yanl\u0131\u015flar\u0131m\u0131z varsa, bunlar\u0131 bir tarafa koyal\u0131m. Bir milat, yeniden yola koyulal\u0131m&#8221; dedi.<\/p>\n<p style=\"text-align: justify;\">AK Parti&#8217;yi bir T\u00fcrkiye partisi yapan\u0131n, bu kucaklay\u0131c\u0131 tavr\u0131 oldu\u011funu vurgulayan Ba\u015fbakan Erdo\u011fan, bu engin bak\u0131\u015f a\u00e7\u0131s\u0131yla AK Parti&#8217;nin T\u00fcrkiye&#8217;nin 7 co\u011frafi b\u00f6lgesinde birinci parti oldu\u011funu dile getirdi.<\/p>\n<p style=\"text-align: justify;\"><strong><em>Ba\u015fbakan Erdo\u011fan, \u015funlar\u0131 kaydetti: <\/em><\/strong><\/p>\n<p style=\"text-align: justify;\">&#8220;Bu topraklarda ho\u015f g\u00f6r\u00fclmeyen yegane \u015fey, ho\u015fg\u00f6r\u00fcs\u00fczl\u00fckt\u00fcr. Tahamm\u00fcl edilmeyen yegane \u015fey, tahamm\u00fcls\u00fczl\u00fckt\u00fcr. Biz, binlerce y\u0131ldan bu yana bu topraklar\u0131n \u00fczerinde yank\u0131lanan sese kulak veriyor, binlerce y\u0131ldan bu yana bu topraklar\u0131 \u015fekillendiren karde\u015flik ruhunu benimsiyoruz. Bizim kitab\u0131m\u0131zda s\u0131n\u0131f \u00e7at\u0131\u015fmalar\u0131na yer yoktur. Bizim kitab\u0131m\u0131zda mezhep \u00e7at\u0131\u015fmalar\u0131na yer yoktur. Bizim kitab\u0131m\u0131zda kavmiyet\u00e7i \u00e7at\u0131\u015fmalara yer yoktur. Bizim kitab\u0131m\u0131zda memleketin bir b\u00f6lgesini fazla, bir b\u00f6lgesini eksik sevmek yazmaz. 780 bin kilometrekarenin tamam\u0131 bizim i\u00e7in ayn\u0131 stat\u00fcdedir. 72 milyon vatanda\u015f\u0131m\u0131z bizim i\u00e7in ayn\u0131 stat\u00fcdedir, hepsi e\u015fittir, hepsi birinci s\u0131n\u0131f vatanda\u015ft\u0131r.&#8221;<\/p>\n<p style=\"text-align: justify;\"><strong><em>&#8220;Gelin bu sorun alanlar\u0131n\u0131 beraber \u00e7\u00f6zelim&#8221; <\/em><\/strong><\/p>\n<p style=\"text-align: justify;\">Mutlak h\u00fcrriyetin ve mutlak \u00f6zg\u00fcrl\u00fc\u011f\u00fcn tesisinin, ancak herkesin kendini emniyette hissetmesiyle m\u00fcmk\u00fcn olaca\u011f\u0131n\u0131 belirten Ba\u015fbakan Erdo\u011fan, g\u00fcvenli\u011fin olmad\u0131\u011f\u0131 yerde \u00f6zg\u00fcrl\u00fckten, h\u00fcrriyetin olmad\u0131\u011f\u0131 yerde de emniyetten s\u00f6z edilemeyece\u011fini ifade etti.<\/p>\n<p style=\"text-align: justify;\"><strong><em>Erdo\u011fan, \u015funlar\u0131 s\u00f6yledi: <\/em><\/strong><\/p>\n<p style=\"text-align: justify;\">&#8220;Bug\u00fcne kadar etnik ayr\u0131mc\u0131l\u0131k yapmad\u0131k, yapm\u0131yoruz, yapmayaca\u011f\u0131z. Dinsel ayr\u0131mc\u0131l\u0131k yapmad\u0131k, yapm\u0131yoruz, yapmayaca\u011f\u0131z. B\u00f6lgesel ayr\u0131mc\u0131l\u0131k yapmad\u0131k, yapm\u0131yoruz, yapmayaca\u011f\u0131z. B\u00fct\u00fcnle\u015ftirici, birle\u015ftirici, kayna\u015ft\u0131r\u0131c\u0131 bir siyaset istiyoruz. B\u00fct\u00fcnle\u015fmi\u015f, birle\u015fmi\u015f, kayna\u015fm\u0131\u015f bir T\u00fcrkiye istiyoruz. Bunu ba\u015farmak bizim elimizde. Bunu ba\u015farmak iktidar\u0131yla, muhalefetimizle, anayasal kurumlar\u0131m\u0131zla, sivil toplum \u00f6rg\u00fctlerimizle, sanat\u00e7\u0131lar\u0131m\u0131z, bilim adamlar\u0131m\u0131z, akademisyenlerimizle bizim elimizde. Ne diyoruz biz, ne diyoruz, ey muhalefet? Hepiniz, gelin, ne diyecekseniz, a\u00e7\u0131k ve net s\u00f6yleyin. Bu sorunlar var m\u0131 \u00fclkemizde? Sorun alanlar\u0131 var m\u0131 \u00fclkemizde? Bu sorun alanlar\u0131n\u0131 biz siyasiler ortadan kald\u0131rmayacak m\u0131y\u0131z? Kald\u0131raca\u011f\u0131z.<\/p>\n<p style=\"text-align: justify;\">Peki ne g\u00fcne duruyorsunuz. Daha gecikelim mi? E\u011fer sizin iktidara gelmenizi bekliyorsan\u0131z, bu millet sizi iktidara getirmez ve getirmeyecektir. Ben \u00f6yle g\u00f6r\u00fcyorum. \u00c7\u00fcnk\u00fc, bu anlay\u0131\u015fla vatanda\u015f\u0131na yakla\u015fanlar\u0131 bu millet iktidara getirmez. Gelin bu sorun alanlar\u0131n\u0131 beraber \u00e7\u00f6zelim. Bunlar\u0131 ortadan kald\u0131ral\u0131m. Mesele, gelin \u00fcz\u00fcm\u00fc beraber yiyelim ama derdiniz sizin ba\u011fc\u0131 d\u00f6vmekse, benim milletim size ba\u011fc\u0131y\u0131 d\u00f6vd\u00fcrmez. Onun i\u00e7in bu yolculu\u011fu kararl\u0131 bir \u015fekilde s\u00fcrd\u00fcrece\u011fiz, onu i\u00e7in durmak yok, yola devam diyoruz, devam edece\u011fiz.&#8221;<\/p>\n<p style=\"text-align: justify;\"><strong><em>AB s\u00fcreci <\/em><\/strong><\/p>\n<p style=\"text-align: justify;\">B\u00fcy\u00fck Kongre&#8217;nin T\u00fcrkiye i\u00e7in son derece anlaml\u0131 bir y\u0131l d\u00f6n\u00fcm\u00fcnde ger\u00e7ekle\u015ftirildi\u011fini belirten Erdo\u011fan, 3 Ekim 2005&#8217;te T\u00fcrkiye&#8217;nin Avrupa Birli\u011fi ile kat\u0131l\u0131m m\u00fczakerelerine ba\u015flad\u0131\u011f\u0131n\u0131 hat\u0131rlatt\u0131.<\/p>\n<p style=\"text-align: justify;\">Bir y\u0131l gibi k\u0131sa bir s\u00fcrede 35 fas\u0131lda tarama s\u00fcrecinin tamamland\u0131\u011f\u0131n\u0131 kaydeden Ba\u015fbakan Erdo\u011fan, \u015funlar\u0131 s\u00f6yledi:<\/p>\n<p style=\"text-align: justify;\">&#8220;T\u00fcrkiye&#8217;nin yar\u0131m as\u0131rl\u0131k Avrupa Birli\u011fi hayalinde en somut ve en \u00e7arp\u0131c\u0131 geli\u015fmeler bu d\u00f6nemde, AK Parti d\u00f6neminde ya\u015fand\u0131. Biz, T\u00fcrkiye taraf\u0131 olarak, \u00fclkemizin istikrar ve huzurunun kal\u0131c\u0131 hale gelmesi, ya\u015fam standartlar\u0131n\u0131n, demokrasi standartlar\u0131n\u0131n y\u00fckselmesi i\u00e7in, Avrupa Birli\u011fi Kat\u0131l\u0131m S\u00fcrecine ili\u015fkin y\u00fck\u00fcml\u00fcl\u00fcklerimizi harfiyen yerine getiriyoruz. Her d\u00f6nem ba\u015fkanl\u0131\u011f\u0131nda iki fasl\u0131n a\u00e7\u0131lmas\u0131, T\u00fcrkiye&#8217;nin \u00f6n\u00fcne yeni \u015fartlar\u0131n konulmas\u0131, deyim yerindeyse, ma\u00e7 s\u0131ras\u0131nda kurallar\u0131n de\u011fi\u015ftirilmesi, Avrupa Birli\u011fi&#8217;ne kar\u015f\u0131 soru i\u015faretlerinin de artmas\u0131na neden olmu\u015ftur.<\/p>\n<p style=\"text-align: justify;\">Ayr\u0131ca, Avrupa i\u00e7indeki kimi \u00fclke liderlerinin, tamamen pop\u00fclist kayg\u0131larla T\u00fcrkiye&#8217;yi tart\u0131\u015fma konusu yapmalar\u0131 da \u00fclkemize y\u00f6nelik ciddi bir adaletsizlik olarak tezah\u00fcr etmi\u015ftir. B\u00fcy\u00fck Kongremiz vesilesiyle \u015fu hususu bir kez daha hat\u0131rlatmakta fayda g\u00f6r\u00fcyorum: H\u00fck\u00fcmet olarak, Avrupa Birli\u011fine kat\u0131l\u0131m s\u00fcrecini kararl\u0131l\u0131kla s\u00fcrd\u00fcrece\u011fiz. Nitekim, bakan d\u00fczeyinde bir Ba\u015fm\u00fczakereci atam\u0131\u015f olmam da bu niyetimizin somut g\u00f6stergesidir. Biz, bize d\u00fc\u015feni fazlas\u0131yla yapt\u0131k, yapmaya da devam edece\u011fiz. E\u011fer Avrupa bizim bu gayretimizi, bu i\u015ftiyak\u0131m\u0131z\u0131 g\u00f6rmemekte direnirse, \u00f6n\u00fcm\u00fcze yeni kurallar, yeni engeller \u00e7\u0131karmaya devam ederse, bu kendi bilecekleri i\u015ftir. Ancak biz, kendimiz i\u00e7in, \u00fclkemiz i\u00e7in, milletimiz i\u00e7in reformlar\u0131m\u0131z\u0131 yapmaya devam edecek, standartlar\u0131m\u0131z\u0131 y\u00fckseltece\u011fiz.&#8221;<\/p>\n<p style=\"text-align: justify;\"><strong><em>&#8220;Bu IMF i\u015fini de bitirelim&#8221; <\/em><\/strong><\/p>\n<p style=\"text-align: justify;\">\u0130stanbul&#8217;da devam eden IMF ve D\u00fcnya Bankas\u0131 y\u0131ll\u0131k toplant\u0131s\u0131na da de\u011finen Erdo\u011fan, &#8220;13 ayda toplant\u0131n\u0131n yap\u0131ld\u0131\u011f\u0131 \u0130stanbul Kongre Merkezi&#8217;ni 330 milyon TL&#8217;ye tamamlad\u0131k. Tarihte ecdad\u0131m\u0131z\u0131n bu t\u00fcr yap\u0131tlar\u0131 vard\u0131r. \u015eimdi de biz yap\u0131yoruz. 13 ay&#8230; \u00d6yle 25 y\u0131l evvel temelini at, ortada kals\u0131n, yok b\u00f6yle bir \u015fey. Temelini att\u0131k, tarih verdik ve bitirttik. IMF, &#8216;Biz bunun bitece\u011fine inanm\u0131yorduk. Hatta buradan al\u0131p ba\u015fka yere de g\u00f6t\u00fcrmeyi d\u00fc\u015f\u00fcnd\u00fck&#8217; diyor. Bu \u00fclkeyi tan\u0131y\u0131n, onun i\u00e7in bir an \u00f6nce bu IMF i\u015fini de bitirelim. Hi\u00e7 m\u00fczakeresini yapmayaca\u011f\u0131z, hay\u0131rl\u0131 olsun deriz&#8221; diye konu\u015ftu.<\/p>\n<p style=\"text-align: justify;\"><span style=\"color: #888888;\">CNN T\u00dcRK<\/span><\/p>\n","protected":false},"excerpt":{"rendered":"<p style=\"text-align: center;\">\n<p style=\"text-align: justify;\">Ba\u015fbakan Recep Tayyip Erdo\u011fan, AK Parti 3. Olagan Kongresi&#8217;nde K\u00fcrt a\u00e7\u0131l\u0131m\u0131yla ilgili mesajlar verdi, &#8220;K\u00fcrt karde\u015fimin meselesi benim meselemdir&#8221; dedi. Muhalefete de y\u00fcklenen Erdo\u011fan, &#8221;T\u00fcrkiyeyi as\u0131l b\u00f6len sizsiniz&#8221; diye konu\u015ftu.<\/p>\n<p style=\"text-align: justify;\">AK Parti&#8217;nin 3. Ola\u011fan Kongre&#8217;si Ankara&#8217;da ba\u015flad\u0131. Ba\u015fbakan Recep Tayyip Erdo\u011fan&#8217;\u0131n tek genel ba\u015fkan aday\u0131 oldu\u011fu kongrede ana <\/p>\n","protected":false},"author":1,"featured_media":0,"comment_status":"open","ping_status":"closed","sticky":false,"template":"","format":"standard","meta":{"footnotes":""},"categories":[105],"tags":[],"class_list":["post-15528","post","type-post","status-publish","format-standard","hentry","category-gundem","odd"],"_links":{"self":[{"href":"http:\/\/www.korhanyilmaz.com\/index.php?rest_route=\/wp\/v2\/posts\/15528","targetHints":{"allow":["GET"]}}],"collection":[{"href":"http:\/\/www.korhanyilmaz.com\/index.php?rest_route=\/wp\/v2\/posts"}],"about":[{"href":"http:\/\/www.korhanyilmaz.com\/index.php?rest_route=\/wp\/v2\/types\/post"}],"author":[{"embeddable":true,"href":"http:\/\/www.korhanyilmaz.com\/index.php?rest_route=\/wp\/v2\/users\/1"}],"replies":[{"embeddable":true,"href":"http:\/\/www.korhanyilmaz.com\/index.php?rest_route=%2Fwp%2Fv2%2Fcomments&post=15528"}],"version-history":[{"count":0,"href":"http:\/\/www.korhanyilmaz.com\/index.php?rest_route=\/wp\/v2\/posts\/15528\/revisions"}],"wp:attachment":[{"href":"http:\/\/www.korhanyilmaz.com\/index.php?rest_route=%2Fwp%2Fv2%2Fmedia&parent=15528"}],"wp:term":[{"taxonomy":"category","embeddable":true,"href":"http:\/\/www.korhanyilmaz.com\/index.php?rest_route=%2Fwp%2Fv2%2Fcategories&post=15528"},{"taxonomy":"post_tag","embeddable":true,"href":"http:\/\/www.korhanyilmaz.com\/index.php?rest_route=%2Fwp%2Fv2%2Ftags&post=15528"}],"curies":[{"name":"wp","href":"https:\/\/api.w.org\/{rel}","templated":true}]}}