{"id":15522,"date":"2009-10-04T00:18:01","date_gmt":"2009-10-03T21:18:01","guid":{"rendered":"http:\/\/www.korhanyilmaz.com\/?p=15522"},"modified":"2009-10-04T00:18:01","modified_gmt":"2009-10-03T21:18:01","slug":"erdogan-kredi-derecelendirenler-kredi-kaybediyor","status":"publish","type":"post","link":"http:\/\/www.korhanyilmaz.com\/?p=15522","title":{"rendered":"Erdo\u011fan: &#039;&#039;Kredi derecelendirenler kredi kaybediyor&#039;&#039;"},"content":{"rendered":"<p style=\"text-align: center;\"><a href=\"http:\/\/www.korhanyilmaz.com\/wp-content\/uploads\/2009\/10\/tayyip.jpg\"  class=\"lightview\"><img loading=\"lazy\" decoding=\"async\" class=\"aligncenter size-full wp-image-15523\" src=\"http:\/\/www.korhanyilmaz.com\/wp-content\/uploads\/2009\/10\/tayyip.jpg\" alt=\"\" width=\"276\" height=\"212\" \/><\/a><\/p>\n<p style=\"text-align: justify;\">Ba\u015fbakan Recep Tayyip Erdo\u011fan \u0130stanbul&#8217;da Uluslararas\u0131 Finans Enstit\u00fcs\u00fc&#8217;n\u00fcn gala yeme\u011finde konu\u015ftu, &#8220;\u0130stanbul&#8217;u d\u00fcnyan\u0131n finans merkezi yapmaya \u00e7al\u0131\u015f\u0131yoruz&#8221; dedi. Finansal korumac\u0131l\u0131\u011fa kar\u015f\u0131 oldu\u011funu vurgulayan Erdo\u011fan, kredi derecelendirme kurulu\u015flar\u0131n\u0131 ele\u015ftirdi, &#8220;\u0130deolojik davran\u0131yorlar, kredilerini yitiriyorlar&#8221; diye konu\u015ftu.<\/p>\n<p style=\"text-align: justify;\">Erdo\u011fan, uluslararas\u0131 camian\u0131n, k\u00fcresel krizin olumsuz etkilerini en aza indirecek ad\u0131mlar\u0131n i\u015fbirli\u011fi ve koordinasyon i\u00e7inde at\u0131lmas\u0131 konusunda son 1 y\u0131lda ba\u015far\u0131l\u0131 bir s\u0131nav verdi\u011fini belirterek, ya\u015fama ge\u00e7irilen d\u00fczenlemelerin olumlu etkilerini g\u00f6sterdi\u011fini ve d\u00fcnya ekonomisinin iyile\u015fme s\u00fcrecine girdi\u011fini s\u00f6yledi. <!--more--><\/p>\n<p style=\"text-align: justify;\">Erdo\u011fan, Uluslararas\u0131 Finans Enstit\u00fcs\u00fc&#8217;n\u00fcn (IIF) \u00c7\u0131ra\u011fan Saray\u0131&#8217;ndaki gala yeme\u011finde yapt\u0131\u011f\u0131 konu\u015fmada, etkinlik dolay\u0131s\u0131yla d\u00fcnyan\u0131n t\u00fcrl\u00fc \u00fclkelerinden gelen bankac\u0131lar, yat\u0131r\u0131mc\u0131lar ve uluslararas\u0131 finans kurulu\u015flar\u0131n\u0131n yetkilileriyle g\u00f6r\u00fc\u015f al\u0131\u015fveri\u015finde bulunma f\u0131rsat\u0131 elde etmekten b\u00fcy\u00fck memnuniyet duydu\u011funu bildirdi.<\/p>\n<p style=\"text-align: justify;\">IIF Y\u00f6netim Kurulu Ba\u015fkan\u0131 Josef Ackermann&#8217;\u0131n konu\u015fmas\u0131nda \u00c7\u0131ra\u011fan Saray\u0131&#8217;n\u0131n tarihinden ve g\u00fczelliklerinden s\u00f6zetti\u011fini, buras\u0131n\u0131n ge\u00e7mi\u015fte futbol alan\u0131 oldu\u011funu anlatt\u0131\u011f\u0131n\u0131 dile getiren Erdo\u011fan, \u015funlar\u0131 kaydetti:<\/p>\n<p style=\"text-align: justify;\">&#8220;Do\u011fru, ben de hakikaten buras\u0131 futbol sahas\u0131yken burada uzun s\u00fcre futbol oynad\u0131m ve hala v\u00fccudumda buran\u0131n izleri var. \u00c7\u00fcnk\u00fc \u015fimdiki gibi \u00e7im saha de\u011fildi. Tamamen toprak sahayd\u0131. Ve o toprak saha adeta z\u0131mpara gibi v\u00fccudumuzu z\u0131mparalard\u0131. B\u00f6yle bir d\u00f6nemi burada ya\u015fad\u0131k. Ama daha sonra adeta o topraklar\u0131n \u00fczerinden, o ta\u015f y\u0131\u011f\u0131nlar\u0131n\u0131n \u00fczerinden bu \u015faheser ortaya \u00e7\u0131kt\u0131 ve \u015fimdi b\u00f6yle bir \u00c7\u0131ra\u011fan Palas&#8217;ta, \u00c7\u0131ra\u011fan Oteli&#8217;nde hep birlikte biraraya geldik ve bir \u0130stanbul gecesini sizlerle birlikte payla\u015f\u0131yoruz.&#8221;<\/p>\n<p style=\"text-align: justify;\">Erdo\u011fan, T\u00fcrkiye&#8217;nin bundan \u00f6nce 1955&#8217;te IMF ve D\u00fcnya Bankas\u0131&#8217;n\u0131n y\u0131ll\u0131k toplant\u0131lar\u0131na ev sahipli\u011fi yapt\u0131\u011f\u0131n\u0131 an\u0131msatarak, 54 y\u0131l sonra tekrar bu toplant\u0131lara ev sahipli\u011fi yapmaktan duyduklar\u0131 memnuniyeti belirtti.<\/p>\n<p style=\"text-align: justify;\">ABD d\u0131\u015f\u0131ndaki bir \u00fclkede yeniden bu toplant\u0131n\u0131n ger\u00e7ekle\u015ftiriliyor olmas\u0131ndan b\u00fcy\u00fck bir mutluluk duyduklar\u0131n\u0131 ifade eden Erdo\u011fan, yakla\u015f\u0131k 4,5 y\u0131l belediye ba\u015fkanl\u0131\u011f\u0131n\u0131 da yapt\u0131\u011f\u0131 \u0130stanbul&#8217;un son d\u00f6nemde her alanda ba\u015far\u0131l\u0131 organizasyonlara imza att\u0131\u011f\u0131n\u0131 s\u00f6yledi.<\/p>\n<p style=\"text-align: justify;\"><strong><em>&#8220;\u0130stanbul&#8217;u nas\u0131l bir finans merkezi yapar\u0131z?&#8221;<\/em><\/strong><\/p>\n<p style=\"text-align: justify;\">Uluslararas\u0131 bir\u00e7ok zirveyi, d\u00fcnya \u00e7ap\u0131nda ilgi g\u00f6ren bir\u00e7ok spor organizasyonunu, uluslararas\u0131 toplant\u0131lar\u0131 \u0130stanbul&#8217;da a\u011f\u0131rlad\u0131klar\u0131n\u0131 anlatan Erdo\u011fan, ancak IMF ve D\u00fcnya Bankas\u0131&#8217;n\u0131n toplant\u0131lar\u0131n\u0131n ayr\u0131 bir \u00f6nem arz etti\u011fini kaydetti. Erdo\u011fan, h\u00fck\u00fcmet olarak \u0130stanbul&#8217;u bir finans merkezine d\u00f6n\u00fc\u015ft\u00fcrmek i\u00e7in yo\u011fun bir gayret i\u00e7inde olduklar\u0131n\u0131 vurgulayarak, konu\u015fmas\u0131n\u0131 \u015f\u00f6yle s\u00fcrd\u00fcrd\u00fc:<\/p>\n<p style=\"text-align: justify;\">&#8220;Tarihiyle, k\u00fclt\u00fcr\u00fcyle, alt yap\u0131s\u0131na, ula\u015ft\u0131rmas\u0131na yapt\u0131\u011f\u0131m\u0131z yat\u0131r\u0131mlarla, \u00f6zellikle de Asya ve Avrupa aras\u0131ndaki k\u00f6pr\u00fc konumuyla \u0130stanbul&#8217;un d\u00fcnyan\u0131n finans merkezlerinden biri olmas\u0131 i\u00e7in her t\u00fcrl\u00fc imkana sahip oldu\u011funu eminim sizler de m\u00fc\u015fahede ettiniz. Asl\u0131nda bu benim belediye ba\u015fkan\u0131 oldu\u011fum d\u00f6nemde hedefimdi. &#8216;\u0130stanbul&#8217;u nas\u0131l bir finans merkezi yapar\u0131z&#8230;&#8217; Onun i\u00e7in bir\u00e7ok plan \u00e7al\u0131\u015fmalar\u0131 ve tadillerine gidildi. Tabii ki merkezi y\u00f6netimle uyumlu olmad\u0131\u011f\u0131n\u0131z zaman bu i\u015fleri \u00e7\u00f6zmek de kolay de\u011fildi.<\/p>\n<p style=\"text-align: justify;\">Halledilmesi gereken yasal sorunlar vard\u0131. \u015eimdi ise bu imkan art\u0131k \u00f6n\u00fcm\u00fczde. Bu imkan \u00f6n\u00fcm\u00fcze geldi\u011fi i\u00e7in de &#8216;bu ad\u0131m\u0131 atal\u0131m&#8217; dedik. Bankalar Birli\u011fi ile yapt\u0131\u011f\u0131m\u0131z g\u00f6r\u00fc\u015fmelerde kanaat birli\u011fi olu\u015ftu. Bu kanaat birli\u011fi olu\u015ftuktan sonra da planlar\u0131m\u0131z\u0131 buna g\u00f6re tanzim eder hale geldik. Ve bu noktada ad\u0131mlar\u0131m\u0131z\u0131 att\u0131k. \u015eimdi hedef, s\u00fcratle gerek devletin bankalar\u0131n\u0131 da buraya getirmek suretiyle, SPK, BDDK gibi kurulu\u015flar\u0131m\u0131z\u0131 da \u0130stanbul&#8217;a getirmek suretiyle \u0130stanbul&#8217;u bir finans merkezi haline getirmek.&#8221;<\/p>\n<p style=\"text-align: justify;\">Erdo\u011fan, \u0130stanbul&#8217;un buna lay\u0131k oldu\u011funu ve bu y\u00fck\u00fc her y\u00f6n\u00fcyle ta\u015f\u0131yabilecek alt yap\u0131ya sahip bulundu\u011funu ifade ederek, &#8220;Tarihiyle, medeniyetiyle, b\u00fct\u00fcn ula\u015f\u0131m sistemleriyle, ileti\u015fim a\u011flar\u0131yla, her \u015feyiyle buna sahip bir kent&#8221; diye konu\u015ftu. \u0130stanbul&#8217;un, T\u00fcrkiye&#8217;nin kongre merkezi oldu\u011funu vurgulayan Erdo\u011fan, IMF ve D\u00fcnya Bankas\u0131&#8217;n\u0131n y\u0131ll\u0131k toplant\u0131s\u0131na 13 ay gibi k\u0131sa bir s\u00fcrede haz\u0131rland\u0131klar\u0131na, 127 bin metre karelik bir kongre merkezi yapt\u0131klar\u0131na dikkati \u00e7ekti.<\/p>\n<p style=\"text-align: justify;\">Harbiye&#8217;deki \u0130stanbul Kongre Merkezi&#8217;nin, 3 bin 500 ki\u015finin ayn\u0131 anda toplant\u0131 yapmas\u0131n\u0131 sa\u011flayan bir ana toplant\u0131 salonuna, \u00f6zel g\u00f6r\u00fc\u015fmelerin yap\u0131laca\u011f\u0131 850 g\u00f6r\u00fc\u015fme odas\u0131na ve \u00e7e\u015fitli salonlara sahip oldu\u011funu dile getiren Erdo\u011fan, b\u00f6ylece Harbiye&#8217;de bir kongre vadisini tesis ettiklerini s\u00f6yledi. Erdo\u011fan, &#8220;Bu, \u0130stanbul i\u00e7in bir eksiklikti, bunu gidermi\u015f olduk&#8221; dedi. Ba\u015fbakan Erdo\u011fan, ayr\u0131ca Hali\u00e7&#8217;te in\u015fa edilen kongre merkeziyle \u0130stanbul&#8217;un bu anlamda bir s\u0131\u00e7ramay\u0131 ger\u00e7ekle\u015ftirdi\u011fini vurgulad\u0131.<\/p>\n<p style=\"text-align: justify;\"><strong><em>K\u00fcresel ekonomik kriz<\/em><\/strong><\/p>\n<p style=\"text-align: justify;\">Erdo\u011fan, yak\u0131n tarihin en derin k\u00fcresel ekonomik krizinin devam etti\u011fini belirterek, \u015f\u00f6yle konu\u015ftu:<\/p>\n<p style=\"text-align: justify;\">&#8220;\u00c7ok k\u0131sa s\u00fcrede t\u00fcm d\u00fcnyay\u0131 etkisi alt\u0131na alan bu kriz, her ne kadar etkileri azalm\u0131\u015f ve iyile\u015fme s\u00fcrecine girilmi\u015f olsa da t\u00fcm d\u00fcnyay\u0131 farkl\u0131 \u015fiddetlerde etkilemeye devam ediyor. Son bir y\u0131ld\u0131r ya\u015fad\u0131klar\u0131m\u0131za bak\u0131ld\u0131\u011f\u0131nda, ge\u00e7mi\u015fte ya\u015fanan bir\u00e7ok krizin aksine bu defa sorunun kayna\u011f\u0131n\u0131n geli\u015fmi\u015f \u00fclkeler oldu\u011funu g\u00f6r\u00fcyoruz. Geli\u015fmekte olan \u00fclkeler, \u00f6zellikle de d\u00fc\u015f\u00fck gelirli ekonomiler, bu krizin olu\u015fmas\u0131nda sorumluluklar\u0131 olmamas\u0131na kar\u015f\u0131n krizin sonu\u00e7lar\u0131ndan \u00f6nemli \u00f6l\u00e7\u00fcde etkilendiler ve bedel \u00f6dediler. \u00d6ncelikle \u015fu hususu vurgulamak zorunday\u0131m; kat\u0131ld\u0131\u011f\u0131m G-20 zirvelerinde de bu hususu alt\u0131n\u0131 \u00e7izerek ifade ettim, \u00f6n\u00fcm\u00fczdeki d\u00f6nemde sa\u011fl\u0131kl\u0131 bir k\u00fcresel ekonomiye ula\u015fmam\u0131z i\u00e7in kapsaml\u0131 ve etkin uluslararas\u0131 i\u015fbirli\u011fi art\u0131k ka\u00e7\u0131n\u0131lmaz hale gelmi\u015ftir.<\/p>\n<p style=\"text-align: justify;\">B\u00fct\u00fcn d\u00fcnyada, \u00f6zellikle de geli\u015fmekte olan \u00fclkeleri ilgilendiren problemlerin salt geli\u015fmi\u015f \u00fclkeler taraf\u0131ndan \u00e7\u00f6z\u00fclebilmesini do\u011frusu ben m\u00fcmk\u00fcn g\u00f6rm\u00fcyorum. Bu anlamda Pittsburgh&#8217;ta yapt\u0131\u011f\u0131m\u0131z G-20 toplant\u0131s\u0131nda geli\u015fmekte olan \u00fclkelerin karar alma s\u00fcre\u00e7lerine daha fazla kat\u0131l\u0131m\u0131n\u0131 sa\u011flayan anlay\u0131\u015f\u0131 \u00f6nemli bir ad\u0131m olarak g\u00f6r\u00fcyor ve T\u00fcrkiye olarak destekliyoruz. Bug\u00fcn\u00fcn d\u00fcnyas\u0131nda unutmamam\u0131z gereken \u00f6nemli bir husus, hepimizin ayn\u0131 gemide oldu\u011fudur. Uluslararas\u0131 camia, ya\u015fad\u0131\u011f\u0131m\u0131z k\u00fcresel krizin olumsuz etkilerini en aza indirecek ad\u0131mlar\u0131n i\u015fbirli\u011fi ve koordinasyon i\u00e7inde at\u0131lmas\u0131 konusunda son bir y\u0131lda ba\u015far\u0131l\u0131 bir s\u0131nav vermi\u015ftir. Ortak bir anlay\u0131\u015f i\u00e7inde ve koordineli olarak \u00fclkeler taraf\u0131ndan bir seri \u00f6nlem ve d\u00fczenleme hayata ge\u00e7irilmi\u015ftir. Bu \u00f6nlemler olumlu etkilerini g\u00f6stermi\u015f ve d\u00fcnya ekonomisi hakikaten bir iyile\u015fme s\u00fcrecine girmi\u015ftir.&#8221;<\/p>\n<p style=\"text-align: justify;\"><strong><em>Al\u0131nan \u00f6nlemler <\/em><\/strong><\/p>\n<p style=\"text-align: justify;\">Erdo\u011fan, ya\u015fanan krizin T\u00fcrkiye ekonomisi \u00fczerindeki etkilerini en aza indirmek amac\u0131yla k\u0131sa vadede bir dizi tedbiri de y\u00fcr\u00fcrl\u00fc\u011fe koyduklar\u0131n\u0131 an\u0131msatarak, ekonomideki talebi canland\u0131rmak amac\u0131yla kilit sekt\u00f6rlerde vergi indirimleri ger\u00e7ekle\u015ftirdiklerini, reel sekt\u00f6r yat\u0131r\u0131mlar\u0131n\u0131n ve istihdam\u0131n art\u0131r\u0131lmas\u0131 y\u00f6n\u00fcnde kapsaml\u0131 te\u015fvik paketleri haz\u0131rlad\u0131klar\u0131n\u0131 s\u00f6yledi.<\/p>\n<p style=\"text-align: justify;\">Yine bu d\u00f6nemde, Merkez Bankas\u0131&#8217;n\u0131n da ba\u015fta \u00fc\u00e7 aya kadar vadeli repo imkanlar\u0131 olmak \u00fczere \u00e7e\u015fitli enstr\u00fcmanlarla piyasalardaki likidite imkanlar\u0131n\u0131 art\u0131rd\u0131\u011f\u0131n\u0131, ayr\u0131ca ekonomik faaliyetleri canland\u0131ran ve finansal kurumlar aras\u0131ndaki fon ak\u0131\u015flar\u0131n\u0131 destekleyen aktif bir para politikas\u0131 izledi\u011fini anlatan Erdo\u011fan, s\u00f6z konusu tedbirler ve son 7 y\u0131lda ger\u00e7ekle\u015ftirilen yap\u0131sal reformlar sonras\u0131nda edindikleri kazan\u0131mlar sonucunda, T\u00fcrkiye&#8217;nin benzer \u00fclkelere k\u0131yasla krizden daha az etkilendi\u011finin s\u00f6ylenebilece\u011fini belirtti.<\/p>\n<p style=\"text-align: justify;\"><strong><em>Ba\u015fbakan Erdo\u011fan, \u015f\u00f6yle devam etti: <\/em><\/strong><\/p>\n<p style=\"text-align: justify;\">&#8220;\u00dclkemize ili\u015fkin \u00e7e\u015fitli piyasa g\u00f6stergeleri, \u00fclkemiz performans\u0131n\u0131n, bize g\u00f6re daha y\u00fcksek kredi notuna sahip bir\u00e7ok \u00fclkeye k\u0131yasla daha iyi durumda oldu\u011funu g\u00f6steriyor. Ben burada \u00fclke ad\u0131 verecek de\u011filim. Ama bu ger\u00e7ekleri de burada alt\u0131n\u0131 \u00e7izerek hat\u0131rlat\u0131yorum. Bunu zaten sizler i\u015fin i\u00e7indesiniz, gayet iyi bilirsiniz. Hangi \u00fclkeler ne durumdalar ama buna ra\u011fmen kredi notlar\u0131 nerede, bunu gayet iyi bilirsiniz. Gerek i\u00e7 gerek d\u0131\u015f piyasada i\u015flem g\u00f6ren tahvillerimizin getirileri ve risk primleri \u00f6nemli \u00f6l\u00e7\u00fcde gerileyerek kriz \u00f6ncesi seviyelerinin dahi alt\u0131na indi. Elbette bunu da yeterli g\u00f6rm\u00fcyoruz.<\/p>\n<p style=\"text-align: justify;\">Bak\u0131n\u0131z biz, bu krizi her a\u00e7\u0131dan bir f\u0131rsata d\u00f6n\u00fc\u015ft\u00fcrmenin gayreti i\u00e7inde olduk. Kriz esnas\u0131nda, zay\u0131f noktalar\u0131 tespit etme imkan\u0131m\u0131z oldu. Bu zay\u0131f noktalar\u0131 \u015fimdi g\u00fc\u00e7lendiriyoruz ve kriz sonras\u0131na daha g\u00fc\u00e7l\u00fc bir \u015fekilde haz\u0131rlan\u0131yoruz. Bu kapsamda, maliye politikas\u0131 alan\u0131nda belirsizlikleri ortadan kald\u0131rmak ve h\u00fck\u00fcmetimizin orta vadeli hedeflerini ortaya koymak i\u00e7in ge\u00e7ti\u011fimiz ay ortalar\u0131nda 2010-2012 y\u0131llar\u0131n\u0131 i\u00e7eren orta vadeli program\u0131m\u0131z\u0131 a\u00e7\u0131klad\u0131k.&#8221;<\/p>\n<p style=\"text-align: justify;\"><strong><em>Orta vadeli program<\/em><\/strong><\/p>\n<p style=\"text-align: justify;\">Erdo\u011fan, orta vadeli programdaki temel hedeflerinin, b\u00fcy\u00fcmeyi kademeli olarak potansiyel seviyesine y\u00fckseltmek, istihdamda nispi bir art\u0131\u015f sa\u011flamak, enflasyondaki d\u00fc\u015f\u00fc\u015f trendini devam ettirmek ve kriz nedeniyle bozulan kamu dengelerini yeniden tesis etmek oldu\u011funu anlatt\u0131.<\/p>\n<p style=\"text-align: justify;\">Orta vadeli programda, kamu mali dengelerindeki iyile\u015fmeyi kal\u0131c\u0131 hale getirmek ve mali politikalara olan g\u00fcveni peki\u015ftirmek amac\u0131yla mali kural uygulamas\u0131n\u0131 ba\u015flatmay\u0131 \u00f6ng\u00f6rd\u00fcklerini ifade eden Erdo\u011fan, orta vadeli program\u0131n en \u00f6nemli \u00f6nceli\u011finin, T\u00fcrkiye ekonomisinin yeniden \u00f6zel sekt\u00f6r \u00f6nc\u00fcl\u00fc\u011f\u00fcnde b\u00fcy\u00fcmesini sa\u011flamak oldu\u011funu vurgulad\u0131.<\/p>\n<p style=\"text-align: justify;\">Erdo\u011fan, bu amaca y\u00f6nelik olarak \u00fclkenin \u00fcretken kapasitesini geli\u015ftirecek ve verimlilik art\u0131\u015f\u0131 sa\u011flayacak yenilik\u00e7i ve teknoloji yo\u011fun projelere \u00f6ncelik verilece\u011fini s\u00f6yledi. Orta vadeli programla kamu kesiminin bor\u00e7lanma gere\u011fi azalt\u0131larak \u00f6zel sekt\u00f6r\u00fcn kullanabilece\u011fi kaynaklar\u0131n art\u0131r\u0131lmas\u0131n\u0131n sa\u011flanaca\u011f\u0131n\u0131 dile getiren Erdo\u011fan, yeni te\u015fvik sistemiyle, b\u00fcy\u00fck \u00f6l\u00e7ekli yat\u0131r\u0131mlar ile b\u00f6lgesel bazda belirlenen sekt\u00f6rlerde yat\u0131r\u0131mlar\u0131n desteklenece\u011fini kaydetti.<\/p>\n<p style=\"text-align: justify;\">Erdo\u011fan, bu \u00e7abalar\u0131 desteklemek \u00fczere, ekonomide \u00f6nemli bir a\u011f\u0131rl\u0131\u011fa sahip olan KOB\u0130&#8217;lerin finansman ihtiya\u00e7lar\u0131n\u0131n kar\u015f\u0131lanmas\u0131 amac\u0131yla Kredi Garanti Fonu&#8217;na hazine taraf\u0131ndan sa\u011flanan deste\u011fin etkin olarak devreye sokulaca\u011f\u0131n\u0131 bildirdi. T\u00fcrkiye&#8217;de b\u00f6lgesel geli\u015fmi\u015flik farkl\u0131l\u0131klar\u0131n\u0131n azalt\u0131lmas\u0131na, orta-uzun vadeli b\u00fcy\u00fcme dinamikleri ve t\u00fcm yurtta\u015flar\u0131n ya\u015fam seviyesinin y\u00fckseltilmesi bak\u0131m\u0131ndan \u00f6nem verdiklerini belirten Erdo\u011fan, bu alanda, kalk\u0131nma ajanslar\u0131 arac\u0131l\u0131\u011f\u0131yla yerel potansiyeli harekete ge\u00e7irerek \u00fcretim ve gelirin art\u0131r\u0131lmas\u0131na katk\u0131da bulunmay\u0131 hedeflediklerini ifade etti.<\/p>\n<p style=\"text-align: justify;\">Erdo\u011fan, programda \u00f6ng\u00f6rd\u00fckleri temel \u00e7er\u00e7eve ve politikalar\u0131n k\u0131sa s\u00fcre i\u00e7erisinde piyasalar\u0131n deste\u011fini sa\u011flad\u0131\u011f\u0131na i\u015faret ederek, ba\u015fl\u0131ca uluslararas\u0131 kredi derecelendirme kurulu\u015flar\u0131n\u0131n da programa olan g\u00fcvenlerini, T\u00fcrkiye&#8217;nin kredi notu g\u00f6r\u00fcn\u00fcm\u00fcn\u00fc y\u00fckselterek g\u00f6sterdiklerine dikkati \u00e7ekti.<\/p>\n<p style=\"text-align: justify;\">Ba\u015fbakan Erdo\u011fan, &#8220;\u00dclkemizin sa\u011flam ekonomik yap\u0131s\u0131, son y\u0131llarda g\u00f6sterdi\u011fimiz \u00fcst\u00fcn makro ekonomik performans ve krizde sergiledi\u011fimiz g\u00fc\u00e7l\u00fc duru\u015f g\u00f6z \u00f6n\u00fcnde bulunduruldu\u011funda, \u00fclke kredi notumuzun daha iyi noktalarda olmas\u0131 gerekti\u011fine inan\u0131yoruz&#8221; diye konu\u015ftu.<\/p>\n<p style=\"text-align: justify;\"><span style=\"color: #888888;\">CNN T\u00dcRK<\/span><\/p>\n","protected":false},"excerpt":{"rendered":"<p style=\"text-align: center;\">\n<p style=\"text-align: justify;\">Ba\u015fbakan Recep Tayyip Erdo\u011fan \u0130stanbul&#8217;da Uluslararas\u0131 Finans Enstit\u00fcs\u00fc&#8217;n\u00fcn gala yeme\u011finde konu\u015ftu, &#8220;\u0130stanbul&#8217;u d\u00fcnyan\u0131n finans merkezi yapmaya \u00e7al\u0131\u015f\u0131yoruz&#8221; dedi. Finansal korumac\u0131l\u0131\u011fa kar\u015f\u0131 oldu\u011funu vurgulayan Erdo\u011fan, kredi derecelendirme kurulu\u015flar\u0131n\u0131 ele\u015ftirdi, &#8220;\u0130deolojik davran\u0131yorlar, kredilerini yitiriyorlar&#8221; diye konu\u015ftu.<\/p>\n<p style=\"text-align: justify;\">Erdo\u011fan, uluslararas\u0131 camian\u0131n, k\u00fcresel krizin olumsuz etkilerini en aza indirecek ad\u0131mlar\u0131n i\u015fbirli\u011fi ve koordinasyon <\/p>\n","protected":false},"author":1,"featured_media":0,"comment_status":"open","ping_status":"closed","sticky":false,"template":"","format":"standard","meta":{"footnotes":""},"categories":[105],"tags":[],"class_list":["post-15522","post","type-post","status-publish","format-standard","hentry","category-gundem","odd"],"_links":{"self":[{"href":"http:\/\/www.korhanyilmaz.com\/index.php?rest_route=\/wp\/v2\/posts\/15522","targetHints":{"allow":["GET"]}}],"collection":[{"href":"http:\/\/www.korhanyilmaz.com\/index.php?rest_route=\/wp\/v2\/posts"}],"about":[{"href":"http:\/\/www.korhanyilmaz.com\/index.php?rest_route=\/wp\/v2\/types\/post"}],"author":[{"embeddable":true,"href":"http:\/\/www.korhanyilmaz.com\/index.php?rest_route=\/wp\/v2\/users\/1"}],"replies":[{"embeddable":true,"href":"http:\/\/www.korhanyilmaz.com\/index.php?rest_route=%2Fwp%2Fv2%2Fcomments&post=15522"}],"version-history":[{"count":0,"href":"http:\/\/www.korhanyilmaz.com\/index.php?rest_route=\/wp\/v2\/posts\/15522\/revisions"}],"wp:attachment":[{"href":"http:\/\/www.korhanyilmaz.com\/index.php?rest_route=%2Fwp%2Fv2%2Fmedia&parent=15522"}],"wp:term":[{"taxonomy":"category","embeddable":true,"href":"http:\/\/www.korhanyilmaz.com\/index.php?rest_route=%2Fwp%2Fv2%2Fcategories&post=15522"},{"taxonomy":"post_tag","embeddable":true,"href":"http:\/\/www.korhanyilmaz.com\/index.php?rest_route=%2Fwp%2Fv2%2Ftags&post=15522"}],"curies":[{"name":"wp","href":"https:\/\/api.w.org\/{rel}","templated":true}]}}