{"id":15518,"date":"2009-10-03T11:20:32","date_gmt":"2009-10-03T09:20:32","guid":{"rendered":"http:\/\/www.korhanyilmaz.com\/?p=15518"},"modified":"2009-10-03T11:20:32","modified_gmt":"2009-10-03T09:20:32","slug":"akpde-kongre-heyecani","status":"publish","type":"post","link":"http:\/\/www.korhanyilmaz.com\/?p=15518","title":{"rendered":"AKP&#039;de kongre heyecan\u0131"},"content":{"rendered":"<p style=\"text-align: justify;\"><a href=\"http:\/\/www.korhanyilmaz.com\/wp-content\/uploads\/2009\/10\/erdogan.jpg\"  class=\"lightview\"><img loading=\"lazy\" decoding=\"async\" class=\"aligncenter size-full wp-image-15519\" src=\"http:\/\/www.korhanyilmaz.com\/wp-content\/uploads\/2009\/10\/erdogan.jpg\" alt=\"\" width=\"329\" height=\"210\" \/><\/a>AKP&#8217;nin sabah saatlerinde ba\u015flayan 3&#8217;\u00fcnc\u00fc Ola\u011fan Kongresi Ankara&#8217;da, ASK\u0130 Spor Salonu&#8217;ndan yap\u0131ld\u0131.<\/p>\n<p style=\"text-align: justify;\">Ge\u00e7mi\u015fte hatalar varsa bunlar\u0131 bir tarafa b\u0131rakal\u0131m, bir milat, yola koyulal\u0131m&#8230;<\/p>\n<p style=\"text-align: justify;\">Ba\u015fbakan Erdo\u011fan, d\u00fcn partisinin kongresinde \u201ca\u00e7\u0131l\u0131ma destek\u201d istedi ve milat ilan etti. Erdo\u011fan, \u201cT\u00fcrkiye\u2019nin d\u00fcnyaya s\u00f6yleyecek s\u00f6z\u00fc var. Anlatacak bir hikayemiz, bir r\u00fcyam\u0131z var. Ge\u00e7mi\u015fte yanl\u0131\u015flar\u0131m\u0131z varsa, bunlar\u0131 bir tarafa koyal\u0131m. Gelin \u00fcz\u00fcm\u00fc beraber yiyelim\u201d dedi.<\/p>\n<p style=\"text-align: justify;\">Ba\u015fbakan Tayyip Erdo\u011fan, kongrede yapt\u0131\u011f\u0131 konu\u015fmada salonda \u201cT\u00fcrkiye\u2019nin 7 b\u00f6lgesi bulundu\u011funu\u201d s\u00f6yleyerek T\u00fcrkiye tablosu \u00e7izdi. Konu\u015fmas\u0131nda \u201cmilat\u201d vurgusu yapan Ba\u015fbakan Erdo\u011fan, \u00f6zetle \u015f\u00f6yle konu\u015ftu: <!--more--><\/p>\n<p style=\"text-align: justify;\"><strong><em>T\u00dcRK\u0130YE TABLOSU<\/em><\/strong>: Bug\u00fcn bu salonda Anadolu var, Trakya var; T\u00fcrkiye\u2019nin 7 b\u00f6lgesi var. Karadeniz\u2019in co\u015fkusu, Akdeniz\u2019in s\u0131cakl\u0131\u011f\u0131 var. Bug\u00fcn burada K\u0131z\u0131l\u0131rmak, Ye\u015fil\u0131rmak\u2019\u0131n Sakarya\u2019n\u0131n, Dicle\u2019nin, Botan\u2019\u0131n, Seyhan\u2019\u0131n, Ceyhan\u2019\u0131n, Murat\u2019\u0131n, Meri\u00e7\u2019in, Gediz\u2019in, Menderes\u2019in \u00e7a\u011f\u0131lt\u0131s\u0131 var. A\u011fr\u0131 Da\u011f\u0131\u2019n\u0131n S\u00fcphan\u2019\u0131n, Ka\u00e7kar\u2019\u0131n, Cudi\u2019nin, Munz\u0131r\u2019\u0131n, Erciyes\u2019in, Toroslar\u0131n, Alada\u011flar\u2019\u0131n, Uluda\u011f\u2019\u0131n ali cenapl\u0131\u011f\u0131 var. Dilovas\u0131\u2019ndan Kad\u0131k\u00f6y\u2019e kadar yay\u0131lm\u0131\u015f, eme\u011fiyle ge\u00e7inen i\u015f\u00e7i karde\u015fimin hakk\u0131 bizim omuzlar\u0131m\u0131zdad\u0131r. \u0130stanbul\u2019da Gazi Mahallesi\u2019nin, Ankara\u2019da Ku\u015fca\u011f\u0131z Mahallesi\u2019nin, Diyarbak\u0131r\u2019da Benu Sen Mahallesi\u2019nin hakk\u0131 bizim omuzlar\u0131m\u0131zdad\u0131r.<\/p>\n<p style=\"text-align: justify;\"><strong><em>EL\u0130TLER ROTA \u00c7\u0130ZEMEZ<\/em><\/strong>: Bu partiye, toplumdan kopuk olan elitler y\u00f6n belirleyemez, se\u00e7kinler rota \u00e7izemez. Bu partiye milletin hukukunu ayaklar alt\u0131na alan \u00e7eteler sirayet edemez. 3 Kas\u0131m 2002 bu \u00fclke i\u00e7in bu \u00fclke ve millet i\u00e7in milat olmu\u015ftur. Millet iradesinin se\u00e7imlerin d\u0131\u015f\u0131nda bir yolla de\u011fi\u015ftirilebilece\u011fine inananlar, art\u0131k kar\u015f\u0131s\u0131nda milleti bulurlar.<\/p>\n<p style=\"text-align: justify;\"><strong><em>ANLATACAK H\u0130KAYEM\u0130Z VAR<\/em><\/strong>: Siyasi g\u00f6r\u00fc\u015f\u00fcm\u00fcz ne olursa olsun, her y\u00f6n\u00fcyle b\u00fcy\u00fck ve g\u00fc\u00e7l\u00fc T\u00fcrkiye, daha ferah, daha ya\u015fanabilir bir T\u00fcrkiye\u2019dir. T\u00fcrkiye\u2019nin d\u00fcnyaya s\u00f6yleyecek s\u00f6z\u00fc var. \u00c7\u00fcnk\u00fc biz konu\u015fmaya daha yeni ba\u015flad\u0131k. \u00c7\u00fcnk\u00fc bizim fasl\u0131m\u0131z daha yeni ba\u015fl\u0131yor. \u00c7\u00fcnk\u00fc bizim anlatacak bir hikayemiz, bir r\u00fcyam\u0131z, bir hayalimiz var. Hi\u00e7bir milleti ay\u0131rmadan herkese e\u015fit davran\u0131lmas\u0131n\u0131 istiyoruz. Biz, birlikte T\u00fcrkiye\u2019yiz. Bu topraklar\u0131 hep birlikte vatan k\u0131ld\u0131k. Bu topraklarda hep birlikte tekbir millet olduk. \u00c7anakkale\u2019de, Sakarya\u2019da, Dumlup\u0131nar\u2019da omuz omuza bu topraklar\u0131 savunduk, yan yana \u015fehit d\u00fc\u015ft\u00fck. Ortak kaderimizle T\u00fcrkiye\u2019yiz. 72 milyon vatanda\u015f\u0131m\u0131n her biri, bu \u00fclkenin birinci s\u0131n\u0131f vatanda\u015f\u0131d\u0131r.<\/p>\n<p style=\"text-align: justify;\"><em><strong>SA\u0130D-\u0130 NURS\u0130\u2019S\u0130Z B\u0130R T\u00dcRK\u0130YE&#8230;<\/strong><\/em>: \u015eunu t\u00fcm samimiyetimle, b\u00fct\u00fcn hasbili\u011fimle ifade ediyorum: Bu \u00fclkenin tarihinden, Ahmet Yesevi\u2019yi, Hac\u0131 Bekta\u015f\u2019\u0131, Pir Sultan\u2019\u0131, Hac\u0131 Bayram Veli\u2019yi \u00e7\u0131kartmaya kalkarsan\u0131z, onlar\u0131 g\u00f6rmezden gelirseniz, onlar\u0131 yok sayarsan\u0131z, bu \u00fclke \u00f6ks\u00fcz kal\u0131r, yetim kal\u0131r, k\u00f6ks\u00fcz ve dayanaks\u0131z kal\u0131r. Yunus Emre\u2019siz bir T\u00fcrkiye dilsiz kal\u0131r. Mevlana\u2019s\u0131z bir T\u00fcrkiye ruhsuz kal\u0131r. Sabahat Akkiraz\u2019a kulak vermeyen, dinlemeyen T\u00fcrkiye t\u00fcrk\u00fcs\u00fcz kal\u0131r. Tatyos Efendi\u2019yi yok sayan T\u00fcrkiye\u2019nin besteleri yar\u0131m kal\u0131r. Cem Karaca bu \u00fclkenin hasretini \u00e7ekti\u011fi kadar, bu \u00fclke de Cem Karaca\u2019n\u0131n hasretini \u00e7ekti. \u2019Ho\u015f\u00e7akal\u0131n \u0130ki G\u00f6z\u00fcm\u2019 diyen Ahmet Kaya\u2019ya vefa g\u00f6stermeyen T\u00fcrkiye\u2019nin \u015fark\u0131lar\u0131 eksik kal\u0131r. Nas\u0131l Mehmet Akif\u2019siz bir T\u00fcrkiye tahayy\u00fcl edilemezse, Naz\u0131m Hikmet\u2019siz T\u00fcrkiye eksik say\u0131l\u0131r. Seversiniz sevmezsiniz, be\u011fenirsiniz be\u011fenmezsiniz, g\u00f6r\u00fc\u015flerini kabul edersiniz etmezsiniz ama Ahmedi Hani\u2019siz, Bitlisli Said-i Nursi\u2019siz bir T\u00fcrkiye\u2019nin maneviyat\u0131 noksan kal\u0131r. Biz, bu \u00fclkenin t\u00fcm renkleriyle, b\u00fct\u00fcn kokular\u0131yla, da\u011flar\u0131, ta\u015flar\u0131, \u0131rmaklar\u0131yla T\u00fcrkiye\u2019yiz.<\/p>\n<p style=\"text-align: justify;\"><em><strong>DI\u015eLAMAK OLMAZ<\/strong><\/em>: Mevlana\u2019ya kulak verdik, \u2019Gel, ne olursan ol, yine gel\u2019 dedik. Hac\u0131 Bekta\u015f Veli\u2019ye kulak verdik, \u2019Bir olal\u0131m, iri olal\u0131m, diri olal\u0131m\u2019 dedik. Pir Sultan Abdal\u2019a kulak verdik, \u2019gelin canlar bir olal\u0131m\u2019 dedik. Yunus\u2019a kulak verdik, \u2019gelin tan\u0131\u015f olal\u0131m\u2019 dedik. Kimseyi S\u00fcnni oldu\u011fu i\u00e7in de\u011fil, kimseyi Alevi oldu\u011fu i\u00e7in de\u011fil, T\u00fcrk, K\u00fcrt, \u00c7erkez, Laz, Tatar, Abhaza, Arap, Roman, Musevi, Rum, Ermeni oldu\u011fu i\u00e7in de\u011fil, herkesi insan oldu\u011fu i\u00e7in sevdik. Bu adab\u0131 \u2019Yarad\u0131lan\u0131 severiz, Yaradandan \u00f6t\u00fcr\u00fc\u2019 diyen Yunus\u2019tan ald\u0131k. Biz bu terbiyeyi, \u00c7anakkale\u2019de d\u00fc\u015fman\u0131na dahi kahve ikram edebilmeyi ba\u015farm\u0131\u015f Mehmet\u00e7ik\u2019ten, \u015fehitlerimizden, gazilerimizden ald\u0131k. Bu \u00fclkenin hamurunda d\u0131\u015flamak yoktur. Bu \u00fclkenin hamurunda \u00f6tekile\u015ftirmek yoktur.<\/p>\n<p style=\"text-align: justify;\"><strong><em>B\u0130R M\u0130LAT, YOLA KOYULALIM<\/em><\/strong>: Ge\u00e7mi\u015fte yanl\u0131\u015flar\u0131m\u0131z varsa, bunlar\u0131 bir tarafa koyal\u0131m. Bir milat&#8230;, yeniden yola koyulal\u0131m. Bu topraklar Anadolu\u2019dur. Bu topraklar ana\u00e7t\u0131r, bu topraklar ana kuca\u011f\u0131 gibi herkese kollar\u0131n\u0131 a\u00e7ar. Bu topraklarda kimsenin bir ba\u015fkas\u0131n\u0131 \u00f6tekile\u015ftirmeye, dininden, mezhebinden, milliyetinden, etnik kimli\u011finden \u00f6t\u00fcr\u00fc bir ba\u015fkas\u0131n\u0131 d\u0131\u015flamaya, hor g\u00f6rmeye hakk\u0131 olamaz. Bu topraklarda ho\u015f g\u00f6r\u00fclmeyen yegane \u015fey, ho\u015fg\u00f6r\u00fcs\u00fczl\u00fckt\u00fcr. Binlerce y\u0131ldan bu yana bu topraklar\u0131n \u00fczerinde yank\u0131lanan sese kulak veriyor, topraklar\u0131 \u015fekillendiren karde\u015flik ruhunu benimsiyoruz.<\/p>\n<p style=\"text-align: justify;\"><strong><em>\u2019D\u00f6n\u00fclmez demokrasinin ufkunday\u0131z\u2019<\/em><\/strong><\/p>\n<p style=\"text-align: justify;\">Ba\u015fbakan Erdo\u011fan okudu\u011fu \u015fiir nedeniyle cezaevine g\u00f6nderildi\u011fi d\u00f6nemleri an\u0131msatarak ba\u015flatt\u0131\u011f\u0131 konu\u015fmas\u0131nda, Necip Faz\u0131l K\u0131sak\u00fcrek, Mehmet Akif Ersoy, Yunus Emre, A\u015f\u0131k Veysel, Hac\u0131 Bekta\u015f Veli, Pir Sultan Abdal ve Mevlana\u2019dan al\u0131nt\u0131larla s\u00fcsledi.<\/p>\n<p style=\"text-align: justify;\">Erdo\u011fan konu\u015fmas\u0131na P\u0131narhisar Cezaevi\u2019ne girdi\u011fini hat\u0131rlatarak \u015fu s\u00f6zlerle ba\u015flad\u0131: \u201cSevgili karde\u015flerim, P\u0131narhisar Cezaevi\u2019ne do\u011fru yola \u00e7\u0131karken, 26 Mart 1999 g\u00fcnlerden Cuma&#8230; \u00dcsk\u00fcdar\u2019dan evimin \u00f6n\u00fcndeki vatanda\u015flar\u0131ma seslendim: \u2019Bu bir veda de\u011fildir. \u0130n\u015fallah bitmeyen \u015fark\u0131n\u0131n besteleri i\u00e7indeki bir \u2019es\u2019tir, bir durakt\u0131r\u2019dedim. Bir an bile karamsarl\u0131\u011fa kap\u0131lmad\u0131m. Bir an bile ba\u015f\u0131m\u0131 \u00f6ne e\u011fmedim. Cezaevi\u2019nde, Necip Faz\u0131l K\u0131sak\u00fcrek\u2019in \u201dDu \u201c \u015fiiri hislerime terc\u00fcman oldu. Erdo\u011fan\u2019\u0131n dile getirdi\u011fi dizeler \u015f\u00f6yle:<\/p>\n<p style=\"text-align: justify;\"><strong><em>Necip Faz\u0131l K\u0131sak\u00fcrek\u2019in \u2018Dua\u2019 \u015fiiri: <\/em><\/strong><\/p>\n<p style=\"text-align: justify;\">Dua dua, eller kar\u0131ncalanm\u0131\u015f; y\u0131ld\u0131zlar avu\u00e7ta, g\u00f6k par\u00e7alanm\u0131\u015f.<\/p>\n<p style=\"text-align: justify;\">G\u00f6zya\u015f\u0131 bir tarla, hep yoncalanm\u0131\u015f.<\/p>\n<p style=\"text-align: justify;\">Bir soluk, bir t\u00fcts\u00fc, bir u\u00e7an bu\u011fu iplik ki incecik, \u00f6rer bo\u015flu\u011fu.<\/p>\n<p style=\"text-align: justify;\">Ana rahmi zahir \u015fu bizim ko\u011fu\u015f; karanl\u0131\u011f\u0131nda nur, yeniden do\u011fu\u015f.<\/p>\n<p style=\"text-align: justify;\">Sesler duymaktay\u0131m: davran ve bo\u011fu\u015f.<\/p>\n<p style=\"text-align: justify;\">Sen bir devsin, y\u00fck\u00fc a\u011f\u0131rd\u0131r devin.<\/p>\n<p style=\"text-align: justify;\">Kalk aya\u011fa, dim dik do\u011frul ve sevin.<\/p>\n<p style=\"text-align: justify;\">Mehmed\u2019im sevinin ba\u015flar y\u00fcksekte.<\/p>\n<p style=\"text-align: justify;\">\u00d6lsek de sevinin, eve d\u00f6nsek de!<\/p>\n<p style=\"text-align: justify;\">Sanma bu tekerlek kal\u0131r t\u00fcmsekte.<\/p>\n<p style=\"text-align: justify;\">Yar\u0131n, elbet bizim, elbet bizimdir.<\/p>\n<p style=\"text-align: justify;\">G\u00fcn do\u011fmu\u015f, g\u00fcn batm\u0131\u015f, ebed bizimdir.<\/p>\n<p style=\"text-align: justify;\"><strong><em>T\u00fcrkiye\u2019yi bu isimlerle anlatt\u0131<\/em><\/strong><\/p>\n<p style=\"text-align: justify;\">Cem Karaca (1945-2004): \u00dcnl\u00fc m\u00fczisyen. 12 Eyl\u00fcl\u2019de s\u00fcrg\u00fcn ya\u015fad\u0131. Vatanda\u015fl\u0131ktan \u00e7\u0131kar\u0131lan Karaca, \u00d6zal\u2019\u0131n \u00e7abas\u0131yla yurda d\u00f6nd\u00fc vatanda\u015fl\u0131\u011fa al\u0131nd\u0131.<\/p>\n<p style=\"text-align: justify;\">Ahmet Kaya (1957-2000): Protest m\u00fczi\u011fin \u00fcnl\u00fc ismi. Yurtd\u0131\u015f\u0131 konserleriyle ilgili \u00e7arp\u0131t\u0131lan haberler nedeniyle mahkum oldu, yurda d\u00f6nmedi. 2000\u2019de Paris\u2019te \u00f6ld\u00fc, orada yat\u0131yor.<\/p>\n<p style=\"text-align: justify;\">Mehmet Akif Ersoy (1873-1936): \u0130stiklal Mar\u015f\u0131\u2019n\u0131n s\u00f6z yazar\u0131, \u201cVatan \u015fairi.\u201d \u00c7anakkale Destan\u0131, B\u00fclb\u00fcl\u2019\u00fc yazd\u0131.<\/p>\n<p style=\"text-align: justify;\">Naz\u0131m Hikmet (1901-1963): D\u00fcnyaca \u00fcnl\u00fc \u015fairimiz. Y\u0131llarca cezaevinde yatt\u0131, s\u00fcrg\u00fcn ya\u015fad\u0131. Moskova\u2019da yat\u0131yor. Ge\u00e7en y\u0131l vatanda\u015fl\u0131\u011fa al\u0131nd\u0131.<\/p>\n<p style=\"text-align: justify;\">Ahmedi Hani (1651 -1707): 17. y\u00fczy\u0131lda, \u201cMem \u00fb Z\u00een\u201d i yazan Hakkarili K\u00fcrt tarih\u00e7i, ve edebiyat\u00e7\u0131. Medreselerde hocal\u0131k yapan Hani\u2019nin ad\u0131 Van\u2019da bir liseye verildi.<\/p>\n<p style=\"text-align: justify;\">Said-i Nurs\u00ee (1878- 1960): Risale-i Nur K\u00fclliyat\u0131\u2019n\u0131n yazar\u0131. Nurculuk hareketinin \u00f6nderi. Yolundan gidenler \u201cBedi\u00fczzaman\u201d (zaman\u0131n en iyisi) s\u0131fat\u0131n\u0131 kullan\u0131yor. Mart 1960\u2019da vefat etti, \u015eanl\u0131urfa\u2019ya defnedildi. Askeri y\u00f6netim naa\u015f\u0131n\u0131 alarak bilinmeyen yere nakletti. U\u00e7aktan K\u0131br\u0131s a\u00e7\u0131klar\u0131na at\u0131ld\u0131\u011f\u0131 \u00f6ne s\u00fcr\u00fcld\u00fc.<\/p>\n<p style=\"text-align: justify;\">Ahmet Necip Faz\u0131l K\u0131sak\u00fcrek (1904-1983): Kald\u0131r\u0131mlar \u015fiiriyle \u00fcnl\u00fc T\u00fcrk sa\u011f\u0131n\u0131n \u00f6nemli edebiyat ve fikir adam\u0131. \u015eiir ve yaz\u0131lar\u0131 nedeniyle hasip yatt\u0131.<\/p>\n<p style=\"text-align: justify;\">Ahmet Yesevi (1093- 1166): T\u00fcrkistanl\u0131 d\u00fc\u015f\u00fcn\u00fcr ve Haydarili\u011fin kurucusu.<\/p>\n<p style=\"text-align: justify;\">Hac\u0131 Bayram-\u0131 Veli (1352 &#8211; 1429): Anadolu\u2019da yeti\u015fen \u015fair, mutasavv\u0131f. Bilim ve tasavvufu birle\u015ftirmeyi ba\u015farm\u0131\u015f sufidir.<\/p>\n<p style=\"text-align: justify;\">Yunus Emre (1240 &#8211; 1321): Anadolu\u2019da T\u00fcrk\u00e7e \u015fiirin \u00f6nc\u00fcs\u00fc olan mutasavv\u0131f bir T\u00fcrk halk \u015fairi. Allah sevgisini ve a\u015fkla ilgili d\u00fc\u015f\u00fcncelerini, bat\u0131l inanca kar\u015f\u0131, ger\u00e7ek \u0130slam tasavvufunu i\u015fleyerek T\u00fcrk-\u0130slam birli\u011finin olu\u015fmas\u0131nda \u00f6nemli rol oynad\u0131.<\/p>\n<p style=\"text-align: justify;\">Pir Sultan Abdal (16. y\u00fczy\u0131l): Anadoluda 16. y\u00fczy\u0131lda ya\u015fam\u0131\u015f halk \u015fairi, ozan. As\u0131l ad\u0131 Haydar. Halk aras\u0131nda Yedi Ulular olarak bilinen Yedi Ulu Ozan\u2019dan biridir. Alevi gelenekleri ile derg\u00e2h ortam\u0131nda yeti\u015fti.<\/p>\n<p style=\"text-align: justify;\">Hac\u0131 Bekta\u015f-\u0131 Veli (1209 -1271): Ahmet Yesevi\u2019nin \u00f6\u011fretlerini takip etti. Yesevi\u2019nin \u2019halife\u2019si olarak kabul edilir. Kendisinin de ba\u011fl\u0131 oldu\u011fu \u201cAhilik Te\u015fkilat\u0131\u201d ile, Osmanl\u0131 Devleti\u2019nin kurulu\u015f devrinde Anadolu\u2019da sosyal yap\u0131n\u0131n geli\u015fmesinde \u00f6nemli katk\u0131larda bulundu. En \u00f6nemli eserleri Velayetname, Makalat ve Firdevsinin Vilayetnamesi\u2019dir.<\/p>\n<p style=\"text-align: justify;\">Tatyos Efendi (1858-1913): \u0130stanbul\u2019da do\u011fdu. Ger\u00e7ek ad\u0131 Tateos Enkserciyan olan Klasik T\u00fcrk musikisi \u00fcstad\u0131 kemani. Sevilen eserleri aras\u0131nda \u201cBu ak\u015fam g\u00fcn batarken gel\u201d ve \u201cgamzedeyim deva bulmam\u201d gibi \u00e7ok say\u0131da bestesi var.<\/p>\n<p style=\"text-align: justify;\">Sabahat Akkiraz (1955-&#8230;): Sivas\u2019ta do\u011fdu. Halk m\u00fczi\u011fini evrensel arenaya ta\u015f\u0131d\u0131.<\/p>\n<p style=\"text-align: justify;\">Mevl\u00e2n\u00e2 Celaleddin-i Belhi Rumi (1207-1273): \u015eair, d\u00fc\u015f\u00fcnce adam\u0131 ve Mevlevi yolunun \u00f6nc\u00fcs\u00fc.<\/p>\n<p style=\"text-align: justify;\"><strong><em>KONGREDEN NOTLAR <\/em><\/strong><\/p>\n<p style=\"text-align: justify;\"><strong><em>\u2019I\u015f\u0131k Buradan Y\u00fckseliyor\u2019da halay, horon, z\u0131lg\u0131t bir arada <\/em><\/strong><\/p>\n<p style=\"text-align: justify;\">AK Parti\u2019nin d\u00fcn yap\u0131lan 3. Ola\u011fan B\u00fcy\u00fck Kongresi\u2019ne, \u201cDemokratik A\u00e7\u0131l\u0131m\u201d damgas\u0131n\u0131 vurdu. Demokratik a\u00e7\u0131l\u0131m s\u00fcrecine paralel bi\u00e7imde \u201cBiz Birlikte T\u00fcrkiye\u2019yiz\u201d konseptiyle organize edilen kongrede, Ak partililer \u201chalay, horon, z\u0131lg\u0131t\u201d \u0131 b\u00fct\u00fcnle\u015ftiren m\u00fczisyen \u00d6zhan Eren\u2019in besteledi\u011fi \u201cI\u015f\u0131k Buradan Y\u00fckseliyor\u201d adl\u0131 \u015fark\u0131s\u0131 \u00e7al\u0131nd\u0131. \u015eark\u0131n\u0131n s\u00f6zleri \u015f\u00f6yle: Biz elele kuvvetliyiz\/G\u00fcc\u00fcm\u00fcz burdan gelir Biz birlikte T\u00fcrkiye\u2019yiz\/I\u015f\u0131k burdan y\u00fckselir&#8230; \/Burda birle\u015fir eller \/ Dostluk burda g\u00fc\u00e7lenir\/A\u015fkla yanar g\u00f6n\u00fcller\/ I\u015f\u0131k burdan y\u00fckselir&#8230; \/ Umut burda boy verir \/ Emek burda g\u00fc\u00e7lenir \/ Kararsa da d\u00f6rt bir yan \/ I\u015f\u0131k burdan y\u00fckselir&#8230; \/ Birle\u015felim karde\u015f gibi \/ Co\u015fsun kalpler ate\u015f gibi \/ Hi\u00e7 s\u00f6nmeyen g\u00fcne\u015f gibi\/ I\u015f\u0131k burdan y\u00fckselir&#8230;<\/p>\n<p style=\"text-align: justify;\"><strong><em>MUHALEFETTEN K\u0130M KATILDI?<\/em><\/strong>: MHP\u2019yi temsilen Genel Ba\u015fkan Yard\u0131mc\u0131s\u0131 Murat \u015eevkatli kat\u0131ld\u0131. CHP\u2019den hi\u00e7bir temsilci kat\u0131lmazken, en b\u00fcy\u00fck alk\u0131\u015f\u0131 BBPGenel Sekreter Mustafa Destici ve MYK \u00fcyesi Tevfik Eren ald\u0131. Kongreye SP\u2019den genel ba\u015fkan yard\u0131mc\u0131lar\u0131 Ertan Y\u00fclek ve \u015eeref Malko\u00e7, ANAP\u2019tan Genel Ba\u015fkan yard\u0131mc\u0131lar\u0131 \u00d6mer Erta\u015f, Niyazi Kahveci kat\u0131ld\u0131. DTP\u2019yi S\u0131rr\u0131 Sak\u0131k temsil etti.<\/p>\n<p style=\"text-align: justify;\"><strong><em>YABANCI KONUKLAR <\/em><\/strong><\/p>\n<p style=\"text-align: justify;\">KKTC Ba\u015fbakan\u0131 Dervi\u015f Ero\u011flu ba\u015fta olmak \u00fczere yurt d\u0131\u015f\u0131ndan ve yabanc\u0131 misyon temsilcisi konuklar kat\u0131ld\u0131.<\/p>\n<p style=\"text-align: justify;\"><strong><em>MERKEL\u2019\u0130N MESAJI<\/em><\/strong>: Almanya Ba\u015fbakan\u0131 Angela Merkel, kongreye g\u00f6nderdi\u011fi mesajda AKP ile CDU aras\u0131ndaki dostane ili\u015fkilerin kendisi i\u00e7in b\u00fcy\u00fck \u00f6nem arz etti\u011fini vurgulayarak \u201cba\u015far\u0131l\u0131 bir kongre ge\u00e7irmenizi ve AK Parti\u2019nin bundan sonraki \u00e7al\u0131\u015fmalar\u0131nda ba\u015far\u0131lar diliyorum\u201d dedi.<\/p>\n<p style=\"text-align: justify;\"><strong><em>SAMSONITE \u00c7ANTA<\/em><\/strong>: Kongre ba\u015flamadan \u00f6nce parti taraf\u0131ndan delegelere yakla\u015f\u0131k 1.500 adet Samsonite marka \u00e7anta da\u011f\u0131t\u0131ld\u0131. \u00c7antan\u0131n i\u00e7inde delegelere Ba\u015fbakan Erdo\u011fan\u2019\u0131n 11 A\u011fustos 2009 tarihli konu\u015fmas\u0131, yine Erdo\u011fan\u2019\u0131n CD olarak \u015fiir klibi, Erdo\u011fan\u2019\u0131n foto\u011fraflar\u0131n\u0131n oldu\u011fu tebrik kart\u0131 ve bloknot verildi.<\/p>\n<p style=\"text-align: justify;\"><strong><em>\u2018Torunu 3G\u2019den g\u00d6rd\u00fcm\u2019 esrpisi g\u00fcld\u00fcrd\u00fc <\/em><\/strong><\/p>\n<p style=\"text-align: justify;\">Erdo\u011fan, \u201cTorunumu 3G\u2019den g\u00f6rd\u00fcm\u201d deyince Emine Erdo\u011fan ve damad\u0131 Berat Albayrak g\u00fcld\u00fc. Kongreden sonra Erdo\u011fan \u00e7ifti, torunlar\u0131 \u2018Emine\u2019 bebe\u011fi ziyarete gitti.<\/p>\n<p style=\"text-align: justify;\"><span style=\"color: #888888;\">ANKARA VATAN EK\u0130B\u0130: \u015eebnem HO\u015eG\u00d6R &#8211; Levent \u0130\u00c7GEN- Bar\u0131\u015f ORAL<\/span><\/p>\n","protected":false},"excerpt":{"rendered":"<p style=\"text-align: justify;\">AKP&#8217;nin sabah saatlerinde ba\u015flayan 3&#8217;\u00fcnc\u00fc Ola\u011fan Kongresi Ankara&#8217;da, ASK\u0130 Spor Salonu&#8217;ndan yap\u0131ld\u0131.<\/p>\n<p style=\"text-align: justify;\">Ge\u00e7mi\u015fte hatalar varsa bunlar\u0131 bir tarafa b\u0131rakal\u0131m, bir milat, yola koyulal\u0131m&#8230;<\/p>\n<p style=\"text-align: justify;\">Ba\u015fbakan Erdo\u011fan, d\u00fcn partisinin kongresinde \u201ca\u00e7\u0131l\u0131ma destek\u201d istedi ve milat ilan etti. Erdo\u011fan, \u201cT\u00fcrkiye\u2019nin d\u00fcnyaya s\u00f6yleyecek s\u00f6z\u00fc var. Anlatacak bir hikayemiz, bir r\u00fcyam\u0131z var. Ge\u00e7mi\u015fte yanl\u0131\u015flar\u0131m\u0131z <\/p>\n","protected":false},"author":1,"featured_media":0,"comment_status":"open","ping_status":"closed","sticky":false,"template":"","format":"standard","meta":{"footnotes":""},"categories":[105],"tags":[],"class_list":["post-15518","post","type-post","status-publish","format-standard","hentry","category-gundem","odd"],"_links":{"self":[{"href":"http:\/\/www.korhanyilmaz.com\/index.php?rest_route=\/wp\/v2\/posts\/15518","targetHints":{"allow":["GET"]}}],"collection":[{"href":"http:\/\/www.korhanyilmaz.com\/index.php?rest_route=\/wp\/v2\/posts"}],"about":[{"href":"http:\/\/www.korhanyilmaz.com\/index.php?rest_route=\/wp\/v2\/types\/post"}],"author":[{"embeddable":true,"href":"http:\/\/www.korhanyilmaz.com\/index.php?rest_route=\/wp\/v2\/users\/1"}],"replies":[{"embeddable":true,"href":"http:\/\/www.korhanyilmaz.com\/index.php?rest_route=%2Fwp%2Fv2%2Fcomments&post=15518"}],"version-history":[{"count":0,"href":"http:\/\/www.korhanyilmaz.com\/index.php?rest_route=\/wp\/v2\/posts\/15518\/revisions"}],"wp:attachment":[{"href":"http:\/\/www.korhanyilmaz.com\/index.php?rest_route=%2Fwp%2Fv2%2Fmedia&parent=15518"}],"wp:term":[{"taxonomy":"category","embeddable":true,"href":"http:\/\/www.korhanyilmaz.com\/index.php?rest_route=%2Fwp%2Fv2%2Fcategories&post=15518"},{"taxonomy":"post_tag","embeddable":true,"href":"http:\/\/www.korhanyilmaz.com\/index.php?rest_route=%2Fwp%2Fv2%2Ftags&post=15518"}],"curies":[{"name":"wp","href":"https:\/\/api.w.org\/{rel}","templated":true}]}}