{"id":15490,"date":"2009-10-02T15:26:29","date_gmt":"2009-10-02T12:26:29","guid":{"rendered":"http:\/\/www.korhanyilmaz.com\/?p=15490"},"modified":"2009-10-02T15:26:29","modified_gmt":"2009-10-02T12:26:29","slug":"selcen-hanim%e2%80%99a-bilgi-notu-gosteriyordum","status":"publish","type":"post","link":"http:\/\/www.korhanyilmaz.com\/?p=15490","title":{"rendered":"Selcen Han\u0131m\u2019a bilgi notu g\u00f6steriyordum!"},"content":{"rendered":"<p style=\"text-align: center;\"><a href=\"http:\/\/www.korhanyilmaz.com\/wp-content\/uploads\/2009\/10\/vali.jpg\"  class=\"lightview\"><img loading=\"lazy\" decoding=\"async\" class=\"aligncenter size-full wp-image-15491\" src=\"http:\/\/www.korhanyilmaz.com\/wp-content\/uploads\/2009\/10\/vali.jpg\" alt=\"\" width=\"329\" height=\"210\" \/><\/a><\/p>\n<p style=\"text-align: justify;\">Ormanl\u0131k alandaki bir ara\u00e7 i\u00e7inde uygunsuz bir durumda yakaland\u0131\u011f\u0131 iddia edilen Erzurum Valisi Sami Bulut merkeze \u00e7ekildi. \u0130hbar \u00fczerine, gece yar\u0131s\u0131 otomobilde \u0130l Genel Meclisi Ba\u015fkan\u0131 Selcen Karag\u00f6l\u2019le yakalanan Bulut, \u201cVoleybol oynuyordum. Bir konuda yard\u0131m istedi&#8230; Bilgi notunu g\u00f6sterirken polis geldi\u201d dedi.<\/p>\n<p style=\"text-align: justify;\">Erzurum Valisi Sami Bulut, AKP\u2019li \u0130l Genel Meclisi Ba\u015fkan\u0131 Selcen Karag\u00f6l\u2019le fuhu\u015f yapt\u0131\u011f\u0131 iddialar\u0131 \u00fczerine merkeze \u00e7ekildi. Ankara\u2019da \u015fok etkisi yaratan olay, 15 Eyl\u00fcl ak\u015fam\u0131 saat 22.00 s\u0131ralar\u0131nda 155 polis ihbar hatt\u0131na gelen bir telefon \u00fczerine ortaya \u00e7\u0131kt\u0131. \u0130ddiaya g\u00f6re trafi\u011fin \u00e7ok yo\u011fun oldu\u011fu b\u00f6lgede duran otomobil, baz\u0131 s\u00fcr\u00fcc\u00fclerin dikkatini \u00e7ekti. Yap\u0131lan ihbar \u00fczerine Dada\u015fkent Polis Merkezi\u2019nden g\u00f6revlendirilen bir ekip, otomobilin yan\u0131na geldi ve iddiaya g\u00f6re Vali Bulut ile Karag\u00f6l\u2019\u00fc \u2018uygunsuz\u2019 vaziyette g\u00f6rd\u00fc. <!--more--><\/p>\n<p style=\"text-align: justify;\"><strong><em>\u2018Sen valiysen ben de&#8230;\u2019 <\/em><\/strong><\/p>\n<p style=\"text-align: justify;\">Erzurum\u2019a yeni geldi\u011fi i\u00e7in Vali Bulut\u2019u tan\u0131mayan bir polis memuru, kimlik istedi. Bulut, \u2018Ben valiyim\u2019 deyince, polis memuru da i\u015fletildi\u011fini sanarak, \u2018Ben de ba\u015fbakan\u0131m\u2019 kar\u015f\u0131l\u0131\u011f\u0131n\u0131 verdi ve \u00fczerinde kimlik bulunmayan Vali Bulut\u2019u karakola davet etti. Erzurum Barosu avukatlar\u0131ndan ve bekar olan 35 ya\u015f\u0131ndaki \u0130l Genel Meclisi Ba\u015fkan\u0131 Selcen Karag\u00f6l otomobille kente d\u00f6nerken, Vali Bulut da Dada\u015fkent Polis Merkezi\u2019ne gitti. Burada bir s\u00fcre kalan Vali Bulut, ard\u0131ndan kent merkezinde Pa\u015falar Caddesi \u00fczerinde bulunan konutuna d\u00f6nd\u00fc.<\/p>\n<p style=\"text-align: justify;\"><strong><em>\u2019Bask\u0131yla tutanak tutturuldu\u2019 <\/em><\/strong><\/p>\n<p style=\"text-align: justify;\">Olay kentte kulaktan kula\u011fa duyulurken, bunun ge\u00e7en 29 May\u0131s\u2019ta \u2018Valiyi ma\u00e7a korumalar\u0131 haz\u0131rlad\u0131\u2019 diye gazetelerde yer alan Sami Bulut\u2019un ayakkab\u0131lar\u0131 ile e\u015fofman\u0131n\u0131n giydirilmesi haberinden rahats\u0131z olan polislerin bir \u2018misillemesi\u2019 oldu\u011fu ileri s\u00fcr\u00fcld\u00fc. Bulut\u2019tan rahats\u0131z olan baz\u0131 siyasilerin devreye girdi\u011fi ve valinin polis merkezinden ayr\u0131lmas\u0131ndan sonra tutanak tutturulup imza alt\u0131na al\u0131narak, \u0130\u00e7i\u015fleri Bakanl\u0131\u011f\u0131\u2019na g\u00f6nderildi\u011fi de iddia edildi.<\/p>\n<p style=\"text-align: justify;\"><strong><em>Hemen izne ayr\u0131ld\u0131 <\/em><\/strong><\/p>\n<p style=\"text-align: justify;\">Vali Bulut, olaydan hemen sonra 16 Eyl\u00fcl\u2019den itibaren 15 g\u00fcn izine ayr\u0131ld\u0131. Ankara\u2019da oturan e\u015fi ve \u00fc\u00e7 \u00e7ocu\u011funun yan\u0131nda izin yapan Vali Bulut, ge\u00e7en 18 Eyl\u00fcl g\u00fcn\u00fc TBMM Ba\u015fkan\u0131 Mehmet Ali \u015eahin\u2019in asker olan o\u011flunu bayram iznine g\u00f6t\u00fcrmek i\u00e7in Erzurum\u2019a gidece\u011fini \u00f6\u011frenince iznini yar\u0131da keserek Erzurum\u2019a geldi. Baz\u0131 iddialara g\u00f6re de Vali Bulut, TBMM Ba\u015fkan\u0131 \u015eahin\u2019e bu durumu anlatt\u0131 ve yard\u0131m istedi. Ancak, dedikodu \u015feklinde yerel bas\u0131n\u0131n konuyu i\u015flemesi \u00fczerine Vali Bulut ile Karag\u00f6l hakk\u0131ndaki \u2018uygunsuz\u2019 g\u00f6r\u00fcld\u00fckleri iddias\u0131 yerel bas\u0131ndaki k\u00f6\u015fe yaz\u0131lar\u0131nda yer almaya ba\u015flay\u0131nca olay ayyuka \u00e7\u0131kt\u0131.<\/p>\n<p style=\"text-align: justify;\"><strong><em>\u2018Karakola kendim gittim\u2019 <\/em><\/strong><\/p>\n<p style=\"text-align: justify;\">Fuhu\u015f iddialar\u0131n\u0131n kesinlikle do\u011fru olmad\u0131\u011f\u0131n\u0131 savunan Vali Bulut ise o geceyi \u015f\u00f6yle anlatt\u0131: \u201cTeravihten sonra voleybol ma\u00e7\u0131 yapt\u0131k. Selcen Han\u0131m beni arad\u0131. H\u0131n\u0131s\u2019taki operasyona kar\u0131\u015fan meclis \u00fcyesiyle ilgili konu\u015fmak istedi. Ma\u00e7ta oldu\u011fumu s\u00f6yledim. O zaman \u2018yar\u0131n olsun\u2019 dedi. \u2018Yar\u0131n Ankara\u2019ya gidiyorum\u2019dedim. Karde\u015fiyle beraber geldi. Karde\u015fi, \u2018Siz resmi konu\u015fursunuz, \u015fimdi ben s\u0131k\u0131l\u0131r\u0131m\u2019diyerek ayr\u0131ld\u0131. Polis yan\u0131m\u0131zdan ge\u00e7erken, bilgi notunu Selcen Han\u0131m\u2019a g\u00f6steriyordum. Polis gelince \u2018Valiyim\u2019 dedim. Polis beni tan\u0131mad\u0131, olabilir. \u00dczerimde kimlik yoktu. Polise, dedim ki, \u2018Gel karakola beraber gidelim.\u2019 Polis beni karakola g\u00f6t\u00fcrmedi. Polisin beni karakola g\u00f6t\u00fcrmesi gibi bir \u015fey olabilir mi? \u00d6yle bir \u015fey yok, ben gittim. Beni orada g\u00f6r\u00fcnce tan\u0131d\u0131lar, \u2018Bir emriniz var m\u0131?\u2019 dediler, bana selam verdiler. Korumalar\u0131m yan\u0131mda yoktu. Saat 22.00 s\u0131ralar\u0131yd\u0131. Karakola ben tek ba\u015f\u0131ma gittim. Selcen Han\u0131m yan\u0131mda yoktu.Yani kesinlikle yalan, kesinlikle b\u00f6yle bir \u015fey yok. B\u00f6yle bir \u015fey olsa niye Erzurum\u2019a \u015fey yapay\u0131m? \u201d<\/p>\n<p style=\"text-align: justify;\"><strong><em>\u2018Bakanl\u0131\u011fa dilek\u00e7e verdim\u2019 <\/em><\/strong><\/p>\n<p style=\"text-align: justify;\">Y\u0131ll\u0131k iznini ge\u00e7irdi\u011fi Ankara\u2019da bulunan Vali Sami Bulut, olay\u0131n duyulmas\u0131 \u00fczerine d\u00fcn bir a\u00e7\u0131klama yapt\u0131. Konunun ayd\u0131nlat\u0131lmas\u0131 i\u00e7in \u0130\u00e7i\u015fleri Bakanl\u0131\u011f\u0131\u2019na ba\u015fvurdu\u011funu belirten Bulut, merkeze al\u0131nmak i\u00e7in dilek\u00e7e verdi\u011fini ileri s\u00fcrd\u00fc. \u00dczg\u00fcn oldu\u011funu s\u00f6yleyen Vali Bulut, \u201cBu konunun ayd\u0131nl\u0131\u011fa kavu\u015fmas\u0131 i\u00e7in \u0130\u00e7i\u015fleri Bakanl\u0131\u011f\u0131\u2019na dilek\u00e7e verdim. Bakanl\u0131k do\u011fal kar\u015f\u0131lad\u0131, ben de m\u00fcfetti\u015f talep ettim. Merkez valili\u011fine al\u0131nmam bakanl\u0131k taraf\u0131ndan uygun g\u00f6r\u00fcld\u00fc. \u00c7irkin bir iftiraya u\u011frad\u0131\u011f\u0131m i\u00e7in \u00e7ok \u00fczg\u00fcn\u00fcm\u201d dedi.<\/p>\n<p style=\"text-align: justify;\"><strong><em>E\u015fini Erzurum\u2019a g\u00f6t\u00fcrmedi <\/em><\/strong><\/p>\n<p style=\"text-align: justify;\">Cumhurba\u015fkan\u0131 G\u00fcl\u2019\u00fcn hem\u015fehrisi olan ve Erzurum\u2019a 27 Nisan 2008\u2019de atanan evli ve 3 \u00e7ocuk sahibi olan Bulut, yeni g\u00f6rev yeri olan Erzurum\u2019a e\u015fini g\u00f6t\u00fcrmedi. Vali kona\u011f\u0131na tek ba\u015f\u0131na yerle\u015fen Bulut, kat\u0131ld\u0131\u011f\u0131 ilk Cumhuriyet Bayram\u0131 balosunda e\u015fini alt\u0131 aydan beri Erzurum\u2019a getirmedi\u011fi i\u00e7in Erzurum Giri\u015fimci Kad\u0131nlar Derne\u011fi Ba\u015fkan\u0131 Zekiye \u00c7omakl\u0131 taraf\u0131ndan ele\u015ftirilmi\u015fti. Atanmas\u0131ndan sonra aradan ge\u00e7en bir bu\u00e7uk y\u0131la ra\u011fmen Erzurum\u2019da Vali Bulut\u2019u, ev kad\u0131n\u0131 olan e\u015fiyle birlikte g\u00f6ren olmad\u0131.<\/p>\n<p style=\"text-align: justify;\"><strong><em>Korumas\u0131na ayakkab\u0131s\u0131n\u0131 ba\u011flatm\u0131\u015ft\u0131 <\/em><\/strong><\/p>\n<p style=\"text-align: justify;\">Sami Bulut\u2019un Erzurum\u2019da g\u00f6rev yapt\u0131\u011f\u0131 bir bu\u00e7uk y\u0131ll\u0131k icraat\u0131 s\u0131ras\u0131nda en b\u00fcy\u00fck ele\u015ftiriyi korumalar\u0131 taraf\u0131ndan ma\u00e7a haz\u0131rlanmas\u0131 s\u0131ras\u0131nda ald\u0131. Cemal G\u00fcrsel Stadyumu\u2019nda ge\u00e7en may\u0131s ay\u0131nda siyaset\u00e7ilerle b\u00fcrokratlar\u0131n ma\u00e7\u0131nda Vali Bulut\u2019un korumalar\u0131 taraf\u0131ndan ayakkab\u0131lar\u0131n\u0131n ba\u011flanmas\u0131 ve e\u015fofman\u0131n\u0131n giydirilmesi t\u00fcm \u00e7evrelerden b\u00fcy\u00fck tepki g\u00f6rd\u00fc. B\u00fcrokratlar\u0131n tak\u0131m kaptanl\u0131\u011f\u0131n\u0131 yapan Vali Sami Bulut\u2019un tak\u0131m\u0131 siyaset\u00e7ilerle yapt\u0131\u011f\u0131 ma\u00e7\u0131 7-1 kaybetmi\u015fti. Kayserili olan 51 ya\u015f\u0131ndaki Sami Bulut, t\u00fcm bas\u0131n mensuplar\u0131n\u0131n valili\u011fe giri\u015fini yasaklam\u0131\u015f, gazetecilerin eylem yapmak \u00fczere vilayet \u00f6n\u00fcne toplanmalar\u0131yla bu karar\u0131ndan vazge\u00e7mi\u015fti. Ankara \u00dcniversitesi Siyasal Bilgiler Fak\u00fcltesi mezunu olan ve ilk valili\u011fini Erzurum\u2019da yapan Bulut, il\u00e7e ve k\u00f6y ziyaretlerine de bas\u0131n mensuplar\u0131n\u0131 g\u00f6t\u00fcrm\u00fcyor, vilayet bas\u0131n b\u00fcrosu arac\u0131l\u0131\u011f\u0131yla haber ve foto\u011fraf servisi yapt\u0131r\u0131yordu.<\/p>\n<p style=\"text-align: justify;\"><strong><em>SELCEN KARAG\u00d6L: B\u00f6yle bir olaya milyonda bir bile ihtimal yok <\/em><\/strong><\/p>\n<p style=\"text-align: justify;\">Mart ay\u0131ndaki yerel se\u00e7imde AKP\u2019den \u0130l Genel Meclisi \u00fcyesi olan ve ard\u0131ndan Erzurum tarihinin ilk kad\u0131n \u0130l Genel Meclisi Ba\u015fkan\u0131 olan Selcen Karag\u00f6l, iddialar\u0131n kendisini \u00e7ok \u00fczd\u00fc\u011f\u00fcn\u00fc s\u00f6yledi. Vali Bulut\u2019la bir meclis \u00fcyesinin sorununu g\u00f6r\u00fc\u015fmek \u00fczere bulu\u015ftuklar\u0131n\u0131 s\u00f6yleyen Karag\u00f6l, \u2019Neden spor salonu \u00f6n\u00fcnde de\u011fil de ormanl\u0131k alanda g\u00f6r\u00fc\u015fmenin yap\u0131ld\u0131\u011f\u0131\u2019sorusuna da \u015fu cevab\u0131 verdi: \u201cB\u00f6yle bir olay\u0131n olmas\u0131 y\u00fczde bir de\u011fil, binde bir de\u011fil, milyonda bir bile de\u011fil. Vali Bey\u2019le bir meclis \u00fcyesiyle ilgili meseleyi g\u00f6r\u00fc\u015ft\u00fck. Yani olabilir mi? Ak\u0131l var mant\u0131k var, siz s\u00f6yleyin. Ne zaman g\u00f6r\u00fc\u015ft\u00fc\u011f\u00fcm\u00fcz\u00fc hat\u0131rlam\u0131yorum.\u201d<\/p>\n<p style=\"text-align: justify;\"><strong><em>Tan\u0131nm\u0131\u015f bir ailenin k\u0131z\u0131 <\/em><\/strong><\/p>\n<p style=\"text-align: justify;\">Erzurum\u2019da tan\u0131nm\u0131\u015f bir ailenin k\u0131z\u0131 olan Selcen Karag\u00f6l Ankara Hukuk Fak\u00fcltesi\u2019ni bitirdi. 29 Mart se\u00e7imlerinde AKP\u2019den \u0130l Genel Meclisi \u00fcyeli\u011fine se\u00e7ildikten sonra 58 \u00fcyenin 51\u2019inin oyuyla Erzurum\u2019un ilk kad\u0131n il genel meclisi ba\u015fkan\u0131 oldu. 35 ya\u015f\u0131ndaki Selcen Karag\u00f6l, Erzurum\u2019da aralar\u0131nda ESK\u0130 ve baz\u0131 bankalar\u0131n da bulundu\u011fu bir\u00e7ok kurumun avukatl\u0131\u011f\u0131n\u0131 yap\u0131yor.<\/p>\n<p style=\"text-align: justify;\"><span style=\"color: #888888;\">Kaynak : Vatan<\/span><\/p>\n","protected":false},"excerpt":{"rendered":"<p style=\"text-align: center;\">\n<p style=\"text-align: justify;\">Ormanl\u0131k alandaki bir ara\u00e7 i\u00e7inde uygunsuz bir durumda yakaland\u0131\u011f\u0131 iddia edilen Erzurum Valisi Sami Bulut merkeze \u00e7ekildi. \u0130hbar \u00fczerine, gece yar\u0131s\u0131 otomobilde \u0130l Genel Meclisi Ba\u015fkan\u0131 Selcen Karag\u00f6l\u2019le yakalanan Bulut, \u201cVoleybol oynuyordum. Bir konuda yard\u0131m istedi&#8230; Bilgi notunu g\u00f6sterirken polis geldi\u201d dedi.<\/p>\n<p style=\"text-align: justify;\">Erzurum Valisi Sami Bulut, AKP\u2019li \u0130l <\/p>\n","protected":false},"author":1,"featured_media":0,"comment_status":"open","ping_status":"closed","sticky":false,"template":"","format":"standard","meta":{"footnotes":""},"categories":[105],"tags":[],"class_list":["post-15490","post","type-post","status-publish","format-standard","hentry","category-gundem","odd"],"_links":{"self":[{"href":"http:\/\/www.korhanyilmaz.com\/index.php?rest_route=\/wp\/v2\/posts\/15490","targetHints":{"allow":["GET"]}}],"collection":[{"href":"http:\/\/www.korhanyilmaz.com\/index.php?rest_route=\/wp\/v2\/posts"}],"about":[{"href":"http:\/\/www.korhanyilmaz.com\/index.php?rest_route=\/wp\/v2\/types\/post"}],"author":[{"embeddable":true,"href":"http:\/\/www.korhanyilmaz.com\/index.php?rest_route=\/wp\/v2\/users\/1"}],"replies":[{"embeddable":true,"href":"http:\/\/www.korhanyilmaz.com\/index.php?rest_route=%2Fwp%2Fv2%2Fcomments&post=15490"}],"version-history":[{"count":0,"href":"http:\/\/www.korhanyilmaz.com\/index.php?rest_route=\/wp\/v2\/posts\/15490\/revisions"}],"wp:attachment":[{"href":"http:\/\/www.korhanyilmaz.com\/index.php?rest_route=%2Fwp%2Fv2%2Fmedia&parent=15490"}],"wp:term":[{"taxonomy":"category","embeddable":true,"href":"http:\/\/www.korhanyilmaz.com\/index.php?rest_route=%2Fwp%2Fv2%2Fcategories&post=15490"},{"taxonomy":"post_tag","embeddable":true,"href":"http:\/\/www.korhanyilmaz.com\/index.php?rest_route=%2Fwp%2Fv2%2Ftags&post=15490"}],"curies":[{"name":"wp","href":"https:\/\/api.w.org\/{rel}","templated":true}]}}