{"id":15485,"date":"2009-10-02T18:26:40","date_gmt":"2009-10-02T15:26:40","guid":{"rendered":"http:\/\/www.korhanyilmaz.com\/?p=15485"},"modified":"2009-10-02T18:26:40","modified_gmt":"2009-10-02T15:26:40","slug":"turklerden-ancak-manav-olur-surekli-basortulu-kizlar-uretiyorlar","status":"publish","type":"post","link":"http:\/\/www.korhanyilmaz.com\/?p=15485","title":{"rendered":"T\u00fcrklerden ancak manav olur. S\u00fcrekli ba\u015f\u00f6rt\u00fcl\u00fc k\u0131zlar \u00fcretiyorlar"},"content":{"rendered":"<div id=\"attachment_15486\" style=\"width: 360px\" class=\"wp-caption aligncenter\"><a title=\"Almanya Merkez Bankas\u0131 (Bundesbank) Y\u00f6netim Kurulu \u00fcyesi Thilo Sarrazin\" href=\"http:\/\/www.korhanyilmaz.com\/wp-content\/uploads\/2009\/10\/ThiloSarrazin.jpg\"  class=\"lightview\"><img loading=\"lazy\" decoding=\"async\" aria-describedby=\"caption-attachment-15486\" class=\"size-full wp-image-15486\" src=\"http:\/\/www.korhanyilmaz.com\/wp-content\/uploads\/2009\/10\/ThiloSarrazin.jpg\" alt=\"\" width=\"350\" height=\"232\" \/><\/a><p id=\"caption-attachment-15486\" class=\"wp-caption-text\">Almanya Merkez Bankas\u0131 (Bundesbank) Y\u00f6netim Kurulu \u00fcyesi Thilo Sarrazin<\/p><\/div>\n<p style=\"text-align: justify;\">Almanya Merkez Bankas\u0131 (Bundesbank) Y\u00f6netim Kurulu \u00fcyesi Thilo Sarrazin, g\u00f6\u00e7menlere y\u00f6nelik a\u015fa\u011f\u0131lay\u0131c\u0131 a\u00e7\u0131klamalar\u0131yla \u0131rk\u00e7\u0131 ve a\u015f\u0131r\u0131 sa\u011fc\u0131 parti NPD\u2019yi bile ge\u00e7ti.<\/p>\n<p style=\"text-align: justify;\">H\u00fcrriyet&#8217;ten Murat Tosun&#8217;un haberine g\u00f6re, Berlin\u2019de uzun y\u0131llar SPD ile Sol Parti aras\u0131ndaki koalisyon h\u00fck\u00fcmeti d\u00f6neminde Maliye Senat\u00f6rl\u00fc\u011f\u00fc de yapan Thilo Sarrazin, ba\u015fkentte ya\u015fayan T\u00fcrklere ve di\u011fer yabanc\u0131lara a\u00e7\u0131k\u00e7a hakaret etti. Sarrazin, Berlin Duvar\u0131\u2019n\u0131n y\u0131k\u0131lmas\u0131n\u0131n 20\u2019inci y\u0131l d\u00f6n\u00fcm\u00fc nedeniyle yay\u0131mlanan \u201cLettre International\u201d adl\u0131 k\u00fclt\u00fcr dergisine yapt\u0131\u011f\u0131 ve Almanya\u2019daki farkl\u0131 gazetelerin de d\u00fcn al\u0131nt\u0131 yapt\u0131klar\u0131 r\u00f6portaj\u0131nda, \u201cYanl\u0131\u015f politikalardan dolay\u0131 say\u0131lar\u0131 artan bu kentteki T\u00fcrk ve Araplar\u0131n b\u00fcy\u00fck \u00e7o\u011funlu\u011funun manavl\u0131ktan ba\u015fka \u00fcretim i\u015flevi yok\u201d dedi. <!--more--><\/p>\n<p style=\"text-align: justify;\"><strong><em>E\u011fitimliler gelmesin <\/em><\/strong><\/p>\n<p style=\"text-align: justify;\">Y\u00fcksek e\u011fitimlilerin d\u0131\u015f\u0131nda Almanya\u2019ya yabanc\u0131lar\u0131n gelmesine ve g\u00f6\u00e7menlere sosyal yard\u0131m verilmesine de kar\u015f\u0131 \u00e7\u0131kan Sarrazin, T\u00fcrk gen\u00e7lerinin k\u00fclt\u00fcrlerinden dolay\u0131 kad\u0131n \u00f6\u011fretmenlerini dinlemediklerini \u00f6ne s\u00fcrerek, bunu skandal olarak niteledi.<\/p>\n<p style=\"text-align: justify;\"><strong><em>Ba\u015f\u00f6rt\u00fcl\u00fc k\u0131zlar \u00fcretiyorlar <\/em><\/strong><\/p>\n<p style=\"text-align: justify;\">\u201cDevletten ge\u00e7inen, bu devlete kar\u015f\u0131 \u00e7\u0131kan, \u00e7ocuklar\u0131n\u0131n meslekleri i\u00e7in yeterince ilgilenmeyen ve s\u00fcrekli ba\u015f\u00f6rt\u00fcl\u00fc yeni k\u00fc\u00e7\u00fck k\u0131zlar \u00fcretenleri kabul etmek zorunda de\u011filim\u201d ifadesini kullanan Sarrazin, T\u00fcrklerin fazla do\u011fum oran\u0131yla Alman n\u00fcfusu ge\u00e7meyi denediklerini ileri s\u00fcrd\u00fc. Sarrazin, alayc\u0131 bir \u00fcslupla \u201cE\u011fer Almanlardan IQ olarak y\u00fczde 15 daha zeki olan do\u011fu Avrupal\u0131 Yahudiler olsayd\u0131 bu ho\u015fuma bile giderdi\u201d diyerek \u0131rk\u00e7\u0131l\u0131k yapt\u0131.<\/p>\n<p style=\"text-align: justify;\"><strong><em>Ba\u015fka yere gitsinler <\/em><\/strong><\/p>\n<p style=\"text-align: justify;\">\u201cBuraya bir katk\u0131s\u0131 olan ve bir yere ula\u015fmak isteyen herkes ho\u015f gelmi\u015ftir. Di\u011ferleri ba\u015fka yere gitsin\u201d diyen Sarrazin, Berlin\u2019in hi\u00e7bir zaman Berlinliler taraf\u0131ndan kurtar\u0131lamayaca\u011f\u0131n\u0131, e\u011fitim g\u00f6ren insanlar\u0131n ku\u015faktan ku\u015fa\u011fa \u201captalla\u015ft\u0131\u011f\u0131\u201d, Berlin\u2019in, 1950\u2019l\u0131 y\u0131llarda New York\u2019ta oldu\u011fu gibi entelekt\u00fcel kesimin ithal edilmesine ihtiya\u00e7 duydu\u011funu savundu.<\/p>\n<p style=\"text-align: justify;\"><strong><em>Merkez Bankas\u0131 tepki g\u00f6sterdi<\/em><\/strong><\/p>\n<p style=\"text-align: justify;\">ALMAN Merkez Bankas\u0131 ise Sarrazin\u2019in bu a\u00e7\u0131klamalar\u0131na tepki g\u00f6stererek \u2018ayr\u0131mc\u0131l\u0131k\u2019 olarak nitelendirdi. Bild gazetesi, \u2018Sarrazin Berlinli T\u00fcrklere hakaret etti\u2019 ba\u015fl\u0131\u011f\u0131yla Berliner Kurier de haberi \u201cSarrazin Berlinlileri aptal olarak g\u00f6r\u00fcyor\u201d ba\u015fl\u0131yla verdi.<\/p>\n<p style=\"text-align: justify;\"><span style=\"color: #888888;\">Kaynak : Vatan<\/span><\/p>\n","protected":false},"excerpt":{"rendered":"<p id=\"caption-attachment-15486\" class=\"wp-caption-text\">Almanya Merkez Bankas\u0131 (Bundesbank) Y\u00f6netim Kurulu \u00fcyesi Thilo Sarrazin<\/p>\n<p style=\"text-align: justify;\">Almanya Merkez Bankas\u0131 (Bundesbank) Y\u00f6netim Kurulu \u00fcyesi Thilo Sarrazin, g\u00f6\u00e7menlere y\u00f6nelik a\u015fa\u011f\u0131lay\u0131c\u0131 a\u00e7\u0131klamalar\u0131yla \u0131rk\u00e7\u0131 ve a\u015f\u0131r\u0131 sa\u011fc\u0131 parti NPD\u2019yi bile ge\u00e7ti.<\/p>\n<p style=\"text-align: justify;\">H\u00fcrriyet&#8217;ten Murat Tosun&#8217;un haberine g\u00f6re, Berlin\u2019de uzun y\u0131llar SPD ile Sol Parti aras\u0131ndaki koalisyon h\u00fck\u00fcmeti d\u00f6neminde Maliye Senat\u00f6rl\u00fc\u011f\u00fc de <\/p>\n","protected":false},"author":1,"featured_media":0,"comment_status":"open","ping_status":"closed","sticky":false,"template":"","format":"standard","meta":{"footnotes":""},"categories":[3],"tags":[],"class_list":["post-15485","post","type-post","status-publish","format-standard","hentry","category-dunya","odd"],"_links":{"self":[{"href":"http:\/\/www.korhanyilmaz.com\/index.php?rest_route=\/wp\/v2\/posts\/15485","targetHints":{"allow":["GET"]}}],"collection":[{"href":"http:\/\/www.korhanyilmaz.com\/index.php?rest_route=\/wp\/v2\/posts"}],"about":[{"href":"http:\/\/www.korhanyilmaz.com\/index.php?rest_route=\/wp\/v2\/types\/post"}],"author":[{"embeddable":true,"href":"http:\/\/www.korhanyilmaz.com\/index.php?rest_route=\/wp\/v2\/users\/1"}],"replies":[{"embeddable":true,"href":"http:\/\/www.korhanyilmaz.com\/index.php?rest_route=%2Fwp%2Fv2%2Fcomments&post=15485"}],"version-history":[{"count":0,"href":"http:\/\/www.korhanyilmaz.com\/index.php?rest_route=\/wp\/v2\/posts\/15485\/revisions"}],"wp:attachment":[{"href":"http:\/\/www.korhanyilmaz.com\/index.php?rest_route=%2Fwp%2Fv2%2Fmedia&parent=15485"}],"wp:term":[{"taxonomy":"category","embeddable":true,"href":"http:\/\/www.korhanyilmaz.com\/index.php?rest_route=%2Fwp%2Fv2%2Fcategories&post=15485"},{"taxonomy":"post_tag","embeddable":true,"href":"http:\/\/www.korhanyilmaz.com\/index.php?rest_route=%2Fwp%2Fv2%2Ftags&post=15485"}],"curies":[{"name":"wp","href":"https:\/\/api.w.org\/{rel}","templated":true}]}}