{"id":15471,"date":"2009-10-02T09:09:37","date_gmt":"2009-10-02T06:09:37","guid":{"rendered":"http:\/\/www.korhanyilmaz.com\/?p=15471"},"modified":"2009-10-02T09:09:37","modified_gmt":"2009-10-02T06:09:37","slug":"iste-savciliktaki-ifadesi","status":"publish","type":"post","link":"http:\/\/www.korhanyilmaz.com\/?p=15471","title":{"rendered":"\u0130\u015fte savc\u0131l\u0131ktaki ifadesi!"},"content":{"rendered":"<p style=\"text-align: center;\"><a href=\"http:\/\/www.korhanyilmaz.com\/wp-content\/uploads\/2009\/10\/hulya-avsar-2399_ic.jpg\"  class=\"lightview\"><img loading=\"lazy\" decoding=\"async\" class=\"aligncenter size-full wp-image-15472\" src=\"http:\/\/www.korhanyilmaz.com\/wp-content\/uploads\/2009\/10\/hulya-avsar-2399_ic.jpg\" alt=\"\" width=\"301\" height=\"225\" \/><\/a><\/p>\n<p style=\"text-align: justify;\"><strong><em>\u2018Kendimi her zaman T\u00fcrk hissettim\u2019 <\/em><\/strong><\/p>\n<p style=\"text-align: justify;\">K\u00dcRT a\u00e7\u0131l\u0131m\u0131 ile ilgili verdi\u011fi bir r\u00f6portaj nedeniyle hakk\u0131nda soru\u015fturma a\u00e7\u0131lan H\u00fclya Av\u015far\u2019\u0131n savc\u0131l\u0131ktaki ifadesinde, \u201cKendimi her zaman T\u00fcrk hissettim, asla K\u00fcrt alt kimli\u011fimi g\u00fcndeme getirmedim\u201d dedi\u011fi \u00f6\u011frenildi. Av\u015far\u2019\u0131n, Milliyet\u2019ten Devrim Sevimay\u2019la yapt\u0131\u011f\u0131 r\u00f6portaj y\u00fcz\u00fcnden \u201chalk\u0131 kin ve d\u00fc\u015fmanl\u0131\u011fa tahrik etme\u201d su\u00e7undan Savc\u0131 Ali \u00c7ak\u0131r\u2019a verdi\u011fi ifadede su\u00e7lamalar\u0131 kabul etmedi\u011fi \u00f6\u011frenildi. S\u00f6yle\u015finin tamamen g\u00fcncel bir olgudan yola \u00e7\u0131k\u0131larak kendisine y\u00f6neltilen sorulara verdi\u011fi cevaplar\u0131 i\u00e7erdi\u011fini bilerten Av\u015far, \u015fu ifadeyi verdi:<!--more--><\/p>\n<p style=\"text-align: justify;\"><strong><em>Irki anlamda \u2019K\u00fcrt\u2019demedim <\/em><\/strong><\/p>\n<p style=\"text-align: justify;\">S\u00f6yle\u015fide kullan\u0131lan K\u00fcrt kelimesi kesinlikle \u0131rki anlamda de\u011fil, bir alt kimlik olarak kullan\u0131lm\u0131\u015ft\u0131r. Zaten annemin T\u00fcrk, babam\u0131n da K\u00fcrt olmas\u0131ndan \u00f6t\u00fcr\u00fc benim tereya\u011f-zeytinya\u011f oldu\u011fum konusunda bir tan\u0131mlamam olmu\u015ftur. Dolay\u0131s\u0131yla kendimi her zaman T\u00fcrk hissettim asla K\u00fcrt alt kimli\u011fimi g\u00fcndeme getirmedim. Yurtd\u0131\u015f\u0131nda kat\u0131ld\u0131\u011f\u0131m bir\u00e7ok sanat aktivitisinde T\u00fcrk kimlikli sanat\u00e7\u0131 olarak tan\u0131t\u0131lmamdan \u00f6v\u00fcn\u00e7 duydum. S\u00f6yle\u015fide ge\u00e7en, \u2019Ke\u015fke bizimkiler bar\u0131\u015f c\u00fcmlesini as\u0131rlar \u00f6nce ke\u015ffetseydiler\u2019 ifadesindeki \u2019bizimkilerle\u2019ben T\u00fcrk milletinin b\u00fct\u00fcn\u00fcn\u00fc ifade ettim. Bu \u00fclkede ya\u015fayanlar aras\u0131nda asla ayr\u0131m g\u00f6zetmedim. \u00d6yle ideolojik d\u00fc\u015f\u00fcncem de yoktur. Benim i\u00e7in tamam\u0131 T\u00fcrk \u00fcst kimli\u011fi ile ifade edilmektedir. Zaten kendimi de her zaman T\u00fcrk hissettim. Babam\u0131n K\u00fcrt olmas\u0131 sebebiyle K\u00fcrt taraf\u0131m\u0131 da unutmad\u0131m. Ben s\u00f6yle\u015fide T\u00fcrk-K\u00fcrt kar\u015f\u0131tl\u0131\u011f\u0131n\u0131 dile getirmedim. Hakk\u0131mda soru\u015fturma a\u00e7\u0131ld\u0131\u011f\u0131n\u0131 \u00f6\u011frendi\u011fimde k\u0131z\u0131ma An\u0131tkabir\u2019i gezdiriyordum. Her zaman T\u00fcrkiye Cumhuriyeti kurucu iradesine sonuna kadar sayg\u0131l\u0131y\u0131m.<\/p>\n<p style=\"text-align: justify;\"><strong><em>\u2019K\u00fcrt de\u011fil da\u011f a\u00e7\u0131l\u0131m\u0131 olmal\u0131\u2019 <\/em><\/strong><\/p>\n<p style=\"text-align: justify;\">Av\u015far, ba\u015fka bir s\u00f6yle\u015fisine de at\u0131fta bulunarak, a\u00e7\u0131l\u0131m\u0131n K\u00fcrt de\u011fil da\u011f a\u00e7\u0131l\u0131m\u0131 olmas\u0131 gerekti\u011fini s\u00f6yledi\u011fini de hat\u0131rlatt\u0131. Av\u015far bu s\u00f6zlerini \u015f\u00f6yle a\u00e7\u0131klad\u0131: \u201cOrada ya\u015fayan halka y\u00f6nelik olarak yol-su-elektrik olarak bu a\u00e7\u0131l\u0131m\u0131n yans\u0131mas\u0131n\u0131 her zaman desteklerim. Ancak ter\u00f6r\u00fc devam ettirmesine asla destek vermem.<\/p>\n<p style=\"text-align: justify;\"><strong><em>\u2019B\u00f6lmek isteyen emperyalistler\u2019 <\/em><\/strong><\/p>\n<p style=\"text-align: justify;\">Av\u015far, a\u00e7\u0131l\u0131m sonunda K\u00fcrtlerin devletten toprak talep etmeleri halinde a\u00e7\u0131l\u0131m\u0131n neticesiz kalaca\u011f\u0131n\u0131 d\u00fc\u015f\u00fcnd\u00fc\u011f\u00fcn\u00fc ifade ederek, \u201d Anadolu co\u011frafyas\u0131nda binlerce y\u0131ld\u0131r K\u00fcrt-T\u00fcrk beraber ya\u015fayarak etle-t\u0131rnak gibi olmu\u015flar. Bu mozaiki b\u00f6lmek isteyenler emperyalist \u00e7\u0131karlard\u0131r. Bizleri din ve milliyet\u00e7i duygularla b\u00f6lmek isteyenlere kar\u015f\u0131 her zaman g\u00f6\u011fs\u00fcm\u00fc gererim \u201c dedi.<\/p>\n<p style=\"text-align: justify;\"><strong><em>Soru\u015fturma resen ba\u015flat\u0131ld\u0131 <\/em><\/strong><\/p>\n<p style=\"text-align: justify;\">\u00d6te yandan, Av\u015far\u2019\u0131n savc\u0131l\u0131k ifadesinden sonra Savc\u0131 Ali \u00c7ak\u0131r\u2019\u0131n \u201d Baz\u0131 ihbarlar oldu \u201c demesine kar\u015f\u0131n soru\u015fturman\u0131n ihbar \u00fczerine de\u011fil savc\u0131l\u0131k taraf\u0131ndan resen (kendili\u011finden) ba\u015flat\u0131ld\u0131\u011f\u0131 anla\u015f\u0131ld\u0131.<\/p>\n<p style=\"text-align: justify;\"><span style=\"color: #888888;\">Kemal G\u00d6KTA\u015e \/ ANKARA &#8211; VATAN<\/span><\/p>\n","protected":false},"excerpt":{"rendered":"<p style=\"text-align: center;\">\n<p style=\"text-align: justify;\">\u2018Kendimi her zaman T\u00fcrk hissettim\u2019 <\/p>\n<p style=\"text-align: justify;\">K\u00dcRT a\u00e7\u0131l\u0131m\u0131 ile ilgili verdi\u011fi bir r\u00f6portaj nedeniyle hakk\u0131nda soru\u015fturma a\u00e7\u0131lan H\u00fclya Av\u015far\u2019\u0131n savc\u0131l\u0131ktaki ifadesinde, \u201cKendimi her zaman T\u00fcrk hissettim, asla K\u00fcrt alt kimli\u011fimi g\u00fcndeme getirmedim\u201d dedi\u011fi \u00f6\u011frenildi. Av\u015far\u2019\u0131n, Milliyet\u2019ten Devrim Sevimay\u2019la yapt\u0131\u011f\u0131 r\u00f6portaj y\u00fcz\u00fcnden \u201chalk\u0131 kin ve d\u00fc\u015fmanl\u0131\u011fa tahrik etme\u201d su\u00e7undan <\/p>\n","protected":false},"author":1,"featured_media":0,"comment_status":"open","ping_status":"closed","sticky":false,"template":"","format":"standard","meta":{"footnotes":""},"categories":[105],"tags":[],"class_list":["post-15471","post","type-post","status-publish","format-standard","hentry","category-gundem","odd"],"_links":{"self":[{"href":"http:\/\/www.korhanyilmaz.com\/index.php?rest_route=\/wp\/v2\/posts\/15471","targetHints":{"allow":["GET"]}}],"collection":[{"href":"http:\/\/www.korhanyilmaz.com\/index.php?rest_route=\/wp\/v2\/posts"}],"about":[{"href":"http:\/\/www.korhanyilmaz.com\/index.php?rest_route=\/wp\/v2\/types\/post"}],"author":[{"embeddable":true,"href":"http:\/\/www.korhanyilmaz.com\/index.php?rest_route=\/wp\/v2\/users\/1"}],"replies":[{"embeddable":true,"href":"http:\/\/www.korhanyilmaz.com\/index.php?rest_route=%2Fwp%2Fv2%2Fcomments&post=15471"}],"version-history":[{"count":0,"href":"http:\/\/www.korhanyilmaz.com\/index.php?rest_route=\/wp\/v2\/posts\/15471\/revisions"}],"wp:attachment":[{"href":"http:\/\/www.korhanyilmaz.com\/index.php?rest_route=%2Fwp%2Fv2%2Fmedia&parent=15471"}],"wp:term":[{"taxonomy":"category","embeddable":true,"href":"http:\/\/www.korhanyilmaz.com\/index.php?rest_route=%2Fwp%2Fv2%2Fcategories&post=15471"},{"taxonomy":"post_tag","embeddable":true,"href":"http:\/\/www.korhanyilmaz.com\/index.php?rest_route=%2Fwp%2Fv2%2Ftags&post=15471"}],"curies":[{"name":"wp","href":"https:\/\/api.w.org\/{rel}","templated":true}]}}