{"id":15467,"date":"2009-10-01T15:38:13","date_gmt":"2009-10-01T12:38:13","guid":{"rendered":"http:\/\/www.korhanyilmaz.com\/?p=15467"},"modified":"2009-10-01T15:38:13","modified_gmt":"2009-10-01T12:38:13","slug":"%e2%80%9cvergi-kurumu-siyasallasiyor%e2%80%9d-mesaji","status":"publish","type":"post","link":"http:\/\/www.korhanyilmaz.com\/?p=15467","title":{"rendered":"\u201cVergi kurumu siyasalla\u015f\u0131yor\u201d mesaj\u0131"},"content":{"rendered":"<p><a href=\"http:\/\/www.korhanyilmaz.com\/wp-content\/uploads\/2009\/10\/arzuhan_dogan_yalcindag.jpg\"  class=\"lightview\"><img loading=\"lazy\" decoding=\"async\" class=\"aligncenter size-full wp-image-15468\" src=\"http:\/\/www.korhanyilmaz.com\/wp-content\/uploads\/2009\/10\/arzuhan_dogan_yalcindag.jpg\" alt=\"\" width=\"349\" height=\"204\" \/><\/a><\/p>\n<p style=\"text-align: justify;\">Yal\u00e7\u0131nda\u011f: Verginin demokrasi sayg\u0131nl\u0131\u011f\u0131n\u0131 zedeleyen bir araca d\u00f6n\u00fc\u015fmesi hazin<\/p>\n<p style=\"text-align: justify;\">T\u00fcrk Sanayicileri ve \u0130\u015fadamlar\u0131 Derne\u011fi (T\u00dcS\u0130AD) Ba\u015fkan\u0131 Arzuhan Do\u011fan Yal\u00e7\u0131nda\u011f, Y\u00fcksek \u0130sti\u015fare Konsey toplant\u0131s\u0131nda yapt\u0131\u011f\u0131 konu\u015fmada Gelir \u0130daresi\u2019nin son uygulamalar\u0131na at\u0131fta bulunarak \u201cvergi kurumu siyasalla\u015f\u0131yor\u201d mesaj\u0131 verdi. Vergi \u00f6denmeyen bir \u00fclkede demokrasinin serpilemeyece\u011fini vurgulayan Yal\u00e7\u0131nda\u011f, verginin \u201cT\u00fcrkiye\u2019nin demokratik sayg\u0131nl\u0131\u011f\u0131n\u0131\u201d zedeleyen bir araca d\u00f6n\u00fc\u015fmesinin hazin oldu\u011funu s\u00f6yledi. <!--more--><\/p>\n<p style=\"text-align: justify;\">T\u00dcS\u0130AD olarak y\u0131llardan beri vergi idaresinin \u00f6zerkle\u015fmesi gere\u011fini savunduklar\u0131n\u0131 belirten Yal\u00e7\u0131nda\u011f, 2001 y\u0131l\u0131nda vergi konusunda haz\u0131rlad\u0131klar\u0131 kapsaml\u0131 rapora at\u0131fta bulunarak, \u201cGer\u00e7ekle\u015fmi\u015f olsayd\u0131 her y\u0131l aksatmadan vergi rekortmenleri aras\u0131na giren kurumlara kar\u015f\u0131, y\u0131llar s\u00fcrecek incelemelerle bir t\u00fcr bask\u0131 yap\u0131l\u0131rken, kay\u0131td\u0131\u015f\u0131 ekonomi her ge\u00e7en g\u00fcn b\u00fcy\u00fcmezdi\u201d dedi.<\/p>\n<p style=\"text-align: justify;\"><strong><em>Do\u011fru yol bulunacakt\u0131r <\/em><\/strong><\/p>\n<p style=\"text-align: justify;\">T\u00dcS\u0130AD Ba\u015fkan\u0131 Arzuhan Do\u011fan Yal\u00e7\u0131nda\u011f, Sabanc\u0131 Center\u2019da ger\u00e7ekle\u015ftirilen T\u00dcS\u0130AD Y\u00fcksek \u0130sti\u015fare Konseyi (Y\u0130K) toplant\u0131s\u0131nda konu\u015ftu. Liberal demokrasi ile ekonomik geli\u015fmenin birbirini daha fazla besledi\u011fi bir \u00e7a\u011fda ya\u015fand\u0131\u011f\u0131na dikkat \u00e7eken Yal\u00e7\u0131nda\u011f vergi ile demokrasi aras\u0131ndaki ili\u015fkiye \u015f\u00f6yle de\u011findi:<\/p>\n<p style=\"text-align: justify;\">\u201cBu vergi \u00f6denmeyen bir \u00fclkede demokrasi de serpilmez. \u0130ngiltere\u2019de demokrasi vergi m\u00fckelleflerinin siyaset \u00fczerinde denetim talebiyle do\u011fdu ve geli\u015fti. Vergi bir demokrasi k\u00fclt\u00fcr\u00fc \u00f6\u011fesidir. T\u00fcrkiye\u2019nin demokratik sayg\u0131nl\u0131\u011f\u0131n\u0131 zedeleyen bir araca d\u00f6n\u00fc\u015fmesi hazindir.<\/p>\n<p style=\"text-align: justify;\">Sonu\u00e7ta do\u011fru yolun bulunaca\u011f\u0131na, demokratik k\u00fclt\u00fcr\u00fcm\u00fcz\u00fcn derinle\u015fece\u011fine, liberal demokrasinin b\u00fct\u00fcn de\u011ferleriyle ger\u00e7ekle\u015fece\u011fine inan\u0131yorum. T\u0131pk\u0131, bunlar\u0131 ger\u00e7ekle\u015ftiren T\u00fcrkiye\u2019nin, d\u00fcnyada yeni \u015fekillenmekte olan d\u00fczende \u00f6nde gelen, yap\u0131c\u0131 bir rol oynayaca\u011f\u0131na inand\u0131\u011f\u0131m gibi. O rol\u00fc oynayabilmek i\u00e7in bug\u00fcn ge\u00e7mi\u015ften de daha fazla, i\u00e7 bar\u0131\u015f\u0131n\u0131 sa\u011flam\u0131\u015f, \u00e7o\u011fulculu\u011fu hem siyaset kat\u0131nda, hem toplumsal olarak benimsemi\u015f bir \u00fclke olmam\u0131z gerekiyor. \u0130ktidar m\u00fccadelesini s\u0131f\u0131r toplaml\u0131 bir oyun diye g\u00f6rmeden yapabilen bir T\u00fcrkiye\u2019yi kurmam\u0131z \u015fart oluyor. K\u0131sacas\u0131 yeni bir demokrasi k\u00fclt\u00fcr\u00fc olu\u015fturmak ve k\u00f6kle\u015ftirmek gibi bir y\u00fck\u00fcml\u00fcl\u00fckle de kar\u015f\u0131 kar\u015f\u0131yay\u0131z.\u201d<\/p>\n<p style=\"text-align: justify;\"><em><strong>FT: DYH\u2019nin cezas\u0131 gaft\u0131r geri al\u0131nmal\u0131d\u0131r <\/strong><\/em><\/p>\n<p style=\"text-align: justify;\">Avrupa bas\u0131n\u0131n\u0131n Do\u011fan Yay\u0131n Holding\u2019e kesilen vergi cezas\u0131na kar\u015f\u0131 tepkileri devam ediyor. Financial Times gazetesinde yay\u0131mlanan \u201cT\u00fcrkiye\u2019nin kendi kalesine att\u0131\u011f\u0131 gol\u201d ba\u015fl\u0131kl\u0131 yaz\u0131da \u015fu ilgin\u00e7 tespitler yer ald\u0131: T\u00fcrkiye\u2019de h\u00fck\u00fcmetin \u00fclkenin \u00f6nde gelen medya grubuna verdi\u011fi t\u00fcr\u00fcn\u00fcn \u00f6nemli \u00f6rneklerinden biri olan vergi cezas\u0131, kendi kendine gol atmak gibi. Bu keyfi cezay\u0131, \u015fu anda Erdo\u011fan\u2019\u0131n T\u00fcrkiyesi\u2019yle Putin\u2019in Rusyas\u0131\u2019n\u0131 yar\u0131 makul bir \u015fekilde k\u0131yaslayabilecek ki\u015filere tanr\u0131 g\u00f6nderdi. Bu ceza, zinan\u0131n cezaland\u0131r\u0131lmas\u0131, d\u00fcnyaca \u00fcnl\u00fc Orhan Pamuk\u2019un hapse at\u0131lmaya \u00e7al\u0131\u015f\u0131lmas\u0131yla ayn\u0131 d\u00fczeyde bir \u201cgaf\u201d. Onlar yarg\u0131 hatas\u0131 olarak tan\u0131mland\u0131 ve geri al\u0131nd\u0131. Bu da \u00f6yle olmal\u0131.<\/p>\n<p style=\"text-align: justify;\"><span style=\"color: #888888;\">Kaynak : Vatan<\/span><\/p>\n","protected":false},"excerpt":{"rendered":"<\/p>\n<p style=\"text-align: justify;\">Yal\u00e7\u0131nda\u011f: Verginin demokrasi sayg\u0131nl\u0131\u011f\u0131n\u0131 zedeleyen bir araca d\u00f6n\u00fc\u015fmesi hazin<\/p>\n<p style=\"text-align: justify;\">T\u00fcrk Sanayicileri ve \u0130\u015fadamlar\u0131 Derne\u011fi (T\u00dcS\u0130AD) Ba\u015fkan\u0131 Arzuhan Do\u011fan Yal\u00e7\u0131nda\u011f, Y\u00fcksek \u0130sti\u015fare Konsey toplant\u0131s\u0131nda yapt\u0131\u011f\u0131 konu\u015fmada Gelir \u0130daresi\u2019nin son uygulamalar\u0131na at\u0131fta bulunarak \u201cvergi kurumu siyasalla\u015f\u0131yor\u201d mesaj\u0131 verdi. Vergi \u00f6denmeyen bir \u00fclkede demokrasinin serpilemeyece\u011fini vurgulayan Yal\u00e7\u0131nda\u011f, verginin \u201cT\u00fcrkiye\u2019nin demokratik sayg\u0131nl\u0131\u011f\u0131n\u0131\u201d zedeleyen bir <\/p>\n","protected":false},"author":1,"featured_media":0,"comment_status":"open","ping_status":"closed","sticky":false,"template":"","format":"standard","meta":{"footnotes":""},"categories":[7],"tags":[],"class_list":["post-15467","post","type-post","status-publish","format-standard","hentry","category-ekonomi","odd"],"_links":{"self":[{"href":"http:\/\/www.korhanyilmaz.com\/index.php?rest_route=\/wp\/v2\/posts\/15467","targetHints":{"allow":["GET"]}}],"collection":[{"href":"http:\/\/www.korhanyilmaz.com\/index.php?rest_route=\/wp\/v2\/posts"}],"about":[{"href":"http:\/\/www.korhanyilmaz.com\/index.php?rest_route=\/wp\/v2\/types\/post"}],"author":[{"embeddable":true,"href":"http:\/\/www.korhanyilmaz.com\/index.php?rest_route=\/wp\/v2\/users\/1"}],"replies":[{"embeddable":true,"href":"http:\/\/www.korhanyilmaz.com\/index.php?rest_route=%2Fwp%2Fv2%2Fcomments&post=15467"}],"version-history":[{"count":0,"href":"http:\/\/www.korhanyilmaz.com\/index.php?rest_route=\/wp\/v2\/posts\/15467\/revisions"}],"wp:attachment":[{"href":"http:\/\/www.korhanyilmaz.com\/index.php?rest_route=%2Fwp%2Fv2%2Fmedia&parent=15467"}],"wp:term":[{"taxonomy":"category","embeddable":true,"href":"http:\/\/www.korhanyilmaz.com\/index.php?rest_route=%2Fwp%2Fv2%2Fcategories&post=15467"},{"taxonomy":"post_tag","embeddable":true,"href":"http:\/\/www.korhanyilmaz.com\/index.php?rest_route=%2Fwp%2Fv2%2Ftags&post=15467"}],"curies":[{"name":"wp","href":"https:\/\/api.w.org\/{rel}","templated":true}]}}