{"id":15464,"date":"2009-10-01T15:36:19","date_gmt":"2009-10-01T12:36:19","guid":{"rendered":"http:\/\/www.korhanyilmaz.com\/?p=15464"},"modified":"2009-10-01T15:36:19","modified_gmt":"2009-10-01T12:36:19","slug":"isadamlarinin-buyuk-endisesi","status":"publish","type":"post","link":"http:\/\/www.korhanyilmaz.com\/?p=15464","title":{"rendered":"\u0130\u015fadamlar\u0131n\u0131n b\u00fcy\u00fck endi\u015fesi"},"content":{"rendered":"<p><a href=\"http:\/\/www.korhanyilmaz.com\/wp-content\/uploads\/2009\/10\/geliridaresi.jpg\"  class=\"lightview\"><img loading=\"lazy\" decoding=\"async\" class=\"aligncenter size-full wp-image-15465\" src=\"http:\/\/www.korhanyilmaz.com\/wp-content\/uploads\/2009\/10\/geliridaresi.jpg\" alt=\"\" width=\"320\" height=\"100\" \/><\/a><\/p>\n<p style=\"text-align: justify;\">Siyasalla\u015fan Gelir \u0130daresi i\u015fadamlar\u0131n\u0131n b\u00fcy\u00fck endi\u015fesi<\/p>\n<p style=\"text-align: justify;\">T\u00fcrk i\u015f d\u00fcnyas\u0131n\u0131n en b\u00fcy\u00fck kurulu\u015flar\u0131n\u0131 b\u00fcnyesinde toplayan \u00e7at\u0131 \u00f6rg\u00fct T\u00dcS\u0130AD\u2019\u0131n d\u00fcn yap\u0131lan Y\u00fcksek \u0130sti\u015fare Konsey Toplant\u0131s\u0131\u2019n\u0131n ana g\u00fcndem maddesi Gelir \u0130daresi\u2019nin, h\u00fck\u00fcmet g\u00fcd\u00fcm\u00fcndeymi\u015f izlenimi yaratan icraatlar\u0131 oldu. T\u00dcS\u0130AD Y\u0130K Ba\u015fkan\u0131Mustafa Ko\u00e7 \u201c\u0130\u015f d\u00fcnyas\u0131 bug\u00fcn son d\u00f6nemde vergi kurumunun siyasalla\u015fmas\u0131ndan ciddi endi\u015fe duyuyor\u201d dedi.<\/p>\n<p style=\"text-align: justify;\">T\u00dcS\u0130AD Y\u00f6netim Kurulu Ba\u015fkan\u0131 Arzuhan Do\u011fan Yal\u00e7\u0131nda\u011f da \u201cKonu, grubumla ilgili oldu\u011fu i\u00e7in tart\u0131\u015f\u0131l\u0131yor \u015feklinde l\u00fctfen alg\u0131lanmas\u0131n. Bu konuda herkesin fikrini merak ediyorum\u201d diye patronlara seslenince k\u00fcrs\u00fcye \u00e7\u0131kanlar durumun tek bir grubun sorunu olmad\u0131\u011f\u0131n\u0131, T\u00fcrk i\u015f hayat\u0131n\u0131 bask\u0131layan uygulamalar\u0131n herkesi \u00e7ok endi\u015felendirdi\u011fini belirtti. <!--more--><\/p>\n<p style=\"text-align: justify;\">Gelir \u0130daresi\u2019nin son d\u00f6nemdeki uygulamalar\u0131 ile siyasalla\u015ft\u0131\u011f\u0131 izlenimi vermesi patronlar\u0131 tedirgin etti. Konu T\u00dcS\u0130AD\u2019\u0131n d\u00fcn \u0130stanbul\u2019da Sabanc\u0131 Center\u2019da yap\u0131lan Y\u00fcksek \u0130sti\u015fare Konsey toplant\u0131s\u0131n\u0131n ana konusu haline d\u00f6n\u00fc\u015ft\u00fc. Toplant\u0131n\u0131n a\u00e7\u0131l\u0131\u015f konu\u015fmas\u0131n\u0131 yapan Y\u0130K Ba\u015fkan\u0131 Mustafa Ko\u00e7 da, T\u00dcS\u0130AD Y\u00f6netim Kurulu Ba\u015fkan\u0131 Arzuhan Do\u011fan Sabanc\u0131 da haz\u0131rlad\u0131klar\u0131 konu\u015fmalar\u0131n \u00f6nemli bir k\u0131sm\u0131n\u0131 bu konuya ay\u0131rd\u0131. A\u00e7\u0131l\u0131\u015f konu\u015fmalar\u0131n\u0131n yap\u0131lmas\u0131n\u0131n ard\u0131ndan T\u00dcS\u0130AD Ba\u015fkan\u0131 Arzuhan Do\u011fan Yal\u00e7\u0131nda\u011f k\u00fcrs\u00fcden salonda yer alan i\u015f adamlar\u0131na seslendi ve \u201cBu konunun grubumla ilgili gibi anla\u015f\u0131lmas\u0131n\u0131 kesinlikle istemiyorum. Herkesin bu konudaki fikrini merak ediyorum. Kay\u0131td\u0131\u015f\u0131 dahil vergi sistemindeki \u00e7arp\u0131kl\u0131klarla ilgili tahmin ediyorum ki herkesin s\u00f6yleyecek bir \u015feyleri vard\u0131r\u201d diye konu\u015ftu.<\/p>\n<p style=\"text-align: justify;\">Bu arada Ali Ko\u00e7 araya girdi ve \u201cNeden konu\u015fmuyoruz? Biz T\u00dcS\u0130AD olarak kendimize \u00e7eki d\u00fczen vermeli ve yeniden yap\u0131lanmal\u0131y\u0131z. T\u00dcS\u0130AD etkisini art\u0131rmal\u0131. Bug\u00fcn bakt\u0131\u011f\u0131m\u0131zda maalesef sesimiz M\u00dcS\u0130AD\u2019dan bile daha az \u00e7\u0131k\u0131yor\u201d dedi. Yal\u00e7\u0131nda\u011f\u2019\u0131n k\u00fcrs\u00fcden yapt\u0131\u011f\u0131 \u00e7a\u011fr\u0131 sonras\u0131 pek \u00e7ok i\u015fadam\u0131 k\u00fcrs\u00fcye gelerek Gelir \u0130daresi\u2019nin siyasalla\u015fan icraatlar\u0131n\u0131 ele\u015ftirdi. Ko\u00e7\u2019tan sonra s\u00f6z alan \u00d6nalanlar \u0130n\u015faat\u2019\u0131n sahibi Ayhan \u00d6nalan, \u00fcyeleri cesareti ile \u00e7ok \u015fa\u015f\u0131rtan bir konu\u015fma yapt\u0131. \u00d6nalan, \u201cBu sorun sadece sizin sorununuz de\u011fil Arzuhan Han\u0131m. Ancak maalesef \u00fclkemizde herkes \u2019Bana dokunmayan y\u0131lan bin ya\u015fas\u0131n\u2019 diyor. \u0130nsanlar eskiyi \u00e7abuk unutuyor. Eskiden Susurluk vard\u0131, \u015fimdi Ergenekon&#8230; Kimse konu\u015fmuyor ama s\u0131ra herkese gelecek. \u0130nsanlar konu\u015fmaya korkuyor. Kimse ger\u00e7ekleri g\u00f6rmek istemiyor. Sizlere Che Guevera\u2019n\u0131n \u2019\u00d6nce ger\u00e7ek\u00e7i ol, ondan sonra imkans\u0131z\u0131 ger\u00e7ekle\u015ftir\u2019 s\u00f6zlerini hat\u0131rlatmak isterim\u201d dedi.<\/p>\n<p style=\"text-align: justify;\"><strong><em>Yanl\u0131\u015f alg\u0131ya tepki<\/em><\/strong><\/p>\n<p style=\"text-align: justify;\">\u00d6nalan\u2019dan sonra Boydak Holding\u2019i temsilen salonda olan Memduh Boydak ve Ey\u00fcbo\u011flu Grubu\u2019ndan Mert Ey\u00fcbo\u011flu da s\u00f6z alarak vergi konusundaki g\u00f6r\u00fc\u015flerini dile getirdi. Konu\u015fmac\u0131lar Gelir \u0130daresi\u2019nin siyasalla\u015fmas\u0131n\u0131n \u00fclke i\u00e7in tehdit olaca\u011f\u0131n\u0131 ifade ederken Memduh Boydak, vergi indirimlerinin 30 Eyl\u00fcl itibar\u0131yla sona ermesini de ele\u015ftirdi ve bunun kay\u0131td\u0131\u015f\u0131l\u0131\u011f\u0131 k\u00f6r\u00fckleyece\u011fini s\u00f6yledi. Gen\u00e7 patronlar\u0131 ilgi ile izleyen salondakilerin \u201cGen\u00e7ler cesaretli \u00e7\u0131kt\u0131, fikirlerini direkt s\u00f6yledi\u201d yorumlar\u0131 yapt\u0131\u011f\u0131 g\u00f6r\u00fcld\u00fc. T\u00dcS\u0130AD kulislerinde, pek \u00e7ok ki\u015finin de \u00e7ekindi\u011fi i\u00e7in bu konuda sessiz kalmay\u0131 tercih etti\u011fi ve konu\u015famad\u0131\u011f\u0131 vurguland\u0131. Bu arada daha \u00f6nce de T\u00dcS\u0130AD toplant\u0131lar\u0131nda pek \u00e7ok gerginli\u011fe sebep olan Y\u0131ld\u0131r\u0131m Akt\u00fcrk, \u201cAyd\u0131n Do\u011fan da medya patronu olman\u0131n avantaj\u0131 ile \u00f6zel imkanlar elde etmi\u015ftir\u201d deyince Arzuhan Do\u011fan Yal\u00e7\u0131nda\u011f ile aras\u0131nda zaman zaman sertle\u015fen bir tart\u0131\u015fma ya\u015fand\u0131. Yal\u00e7\u0131nda\u011f, \u201cBize haks\u0131zl\u0131k yap\u0131yorsunuz, iftira at\u0131yorsunuz\u201d diyerek Akt\u00fcrk\u2019e tepki g\u00f6sterdi. Tart\u0131\u015fma b\u00fcy\u00fcy\u00fcnce \u00f6nce Rahmi Ko\u00e7 devreye girdi ve s\u00f6zle m\u00fcdahale etti, ard\u0131ndan da Y\u0130K Ba\u015fkan\u0131 Mustafa Ko\u00e7 toplant\u0131y\u0131 bitirdi.<\/p>\n<p style=\"text-align: justify;\"><strong><em>Siyasi iradeden tam ba\u011f\u0131ms\u0131z \u00e7al\u0131\u015fan bir gelir idaresi gerekli <\/em><\/strong><\/p>\n<p style=\"text-align: justify;\">T\u00fcrk Sanayicileri ve \u0130\u015fadamlar\u0131 Derne\u011fi (T\u00dcS\u0130AD) Y\u00fcksek \u0130sti\u015fare Konseyi (Y\u0130K) Ba\u015fkan\u0131 Mustafa Ko\u00e7, a\u00e7\u0131l\u0131\u015f konu\u015fmas\u0131n\u0131n \u00f6nemli bir k\u0131sm\u0131n\u0131 vergi kurumunun son icraatlar\u0131na ay\u0131rd\u0131. T\u00dcS\u0130AD Y\u0130K toplant\u0131s\u0131nda konu\u015fan Ko\u00e7, yak\u0131n tarih boyunca ekonomiyi etkileyen temel fakt\u00f6rlerden biri olarak g\u00f6rd\u00fckleri siyasi istikrar\u0131n en \u00f6nemli bile\u015fenlerinden birinin, yurti\u00e7inde standartlar\u0131 y\u00fcksek bir demokratik zeminde toplumsal huzuru bozmayan bir siyaset rekabeti oldu\u011funu s\u00f6yledi. Ko\u00e7, \u201cBunu s\u00f6ylememin nedeni; \u00fclkemizde son d\u00f6nemlerde her g\u00fcn artan kutupla\u015fma ve diyalogsuzluk ortam\u0131 oldu\u011funu her halde tahmin edersiniz\u201d dedi.<\/p>\n<p style=\"text-align: justify;\">Ko\u00e7, \u201cHer y\u00f6n\u00fcyle \u00f6zg\u00fcr bir medyay\u0131, ifade \u00f6zg\u00fcrl\u00fc\u011f\u00fcne sahip k\u00fclt\u00fcrel kimli\u011fi koruma alt\u0131na al\u0131nm\u0131\u015f vatanda\u015flar\u0131n etkinlikleri, h\u00fck\u00fcmetlerden ba\u011f\u0131ms\u0131z bi\u00e7imde denetleyebilen \u00f6zerk kurumlar\u0131 ve h\u00fck\u00fcmetlerden ba\u011f\u0131ms\u0131z sivil toplum kurulu\u015flar\u0131n\u0131 da \u00e7a\u011fda\u015f demokrasinin g\u00fcvencesi olan kurumlar aras\u0131na eklemeliyiz\u201d \u015feklinde konu\u015ftu. T\u00fcrkiye\u2019nin bunlardan hangisini ele al\u0131rsa als\u0131n farkl\u0131 sorunlarla kar\u015f\u0131la\u015f\u0131ld\u0131\u011f\u0131n\u0131n g\u00f6r\u00fcld\u00fc\u011f\u00fcn\u00fc ve b\u00fct\u00fcn bunlar\u0131n bug\u00fcn ortaya \u00e7\u0131kmad\u0131\u011f\u0131n\u0131, ge\u00e7mi\u015f h\u00fck\u00fcmetler ve parlamentolar\u0131n zaman\u0131nda filizlenip geli\u015fti\u011fini ifade eden Ko\u00e7, bu sorunlar\u0131n olu\u015fmas\u0131nda ayr\u0131ca siyaset d\u0131\u015f\u0131 kurumlar\u0131n da rol\u00fc ve sorumlulu\u011fu oldu\u011funu s\u00f6yledi.<\/p>\n<p style=\"text-align: justify;\">Sorunlar\u0131n giderilmesinde mevcut h\u00fck\u00fcmetten ve parlamentodan birtak\u0131m beklentilerinin olmas\u0131n\u0131n normal ve ka\u00e7\u0131n\u0131lmaz oldu\u011funa i\u015faret eden Ko\u00e7, \u201c\u0130\u015f d\u00fcnyas\u0131 bug\u00fcn, son d\u00f6nemlerde vergi kurumunun siyasalla\u015fmas\u0131ndan ciddi bir \u015fekilde endi\u015fe duymaktad\u0131r. T\u00dcS\u0130AD uzun bir s\u00fcredir, sa\u011fl\u0131kl\u0131 bir demokrasinin i\u015flerlik kazanabilmesi i\u00e7in siyasi iradeden tam ba\u011f\u0131ms\u0131z \u00e7al\u0131\u015fabilen bir gelir idaresinin gerekli oldu\u011funu her f\u0131rsatta dile getirmektedir\u201d diye konu\u015ftu.<\/p>\n<p style=\"text-align: justify;\"><span style=\"color: #888888;\">Kaynak : Vatan<\/span><\/p>\n","protected":false},"excerpt":{"rendered":"<\/p>\n<p style=\"text-align: justify;\">Siyasalla\u015fan Gelir \u0130daresi i\u015fadamlar\u0131n\u0131n b\u00fcy\u00fck endi\u015fesi<\/p>\n<p style=\"text-align: justify;\">T\u00fcrk i\u015f d\u00fcnyas\u0131n\u0131n en b\u00fcy\u00fck kurulu\u015flar\u0131n\u0131 b\u00fcnyesinde toplayan \u00e7at\u0131 \u00f6rg\u00fct T\u00dcS\u0130AD\u2019\u0131n d\u00fcn yap\u0131lan Y\u00fcksek \u0130sti\u015fare Konsey Toplant\u0131s\u0131\u2019n\u0131n ana g\u00fcndem maddesi Gelir \u0130daresi\u2019nin, h\u00fck\u00fcmet g\u00fcd\u00fcm\u00fcndeymi\u015f izlenimi yaratan icraatlar\u0131 oldu. T\u00dcS\u0130AD Y\u0130K Ba\u015fkan\u0131Mustafa Ko\u00e7 \u201c\u0130\u015f d\u00fcnyas\u0131 bug\u00fcn son d\u00f6nemde vergi kurumunun siyasalla\u015fmas\u0131ndan ciddi endi\u015fe duyuyor\u201d dedi.<\/p>\n","protected":false},"author":1,"featured_media":0,"comment_status":"open","ping_status":"closed","sticky":false,"template":"","format":"standard","meta":{"footnotes":""},"categories":[7],"tags":[],"class_list":["post-15464","post","type-post","status-publish","format-standard","hentry","category-ekonomi","odd"],"_links":{"self":[{"href":"http:\/\/www.korhanyilmaz.com\/index.php?rest_route=\/wp\/v2\/posts\/15464","targetHints":{"allow":["GET"]}}],"collection":[{"href":"http:\/\/www.korhanyilmaz.com\/index.php?rest_route=\/wp\/v2\/posts"}],"about":[{"href":"http:\/\/www.korhanyilmaz.com\/index.php?rest_route=\/wp\/v2\/types\/post"}],"author":[{"embeddable":true,"href":"http:\/\/www.korhanyilmaz.com\/index.php?rest_route=\/wp\/v2\/users\/1"}],"replies":[{"embeddable":true,"href":"http:\/\/www.korhanyilmaz.com\/index.php?rest_route=%2Fwp%2Fv2%2Fcomments&post=15464"}],"version-history":[{"count":0,"href":"http:\/\/www.korhanyilmaz.com\/index.php?rest_route=\/wp\/v2\/posts\/15464\/revisions"}],"wp:attachment":[{"href":"http:\/\/www.korhanyilmaz.com\/index.php?rest_route=%2Fwp%2Fv2%2Fmedia&parent=15464"}],"wp:term":[{"taxonomy":"category","embeddable":true,"href":"http:\/\/www.korhanyilmaz.com\/index.php?rest_route=%2Fwp%2Fv2%2Fcategories&post=15464"},{"taxonomy":"post_tag","embeddable":true,"href":"http:\/\/www.korhanyilmaz.com\/index.php?rest_route=%2Fwp%2Fv2%2Ftags&post=15464"}],"curies":[{"name":"wp","href":"https:\/\/api.w.org\/{rel}","templated":true}]}}