{"id":15461,"date":"2009-10-01T15:34:34","date_gmt":"2009-10-01T12:34:34","guid":{"rendered":"http:\/\/www.korhanyilmaz.com\/?p=15461"},"modified":"2009-10-01T15:34:34","modified_gmt":"2009-10-01T12:34:34","slug":"yarbay-donmez-tahliye-ediliyor","status":"publish","type":"post","link":"http:\/\/www.korhanyilmaz.com\/?p=15461","title":{"rendered":"Yarbay D\u00f6nmez tahliye ediliyor"},"content":{"rendered":"<p><a href=\"http:\/\/www.korhanyilmaz.com\/wp-content\/uploads\/2009\/10\/YARBAY.jpg\"  class=\"lightview\"><img loading=\"lazy\" decoding=\"async\" class=\"aligncenter size-full wp-image-15462\" src=\"http:\/\/www.korhanyilmaz.com\/wp-content\/uploads\/2009\/10\/YARBAY.jpg\" alt=\"\" width=\"292\" height=\"219\" \/><\/a><\/p>\n<p style=\"text-align: justify;\">Genelkurmay Askeri Mahkemesi, Ankara Yenikent&#8217;teki Zir Vadisi&#8217;nde bulunan m\u00fchimmatlarla ilgili yarg\u0131lanan Yarbay Mustafa D\u00f6nmez&#8217;in oybirli\u011fiyle tahliyesine karar verdi.<\/p>\n<p style=\"text-align: justify;\">Genelkurmay Ba\u015fkanl\u0131\u011f\u0131 Askeri Mahkemesi, &#8220;askeri e\u015fyay\u0131 gizlemek&#8221; su\u00e7undan yarg\u0131lanan D\u00f6nmez&#8217;in tutukluluk hali dosya \u00fczerinden incelendi. Mahkeme heyeti, yap\u0131lan inceleme sonunda D\u00f6nmez&#8217;in tahliyesine karar verdi.<\/p>\n<p style=\"text-align: justify;\">Tahliye karar\u0131n\u0131n gerek\u00e7esinde, D\u00f6nmez hakk\u0131nda &#8220;askeri e\u015fyay\u0131 gizlemek&#8221; su\u00e7undan tutuklama karar\u0131 verildi\u011fi, D\u00f6nmez&#8217;in yakla\u015f\u0131k 8 ayd\u0131r tutuklu oldu\u011fu belirtildi. <!--more--><\/p>\n<p style=\"text-align: justify;\">D\u00f6nmez&#8217;in, bir ba\u015fka su\u00e7tan da \u0130stanbul 13. A\u011f\u0131r Ceza Mahkemesi&#8217;nde tutuklu bulundu\u011fu ifade edilen gerek\u00e7ede, &#8220;San\u0131\u011fa isnat edilen bu su\u00e7un niteli\u011fi, tutuklu kald\u0131\u011f\u0131 s\u00fcre ve yarg\u0131laman\u0131n gelmi\u015f oldu\u011fu a\u015fama dikkate al\u0131nd\u0131\u011f\u0131nda, san\u0131k hakk\u0131ndaki tutuklama sebeplerinin ortadan kalkt\u0131\u011f\u0131 de\u011ferlendirilerek, tahliye edilmesi kanaatine var\u0131lm\u0131\u015ft\u0131r&#8221; denildi.<\/p>\n<p style=\"text-align: justify;\">Gerek\u00e7ede, bu nedenle D\u00f6nmez hakk\u0131ndaki tutuklama sebepleri ortadan kalkt\u0131\u011f\u0131 kanaatine var\u0131ld\u0131\u011f\u0131ndan, D\u00f6nmez hakk\u0131nda Genelkurmay Ba\u015fkanl\u0131\u011f\u0131 Askeri Mahkemesi taraf\u0131ndan d\u00fczenlenen 12 Ocak 2009 tarihli tutuklama m\u00fczekkeresinin geri al\u0131narak, san\u0131\u011f\u0131n oybirli\u011fiyle tahliyesine karar verildi.<\/p>\n<p style=\"text-align: justify;\">Yarbay D\u00f6nmez hakk\u0131nda \u0130stanbul 13. A\u011f\u0131r Ceza Mahkemesi&#8217;nin &#8220;Ergenekon&#8221; davas\u0131 kapas\u0131nda bir ba\u015fka su\u00e7tan vermi\u015f oldu\u011fu tutuklama karar\u0131 bulunuyor.<\/p>\n<p style=\"text-align: justify;\"><strong><em>Sakarya&#8217;daki yazl\u0131ktan \u00e7\u0131kan m\u00fchimmat <\/em><\/strong><\/p>\n<p style=\"text-align: justify;\">Ge\u00e7ti\u011fimiz ocak ay\u0131nda, Albay D\u00f6nmez&#8217;in Sakarya&#8217;daki yazl\u0131\u011f\u0131nda 22 adet el bombas\u0131, \u00e7ok say\u0131da kala\u015fnikof mermisi ve 5 tabanca ele ge\u00e7irilmi\u015fti.<\/p>\n<p style=\"text-align: justify;\"><strong><em>Zir Vadisi&#8217;nden \u00e7\u0131kan m\u00fchimmat <\/em><\/strong><\/p>\n<p style=\"text-align: justify;\">12 Ocak 2009 tarihinde Zir Vadisi&#8217;nde yap\u0131lan kaz\u0131 \u00e7al\u0131\u015fmalar\u0131nda ele ge\u00e7irilen malzemeler:<\/p>\n<p style=\"text-align: justify;\">10 adet el bombas\u0131 g\u00f6vdesi, 2 adet taarruz tipi el bombas\u0131, 10 adet el bombas\u0131na ait ate\u015fleme mekanizmas\u0131, 18 adet 32 par\u00e7a dilim el bombas\u0131 g\u00f6vdesi, 12 adet tuzakl\u0131 ayd\u0131nlatma fi\u015fe\u011fi, 12 adet t\u00fcfek bombas\u0131, 1 adet renkli sis kutusu, 2 adet ayd\u0131nlatma fi\u015fe\u011fi, 6 adet g\u00f6steri bombas\u0131, 9 adet g\u00f6z ya\u015fart\u0131c\u0131 bomba ile 800 adet normal ve izli G-3 mermisi.<\/p>\n<p style=\"text-align: justify;\"><span style=\"color: #888888;\">CNN T\u00dcRK<\/span><\/p>\n","protected":false},"excerpt":{"rendered":"<\/p>\n<p style=\"text-align: justify;\">Genelkurmay Askeri Mahkemesi, Ankara Yenikent&#8217;teki Zir Vadisi&#8217;nde bulunan m\u00fchimmatlarla ilgili yarg\u0131lanan Yarbay Mustafa D\u00f6nmez&#8217;in oybirli\u011fiyle tahliyesine karar verdi.<\/p>\n<p style=\"text-align: justify;\">Genelkurmay Ba\u015fkanl\u0131\u011f\u0131 Askeri Mahkemesi, &#8220;askeri e\u015fyay\u0131 gizlemek&#8221; su\u00e7undan yarg\u0131lanan D\u00f6nmez&#8217;in tutukluluk hali dosya \u00fczerinden incelendi. Mahkeme heyeti, yap\u0131lan inceleme sonunda D\u00f6nmez&#8217;in tahliyesine karar verdi.<\/p>\n<p style=\"text-align: justify;\">Tahliye karar\u0131n\u0131n gerek\u00e7esinde, D\u00f6nmez hakk\u0131nda &#8220;askeri <\/p>\n","protected":false},"author":1,"featured_media":0,"comment_status":"open","ping_status":"closed","sticky":false,"template":"","format":"standard","meta":{"footnotes":""},"categories":[105],"tags":[],"class_list":["post-15461","post","type-post","status-publish","format-standard","hentry","category-gundem","odd"],"_links":{"self":[{"href":"http:\/\/www.korhanyilmaz.com\/index.php?rest_route=\/wp\/v2\/posts\/15461","targetHints":{"allow":["GET"]}}],"collection":[{"href":"http:\/\/www.korhanyilmaz.com\/index.php?rest_route=\/wp\/v2\/posts"}],"about":[{"href":"http:\/\/www.korhanyilmaz.com\/index.php?rest_route=\/wp\/v2\/types\/post"}],"author":[{"embeddable":true,"href":"http:\/\/www.korhanyilmaz.com\/index.php?rest_route=\/wp\/v2\/users\/1"}],"replies":[{"embeddable":true,"href":"http:\/\/www.korhanyilmaz.com\/index.php?rest_route=%2Fwp%2Fv2%2Fcomments&post=15461"}],"version-history":[{"count":0,"href":"http:\/\/www.korhanyilmaz.com\/index.php?rest_route=\/wp\/v2\/posts\/15461\/revisions"}],"wp:attachment":[{"href":"http:\/\/www.korhanyilmaz.com\/index.php?rest_route=%2Fwp%2Fv2%2Fmedia&parent=15461"}],"wp:term":[{"taxonomy":"category","embeddable":true,"href":"http:\/\/www.korhanyilmaz.com\/index.php?rest_route=%2Fwp%2Fv2%2Fcategories&post=15461"},{"taxonomy":"post_tag","embeddable":true,"href":"http:\/\/www.korhanyilmaz.com\/index.php?rest_route=%2Fwp%2Fv2%2Ftags&post=15461"}],"curies":[{"name":"wp","href":"https:\/\/api.w.org\/{rel}","templated":true}]}}