{"id":15454,"date":"2009-10-01T21:40:20","date_gmt":"2009-10-01T18:40:20","guid":{"rendered":"http:\/\/www.korhanyilmaz.com\/?p=15454"},"modified":"2009-10-01T21:40:20","modified_gmt":"2009-10-01T18:40:20","slug":"erdogana-gore-protesto-degil-saldiri","status":"publish","type":"post","link":"http:\/\/www.korhanyilmaz.com\/?p=15454","title":{"rendered":"Erdo\u011fan&#039;a g\u00f6re protesto de\u011fil sald\u0131r\u0131"},"content":{"rendered":"<p style=\"text-align: center;\"><a href=\"http:\/\/www.korhanyilmaz.com\/wp-content\/uploads\/2009\/10\/AYAKKAB\u0130.jpg\"  class=\"lightview\"><img loading=\"lazy\" decoding=\"async\" class=\"aligncenter size-full wp-image-15455\" src=\"http:\/\/www.korhanyilmaz.com\/wp-content\/uploads\/2009\/10\/AYAKKAB\u0130.jpg\" alt=\"\" width=\"307\" height=\"236\" \/><\/a><\/p>\n<p style=\"text-align: justify;\">IMF toplant\u0131s\u0131ndaki ayakkab\u0131l\u0131 protesto ile ilgili konu\u015fan Ba\u015fbakan Tayyip Erdo\u011fan &#8220;T\u00fcrk misafirperverli\u011fine yak\u0131\u015fmam\u0131\u015ft\u0131r&#8221; dedi.<\/p>\n<p style=\"text-align: justify;\">T\u00fcrkiye uzun zamandan beri ilk kez bu kadar b\u00fcy\u00fck bir toplant\u0131ya ev sahipli\u011fi yapt\u0131 ama toplant\u0131lar\u0131n ana konusundan \u00e7ok bu g\u00f6r\u00fcnt\u00fcler konu\u015fuldu.<\/p>\n<p style=\"text-align: justify;\">IMF Ba\u015fkan\u0131&#8217;na at\u0131lan ayakkab\u0131 h\u00fck\u00fcmetin de tepkisini \u00e7ekti.<\/p>\n<p style=\"text-align: justify;\">IMF Ba\u015fkan\u0131 olay\u0131 g\u00fcl\u00fcmseyerek kar\u015f\u0131lay\u0131p \u015fikayet\u00e7i bile olmad\u0131 ama Ba\u015fbakan Erdo\u011fan &#8220;T\u00fcrk misafirperverli\u011fine yak\u0131\u015fm\u0131yor&#8221; dedi. <!--more--><\/p>\n<p style=\"text-align: justify;\">Erdo\u011fan, &#8220;Protesto demeyin. Ben bunu protesto olarak kabul etmiyorum, bu bir sald\u0131r\u0131d\u0131r&#8221; diye konu\u015ftu.<\/p>\n<p style=\"text-align: justify;\">Ba\u015fbakan Erdo\u011fan, &#8220;Protesto ba\u015fka bir \u015fey. Bak\u0131n biz \u015fu anda \u00e7al\u0131\u015fmalar\u0131m\u0131z\u0131 yaparken, orada protesto yapabilecekleri alanlar haz\u0131rlad\u0131k. O b\u00f6lgenin d\u0131\u015f\u0131nda 13 tane alan haz\u0131rlad\u0131k, gelsin orada istedi\u011fi gibi protestosunu yaps\u0131n, pankart\u0131n\u0131 a\u00e7s\u0131n, elinde kartonlarla ne yapacaksa yaps\u0131n. Ama kalk\u0131p da Irak&#8217;a, orada olanlara \u00f6zenerek, kalk\u0131p oradan ayakkab\u0131 f\u0131rlatmay\u0131 ben T\u00fcrkiye&#8217;nin misafirperverli\u011fine bir sayg\u0131s\u0131zl\u0131k olarak g\u00f6r\u00fcyorum. B\u00f6yle bir \u015feyi de kabullenmiyorum. Bu, bir demokratik tav\u0131r de\u011fildir&#8221; ifadesini kulland\u0131.<\/p>\n<p style=\"text-align: justify;\">Erdo\u011fan eylemin kurumsal oldu\u011funun alt\u0131n\u0131 \u00e7izdi, &#8220;IMF ile ili\u015fkileri zedeler mi?&#8221; sorusunu ise &#8220;alakas\u0131 yok&#8221; \u015feklinde cevaplad\u0131.<\/p>\n<p style=\"text-align: justify;\">Sanayi ve Ticaret Bakan\u0131 Nihat Erg\u00fcn d\u00fcnyan\u0131n heryerinde benzer olaylar ya\u015fand\u0131\u011f\u0131na dikkat \u00e7ekti.<\/p>\n<p style=\"text-align: justify;\">\u0130\u00e7i\u015fleri Bakan\u0131 Be\u015fir Atalay ise &#8220;s\u0131n\u0131r\u0131 a\u015fan bir durum ama T\u00fcrkiye a\u00e7\u0131k, demokratik bir toplum. B\u00f6yle olaylar olabilir&#8221; dedi.<\/p>\n<p style=\"text-align: justify;\">Sel\u00e7uk \u00d6zbek salona gazeteci kimli\u011fiyle girmi\u015fti ama yine de g\u00fcvenli\u011fin sa\u011flanmas\u0131 konusunda soru i\u015faretleri do\u011fdu.<\/p>\n<p style=\"text-align: justify;\">Bakan Atalay toplant\u0131lar\u0131n devam\u0131nda g\u00fcvenlik konusunda garanti verdi.<\/p>\n<p style=\"text-align: justify;\"><span style=\"color: #888888;\">CNN T\u00dcRK<\/span><\/p>\n","protected":false},"excerpt":{"rendered":"<p style=\"text-align: center;\">\n<p style=\"text-align: justify;\">IMF toplant\u0131s\u0131ndaki ayakkab\u0131l\u0131 protesto ile ilgili konu\u015fan Ba\u015fbakan Tayyip Erdo\u011fan &#8220;T\u00fcrk misafirperverli\u011fine yak\u0131\u015fmam\u0131\u015ft\u0131r&#8221; dedi.<\/p>\n<p style=\"text-align: justify;\">T\u00fcrkiye uzun zamandan beri ilk kez bu kadar b\u00fcy\u00fck bir toplant\u0131ya ev sahipli\u011fi yapt\u0131 ama toplant\u0131lar\u0131n ana konusundan \u00e7ok bu g\u00f6r\u00fcnt\u00fcler konu\u015fuldu.<\/p>\n<p style=\"text-align: justify;\">IMF Ba\u015fkan\u0131&#8217;na at\u0131lan ayakkab\u0131 h\u00fck\u00fcmetin de tepkisini \u00e7ekti.<\/p>\n<p style=\"text-align:  \n\n","protected":false},"author":1,"featured_media":0,"comment_status":"open","ping_status":"closed","sticky":false,"template":"","format":"standard","meta":{"footnotes":""},"categories":[105],"tags":[],"class_list":["post-15454","post","type-post","status-publish","format-standard","hentry","category-gundem","odd"],"_links":{"self":[{"href":"http:\/\/www.korhanyilmaz.com\/index.php?rest_route=\/wp\/v2\/posts\/15454","targetHints":{"allow":["GET"]}}],"collection":[{"href":"http:\/\/www.korhanyilmaz.com\/index.php?rest_route=\/wp\/v2\/posts"}],"about":[{"href":"http:\/\/www.korhanyilmaz.com\/index.php?rest_route=\/wp\/v2\/types\/post"}],"author":[{"embeddable":true,"href":"http:\/\/www.korhanyilmaz.com\/index.php?rest_route=\/wp\/v2\/users\/1"}],"replies":[{"embeddable":true,"href":"http:\/\/www.korhanyilmaz.com\/index.php?rest_route=%2Fwp%2Fv2%2Fcomments&post=15454"}],"version-history":[{"count":0,"href":"http:\/\/www.korhanyilmaz.com\/index.php?rest_route=\/wp\/v2\/posts\/15454\/revisions"}],"wp:attachment":[{"href":"http:\/\/www.korhanyilmaz.com\/index.php?rest_route=%2Fwp%2Fv2%2Fmedia&parent=15454"}],"wp:term":[{"taxonomy":"category","embeddable":true,"href":"http:\/\/www.korhanyilmaz.com\/index.php?rest_route=%2Fwp%2Fv2%2Fcategories&post=15454"},{"taxonomy":"post_tag","embeddable":true,"href":"http:\/\/www.korhanyilmaz.com\/index.php?rest_route=%2Fwp%2Fv2%2Ftags&post=15454"}],"curies":[{"name":"wp","href":"https:\/\/api.w.org\/{rel}","templated":true}]}}