{"id":15433,"date":"2009-10-01T16:27:41","date_gmt":"2009-10-01T14:27:41","guid":{"rendered":"http:\/\/www.korhanyilmaz.com\/?p=15433"},"modified":"2009-10-01T16:27:41","modified_gmt":"2009-10-01T14:27:41","slug":"erdogan-dtp-icin-anayasa-degistirmeye-sicak","status":"publish","type":"post","link":"http:\/\/www.korhanyilmaz.com\/?p=15433","title":{"rendered":"Erdo\u011fan DTP i\u00e7in anayasa de\u011fi\u015ftirmeye s\u0131cak"},"content":{"rendered":"<p><a href=\"http:\/\/www.korhanyilmaz.com\/wp-content\/uploads\/2009\/10\/tayyip2.jpg\"  class=\"lightview\"><img loading=\"lazy\" decoding=\"async\" class=\"aligncenter size-full wp-image-15434\" src=\"http:\/\/www.korhanyilmaz.com\/wp-content\/uploads\/2009\/10\/tayyip2.jpg\" alt=\"\" width=\"292\" height=\"188\" \/><\/a><\/p>\n<p style=\"text-align: justify;\">Ba\u015fbakan Recep Tayyip Erdo\u011fan, DTP&#8217;li baz\u0131 milletvekillerinin polis zoruyla ifade vermeye getirilmesine ili\u015fkin mahkeme karar\u0131 konusunda, &#8220;Anayasa de\u011fi\u015fikli\u011fine de var\u0131z, yasa de\u011fi\u015fikli\u011fine de var\u0131z, ne gerekiyorsa&#8230; \u0130ktidar partisi olarak biz haz\u0131r\u0131z. Muhalefet partileri haz\u0131rsa, beraber bu i\u015fi yapar\u0131z&#8221; dedi.<\/p>\n<p style=\"text-align: justify;\">Ba\u015fbakan Erdo\u011fan, Meclis&#8217;te gazetecilerin \u00e7e\u015fitli konulara ili\u015fkin sorular\u0131n\u0131 yan\u0131tlad\u0131. <!--more--><\/p>\n<p style=\"text-align: justify;\">Erdo\u011fan, &#8220;DTP&#8217;lilerin ifade kriziyle ilgili form\u00fcller \u00fcretiliyor, yasa de\u011fi\u015fiklikleri, anayasa de\u011fi\u015fikli\u011fi konu\u015fuluyor. Sizin de\u011ferlendirmeniz nedir?&#8221; sorusunu, &#8220;B\u00f6yle bir yasal zeminin olu\u015fmas\u0131 halinde yasal de\u011fi\u015fikli\u011fin ad\u0131mlar\u0131n\u0131n at\u0131lmas\u0131 noktas\u0131nda, ki bunu gerektirir, bizler buna zaten her zaman var\u0131z. Burada Anayasan\u0131n 14. maddesiyle alakal\u0131 bir s\u0131k\u0131nt\u0131 s\u00f6z konusu. Ama tabii fikrinden, d\u00fc\u015f\u00fcncesinden dolay\u0131 bunun alt\u0131n\u0131 \u00f6zellikle \u00e7iziyorum; fikrinden, d\u00fc\u015f\u00fcncesinden dolay\u0131 hi\u00e7bir insan\u0131n yarg\u0131lanmas\u0131ndan yana de\u011filiz&#8221; dedi.<\/p>\n<p style=\"text-align: justify;\">Bir gazetecinin, &#8220;Muhalefet partileri bu konuda \u00e7\u00f6z\u00fcm noktas\u0131n\u0131n, iktidar partisi oldu\u011funu s\u00f6yl\u00fcyor, bu konuda ele\u015ftiriler var&#8221; demesi \u00fczerine, Ba\u015fbakan Erdo\u011fan, &#8220;Ben size a\u00e7\u0131klad\u0131m. \u0130ktidar partisi olarak biz haz\u0131r\u0131z. Muhalefet partileri haz\u0131rsa, beraber bu i\u015fi yapar\u0131z&#8221; dedi.<\/p>\n<p style=\"text-align: justify;\">&#8220;Anayasa de\u011fi\u015fikli\u011fine de\u011fil mi?&#8221; s\u00f6zleri \u00fczerine de Ba\u015fbakan Erdo\u011fan, &#8220;Anayasa de\u011fi\u015fikli\u011fine de var\u0131z, yasa de\u011fi\u015fikli\u011fine de var\u0131z, ne gerekiyorsa&#8230;&#8221; ifadelerini kulland\u0131.<\/p>\n<p style=\"text-align: justify;\"><strong><em>K\u00fcrt a\u00e7\u0131l\u0131m\u0131 <\/em><\/strong><\/p>\n<p style=\"text-align: justify;\">Demokratik a\u00e7\u0131l\u0131m konusundaki oturumun ne zaman yap\u0131laca\u011f\u0131n\u0131n sorulmas\u0131 \u00fczerine de Erdo\u011fan, &#8220;Ben \u00e7a\u011fr\u0131m\u0131 hemen yap\u0131yorum&#8221; dedi.<\/p>\n<p style=\"text-align: justify;\">&#8220;Net bir tarih verebilir misiniz?&#8221; sorusuna kar\u015f\u0131l\u0131k da Erdo\u011fan, &#8220;Demokratik a\u00e7\u0131l\u0131m konusunda s\u00f6yledi\u011fim gibi, k\u0131sa, orta, uzun vadeli takvimimiz var. K\u0131sa vadeli dedi\u011fimiz \u00e7al\u0131\u015fmalar a\u011f\u0131rl\u0131kl\u0131 olarak mevzuat ve genelgelerle ilgili \u00e7al\u0131\u015fmalard\u0131r. Orta vadede yap\u0131lacak olan \u00e7al\u0131\u015fmalar, genelge ve yasalarla ilgili \u00e7al\u0131\u015fmalard\u0131r, uzun vadeli olanlar ise Anayasa de\u011fi\u015fikli\u011fi gerektiren \u00e7al\u0131\u015fmalard\u0131r. T\u00fcm bunlar bu g\u00f6r\u00fc\u015fmeler \u00e7er\u00e7evesi i\u00e7erisinde y\u00fcr\u00fct\u00fclecek olan s\u00fcre\u00e7tir&#8221; diye konu\u015ftu.<\/p>\n<p style=\"text-align: justify;\">&#8220;Meclis&#8217;teki tarih i\u00e7in bir \u015fey s\u00f6yleyebilecek misiniz?&#8221; soruna da Erdo\u011fan, &#8220;(\u015eu tarihtir) diyemem. Bir ba\u015flas\u0131n&#8230; Ba\u015flar, ba\u015flamaz arkada\u015flar\u0131m\u0131z di\u011fer gruplarla g\u00f6r\u00fc\u015f\u00fcr&#8221; cevab\u0131n\u0131 verdi.<\/p>\n<p style=\"text-align: justify;\"><strong><em>IMF Ba\u015fkan\u0131&#8217;na protesto <\/em><\/strong><\/p>\n<p style=\"text-align: justify;\">\u0130stanbul&#8217;da IMF Ba\u015fkan\u0131 Dominique Strauss-Kahn&#8217;a ayakkab\u0131 at\u0131lmas\u0131yla ilgili soruyu Ba\u015fbakan Erdo\u011fan, &#8220;Sald\u0131r\u0131lar\u0131 tasvip etmek m\u00fcmk\u00fcn de\u011fil. Dolay\u0131s\u0131yla ben de b\u00f6yle bir \u00e7irkin sald\u0131r\u0131y\u0131 tasvip etmiyorum. Demokratik tav\u0131r farkl\u0131 bir \u015feydir, sald\u0131r\u0131 farkl\u0131 bir \u015feydir. Her t\u00fcrl\u00fc protestoyu yapabilirsiniz. Kald\u0131 ki bu protestolar fiili bir durum. Bu, T\u00fcrkiye&#8217;nin al\u0131\u015f\u0131lm\u0131\u015f misavirperverli\u011finin d\u0131\u015f\u0131nda bir olayd\u0131r. Ben, bunu b\u00f6yle g\u00f6r\u00fcyorum. \u015eimdi bizim IMF ile yapaca\u011f\u0131m\u0131z toplant\u0131larla alakal\u0131 olarak \u00f6yle imkanlar haz\u0131rlad\u0131k ki &#8217;13 ayr\u0131 mekanda, isteyenler gelsin orada demokratik ortamda protestolar\u0131n\u0131 yaps\u0131n&#8217; dedik. Pankartlar\u0131n\u0131 a\u00e7s\u0131nlar, d\u00fc\u015f\u00fcncelerini s\u00f6ylesinler&#8221; dedi.<\/p>\n<p style=\"text-align: justify;\">Erdo\u011fan, eylemin ki\u015fisel olup olup olmad\u0131\u011f\u0131 y\u00f6n\u00fcndeki soruya, &#8220;Ki\u015fisel olur mu? Tabii ki kurumsal. O kurumlar\u0131n da temsilcileri var&#8221; cevab\u0131n\u0131 verdi.<\/p>\n<p style=\"text-align: justify;\">Bir gazetecinin, &#8220;IMF ile g\u00f6r\u00fc\u015fmelerde belli bir s\u00fcre var m\u0131?&#8221; sorusu \u00fczerine Erdo\u011fan, &#8220;Hay\u0131r, hi\u00e7 alakas\u0131 yok. IMF \u00e7al\u0131\u015fmalar\u0131na aynen devam eder. Zaten, ba\u015fkan gerekli oldu\u011funda, gerekli cevab\u0131, onun tam aksi bir \u015fekilde vermi\u015f oldu&#8221; dedi.<\/p>\n<p style=\"text-align: justify;\"><strong><em>Cumhurba\u015fkanl\u0131\u011f\u0131 se\u00e7imi <\/em><\/strong><\/p>\n<p style=\"text-align: justify;\">Ba\u015fbakan Erdo\u011fan, bir gazetecinin, &#8220;CHP&#8217;nin Cumhurba\u015fkan\u0131n\u0131n Parlamento taraf\u0131ndan se\u00e7ilmesi sistemine yeniden d\u00f6n\u00fclmesine y\u00f6nelik d\u00fczenlemeye destek vereceklerini s\u00f6ylemeleri&#8221; ile ilgili sorusunu da \u015f\u00f6yle cevaplad\u0131: &#8220;(Egemenlik kay\u0131ts\u0131z \u015farts\u0131z milletindir.) \u00d6yle mi? Burada milletin vekilleri var. Biz milletin asl\u0131na g\u00f6t\u00fcr\u00fcyoruz bu i\u015fi. Millet ne yapt\u0131? Bir karar verdi. Dedi ki &#8216;b\u00f6yle b\u00f6yle cumhurba\u015fkan\u0131 se\u00e7imi \u015fu zamandan bu zamana yap\u0131lmal\u0131d\u0131r.&#8217; Bu i\u015fi bundan sonra millet yapmal\u0131d\u0131r. \u00d6yleyse millete gideceksin. Milleten niye ka\u00e7\u0131r\u0131yorsun bu i\u015fi? Say\u0131n Baykal, Cumhurba\u015fkan\u0131 se\u00e7imini milleten ka\u00e7\u0131r\u0131yorsunuz. Niye ka\u00e7\u0131r\u0131yorsunuz? B\u0131rakal\u0131m millet se\u00e7sin. Ne istiyorsa millet yaps\u0131n. Bizim de istedi\u011fimiz, bu konuda milletin karar\u0131d\u0131r. Millet de zaten bunu istiyor. Bu i\u015f bitmi\u015ftir.&#8221;<\/p>\n<p style=\"text-align: justify;\"><span style=\"color: #888888;\">CNN T\u00dcRK<\/span><\/p>\n","protected":false},"excerpt":{"rendered":"<\/p>\n<p style=\"text-align: justify;\">Ba\u015fbakan Recep Tayyip Erdo\u011fan, DTP&#8217;li baz\u0131 milletvekillerinin polis zoruyla ifade vermeye getirilmesine ili\u015fkin mahkeme karar\u0131 konusunda, &#8220;Anayasa de\u011fi\u015fikli\u011fine de var\u0131z, yasa de\u011fi\u015fikli\u011fine de var\u0131z, ne gerekiyorsa&#8230; \u0130ktidar partisi olarak biz haz\u0131r\u0131z. Muhalefet partileri haz\u0131rsa, beraber bu i\u015fi yapar\u0131z&#8221; dedi.<\/p>\n<p style=\"text-align: justify;\">Ba\u015fbakan Erdo\u011fan, Meclis&#8217;te gazetecilerin \u00e7e\u015fitli konulara ili\u015fkin sorular\u0131n\u0131 yan\u0131tlad\u0131. <\/p>\n","protected":false},"author":1,"featured_media":0,"comment_status":"open","ping_status":"closed","sticky":false,"template":"","format":"standard","meta":{"footnotes":""},"categories":[105],"tags":[],"class_list":["post-15433","post","type-post","status-publish","format-standard","hentry","category-gundem","odd"],"_links":{"self":[{"href":"http:\/\/www.korhanyilmaz.com\/index.php?rest_route=\/wp\/v2\/posts\/15433","targetHints":{"allow":["GET"]}}],"collection":[{"href":"http:\/\/www.korhanyilmaz.com\/index.php?rest_route=\/wp\/v2\/posts"}],"about":[{"href":"http:\/\/www.korhanyilmaz.com\/index.php?rest_route=\/wp\/v2\/types\/post"}],"author":[{"embeddable":true,"href":"http:\/\/www.korhanyilmaz.com\/index.php?rest_route=\/wp\/v2\/users\/1"}],"replies":[{"embeddable":true,"href":"http:\/\/www.korhanyilmaz.com\/index.php?rest_route=%2Fwp%2Fv2%2Fcomments&post=15433"}],"version-history":[{"count":0,"href":"http:\/\/www.korhanyilmaz.com\/index.php?rest_route=\/wp\/v2\/posts\/15433\/revisions"}],"wp:attachment":[{"href":"http:\/\/www.korhanyilmaz.com\/index.php?rest_route=%2Fwp%2Fv2%2Fmedia&parent=15433"}],"wp:term":[{"taxonomy":"category","embeddable":true,"href":"http:\/\/www.korhanyilmaz.com\/index.php?rest_route=%2Fwp%2Fv2%2Fcategories&post=15433"},{"taxonomy":"post_tag","embeddable":true,"href":"http:\/\/www.korhanyilmaz.com\/index.php?rest_route=%2Fwp%2Fv2%2Ftags&post=15433"}],"curies":[{"name":"wp","href":"https:\/\/api.w.org\/{rel}","templated":true}]}}