{"id":15421,"date":"2009-10-01T09:27:42","date_gmt":"2009-10-01T06:27:42","guid":{"rendered":"http:\/\/www.korhanyilmaz.com\/?p=15421"},"modified":"2009-10-01T09:27:42","modified_gmt":"2009-10-01T06:27:42","slug":"ne-mutlu-turkum-diyeneye-bile-karistilar","status":"publish","type":"post","link":"http:\/\/www.korhanyilmaz.com\/?p=15421","title":{"rendered":"&#8221;Ne Mutlu T\u00fcrk\u00fcm diyene&#8221;ye bile kar\u0131\u015ft\u0131lar!"},"content":{"rendered":"<p style=\"text-align: center;\"><a href=\"http:\/\/www.korhanyilmaz.com\/wp-content\/uploads\/2009\/10\/konsey.jpg\"  class=\"lightview\"><img loading=\"lazy\" decoding=\"async\" class=\"aligncenter size-full wp-image-15422\" src=\"http:\/\/www.korhanyilmaz.com\/wp-content\/uploads\/2009\/10\/konsey.jpg\" alt=\"\" width=\"307\" height=\"236\" \/><\/a><\/p>\n<p style=\"text-align: justify;\">Avrupa Konseyi \u0130nsan Haklar\u0131 Komiseri Thomas Hammarberg, T\u00fcrkiye&#8217;de &#8216;az\u0131nl\u0131klar&#8217; ile ilgili yay\u0131mlad\u0131\u011f\u0131 raporunda \u00f6\u011frenci and\u0131ndaki Atat\u00fcrk&#8217;e ait &#8220;Ne Mutlu T\u00fcrk&#8217;\u00fcm diyene&#8221; s\u00f6z\u00fcn\u00fc ele\u015ftirdi ve bununla &#8220;etnik ayr\u0131mc\u0131l\u0131k&#8221; yap\u0131ld\u0131\u011f\u0131n\u0131 \u00f6ne s\u00fcrd\u00fc. Hammerberg&#8217;in, 28 Haziran-3 Temmuz aras\u0131 T\u00fcrkiye&#8217;de yapt\u0131\u011f\u0131 g\u00f6r\u00fc\u015fmeler sonras\u0131 yaz\u0131lan rapordaki bu ele\u015ftiri, T\u00fcrkiye&#8217;nin tepkisine yol a\u00e7t\u0131.<\/p>\n<p style=\"text-align: justify;\">Avrupa Konseyi \u0130nsan Haklar\u0131 Hammarberg raporunda ayr\u0131ca, T\u00fcrkiye&#8217;de &#8216;az\u0131nl\u0131k&#8217;lar\u0131n sadece Lozan Antla\u015fmas\u0131 uyar\u0131nca gayri M\u00fcsl\u00fcmlerle s\u0131n\u0131rlanmas\u0131n\u0131 da ele\u015ftirerek K\u00fcrt, S\u00fcryani, Laz veya Alevilerin de bu tan\u0131mlama i\u00e7erisine girmesi gerekti\u011fini savundu. <!--more--><\/p>\n<p style=\"text-align: justify;\"><strong><em>\u0130\u015fte H\u00fcrriyet gazetesinde yay\u0131mlanan Zeynel L\u00fcle imzal\u0131 haberin ayr\u0131nt\u0131lar\u0131&#8230;<\/em><\/strong><\/p>\n<p style=\"text-align: justify;\">Avrupa Konseyi \u0130nsan Haklar\u0131 Komiseri Thomas Hammerberg, T\u00fcrkiye\u2019deki \u201caz\u0131nl\u0131klar\u201d ile ilgili raporunda okullarda \u00f6\u011frencilerin s\u00f6yledi\u011fi \u201cNe Mutlu T\u00fcrk\u2019\u00fcm Diyene\u201d s\u00f6z\u00fcn\u00fc ele\u015ftirdi.<\/p>\n<p style=\"text-align: justify;\">Raporda, bununla \u201cetnik ayr\u0131mc\u0131l\u0131k\u201d yap\u0131ld\u0131\u011f\u0131 \u00f6ne s\u00fcr\u00fcld\u00fc. T\u00fcrk H\u00fck\u00fcmeti ise verdi\u011fi yan\u0131tta \u201cT\u00fcrk kelimesi bir etnik, dil veya dini k\u00f6kene dayanm\u0131yor, T\u00fcrkiye Cumhuriyeti vatanda\u015fl\u0131\u011f\u0131n\u0131 ifade ediyor\u201d dedi.<\/p>\n<p style=\"text-align: justify;\">AVRUPA Konseyi \u0130nsan Haklar\u0131 Komiseri Thomas Hammarberg, T\u00fcrkiye\u2019de \u201caz\u0131nl\u0131klar\u201d ile ilgili yay\u0131nlad\u0131\u011f\u0131 raporunda okullarda \u00f6\u011frencilerin s\u00f6yledi\u011fi \u201cNe Mutlu T\u00fcrk\u2019\u00fcm diyene\u201d s\u00f6z\u00fcn\u00fc ele\u015ftirdi ve bununla \u201cetnik ayr\u0131mc\u0131l\u0131k\u201d yap\u0131ld\u0131\u011f\u0131n\u0131 \u00f6ne s\u00fcrd\u00fc. Hammerberg\u2019in, 28 Haziran-3 Temmuz aras\u0131 T\u00fcrkiye\u2019de yapt\u0131\u011f\u0131 g\u00f6r\u00fc\u015fmeler sonras\u0131 yaz\u0131lan rapordaki bu ele\u015ftiri, h\u00fck\u00fcmetin tepkisine yol a\u00e7t\u0131.<\/p>\n<p style=\"text-align: justify;\"><strong><em>&#8220;Bir etnik k\u00f6ken y\u00fcceltiliyor&#8221;<\/em><\/strong><\/p>\n<p style=\"text-align: justify;\">Bug\u00fcn yay\u0131nlanan raporunda Hammerberg, T\u00fcrkiye\u2019deki okullarda \u201cT\u00fcrk\u2019\u00fcn ve T\u00fcrk olmaktan gurur duyuyorum\u201d gibi \u00e7e\u015fitli antlar\u0131n her g\u00fcn \u00f6\u011frencilere s\u00f6yletildi\u011fini ve bu s\u00f6zlerin \u201cNe Mutlu T\u00fcrk\u2019\u00fcn diyene\u201d s\u00f6z\u00fcyle tamamland\u0131\u011f\u0131n\u0131 belirterek bunun bir etnik k\u00f6keni y\u00fcceltti\u011fini \u00f6ne s\u00fcrd\u00fc.<\/p>\n<p style=\"text-align: justify;\">T\u00fcrkiye\u2019de 12-15 milyon aras\u0131nda K\u00fcrt k\u00f6kenlinin bulundu\u011funu, 3 milyona yak\u0131n Roman, 3 milyon Kafkas, 1 milyona yak\u0131n Laz bulundu\u011funu belirterek, bunun T\u00fcrkiye taraf\u0131ndan bir \u201czenginlik\u201d olarak kabul edilmesi gerekti\u011fini kaydetti.<\/p>\n<p style=\"text-align: justify;\"><strong><em>&#8220;Az\u0131nl\u0131\u011f\u0131n tan\u0131m\u0131 geni\u015flesin&#8221;<\/em><\/strong><\/p>\n<p style=\"text-align: justify;\">T\u00fcrkiye\u2019de az\u0131nl\u0131k tan\u0131m\u0131n\u0131n, Lozan Anla\u015fmas\u0131\u2019na dayanarak sadece Rum, Ermeni ve Yahudiler i\u00e7in yap\u0131ld\u0131\u011f\u0131n\u0131 belirten \u0130nsan Haklar\u0131 Komiseri Hammerberg, \u201cAz\u0131nl\u0131k tan\u0131m\u0131n\u0131n Avrupa\u2019daki tan\u0131m\u0131na uyarlanmas\u0131, ancak Anayasa de\u011fi\u015fikli\u011fi ile m\u00fcmk\u00fcn. Bu de\u011fi\u015fiklik mutlaka yap\u0131lmal\u0131\u201d dedi.<\/p>\n<p style=\"text-align: justify;\">Hammerberg, \u00fcniversitelerde K\u00fcrt\u00e7e e\u011fitmen yeti\u015ftirilmesi i\u00e7in \u00f6zel b\u00f6l\u00fcmler a\u00e7\u0131lmas\u0131n\u0131, Alevilerin haklar\u0131n\u0131n verilmesini, Heybeliada Ruhban okulunun a\u00e7\u0131lmas\u0131n\u0131 ve Vak\u0131flar Yasas\u0131\u2019n\u0131n gayrim\u00fcsl\u00fcmlerin m\u00fclklerinin iadesine uygun hale getirilmesini talep etti.<\/p>\n<p style=\"text-align: justify;\"><strong><em>H\u00fck\u00fcmetin yan\u0131t\u0131: &#8220;Etnik ayr\u0131mc\u0131l\u0131k de\u011fil&#8221;<\/em><\/strong><\/p>\n<p style=\"text-align: justify;\">T\u00fcrk H\u00fck\u00fcmeti\u2019nin verdi\u011fi verdi\u011fi 11 sayfal\u0131k cevabi raporda ise Hammerberg\u2019in \u201cNe Mutlu T\u00fcrk\u2019\u00fcn diyene\u201d s\u00f6z\u00fcn\u00fcn \u201cetnik ayr\u0131mc\u0131l\u0131k\u201d olarak ifade edilmesine ele\u015ftiri getirildi. H\u00fck\u00fcmet cevab\u0131nda, \u00f6zdeyi\u015fin bir etnik grubu y\u00fcceltmek i\u00e7in de\u011fil, T\u00fcrkiye Cumhuriyeti vatanda\u015f\u0131 olanlar\u0131n \u00fclke topra\u011f\u0131na ba\u011fl\u0131l\u0131\u011f\u0131n\u0131 ifade etti\u011fi belirtildi. \u201cT\u00fcrk\u201d kelimesinin bir etnik, dil veya din k\u00f6kene dayanmad\u0131\u011f\u0131, T\u00fcrkiye Cumhuriyeti vatanda\u015fl\u0131\u011f\u0131n\u0131 ifade etti\u011fi kaydedildi. H\u00fck\u00fcmet ayr\u0131ca \u201caz\u0131nl\u0131k\u201d tan\u0131m\u0131n\u0131n Lozan Antla\u015fmas\u0131 ile belirlendi\u011fi de vurguland\u0131.<\/p>\n<p style=\"text-align: justify;\"><span style=\"color: #888888;\">CNN T\u00dcRK<\/span><\/p>\n","protected":false},"excerpt":{"rendered":"<p style=\"text-align: center;\">\n<p style=\"text-align: justify;\">Avrupa Konseyi \u0130nsan Haklar\u0131 Komiseri Thomas Hammarberg, T\u00fcrkiye&#8217;de &#8216;az\u0131nl\u0131klar&#8217; ile ilgili yay\u0131mlad\u0131\u011f\u0131 raporunda \u00f6\u011frenci and\u0131ndaki Atat\u00fcrk&#8217;e ait &#8220;Ne Mutlu T\u00fcrk&#8217;\u00fcm diyene&#8221; s\u00f6z\u00fcn\u00fc ele\u015ftirdi ve bununla &#8220;etnik ayr\u0131mc\u0131l\u0131k&#8221; yap\u0131ld\u0131\u011f\u0131n\u0131 \u00f6ne s\u00fcrd\u00fc. Hammerberg&#8217;in, 28 Haziran-3 Temmuz aras\u0131 T\u00fcrkiye&#8217;de yapt\u0131\u011f\u0131 g\u00f6r\u00fc\u015fmeler sonras\u0131 yaz\u0131lan rapordaki bu ele\u015ftiri, T\u00fcrkiye&#8217;nin tepkisine yol a\u00e7t\u0131.<\/p>\n<p style=\"text-align: justify;\">Avrupa <\/p>\n","protected":false},"author":1,"featured_media":0,"comment_status":"open","ping_status":"closed","sticky":false,"template":"","format":"standard","meta":{"footnotes":""},"categories":[3],"tags":[],"class_list":["post-15421","post","type-post","status-publish","format-standard","hentry","category-dunya","odd"],"_links":{"self":[{"href":"http:\/\/www.korhanyilmaz.com\/index.php?rest_route=\/wp\/v2\/posts\/15421","targetHints":{"allow":["GET"]}}],"collection":[{"href":"http:\/\/www.korhanyilmaz.com\/index.php?rest_route=\/wp\/v2\/posts"}],"about":[{"href":"http:\/\/www.korhanyilmaz.com\/index.php?rest_route=\/wp\/v2\/types\/post"}],"author":[{"embeddable":true,"href":"http:\/\/www.korhanyilmaz.com\/index.php?rest_route=\/wp\/v2\/users\/1"}],"replies":[{"embeddable":true,"href":"http:\/\/www.korhanyilmaz.com\/index.php?rest_route=%2Fwp%2Fv2%2Fcomments&post=15421"}],"version-history":[{"count":0,"href":"http:\/\/www.korhanyilmaz.com\/index.php?rest_route=\/wp\/v2\/posts\/15421\/revisions"}],"wp:attachment":[{"href":"http:\/\/www.korhanyilmaz.com\/index.php?rest_route=%2Fwp%2Fv2%2Fmedia&parent=15421"}],"wp:term":[{"taxonomy":"category","embeddable":true,"href":"http:\/\/www.korhanyilmaz.com\/index.php?rest_route=%2Fwp%2Fv2%2Fcategories&post=15421"},{"taxonomy":"post_tag","embeddable":true,"href":"http:\/\/www.korhanyilmaz.com\/index.php?rest_route=%2Fwp%2Fv2%2Ftags&post=15421"}],"curies":[{"name":"wp","href":"https:\/\/api.w.org\/{rel}","templated":true}]}}