{"id":15414,"date":"2009-10-01T16:48:24","date_gmt":"2009-10-01T13:48:24","guid":{"rendered":"http:\/\/www.korhanyilmaz.com\/?p=15414"},"modified":"2009-10-01T16:48:24","modified_gmt":"2009-10-01T13:48:24","slug":"gulden-mecliste-acilim-ve-farklilik-mesajlari","status":"publish","type":"post","link":"http:\/\/www.korhanyilmaz.com\/?p=15414","title":{"rendered":"G\u00fcl&#039;den Meclis&#039;te a\u00e7\u0131l\u0131m ve farkl\u0131l\u0131k mesajlar\u0131"},"content":{"rendered":"<p style=\"text-align: center;\"><a href=\"http:\/\/www.korhanyilmaz.com\/wp-content\/uploads\/2009\/10\/g\u00fcl2.jpg\"  class=\"lightview\"><img loading=\"lazy\" decoding=\"async\" class=\"aligncenter size-full wp-image-15415\" src=\"http:\/\/www.korhanyilmaz.com\/wp-content\/uploads\/2009\/10\/g\u00fcl2.jpg\" alt=\"\" width=\"307\" height=\"236\" \/><\/a><\/p>\n<p style=\"text-align: justify;\">TBMM&#8217;de 23. D\u00f6nem 4. Yasama Y\u0131l\u0131 ba\u015flad\u0131. A\u00e7\u0131l\u0131\u015fa Genelkurmay Ba\u015fkan\u0131 Orgeneral \u0130lker Ba\u015fbu\u011f ve kuvvet komutanlar\u0131 da kat\u0131ld\u0131. Cumhurba\u015fkan\u0131 Abdullah G\u00fcl bir a\u00e7\u0131\u015f konu\u015fmas\u0131 yaparak, &#8220;B\u00fcy\u00fck milletler, devlet ve k\u00fclt\u00fcrel farkl\u0131l\u0131klar ili\u015fkisini tarihin \u00e7e\u015fitli d\u00f6nemlerinde tazeleyerek ve g\u00fcncelleyerek yollar\u0131na devam eder&#8221; dedi.<\/p>\n<p style=\"text-align: justify;\">TBMM Ba\u015fkan\u0131 Mehmet Ali \u015eahin&#8217;in sunu\u015f konu\u015fmas\u0131n\u0131n ard\u0131ndan Cumhurba\u015fkan\u0131 Abdullah G\u00fcl k\u00fcrs\u00fcye geldi.<!--more--><\/p>\n<p style=\"text-align: justify;\"><em><strong>K\u00dcRT A\u00c7ILIMI<\/strong><\/em><\/p>\n<p style=\"text-align: justify;\">&#8211; Devletin temel nitelikleri ve \u00fcniter yap\u0131s\u0131 korunarak, devlet ve \u00e7e\u015fitlilik arzeden etnik, dini, k\u00fclt\u00fcrel gruplar aras\u0131ndaki ili\u015fkilerin \u00e7a\u011f\u0131n ruhuna uygun bir bi\u00e7imde geli\u015ftirilmesi amac\u0131na d\u00f6n\u00fck bir tart\u0131\u015fma s\u00fcrecinden ge\u00e7iyoruz. Bu s\u00fcre\u00e7, millet olma bilincimizin g\u00fc\u00e7lenmesine hizmet edecektir. Milletimizden gelen demokratik taleplerin doyurucu bir bi\u00e7imde kar\u015f\u0131lanmas\u0131 devletin varolu\u015f sebebidir.  Anadolu&#8217;nun t\u00fcm tarihi miras\u0131n\u0131 korumak devletin Anayasal g\u00f6revidir. Siyasi a\u00e7\u0131dan da birli\u011fimizi ve dirli\u011fimizi g\u00fc\u00e7lendirecek bir yenilenmedir.<\/p>\n<p style=\"text-align: justify;\"><strong><em>B\u0130RL\u0130K F\u0130KR\u0130N\u0130 KORUMAK<\/em><\/strong><\/p>\n<p style=\"text-align: justify;\">&#8211; \u00c7a\u011fda\u015f demokrasiler, Anayasal demokrasilerdir; Anayasalar da toplumun \u00e7o\u011fulcu yap\u0131s\u0131n\u0131 ve temel hak ve h\u00fcrriyetleri koruyacak bi\u00e7imde d\u00fczenlenirler. \u0130nsanl\u0131\u011f\u0131n siyasi bilincinin bug\u00fcn geldi\u011fi a\u015famada demokrasileri rakipsiz k\u0131lan, toplumsal ve siyasi farkl\u0131l\u0131klar\u0131n bir arada ya\u015famas\u0131na en uygun vasat\u0131 sunma imkan\u0131d\u0131r. Ancak, birlik fikrini koruyarak farkl\u0131l\u0131klar\u0131 y\u00f6netme, modern demokrasilerin ayn\u0131 zamanda en ciddi s\u0131nav\u0131d\u0131r.<\/p>\n<p style=\"text-align: justify;\"><strong><em>M\u0130LLET ADACIKLARI<\/em><\/strong><\/p>\n<p style=\"text-align: justify;\">&#8211; Hi\u00e7kimse farkl\u0131l\u0131klar\u0131n varl\u0131\u011f\u0131n\u0131, millet i\u00e7inde yeni millet adac\u0131klar\u0131 olu\u015fturmak \u015feklinde anlamamal\u0131. B\u00f6yle anlayanlar, toplum i\u00e7inde derin fay k\u0131r\u0131klar\u0131 olu\u015fturarak toplumsal mutabakata zarar verirler. Bu da hem milletin b\u00fct\u00fcn\u00fcne, hem de farkl\u0131l\u0131\u011f\u0131n\u0131 korumak isteyenlere y\u0131k\u0131c\u0131 bir deprem olarak geri d\u00f6ner.<\/p>\n<p style=\"text-align: justify;\"><strong><em>HERKES\u0130N TEK T\u0130P KALIPTA ER\u0130MES\u0130<\/em><\/strong><\/p>\n<p style=\"text-align: justify;\">&#8211; Demokratik devlet, millet olman\u0131n esas\u0131 olan &#8216;birlik&#8217; fikrini ve d\u00fczenini g\u00fc\u00e7l\u00fc bir bi\u00e7imde gelece\u011fe ta\u015f\u0131rken, sosyal ve k\u00fclt\u00fcrel farkl\u0131l\u0131klar\u0131 ortadan kald\u0131ran de\u011fil, onlar\u0131 zenginlik olarak kabul edip geli\u015ftirilmesine imkan sa\u011flayan devlettir. Demokratik devlet, farkl\u0131 olan\u0131 tek bir kal\u0131p i\u00e7erisinde eritmez ve \u00f6tekile\u015ftirmez; her bir bireyi var olan de\u011ferleriyle birlikte korumas\u0131 alt\u0131na al\u0131r.<\/p>\n<p style=\"text-align: justify;\">&#8211; Farkl\u0131l\u0131klar\u0131 ayr\u0131l\u0131k vesilesi g\u00f6rmenin de, birlik ve beraberlikten herkesin birbirinin ayn\u0131 oldu\u011fu bir toplum yap\u0131s\u0131n\u0131 anlaman\u0131n da bu \u00e7a\u011fda yeri yoktur. Do\u011fal bir durum olan, etnik, dini ve k\u00fclt\u00fcrel farkl\u0131l\u0131klar\u0131, u\u00e7 ayr\u0131l\u0131k\u00e7\u0131 fikirlerin zemini haline getirenler \u00e7a\u011f\u0131n gerisinde duruyorlar demektir. Birlik ve beraberlikten herkesin tek tip bir kal\u0131p i\u00e7inde erimesini anlayanlar da, \u00e7a\u011f\u0131n ruhuna ayk\u0131r\u0131 davran\u0131yorlar demektir.<\/p>\n<p style=\"text-align: center;\"><a href=\"http:\/\/www.korhanyilmaz.com\/wp-content\/uploads\/2009\/10\/basbug2.jpg\"  class=\"lightview\"><img loading=\"lazy\" decoding=\"async\" class=\"aligncenter size-full wp-image-15416\" src=\"http:\/\/www.korhanyilmaz.com\/wp-content\/uploads\/2009\/10\/basbug2.jpg\" alt=\"\" width=\"464\" height=\"160\" \/><\/a><\/p>\n<p style=\"text-align: justify;\"><strong><em>FARKLI NEH\u0130RLER<\/em><\/strong><\/p>\n<p style=\"text-align: justify;\">&#8211; Birli\u011fimiz ve dirli\u011fimiz farkl\u0131 nehirlerle beslenen ve g\u00fc\u00e7lenen bir okyanus haline gelir. Kendi vatanda\u015flar\u0131n\u0131 tek bir kal\u0131p i\u00e7inde erimeye zorlayan \u00fclkelerin, en ba\u015fta kendi birlik ve dirliklerine zarar verdikleri gibi, d\u00fcnya sahnesinde de ciddiye al\u0131nmad\u0131klar\u0131n\u0131 g\u00f6r\u00fcyoruz. Etnisite ya da din ad\u0131na kampla\u015farak birlik fikrinden uzakla\u015fan toplumlar da b\u00fcy\u00fck ac\u0131larla y\u00fczle\u015fmek zorunda kal\u0131yorlar. Bunu g\u00f6rmek i\u00e7in fazla uzaklara da bakmaya gerek yoktur. S\u0131n\u0131rlar\u0131m\u0131z\u0131n hemen \u00f6tesinde ya\u015fananlar herkes i\u00e7in ibret vesilesi olmal\u0131d\u0131r.<\/p>\n<p style=\"text-align: justify;\"><strong><em>FARKLILIKLARDAN KORKAN DEVLET<\/em><\/strong><\/p>\n<p style=\"text-align: justify;\">&#8211; Y\u00fczlerce y\u0131ll\u0131k bir tarihin ve devlet gelene\u011finin varisi olan bizler, farkl\u0131l\u0131klar\u0131m\u0131z\u0131n birlikte ya\u015fad\u0131\u011f\u0131m\u0131z uzun as\u0131rlar i\u00e7erisinde birbirimize sa\u011flad\u0131\u011f\u0131m\u0131z katk\u0131lar ve milli birli\u011fimizi peki\u015ftiren unsurlar oldu\u011funu d\u00fc\u015f\u00fcnmeliyiz. Farkl\u0131l\u0131klar\u0131ndan korkan bir devlet Mustafa Kemal Atat\u00fcrk&#8217;\u00fcn hedef g\u00f6sterdi\u011fi \u00e7a\u011fda\u015fl\u0131\u011f\u0131 yakalayamaz.<\/p>\n<p style=\"text-align: justify;\">&#8211; B\u00fcy\u00fck milletler, devlet ve k\u00fclt\u00fcrel farkl\u0131l\u0131klar ili\u015fkisini tarihin \u00e7e\u015fitli d\u00f6nemlerinde tazeleyerek ve g\u00fcncelleyerek yollar\u0131na devam etme yetene\u011fi g\u00f6sterenlerdir.<\/p>\n<p style=\"text-align: justify;\"><strong><em>H\u00dcK\u00dcMETLER\u0130N Y\u00d6NET\u0130M YETK\u0130S\u0130<\/em><\/strong><\/p>\n<p style=\"text-align: justify;\">&#8211; Demokrasilerde, h\u00fck\u00fcmetler \u00e7o\u011funlu\u011fun iradesiyle kurulur ama h\u00fck\u00fcmetlerin y\u00f6netim yetkisi s\u0131n\u0131rs\u0131z de\u011fildir. H\u00fck\u00fcmetler, hukukun \u00fcst\u00fcnl\u00fc\u011f\u00fcne ba\u011fl\u0131 kalarak hareket ederler; say\u0131ca \u00e7ok ya da az olmalar\u0131na bak\u0131lmaks\u0131z\u0131n t\u00fcm toplumsal kesimlerin ve tek tek bireylerin haklar\u0131 da teminat alt\u0131ndad\u0131r.<\/p>\n<p style=\"text-align: justify;\"><strong><em>PART\u0130L\u0130-PART\u0130ZAN AYRIMI<\/em><\/strong><\/p>\n<p style=\"text-align: justify;\">&#8211; Devlet ve millet hayat\u0131n\u0131n temel sorunlar\u0131nda, ger\u00e7ek uzla\u015fma k\u00fclt\u00fcr\u00fcn\u00fcn hakim olmas\u0131 gelece\u011fe y\u00f6n vermenin tek yolu. Herkesi ilgilendiren siyasi meselelerde &#8220;partili&#8221; olmakla &#8220;partizan&#8221; olmak aras\u0131ndaki \u00e7izgi kal\u0131n bir \u015fekilde \u00e7izilmeli.<\/p>\n<p style=\"text-align: justify;\"><strong><em>M\u0130LL\u0130 G\u00dcVENL\u0130K ANLAYI\u015eINDA DE\u011e\u0130\u015e\u0130M<\/em><\/strong><\/p>\n<p style=\"text-align: justify;\">&#8211; Milli g\u00fcvenlik, ku\u015fkusuz g\u00fc\u00e7l\u00fc bir orduyu zorunlu k\u0131lar. T\u00fcrkiye&#8217;nin g\u00fc\u00e7l\u00fc bir ordusu vard\u0131r. Ancak kapsam ve i\u00e7erik de\u011fi\u015ftiren, dinamik milli g\u00fcvenlik anlay\u0131\u015f\u0131 sadece ordunun imkan ve kabiliyetleriyle sa\u011flanan bir \u00e7er\u00e7eve olmay\u0131 a\u015fm\u0131\u015ft\u0131r. \u0130mkan ve kabiliyetleri y\u00fcksek bir ordunun yan\u0131nda, bir \u00fclkedeki demokrasinin geli\u015fmi\u015fli\u011fi, ekonominin sa\u011flaml\u0131\u011f\u0131, entelekt\u00fcel bak\u0131mdan ve her a\u00e7\u0131dan nitelikli insan g\u00fcc\u00fc, enerjiye hakimiyeti veya ula\u015fabilirli\u011fi, her alandaki \u00fcretim faaliyetleri, Ar-Ge \u00e7al\u0131\u015fmalar\u0131 ve bilgi-teknoloji \u00fcretebilme yetene\u011fi, bug\u00fcn\u00fcn d\u00fcnyas\u0131nda milli g\u00fcvenli\u011fin \u00f6nemli unsurlar\u0131d\u0131r.<\/p>\n<p style=\"text-align: justify;\"><strong><em>T\u00dcRK M\u0130LLET\u0130 KAVRAMI<\/em><\/strong><\/p>\n<p style=\"text-align: justify;\">&#8211; B\u00fcy\u00fck milletimiz, tek millet olma fikri ile farkl\u0131l\u0131klara sayg\u0131 fikrini i\u00e7i\u00e7e ya\u015fatmaktad\u0131r. Devletimizin kurucu felsefesinin, T\u00fcrk milleti kavram\u0131na esasta y\u00fckledi\u011fi i\u00e7erik de budur. Bug\u00fcn bunun siyaset ve devlet anlay\u0131\u015f\u0131m\u0131za da \u00e7a\u011f\u0131n gerektirdi\u011fi bi\u00e7imde yans\u0131mas\u0131 gerekir.<\/p>\n<p style=\"text-align: justify;\"><strong><em>\u00dcLKEN\u0130N \u0130\u00c7\u0130N\u0130 KEM\u0130REN SORUNLAR<\/em><\/strong><\/p>\n<p style=\"text-align: justify;\">&#8211; Kendi i\u00e7inde g\u00fc\u00e7l\u00fc bir mutabakat\u0131 sa\u011flayamam\u0131\u015f bir devletin, d\u00fcnya sahnesinde g\u00fc\u00e7l\u00fc olmas\u0131 d\u00fc\u015f\u00fcn\u00fclemez. O nedenle T\u00fcrkiye, kendi sorunlar\u0131n\u0131 kendisi \u00e7\u00f6zmek zorundad\u0131r. Bir \u00fclkenin i\u00e7ini kemiren sorunlar varsa, bunlar ka\u00e7\u0131n\u0131lmaz olarak ba\u015fka devletlerin m\u00fcdahalesine a\u00e7\u0131k alanlar\u0131n ortaya \u00e7\u0131kmas\u0131na yol a\u00e7ar. \u00c7\u00fcnk\u00fc bug\u00fcn\u00fcn d\u00fcnyas\u0131nda sorunlar\u0131 ba\u015fkalar\u0131ndan gizlemenin yolu yoktur; her \u015fey a\u00e7\u0131k bir \u015fekilde d\u00fcnyan\u0131n ve herkesin g\u00f6z\u00fc \u00f6n\u00fcnde ya\u015fan\u0131yor. Kendi sorunlar\u0131n\u0131 kendi iradeleriyle \u00e7\u00f6zemeyen devletler, ba\u015fkalar\u0131n\u0131n istismar\u0131na a\u00e7\u0131kt\u0131r. Siyasi akl\u0131 g\u00fc\u00e7l\u00fc bir devlet buna izin vermez; sorunlar\u0131n\u0131 ba\u015fkalar\u0131na f\u0131rsat vermeden kendi iradesiyle \u00e7\u00f6zer.<\/p>\n<p style=\"text-align: justify;\"><strong><em>\u015eEH\u0130TLER<\/em><\/strong><\/p>\n<p style=\"text-align: justify;\">&#8211; \u015eehitlerimizin e\u015fsiz fedakarl\u0131klar\u0131 ve gazilerimizin unutulmaz kahramanl\u0131klar\u0131 sayesinde T\u00fcrkiye, birlik ve b\u00fct\u00fcnl\u00fc\u011f\u00fcn\u00fc her \u015fart alt\u0131nda koruyaca\u011f\u0131n\u0131 d\u00fcnyaya g\u00f6stermi\u015ftir. T\u00fcrkiye&#8217;nin bug\u00fcne kadar ba\u015far\u0131yla s\u00fcrd\u00fcrd\u00fc\u011f\u00fc ter\u00f6rle m\u00fccadele \u00e7izgisi, bug\u00fcn yeni imkanlar\u0131 \u00f6n\u00fcm\u00fcze a\u00e7m\u0131\u015ft\u0131r. Bug\u00fcn gelinen noktada ise T\u00fcrkiye daha fazla \u015fehitler vermeden, ter\u00f6re daha fazla mali kaynak ve enerji harcamadan, ter\u00f6r sorununu geride b\u0131rakmaya yarayacak yeni y\u00f6ntemleri devreye sokma kapasitesine ula\u015fm\u0131\u015ft\u0131r.<\/p>\n<p style=\"text-align: justify;\"><strong><em>HUKUK DEVLET\u0130 VE KEYF\u0130L\u0130K<\/em><\/strong><\/p>\n<p style=\"text-align: justify;\">&#8211; Konum ve s\u0131fat\u0131 ne olursa olsun, hi\u00e7 kimse hi\u00e7bir nedenle hukukun d\u0131\u015f\u0131na \u00e7\u0131kamaz. &#8216;Devletin bekas\u0131&#8217; veya &#8216;ulusal \u00e7\u0131kar&#8217; gibi kavramlar da hukuksuzlu\u011fu ve keyfili\u011fi hakl\u0131la\u015ft\u0131rmak i\u00e7in kullan\u0131lamaz. Hukuk devletinin oldu\u011fu yerde keyfili\u011fe yer yoktur. Devletin ve milletin bekas\u0131, laik demokratik Cumhuriyetin hukuk devleti niteli\u011finin peki\u015ftirilmesiyle yak\u0131ndan ilintilidir. Devleti ve rejimi koruma bahanesiyle hukuk d\u0131\u015f\u0131 yollara ba\u015fvurmak devletin g\u00fcvenli\u011fi ve rejim i\u00e7in en b\u00fcy\u00fck tehlike.<\/p>\n<p style=\"text-align: justify;\"><strong><em>YARGI REFORMU<\/em><\/strong><\/p>\n<p style=\"text-align: justify;\">&#8211; Devletin, bir y\u00fczeyde g\u00f6r\u00fcnen bir de derin ve g\u00f6r\u00fcnmeyen y\u00fcz\u00fc olamaz. Devletin tek y\u00fcz\u00fc hukuktur. Hi\u00e7 kimse ve hi\u00e7bir grup kendini devletin yetkili organlar\u0131n\u0131n yerine koyarak tasarrufta bulunamaz, eylem yapamaz. Hukuk devletinin olmazsa olmaz \u015fart\u0131, ba\u011f\u0131ms\u0131z ve tarafs\u0131z yarg\u0131d\u0131r. Anayasam\u0131z yarg\u0131 ba\u011f\u0131ms\u0131zl\u0131\u011f\u0131n\u0131 g\u00fcvence alt\u0131na alm\u0131\u015ft\u0131r. B\u00fct\u00fcn kurum ve kurulu\u015flar\u0131n, ger\u00e7ek ve t\u00fczel ki\u015filerin buna uygun davranmas\u0131, adaletin tecelli etmesini engelleyecek tutum ve davran\u0131\u015flardan ka\u00e7\u0131nmas\u0131 gerekir. Bu hassasiyetler g\u00f6zetilmek \u015fart\u0131yla T\u00fcrkiye&#8217;nin \u00e7a\u011fda\u015f standartlar\u0131 yakalama konusunda ivmesini art\u0131racak yarg\u0131 reformu \u00e7al\u0131\u015fmalar\u0131n\u0131n sa\u011fl\u0131kl\u0131 bir m\u00fczakere ile devam etmesi ve bu \u00e7abalar\u0131n bir an \u00f6nce sonu\u00e7lanmas\u0131 gerekmektedir. Yarg\u0131 reformu, g\u00fcnl\u00fck siyasi polemiklere kurban edilmemelidir.<\/p>\n<p style=\"text-align: justify;\">&#8211; Yarg\u0131 reformu partiler taraf\u0131ndan ve toplumun t\u00fcm kesimlerinde \u00f6zg\u00fcrce ve sa\u011fl\u0131kl\u0131 bir \u015fekilde tart\u0131\u015f\u0131lmal\u0131 ama partizanca yakla\u015f\u0131mlar\u0131n konusu olmamal\u0131d\u0131r.<\/p>\n<p style=\"text-align: justify;\"><strong><em>MASUM\u0130YET KAR\u0130NES\u0130<\/em><\/strong><\/p>\n<p style=\"text-align: justify;\">&#8211; Hukuk devleti, bireyin temel hak ve h\u00fcrriyetlerinin g\u00fcvenceye al\u0131nd\u0131\u011f\u0131 devlettir. Bu haklardan biri de masumiyet karinesidir. Su\u00e7lulu\u011fu mahkeme karar\u0131yla sabit oluncaya kadar hi\u00e7 kimse su\u00e7lu ilan edilemez. Anayasam\u0131z\u0131n 15. maddesi uyar\u0131nca ola\u011fan\u00fcst\u00fc hal, s\u0131k\u0131y\u00f6netim, hatta sava\u015f durumunda dahi ihlal edilemeyecek olan bu hakk\u0131n, ya\u015fad\u0131\u011f\u0131m\u0131z ola\u011fan d\u00f6nemde s\u0131k\u00e7a ihlal ediliyor olmas\u0131 \u00fcz\u00fcc\u00fcd\u00fcr. Bu konuda t\u00fcm kesimlere, \u00f6zellikle medyam\u0131za b\u00fcy\u00fck bir sorumluluk d\u00fc\u015fmektedir. Ki\u015filerin mahkeme salonlar\u0131nda herhangi bir karar verilmeden \u00f6nce yaz\u0131l\u0131 veya g\u00f6rsel medyada yarg\u0131lan\u0131p mahkum edilmeleri hukuk devleti anlay\u0131\u015f\u0131yla ba\u011fda\u015fmamaktad\u0131r. Devlet hayat\u0131n\u0131n her alan\u0131nda, usul yasalar\u0131na \u00f6zellikle dikkat edilmesini tavsiye ediyorum.<\/p>\n<p style=\"text-align: justify;\"><strong><em>AB&#8217;YE \u00dcYEL\u0130K S\u00dcREC\u0130<\/em><\/strong><\/p>\n<p style=\"text-align: justify;\">&#8211; TBMM AB ile ilgili yasal d\u00fczenlemeleri, ayr\u0131cal\u0131kl\u0131 bir yakla\u015f\u0131mla ele almal\u0131 ve \u00f6zel \u00e7al\u0131\u015fma usulleri olu\u015fturmal\u0131. T\u00fcrkiye g\u00fc\u00e7l\u00fc bir iradeye sahip olursa, basiretsiz baz\u0131 Avrupal\u0131 politikac\u0131lar\u0131n can s\u0131k\u0131c\u0131 yakla\u015f\u0131mlar\u0131n\u0131n hi\u00e7 dikkate al\u0131nmas\u0131 gerekmeyen teferruat oldu\u011fu herkes taraf\u0131ndan g\u00f6r\u00fclecektir.<\/p>\n<p style=\"text-align: justify;\"><span style=\"color: #888888;\">CNN T\u00dcRK<!--nextpage--><\/span><\/p>\n<p style=\"text-align: justify;\"><strong><em>Abdullah G\u00fcl&#8217;\u00fcn konu\u015fmas\u0131n\u0131n tam metni<\/em><\/strong><\/p>\n<p style=\"text-align: justify;\">Say\u0131n Ba\u015fkan,<\/p>\n<p style=\"text-align: justify;\">De\u011ferli Milletvekilleri<\/p>\n<p style=\"text-align: justify;\">T\u00fcrkiye B\u00fcy\u00fck Millet Meclisi\u2019nin 23. d\u00f6nem, d\u00f6rd\u00fcnc\u00fc yasama y\u0131l\u0131n\u0131n ba\u015flamas\u0131 vesilesiyle biraraya gelmi\u015f bulunuyoruz. Y\u00fcce Milletimizin varolu\u015f iradesini y\u00fcksek d\u00fczeyde temsil etme ayr\u0131cal\u0131\u011f\u0131na ve onuruna sahip sizleri selaml\u0131yorum.<\/p>\n<p style=\"text-align: justify;\">Bu vesileyle \u00e7e\u015fitli konulardaki g\u00f6r\u00fc\u015flerimi sizlerle payla\u015fmak istiyorum.<\/p>\n<p style=\"text-align: justify;\">\u00c7at\u0131s\u0131 alt\u0131nda bulu\u015ftu\u011fumuz Y\u00fcce Meclis, kurtulu\u015f ve kurulu\u015f d\u00f6nemlerimizin ku\u015fkusuz en \u00f6nemli kurumudur.<\/p>\n<p style=\"text-align: justify;\">D\u00fcnyada e\u015fi benzeri olmayan bir Meclisin \u00e7at\u0131s\u0131 alt\u0131nda bulunman\u0131n onurunu ya\u015f\u0131yoruz. Ba\u015fka \u00fclkelerde, Meclisler, genellikle bir sava\u015f sonunda kurulmu\u015fken, Meclisimiz Milli M\u00fccadele\u2019ye komuta etmi\u015f ve milletimizin yeniden aya\u011fa kalk\u0131\u015f\u0131n\u0131n \u00f6nderi olmu\u015ftur.<\/p>\n<p style=\"text-align: justify;\">Milli M\u00fccadele\u2019ye rehberlik eden Y\u00fcce Meclisimiz, t\u00fcm olumsuz \u015fartlara g\u00f6\u011f\u00fcs gererek, ulusal egemenli\u011fin ve ba\u011f\u0131ms\u0131zl\u0131\u011f\u0131n sembol\u00fc haline gelmi\u015ftir. Bu nedenle d\u00fcnyan\u0131n tek \u2018Gazi\u2019 Meclisidir.<\/p>\n<p style=\"text-align: justify;\">En b\u00fcy\u00fck kazan\u0131m\u0131m\u0131z olan Cumhuriyet\u2019in ilan\u0131n\u0131 sa\u011flayan da, onu takiben ger\u00e7ekle\u015ftirilen reformlar\u0131 yapan da bu Meclis\u2019tir.<\/p>\n<p style=\"text-align: justify;\">Meclisimiz muas\u0131r medeniyetin \u00fcst\u00fcne \u00e7\u0131kma hedefinin de en b\u00fcy\u00fck ta\u015f\u0131y\u0131c\u0131s\u0131 olmu\u015ftur ve olmaya devam edecektir. Cumhuriyetimizin kurucu felsefesini ve gelece\u011fe y\u00fcr\u00fcme iradesini temsil eden demokrasi de Meclisimizde v\u00fccut bulmaktad\u0131r.<\/p>\n<p style=\"text-align: justify;\">Hi\u00e7 unutmamam\u0131z gereken ger\u00e7ek \u015fudur: Muas\u0131r medeniyetin siyasi y\u00fcz\u00fc, Cumhuriyetimizin sa\u011flam temelleri \u00fczerinde y\u00fckselen ve ayr\u0131lmaz bir par\u00e7as\u0131 olan demokrasidir. En g\u00fc\u00e7l\u00fc vurgusunu bu \u00e7at\u0131 alt\u0131nda bulan demokrasi, Cumhuriyetimizin de\u011fi\u015fmez ve de\u011fi\u015ftirilemez niteli\u011fi haline gelmi\u015ftir.<\/p>\n<p style=\"text-align: justify;\">Demokrasi erdemini halktan al\u0131r. Sadece demokrasilerde, halk, serbest se\u00e7imler yoluyla i\u015fba\u015f\u0131na getirdi\u011fi temsilciler eliyle y\u00f6netilmektedir.<\/p>\n<p style=\"text-align: justify;\">\u00c7a\u011fda\u015f demokrasiler, demokratik ve laik de\u011ferler \u015femsiyesi alt\u0131nda, politikalar\u0131 belirleme ve uygulama yetkisinin sand\u0131ktan \u00f6nde \u00e7\u0131kana ait oldu\u011fu y\u00f6netim bi\u00e7imleridir. Demokrasilerde, h\u00fck\u00fcmetler \u00e7o\u011funlu\u011fun iradesiyle kurulur ama h\u00fck\u00fcmetlerin y\u00f6netim yetkisi s\u0131n\u0131rs\u0131z de\u011fildir. H\u00fck\u00fcmetler, hukukun \u00fcst\u00fcnl\u00fc\u011f\u00fcne ba\u011fl\u0131 kalarak hareket ederler; say\u0131ca \u00e7ok ya da az olmalar\u0131na bak\u0131lmaks\u0131z\u0131n t\u00fcm toplumsal kesimlerin ve tek tek bireylerin haklar\u0131 da teminat alt\u0131ndad\u0131r. \u00c7a\u011fda\u015f demokrasiler, anayasal demokrasilerdir; anayasalar da toplumun \u00e7o\u011fulcu yap\u0131s\u0131n\u0131 ve temel hak ve h\u00fcrriyetleri koruyacak bi\u00e7imde d\u00fczenlenirler.<\/p>\n<p style=\"text-align: justify;\">\u0130nsanl\u0131\u011f\u0131n siyasi bilincinin bug\u00fcn geldi\u011fi a\u015famada demokrasileri rakipsiz k\u0131lan, toplumsal ve siyasi farkl\u0131l\u0131klar\u0131n birarada ya\u015famas\u0131na en uygun vasat\u0131 sunma imkan\u0131d\u0131r.<\/p>\n<p style=\"text-align: justify;\">Ancak, birlik fikrini koruyarak farkl\u0131l\u0131klar\u0131 y\u00f6netme, modern demokrasilerin ayn\u0131 zamanda en ciddi s\u0131nav\u0131d\u0131r. Demokratik rejimler, birbirinden farkl\u0131 d\u00fc\u015f\u00fcnen ve ya\u015fayan bireyleri kucaklayan, \u00e7o\u011funluktan farkl\u0131 d\u00fc\u015f\u00fcnenlerin de hak ve \u00f6zg\u00fcrl\u00fcklerini teminat alt\u0131na alan bir siyasi, k\u00fclt\u00fcrel ve hukuki d\u00fczen sunabildi\u011fi takdirde ba\u015far\u0131l\u0131 say\u0131lmaktad\u0131r.<\/p>\n<p style=\"text-align: justify;\">Milletin birli\u011fini ve millet i\u00e7indeki \u00e7e\u015fitlilikleri ayn\u0131 derecede kollamak, birlik ile \u00e7e\u015fitlili\u011fi birbirinin alternatifi de\u011fil destekleyicisi olarak konumland\u0131rmak ve korumak modern demokrasilerin omurgas\u0131d\u0131r.<\/p>\n<p style=\"text-align: justify;\">Demokratik devlet, millet olman\u0131n esas\u0131 olan \u2018birlik\u2019 fikrini ve d\u00fczenini g\u00fc\u00e7l\u00fc bir bi\u00e7imde gelece\u011fe ta\u015f\u0131rken, sosyal ve k\u00fclt\u00fcrel farkl\u0131l\u0131klar\u0131 ortadan kald\u0131ran de\u011fil, onlar\u0131 zenginlik olarak kabul edip geli\u015ftirilmesine imkan sa\u011flayan devlettir. Demokratik devlet, farkl\u0131 olan\u0131 tek bir kal\u0131p i\u00e7erisinde eritmez ve \u00f6tekile\u015ftirmez; her bir bireyi varolan de\u011ferleriyle birlikte korumas\u0131 alt\u0131na al\u0131r.<\/p>\n<p style=\"text-align: justify;\">\u00c7a\u011fda\u015f devlet, toplumsal ve siyasal \u00e7e\u015fitlili\u011fi korumak i\u00e7in d\u00fcnya g\u00f6r\u00fc\u015fleri ve siyasi ideolojiler kar\u015f\u0131s\u0131nda ayn\u0131 mesafede durmay\u0131 ba\u015farabilen devlettir. Nihayet demokratik devlet, herkesin serbest\u00e7e kendi do\u011frular\u0131n\u0131 olu\u015fturabilece\u011fi ve ba\u015fkalar\u0131na zarar vermeden huzur ve refah i\u00e7erisinde ya\u015fayabilece\u011fi bir siyasi d\u00fczeni kurabilen devlettir.<\/p>\n<p style=\"text-align: justify;\">\u00dclkemize, milletimize, devletimize tarihi tecr\u00fcbemizin \u0131\u015f\u0131\u011f\u0131nda \u201cbiz\u201dden bir g\u00f6zle bakarsak varolan farkl\u0131l\u0131klar\u0131m\u0131z\u0131n birer zenginlik; \u201cyabanc\u0131la\u015fm\u0131\u015f\u201d bir g\u00f6z ile bakarsak tehdit oldu\u011funu d\u00fc\u015f\u00fcn\u00fcr\u00fcz. Y\u00fczlerce y\u0131ll\u0131k bir tarihin ve devlet gelene\u011finin varisi olan bizler, farkl\u0131l\u0131klar\u0131m\u0131z\u0131n birlikte ya\u015fad\u0131\u011f\u0131m\u0131z uzun as\u0131rlar i\u00e7erisinde birbirimize sa\u011flad\u0131\u011f\u0131m\u0131z katk\u0131lar ve milli birli\u011fimizi peki\u015ftiren unsurlar oldu\u011funu d\u00fc\u015f\u00fcnmeliyiz.<\/p>\n<p style=\"text-align: justify;\">Farkl\u0131l\u0131klar\u0131ndan korkan bir devlet Mustafa Kemal Atat\u00fcrk\u2019\u00fcn hedef g\u00f6sterdi\u011fi \u00e7a\u011fda\u015fl\u0131\u011f\u0131 yakalayamaz.<\/p>\n<p style=\"text-align: justify;\">En zor sava\u015f ve y\u0131k\u0131m \u015fartlar\u0131 i\u00e7erisinden, dipdiri bir \u015fekilde v\u00fccuda gelen Cumhuriyetimiz, bu topraklar\u0131 kendilerine vatan bilen farkl\u0131 renklerin kendi \u00e7at\u0131s\u0131 alt\u0131nda ayr\u0131lmaz bir bi\u00e7imde kayna\u015fmas\u0131yla kurulmu\u015ftur. Bu topraklar\u0131 kendine vatan k\u0131lan farkl\u0131 renklerin kayna\u015fmas\u0131yla millet dedi\u011fimiz renk v\u00fccuda gelmi\u015f ve tarihe damgas\u0131n\u0131 vurmu\u015ftur. D\u00fcnya milletleri i\u00e7inde m\u00fcstesna bir yere sahip olan milletimiz \u201cfarkl\u0131l\u0131klara sayg\u0131yla yakla\u015fan birlik ideali\u201dnin tecess\u00fcm etmi\u015f halidir.<\/p>\n<p style=\"text-align: justify;\">Bug\u00fcn, bu temel kabullerde yap\u0131lacak bir yanl\u0131\u015fl\u0131k, farkl\u0131l\u0131klar\u0131yla b\u00fcy\u00fcyen bir T\u00fcrkiye yerine, enerjisini heba eden bir T\u00fcrkiye tablosu ortaya \u00e7\u0131kar\u0131r.<\/p>\n<p style=\"text-align: justify;\">Cumhuriyetimizi var eden de\u011ferler milletimizin de\u011ferleridir. Milletimizin nitelikleri, devletimizin de temel nitelikleridir. Milletimiz Cumhuriyetimize, Cumhuriyetimiz de milletimize art\u0131k tart\u0131\u015f\u0131lmayacak \u015fekilde ram olmu\u015ftur.<\/p>\n<p style=\"text-align: justify;\">Ku\u015fkusuz bug\u00fcn\u00fcn d\u00fcnyas\u0131nda \u2018\u00e7e\u015fitlilik i\u00e7inde birli\u011fin nas\u0131l sa\u011flanabilece\u011fi\u2019 en temel tart\u0131\u015fma konular\u0131ndand\u0131r. Bu tart\u0131\u015fmalar\u0131 sa\u011fl\u0131kl\u0131 bir bi\u00e7imde y\u00fcr\u00fcten milletler gelece\u011fe damga vuracaklar; tart\u0131\u015fmalar\u0131 bast\u0131ran toplumlar ise kendi i\u00e7lerine kapanarak tarihin gerisine d\u00fc\u015feceklerdir.<\/p>\n<p style=\"text-align: justify;\">Say\u0131n Ba\u015fkan,<\/p>\n<p style=\"text-align: justify;\">De\u011ferli Milletvekilleri,<\/p>\n<p style=\"text-align: justify;\">M\u00fcthi\u015f bir dinamizme sahip toplumumuz \u00f6n\u00fcnde y\u00fcr\u00fct\u00fclen tart\u0131\u015fmalar\u0131, dile getirilen \u00f6nerileri, ifade edilen kayg\u0131lar\u0131, ele\u015ftirileri ve sorunlara \u00e7\u00f6z\u00fcm aray\u0131\u015flar\u0131n\u0131 dikkatle izliyorum; uzla\u015fma k\u00fclt\u00fcr\u00fcn\u00fc ortadan kald\u0131ran ve a\u015f\u0131r\u0131l\u0131klar\u0131 k\u0131\u015fk\u0131rtan sonu\u00e7lar do\u011furmad\u0131\u011f\u0131 s\u00fcrece bunlar\u0131 demokratik \u00e7o\u011fulcu zihniyetin geli\u015fmesi bak\u0131m\u0131ndan \u00e7ok de\u011ferli buluyorum.<\/p>\n<p style=\"text-align: justify;\">Son d\u00f6nemde, siyaset ve toplum hayat\u0131m\u0131z\u0131n tart\u0131\u015fma konular\u0131n\u0131n ba\u015f\u0131nda, devlet ve k\u00fclt\u00fcrel farkl\u0131l\u0131klar ili\u015fkisi geliyor. Bug\u00fcn devlet ve k\u00fclt\u00fcrel farkl\u0131l\u0131klar\u0131, \u00e7a\u011f\u0131n ruhuna uygun bir bi\u00e7imde d\u00fczenleme aray\u0131\u015flar\u0131nda, \u00f6zellikle y\u00f6ntem d\u00fczeyinde, saydam ve kat\u0131l\u0131mc\u0131 bir tutum sergilenmelidir.<\/p>\n<p style=\"text-align: justify;\">Unutmayal\u0131m ki, b\u00fcy\u00fck devletler, temel niteliklerinden taviz vermeden \u00e7a\u011fa ayak uydurma yetene\u011fi olan devletlerdir. B\u00fcy\u00fck milletler, devlet ve k\u00fclt\u00fcrel farkl\u0131l\u0131klar ili\u015fkisini tarihin \u00e7e\u015fitli d\u00f6nemlerinde tazeleyerek ve g\u00fcncelleyerek yollar\u0131na devam etme yetene\u011fi g\u00f6sterenlerdir. Bug\u00fcn, devletimizin temel nitelikleri ve \u00fcniter yap\u0131s\u0131 korunarak, devlet ve \u00e7e\u015fitlilik arzeden etnik, dini, k\u00fclt\u00fcrel gruplar aras\u0131ndaki ili\u015fkilerin \u00e7a\u011f\u0131n ruhuna uygun bir bi\u00e7imde geli\u015ftirilmesi amac\u0131na d\u00f6n\u00fck bir tart\u0131\u015fma s\u00fcrecinden ge\u00e7iyoruz. Bu s\u00fcre\u00e7, millet olma bilincimizin g\u00fc\u00e7lenmesine hizmet edecektir. Milletimizden gelen demokratik taleplerin doyurucu bir bi\u00e7imde kar\u015f\u0131lanmas\u0131 devletin varolu\u015f sebebidir. Anadolu\u2019nun t\u00fcm tarihi miras\u0131n\u0131 korumak devletin anayasal g\u00f6revidir. Siyasi a\u00e7\u0131dan da birli\u011fimizi ve dirli\u011fimizi g\u00fc\u00e7lendirecek bir yenilenmedir.<\/p>\n<p style=\"text-align: justify;\">Demokrasinin geli\u015ftirilmesi, T\u00fcrkiye Cumhuriyeti\u2019ne vatanda\u015fl\u0131k ba\u011f\u0131yla ba\u011fl\u0131 olma duygusunu ve milletimize aidiyet bilincini g\u00fc\u00e7lendirmenin tek yoludur.<\/p>\n<p style=\"text-align: justify;\">Milletimizin mayas\u0131na olan sonsuz g\u00fcvenim, bana, bu tart\u0131\u015fmalar yoluyla daha g\u00fc\u00e7l\u00fc bir devlete ve daha \u00e7a\u011fda\u015f bir demokrasiye sahip olma yolunda b\u00fcy\u00fck umutlar veriyor.<\/p>\n<p style=\"text-align: justify;\">Unutmayal\u0131m, farkl\u0131l\u0131klar\u0131 ayr\u0131l\u0131k vesilesi g\u00f6rmenin de, birlik ve beraberlikten herkesin birbirinin ayn\u0131 oldu\u011fu bir toplum yap\u0131s\u0131n\u0131 anlaman\u0131n da bu \u00e7a\u011fda yeri yoktur.<\/p>\n<p style=\"text-align: justify;\">Do\u011fal bir durum olan, etnik, dini ve k\u00fclt\u00fcrel farkl\u0131l\u0131klar\u0131, u\u00e7 ayr\u0131l\u0131k\u00e7\u0131 fikirlerin zemini haline getirenler \u00e7a\u011f\u0131n gerisinde duruyorlar demektir.<\/p>\n<p style=\"text-align: justify;\">Birlik ve beraberlikten herkesin tek tip bir kal\u0131p i\u00e7inde erimesini anlayanlar da, \u00e7a\u011f\u0131n ruhuna ayk\u0131r\u0131 davran\u0131yorlar demektir.<\/p>\n<p style=\"text-align: justify;\">T\u00fcrkiye\u2019de bug\u00fcn tart\u0131\u015f\u0131lan sorunlar\u0131n b\u00fcy\u00fck bir b\u00f6l\u00fcm\u00fc, demokrasinin yetersiz uygulanmas\u0131ndan kaynaklanm\u0131\u015f sorunlard\u0131r. O halde \u00e7\u00f6z\u00fcm demokrasimizin standartlar\u0131n\u0131 y\u00fckseltmektir. Cumhuriyetimizin ilelebet payidar olmas\u0131n\u0131n yolu da demokrasiyi g\u00fc\u00e7lendirmekten ge\u00e7mektedir.<\/p>\n<p style=\"text-align: justify;\">Siyasi bilincin ve demokrasinin yetkin oldu\u011fu bir toplumda, \u2018\u00e7e\u015fitlilik i\u00e7inde birlik\u2019 ilkesi, o \u00fclkenin kuvvet kayna\u011f\u0131 olur. Birli\u011fimiz ve dirli\u011fimiz farkl\u0131 nehirlerle beslenen ve g\u00fc\u00e7lenen bir okyanus haline gelir.<\/p>\n<p style=\"text-align: justify;\">Kendi vatanda\u015flar\u0131n\u0131 tek bir kal\u0131p i\u00e7inde erimeye zorlayan \u00fclkelerin, en ba\u015fta kendi birlik ve dirliklerine zarar verdikleri gibi, d\u00fcnya sahnesinde de ciddiye al\u0131nmad\u0131klar\u0131n\u0131 g\u00f6r\u00fcyoruz.<\/p>\n<p style=\"text-align: justify;\">Etnisite ya da din ad\u0131na kampla\u015farak birlik fikrinden uzakla\u015fan toplumlar da b\u00fcy\u00fck ac\u0131larla y\u00fczle\u015fmek zorunda kal\u0131yorlar. Bunu g\u00f6rmek i\u00e7in fazla uzaklara da bakmaya gerek yoktur. S\u0131n\u0131rlar\u0131m\u0131z\u0131n hemen \u00f6tesinde ya\u015fananlar herkes i\u00e7in ibret vesilesi olmal\u0131d\u0131r.<\/p>\n<p style=\"text-align: justify;\">T\u00fcrkiye \u00e7a\u011fda\u015f bir \u00fclke olarak farkl\u0131l\u0131klara sayg\u0131 temelinde kendi sorunlar\u0131n\u0131 kendisi \u00e7\u00f6zebilecek sa\u011flam bir siyasi k\u00fclt\u00fcre ve engin bir devlet tecr\u00fcbesine sahiptir.<\/p>\n<p style=\"text-align: justify;\">Say\u0131n Ba\u015fkan,<\/p>\n<p style=\"text-align: justify;\">De\u011ferli Milletvekilleri,<\/p>\n<p style=\"text-align: justify;\">\u00d6nemle dikkatlerinize sunmak istedi\u011fim bir husus da \u015fudur: Birbirinden farkl\u0131 ve kar\u015f\u0131t d\u00fc\u015f\u00fcncelerin bulundu\u011fu ortamlarda karar alma mekanizmas\u0131n\u0131n belli d\u00fczeyde uzla\u015fmay\u0131 gerektirdi\u011fi de a\u00e7\u0131kt\u0131r. Demokratik rejimlerin do\u011fas\u0131 bunu gerektirir.<\/p>\n<p style=\"text-align: justify;\">\u015e\u00fcphesiz, uzla\u015fma b\u00fct\u00fcn fikirlerin ortalamas\u0131n\u0131 almak de\u011fildir. \u00d6yle olsayd\u0131 se\u00e7im yapman\u0131n, belli aral\u0131klarla milletin iradesine m\u00fcracaat etmenin, h\u00fck\u00fcmetlerin kurulmas\u0131 sisteminin, devleti y\u00f6netmenin h\u00fck\u00fcmet sorumlulu\u011funda olmas\u0131n\u0131n anlam\u0131 kalmazd\u0131.<\/p>\n<p style=\"text-align: justify;\">Uzla\u015fmak varolan fikirlerin ortalamas\u0131n\u0131 almak anlam\u0131na gelseydi, demokratik rejimin sa\u011fl\u0131kl\u0131 i\u015flemesi a\u00e7\u0131s\u0131ndan muhalefetin vazge\u00e7ilmezli\u011finin ve y\u00fcklendi\u011fi denetleme i\u015flevinin de \u00f6nemi olmazd\u0131.<\/p>\n<p style=\"text-align: justify;\">Oysa her ikisi de demokrasi a\u00e7\u0131s\u0131ndan gereklidir.<\/p>\n<p style=\"text-align: justify;\">Devlet ve millet hayat\u0131n\u0131n temel meselelerinde ger\u00e7ek uzla\u015fma k\u00fclt\u00fcr\u00fcn\u00fcn hakim olmas\u0131, gelece\u011fe y\u00f6n vermenin tek yoludur. Herkesi ilgilendiren siyasi meselelerde \u2018partili\u2019 olmakla \u2018partizan\u2019 olmak aras\u0131ndaki \u00e7izgi kal\u0131n bir \u015fekilde \u00e7izilmelidir. Devletin ve milletin bekas\u0131n\u0131 ilgilendiren b\u00fct\u00fcn milli sorunlarda ayn\u0131 hedefe kilitlenmenin yollar\u0131 aranmal\u0131d\u0131r.<\/p>\n<p style=\"text-align: justify;\">T\u00fcrkiye a\u00e7\u0131k toplum d\u00fczeninin gereklerine uygun bir bi\u00e7imde siyasi alandaki farkl\u0131 g\u00f6r\u00fc\u015flerin toplum \u00f6n\u00fcnde rekabet etmesine dayal\u0131 demokrasisini g\u00fc\u00e7lendirmeye devam etmelidir. Siyasi partilerin toplum \u00f6n\u00fcnde bu rekabet temelinde yar\u0131\u015fmalar\u0131 gelece\u011fimiz a\u00e7\u0131s\u0131ndan \u00e7ok \u00f6nemlidir.<\/p>\n<p style=\"text-align: justify;\">Kat\u0131l\u0131mc\u0131 demokrasi i\u00e7in Meclisin ve kamuoyunun verimli bir \u015fekilde ve do\u011fru bilgilendirilmesinin sa\u011flanmas\u0131 da \u00e7ok \u00f6nemlidir. \u00c7\u00f6z\u00fclmesi beklenen sorunlar\u0131n \u00f6z\u00fc hakk\u0131nda bilgi sahibi olmak, \u00e7\u00f6z\u00fcm i\u00e7in izlenecek y\u00f6ntemin do\u011fru se\u00e7ilmesi i\u00e7in gereklidir. Unutmayal\u0131m ki bazen usul esas\u0131n \u00f6n\u00fcne ge\u00e7ebilmektedir.<\/p>\n<p style=\"text-align: justify;\">Say\u0131n Ba\u015fkan,<\/p>\n<p style=\"text-align: justify;\">De\u011ferli Milletvekilleri,<\/p>\n<p style=\"text-align: justify;\">Milli g\u00fcvenlik anlay\u0131\u015f\u0131, d\u00fcnyada kaydedilen dinamik geli\u015fmeler \u0131\u015f\u0131\u011f\u0131nda kapsam ve i\u00e7erik de\u011fi\u015ftirmi\u015ftir. Milli g\u00fcvenlik ku\u015fkusuz g\u00fc\u00e7l\u00fc bir orduyu zorunlu k\u0131lar. T\u00fcrkiye\u2019nin g\u00fc\u00e7l\u00fc bir ordusu vard\u0131r. Ancak kapsam ve i\u00e7erik de\u011fi\u015ftiren, dinamik milli g\u00fcvenlik anlay\u0131\u015f\u0131 sadece ordunun imkan ve kabiliyetleriyle sa\u011flanan bir \u00e7er\u00e7eve olmay\u0131 a\u015fm\u0131\u015ft\u0131r. \u0130mkan ve kabiliyetleri y\u00fcksek bir ordunun yan\u0131nda, bir \u00fclkedeki, demokrasinin geli\u015fmi\u015fli\u011fi, ekonominin sa\u011flaml\u0131\u011f\u0131, entelekt\u00fcel bak\u0131mdan ve her a\u00e7\u0131dan nitelikli insan g\u00fcc\u00fc, enerjiye hakimiyeti veya ula\u015fabilirli\u011fi, her alandaki \u00fcretim faaliyetleri, Ar-Ge \u00e7al\u0131\u015fmalar\u0131 ve bilgi-teknoloji \u00fcretebilme yetene\u011fi bug\u00fcn\u00fcn d\u00fcnyas\u0131nda milli g\u00fcvenli\u011fin \u00f6nemli unsurlar\u0131d\u0131r.<\/p>\n<p style=\"text-align: justify;\">Yurt savunmas\u0131na her durumda haz\u0131r, g\u00fcc\u00fc tarihin tecr\u00fcbesinde s\u0131nanm\u0131\u015f, ter\u00f6re kar\u015f\u0131 \u00f6nemli zaferler kazanm\u0131\u015f bir orduya sahibiz. Bununla her zaman gurur duymaktay\u0131z.<\/p>\n<p style=\"text-align: justify;\">Bununla beraber g\u00fcn\u00fcm\u00fcz d\u00fcnyas\u0131nda silahl\u0131 g\u00fcc\u00fcn yan\u0131s\u0131ra devletlerin \u2018yumu\u015fak g\u00fc\u00e7\u2019 de denilen diplomasi, enerji-politik ve sa\u011flam ekonomik de\u011ferler gibi unsurlar\u0131n\u0131n \u00fclkelerin bekas\u0131n\u0131 do\u011frudan etkileyen sonu\u00e7lar do\u011furdu\u011funu g\u00f6zard\u0131 edemeyiz.<\/p>\n<p style=\"text-align: justify;\">T\u00fcrkiye, milli menfaatlerini koruma konusunda, geli\u015fmi\u015f yumu\u015fak g\u00fc\u00e7 unsurlar\u0131n\u0131 daha etkili kullanmal\u0131d\u0131r.<\/p>\n<p style=\"text-align: justify;\">Bir \u00fclkenin yumu\u015fak g\u00fc\u00e7ten sert g\u00fcce kadar milli g\u00fcc\u00fcn\u00fc olu\u015fturan unsurlar\u0131n\u0131n temelinde ise, derin fay k\u0131r\u0131klar\u0131ndan uzak toplumsal bir mutabakata sahip olmas\u0131 yatar. B\u00fcy\u00fck milletimiz, tek millet olma fikri ile farkl\u0131l\u0131klara sayg\u0131 fikrini i\u00e7i\u00e7e ya\u015fatmaktad\u0131r. Devletimizin kurucu felsefesinin T\u00fcrk milleti kavram\u0131na esasta y\u00fckledi\u011fi i\u00e7erik de budur. Bug\u00fcn bunun siyaset ve devlet anlay\u0131\u015f\u0131m\u0131za da \u00e7a\u011f\u0131n gerektirdi\u011fi bi\u00e7imde yans\u0131mas\u0131 gerekir.<\/p>\n<p style=\"text-align: justify;\">\u015eunu da hat\u0131rlatmak isterim ki, hi\u00e7 kimse farkl\u0131l\u0131klar\u0131n varl\u0131\u011f\u0131n\u0131 millet i\u00e7inde yeni millet adac\u0131klar\u0131 olu\u015fturmak \u015feklinde anlamamal\u0131d\u0131r. B\u00f6yle anlayanlar, toplum i\u00e7inde derin fay k\u0131r\u0131klar\u0131 olu\u015fturarak toplumsal mutabakata zarar verirler. Bu da hem milletin b\u00fct\u00fcn\u00fcne, hem de farkl\u0131l\u0131\u011f\u0131n\u0131 korumak isteyenlere y\u0131k\u0131c\u0131 bir deprem olarak geri d\u00f6ner.<\/p>\n<p style=\"text-align: justify;\">Kendi i\u00e7inde g\u00fc\u00e7l\u00fc bir mutabakat\u0131 sa\u011flayamam\u0131\u015f bir devletin d\u00fcnya sahnesinde g\u00fc\u00e7l\u00fc olmas\u0131 d\u00fc\u015f\u00fcn\u00fclemez. O nedenle T\u00fcrkiye kendi sorunlar\u0131n\u0131 kendisi \u00e7\u00f6zmek zorundad\u0131r. Bir \u00fclkenin i\u00e7ini kemiren sorunlar varsa, bunlar ka\u00e7\u0131n\u0131lmaz olarak ba\u015fka devletlerin m\u00fcdahalesine a\u00e7\u0131k alanlar\u0131n ortaya \u00e7\u0131kmas\u0131na yol a\u00e7ar. \u00c7\u00fcnk\u00fc bug\u00fcn\u00fcn d\u00fcnyas\u0131nda sorunlar\u0131 ba\u015fkalar\u0131ndan gizlemenin yolu yoktur; her\u015fey a\u00e7\u0131k bir \u015fekilde d\u00fcnyan\u0131n ve herkesin g\u00f6z\u00fc \u00f6n\u00fcnde ya\u015fan\u0131yor.<\/p>\n<p style=\"text-align: justify;\">Kendi sorunlar\u0131n\u0131 kendi iradeleriyle \u00e7\u00f6zemeyen devletler ba\u015fkalar\u0131n\u0131n istismar\u0131na a\u00e7\u0131kt\u0131r. Siyasi akl\u0131 g\u00fc\u00e7l\u00fc bir devlet buna izin vermez; sorunlar\u0131n\u0131 ba\u015fkalar\u0131na f\u0131rsat vermeden kendi iradesiyle \u00e7\u00f6zer. O nedenle i\u00e7 sorunlar\u0131m\u0131z\u0131n demokratik usullerle \u00e7\u00f6z\u00fclmesi, demokrasi yoluyla vatanda\u015fl\u0131k mensubiyetinin g\u00fc\u00e7lendirilmesi; toplumsal mutabakat\u0131m\u0131z\u0131n ve demokrasimizin sa\u011fl\u0131\u011f\u0131 a\u00e7\u0131s\u0131ndan oldu\u011fu kadar, milli g\u00fcvenli\u011fimizin ve milli menfaatlerimizin teminat alt\u0131na al\u0131nmas\u0131 bak\u0131m\u0131ndan da zorunludur.<\/p>\n<p style=\"text-align: justify;\">Sorunlar\u0131 kabul edilebilir demokratik y\u00f6ntemlerle \u00e7\u00f6zmek yerine, sorunlar\u0131 g\u00f6rmezden gelmek ve milli birli\u011fi korumak ad\u0131na siyaset ve demokrasi d\u0131\u015f\u0131 alanlara kayarak a\u015f\u0131r\u0131l\u0131klara yol a\u00e7mak asl\u0131nda \u00e7\u0131kmaz soka\u011fa sapmakt\u0131r. \u00d6te yandan, farkl\u0131l\u0131klar\u0131 ifade etme iddias\u0131yla birlik fikrini zedeleyen a\u015f\u0131r\u0131l\u0131klara sar\u0131lmak da toplumlar i\u00e7in birer \u00e7\u0131kmaz sokakt\u0131r.<\/p>\n<p style=\"text-align: justify;\">Bug\u00fcn T\u00fcrkiye kendi i\u00e7inde g\u00fcndem olu\u015fturan k\u00fclt\u00fcrel kimlik sorunlar\u0131n\u0131 \u00e7\u00f6zecek demokratik bilince ve olgunlu\u011fa kavu\u015fmu\u015ftur. Ayr\u0131ca uluslararas\u0131 ve b\u00f6lgesel geli\u015fmeler de b\u00fcy\u00fck \u00e7apta T\u00fcrkiye\u2019nin milli menfaatleri ile paralel hale gelmi\u015ftir.<\/p>\n<p style=\"text-align: justify;\">Basiretli devlet adamlar\u0131n\u0131 b\u00fcnyesinde bar\u0131nd\u0131ran Y\u00fcce Meclisimiz, T\u00fcrkiye\u2019deki her soruna bu anlay\u0131\u015fla bakmal\u0131, toplumumuzdaki farkl\u0131l\u0131klar\u0131 milli birli\u011fimizi g\u00fc\u00e7lendirecek bir zenginlik olarak konumland\u0131rmay\u0131 ba\u015farmal\u0131d\u0131r.<\/p>\n<p style=\"text-align: justify;\">\u015eehitlerimizin e\u015fsiz fedakarl\u0131klar\u0131 ve gazilerimizin unutulmaz kahramanl\u0131klar\u0131 sayesinde T\u00fcrkiye, birlik ve b\u00fct\u00fcnl\u00fc\u011f\u00fcn\u00fc her \u015fart alt\u0131nda koruyaca\u011f\u0131n\u0131 d\u00fcnyaya g\u00f6stermi\u015ftir. T\u00fcrkiye\u2019nin bug\u00fcne kadar ba\u015far\u0131yla s\u00fcrd\u00fcrd\u00fc\u011f\u00fc ter\u00f6rle m\u00fccadele \u00e7izgisi bug\u00fcn yeni imkanlar\u0131 \u00f6n\u00fcm\u00fcze a\u00e7m\u0131\u015ft\u0131r. Bug\u00fcn gelinen noktada ise, T\u00fcrkiye daha fazla \u015fehitler vermeden, ter\u00f6re daha fazla mali kaynak ve enerji harcamadan, ter\u00f6r sorununu geride b\u0131rakmaya yarayacak yeni y\u00f6ntemleri devreye sokma kapasitesine ula\u015fm\u0131\u015ft\u0131r.<\/p>\n<p style=\"text-align: justify;\">T\u00fcrkiye\u2019nin i\u00e7indeki bu geli\u015fmeler ile uluslararas\u0131 \u015fartlar\u0131n da uyumlu hale gelmesi, bu konjonkt\u00fcrde azim, kararl\u0131l\u0131k ve hedef de\u011fi\u015ftirmeden \u00fclke g\u00fcvenli\u011fini garanti alt\u0131na alma imkanlar\u0131n\u0131 T\u00fcrkiye\u2019nin \u00f6n\u00fcne getirmi\u015ftir. Bu konular\u0131n Y\u00fcce Meclis\u2019te kapsaml\u0131 bir \u015fekilde ele al\u0131nmas\u0131 b\u00fcy\u00fck \u00f6nem arzetmektedir.<\/p>\n<p style=\"text-align: justify;\">Say\u0131n Ba\u015fkan,<\/p>\n<p style=\"text-align: justify;\">De\u011ferli Milletvekilleri,<\/p>\n<p style=\"text-align: justify;\">Bug\u00fcn kar\u015f\u0131m\u0131zda ilgin\u00e7 ve pek \u00e7ok y\u00f6nden dikkat \u00e7ekici bir d\u00fcnya tablosu var. Bug\u00fcn\u00fcn \u015fartlar\u0131n\u0131 kendimize uygun y\u00f6ntemlerle de\u011ferlendirmek, gelecek nesiller ad\u0131na bizim sorumlulu\u011fumuzdad\u0131r. T\u00fcrkiye\u2019nin \u00f6n\u00fcne \u00e7\u0131kan bu tablo zaman kayb\u0131 olmaks\u0131z\u0131n dinamik bir \u015fekilde de\u011ferlendirilmelidir.<\/p>\n<p style=\"text-align: justify;\">Bug\u00fcn\u00fcn d\u00fcnya konjonkt\u00fcr\u00fcn\u00fcn ve b\u00f6lgesel dengelerin ter\u00f6rle m\u00fccadelede \u00f6n\u00fcm\u00fcze \u00e7\u0131kard\u0131\u011f\u0131 olumlu \u015fartlar\u0131n ve f\u0131rsatlar\u0131n ilelebet devam edece\u011fini d\u00fc\u015f\u00fcnmemeliyiz. O nedenle bilin\u00e7li, kararl\u0131, planl\u0131 ve h\u0131zl\u0131 hareket etmeliyiz.<\/p>\n<p style=\"text-align: justify;\">Say\u0131n Ba\u015fkan,<\/p>\n<p style=\"text-align: justify;\">De\u011ferli Milletvekilleri,<\/p>\n<p style=\"text-align: justify;\">Hukuk devleti, kavram olarak, bilindi\u011fi gibi, y\u00f6netilenlerle y\u00f6netenlerin \u00f6nceden belirlenen ve herkes i\u00e7in e\u015fit uygulanan hukuk kurallar\u0131yla ba\u011fl\u0131 olmas\u0131n\u0131 ifade etmektedir. Hukuk devleti insanl\u0131\u011f\u0131n en de\u011ferli kazan\u0131mlar\u0131ndan biridir.<\/p>\n<p style=\"text-align: justify;\">Hukukun \u00fcst\u00fcn oldu\u011fu yerde keyfili\u011fe yer yoktur. Hukuk devleti, kamu hizmetlerinin \u015feffafl\u0131k ve hesap verebilirlik ilkelerine uygun olarak yerine getirildi\u011fi devlettir.<\/p>\n<p style=\"text-align: justify;\">Hukuk devleti, devlet erkini kullanan ki\u015fi ve kurumlar\u0131n yetki alanlar\u0131n\u0131n hukuk kurallar\u0131yla belirlenmesini gerektirir. Konum ve s\u0131fat\u0131 ne olursa olsun, hi\u00e7 kimse hi\u00e7 bir nedenle hukukun d\u0131\u015f\u0131na \u00e7\u0131kamaz. \u2018Devletin bekas\u0131\u2019 veya \u2018ulusal \u00e7\u0131kar\u2019 gibi kavramlar da, hukuksuzlu\u011fu ve keyfili\u011fi hakl\u0131la\u015ft\u0131rmak i\u00e7in kullan\u0131lamaz. Hukuk devletinin oldu\u011fu yerde keyfili\u011fe yer yoktur. Devletin ve milletin bekas\u0131, laik demokratik Cumhuriyetin hukuk devleti niteli\u011finin peki\u015ftirilmesiyle yak\u0131ndan ilintilidir.<\/p>\n<p style=\"text-align: justify;\">Hi\u00e7 kimse, devleti ve rejimi korumak bahanesiyle hukuk d\u0131\u015f\u0131na \u00e7\u0131kamaz. Devleti ve rejimi koruma bahanesiyle hukuk d\u0131\u015f\u0131 yollara ba\u015fvurmak, devletin g\u00fcvenli\u011fi ve rejim i\u00e7in en b\u00fcy\u00fck tehlikedir.<\/p>\n<p style=\"text-align: justify;\">Ge\u00e7mi\u015fte bu alanda ya\u015fanm\u0131\u015f baz\u0131 yanl\u0131\u015fl\u0131klar\u0131n faturas\u0131n\u0131 bug\u00fcn hepimiz \u00f6d\u00fcyoruz. Devletin, bir y\u00fczeyde g\u00f6r\u00fcnen bir de derin ve g\u00f6r\u00fcnmeyen y\u00fcz\u00fc olamaz. Devletin tek y\u00fcz\u00fc hukuktur. Hi\u00e7 kimse ve hi\u00e7bir grup kendini devletin yetkili organlar\u0131n\u0131n yerine koyarak tasarrufta bulunamaz, eylem yapamaz.<\/p>\n<p style=\"text-align: justify;\">Hukuk devletinin olmazsa olmaz \u015fart\u0131, ba\u011f\u0131ms\u0131z ve tarafs\u0131z yarg\u0131d\u0131r. Anayasam\u0131z yarg\u0131 ba\u011f\u0131ms\u0131zl\u0131\u011f\u0131n\u0131 g\u00fcvence alt\u0131na alm\u0131\u015ft\u0131r. B\u00fct\u00fcn kurum ve kurulu\u015flar\u0131n, ger\u00e7ek ve t\u00fczel ki\u015filerin buna uygun davranmas\u0131, adaletin tecelli etmesini engelleyecek tutum ve davran\u0131\u015flardan ka\u00e7\u0131nmas\u0131 gerekir.<\/p>\n<p style=\"text-align: justify;\">Bu hassasiyetler g\u00f6zetilmek \u015fart\u0131yla T\u00fcrkiye\u2019nin \u00e7a\u011fda\u015f standartlar\u0131 yakalama konusunda ivmesini art\u0131racak yarg\u0131 reformu \u00e7al\u0131\u015fmalar\u0131n\u0131n sa\u011fl\u0131kl\u0131 bir m\u00fczakere ile devam etmesi ve bu \u00e7abalar\u0131n bir an \u00f6nce sonu\u00e7lanmas\u0131 gerekmektedir. Yarg\u0131 reformu, g\u00fcnl\u00fck siyasi polemiklere kurban edilmemelidir. Yarg\u0131 reformu, daha g\u00fc\u00e7l\u00fc ve daha geli\u015fmi\u015f bir yarg\u0131 sistemine, dolay\u0131s\u0131yla daha iyi i\u015fleyen bir devlet sistemine kavu\u015fmam\u0131z a\u00e7\u0131s\u0131ndan b\u00fcy\u00fck \u00f6nem ta\u015f\u0131maktad\u0131r.<\/p>\n<p style=\"text-align: justify;\">Yarg\u0131 ba\u011f\u0131ms\u0131zl\u0131\u011f\u0131 ve tarafs\u0131zl\u0131\u011f\u0131, \u00f6ncelikle millet i\u00e7in vard\u0131r. \u00c7\u00fcnk\u00fc yarg\u0131\u00e7lar kararlar\u0131n\u0131 millet ad\u0131na vermektedirler. Bu nedenle milletimizin haketti\u011fi y\u00fcksek standartlar\u0131n k\u0131s\u0131r tart\u0131\u015fmalar i\u00e7ine sokulmamas\u0131 gerekir. Yarg\u0131 reformunun, kim taraf\u0131ndan \u00fcretilirse \u00fcretilsin, partizanca yakla\u015f\u0131mlardan uzak bir \u015fekilde, \u00e7a\u011fda\u015f standartlar temel al\u0131narak y\u00fcksek bir sorumluluk bilinciyle ger\u00e7ekle\u015ftirilmesi gerekir.<\/p>\n<p style=\"text-align: justify;\">M\u00fclk\u00fcn temeli olan adaletin yerine getirilmesini g\u00f6zeten bir anlay\u0131\u015fla ve mutlaka ger\u00e7ekle\u015ftirilmesi gerekti\u011fine inand\u0131\u011f\u0131m yarg\u0131 reformu partiler taraf\u0131ndan ve toplumun t\u00fcm kesimlerinde \u00f6zg\u00fcrce ve sa\u011fl\u0131kl\u0131 bir \u015fekilde tart\u0131\u015f\u0131lmal\u0131, ama partizanca yakla\u015f\u0131mlar\u0131n konusu olmamal\u0131d\u0131r.<\/p>\n<p style=\"text-align: justify;\">\u00c7ok \u00f6nemli bir ba\u015fka noktay\u0131 da tekrar vurgulamak istiyorum: Hukuk devleti, bireyin temel hak ve h\u00fcrriyetlerinin g\u00fcvenceye al\u0131nd\u0131\u011f\u0131 devlettir. Bu haklardan biri de \u2018masumiyet karinesi\u2019dir. Su\u00e7lulu\u011fu mahkeme karar\u0131yla sabit oluncaya kadar hi\u00e7 kimse su\u00e7lu ilan edilemez. Anayasam\u0131z\u0131n 15. maddesi uyar\u0131nca ola\u011fan\u00fcst\u00fc hal, s\u0131k\u0131y\u00f6netim, hatta sava\u015f durumunda dahi ihlal edilemeyecek olan bu hakk\u0131n, ya\u015fad\u0131\u011f\u0131m\u0131z ola\u011fan d\u00f6nemde s\u0131k\u00e7a ihlal ediliyor olmas\u0131 \u00fcz\u00fcc\u00fcd\u00fcr. Bu konuda t\u00fcm kesimlere, \u00f6zellikle medyam\u0131za b\u00fcy\u00fck bir sorumluluk d\u00fc\u015fmektedir. Ki\u015filerin mahkeme salonlar\u0131nda herhangi bir karar verilmeden \u00f6nce yaz\u0131l\u0131 veya g\u00f6rsel medyada yarg\u0131lan\u0131p mahkum edilmeleri hukuk devleti anlay\u0131\u015f\u0131yla ba\u011fda\u015fmamaktad\u0131r. Devlet hayat\u0131n\u0131n her alan\u0131nda, usul yasalar\u0131na \u00f6zellikle dikkat edilmesini tavsiye ediyorum.<\/p>\n<p style=\"text-align: justify;\">Say\u0131n Ba\u015fkan,<\/p>\n<p style=\"text-align: justify;\">De\u011ferli Milletvekilleri,<\/p>\n<p style=\"text-align: justify;\">\u015eimdi de, art\u0131k bir devlet politikas\u0131 haline gelmi\u015f olan Avrupa Birli\u011fi\u2019ne tam \u00fcyelik hedefimizle ilgili g\u00f6r\u00fc\u015flerimi sizlerle payla\u015fmak istiyorum. Avrupa Birli\u011fi, T\u00fcrkiye\u2019nin \u00e7ok \u00f6nceden belirlenmi\u015f en \u00f6nemli hedeflerinden biridir. Bu yolda bug\u00fcne kadar \u00e7ok ciddi ad\u0131mlar at\u0131lm\u0131\u015ft\u0131r. Bunlar b\u00fcy\u00fck ba\u015far\u0131lard\u0131r, ama daha yap\u0131lacak \u00e7ok \u015fey vard\u0131r.<\/p>\n<p style=\"text-align: justify;\">Bu ba\u011flamda TBMM\u2019ye yeni yasama y\u0131l\u0131nda da \u00e7ok \u00f6nemli i\u015fler d\u00fc\u015fmektedir. AB Komisyonu \u0130lerleme raporlar\u0131nda, kat\u0131l\u0131m ortakl\u0131\u011f\u0131 belgelerinde ve nihayet T\u00fcrkiye\u2019nin taahh\u00fctlerini i\u00e7eren ulusal programlarda yer alan hususlar\u0131n hayata ge\u00e7mesi i\u00e7in, bundan \u00f6nce oldu\u011fu gibi \u00f6n\u00fcm\u00fczdeki d\u00f6nemde de Meclisimizin \u00e7ok b\u00fcy\u00fck bir \u00f6zveriyle \u00e7al\u0131\u015fmas\u0131 gerekmektedir.<\/p>\n<p style=\"text-align: justify;\">\u00dclkemizin Avrupa Birli\u011fi\u2019ne \u00fcyeli\u011fi siyasi partilerin ve h\u00fck\u00fcmetlerin mutab\u0131k olduklar\u0131 bir devlet politikas\u0131d\u0131r. Bu nedenle, iktidar\u0131 ve muhalefetiyle t\u00fcm partilerimizin ve milletvekillerimizin bu y\u00f6nde d\u00fc\u015f\u00fcnd\u00fc\u011f\u00fcn\u00fc bildi\u011fim i\u00e7in, bu konuda Meclis i\u00e7inde i\u015fbirli\u011finin daha \u00e7ok geli\u015ftirilmesini tavsiye ediyorum. Bu yoldaki gayretler, \u00fclkemizin siyasi, hukuki ve ekonomik a\u00e7\u0131dan \u00e7ok daha iyi noktalara ula\u015fmas\u0131na \u00f6nemli katk\u0131lar sa\u011flayacakt\u0131r.<\/p>\n<p style=\"text-align: justify;\">T\u00fcrkiye kendisi i\u00e7in hedef olarak belirledi\u011fi muas\u0131r milletler d\u00fczeyinin \u00f6tesine ge\u00e7me yolunda ilerlemekten ve bu ama\u00e7la AB\u2019ye tam \u00fcyelik perspektifinden geri ad\u0131m atmamal\u0131d\u0131r. Bu konuda teredd\u00fcte mahal yoktur.<\/p>\n<p style=\"text-align: justify;\">Ba\u015fkalar\u0131n\u0131n bizi raydan \u00e7\u0131kartmak i\u00e7in zaman zaman sabr\u0131m\u0131z\u0131 zorlayan yakla\u015f\u0131mlar\u0131n\u0131 kaydetmeli ama bu nedenle \u00e7abalar\u0131m\u0131z\u0131 azaltmamal\u0131y\u0131z. T\u00fcrkiye d\u0131\u015far\u0131dan gelen rahats\u0131z edici seslere bu anlamda kula\u011f\u0131n\u0131 t\u0131kamal\u0131 ve ge\u00e7en sene de bu k\u00fcrs\u00fcden ifade etti\u011fim gibi, gerekirse kendi kendine kalsa bile fas\u0131llar\u0131 a\u00e7\u0131p kapama iradesini canl\u0131 ve taze tutmal\u0131d\u0131r. Burada esas hedefin T\u00fcrkiye\u2019nin her alanda d\u00fcnyadaki en y\u00fcksek standartlara kavu\u015fmas\u0131 oldu\u011funu unutmamal\u0131y\u0131z. Bu yolda, milletimiz o standartlara lay\u0131k oldu\u011fu i\u00e7in bu \u00e7abay\u0131 g\u00f6steriyoruz. TBMM, Avrupa Birli\u011fi ile ilgili yasal d\u00fczenlemeleri, ayr\u0131cal\u0131kl\u0131 bir yakla\u015f\u0131mla ele almal\u0131 ve \u00f6zel \u00e7al\u0131\u015fma usulleri olu\u015fturmal\u0131d\u0131r. T\u00fcrkiye g\u00fc\u00e7l\u00fc bir iradeye sahip olursa, basiretsiz baz\u0131 Avrupal\u0131 politikac\u0131lar\u0131n can s\u0131k\u0131c\u0131 yakla\u015f\u0131mlar\u0131n\u0131n hi\u00e7 dikkate al\u0131nmas\u0131 gerekmeyen teferruat oldu\u011fu herkes taraf\u0131ndan g\u00f6r\u00fclecektir.<\/p>\n<p style=\"text-align: justify;\">\u00d6te yandan, T\u00fcrkiye\u2019nin i\u00e7inde bulundu\u011fu co\u011frafyada g\u00fcven, istikrar ve bar\u0131\u015f\u0131n teminat\u0131 olarak g\u00f6r\u00fclmesi;<\/p>\n<p style=\"text-align: justify;\">Kom\u015fu \u00fclkelerle iyi ili\u015fkilerin geli\u015ftirilmesi;<\/p>\n<p style=\"text-align: justify;\">Ortado\u011fu, Balkanlar, Kafkasya ve G\u00fcneydo\u011fu Asya\u2019da ya\u015fanan sorunlar\u0131n \u00e7\u00f6z\u00fcm\u00fcnde aranan ve g\u00fcvenilir bir arabulucu olarak kabul g\u00f6rmesi;<\/p>\n<p style=\"text-align: justify;\">T\u00fcrk-Ermeni ili\u015fkileri gibi kronik sorunlar\u0131n \u00e7\u00f6z\u00fcm\u00fcne y\u00f6nelik siyasi inisiyatifin elden b\u0131rak\u0131lmamas\u0131;<\/p>\n<p style=\"text-align: justify;\">K\u0131br\u0131s meselesinde \u00e7\u00f6z\u00fcm temelli aktif politikalar izlenmesi;<\/p>\n<p style=\"text-align: justify;\">B\u00fct\u00fcn bunlar T\u00fcrkiye\u2019nin d\u00fcnya sahnesinde giderek daha g\u00f6r\u00fcn\u00fcr hale gelen ve giderek daha i\u015flevselle\u015fen \u00f6zg\u00fcveninin i\u015faretleridir.<\/p>\n<p style=\"text-align: justify;\">T\u00fcrkiye b\u00fct\u00fcn bu alanlarda kendi ulusal ilkelerinden taviz vermeden bar\u0131\u015f ve istikrar ad\u0131na inisiyatif almay\u0131 s\u00fcrd\u00fcrmelidir.<\/p>\n<p style=\"text-align: justify;\">T\u00fcrkiye yap\u0131c\u0131 bir \u015fekilde d\u00fcnya sistemine katk\u0131da bulunma misyonunu g\u00fc\u00e7lendirmelidir.<\/p>\n<p style=\"text-align: justify;\">\u00dcstlendi\u011fimiz b\u00fct\u00fcn uluslararas\u0131 g\u00f6revlerde, ilgili \u00fclkelerdeki istikrars\u0131zl\u0131klar \u00fczerinden de\u011fil, istikrara katk\u0131da bulunarak milli menfaatlerimizi korumal\u0131y\u0131z.<\/p>\n<p style=\"text-align: justify;\">Daha a\u00e7\u0131k ifade etmek gerekirse, T\u00fcrkiye kendi istikrar\u0131n\u0131 ba\u015fka \u00fclkelerin istikrar\u0131n\u0131 zedeleyerek ya da \u015fantaj unsurlar\u0131 kullanarak de\u011fil, muhataplar\u0131n\u0131n istikrarlar\u0131na katk\u0131da bulunarak ger\u00e7ekle\u015ftirme \u015feklinde ahlaki ve siyasi bir yol tercih etmektedir.<\/p>\n<p style=\"text-align: justify;\">Kar\u015f\u0131m\u0131zda duran k\u00fcresel tablo \u00fclkemizin uluslararas\u0131 sorunlarda bar\u0131\u015f in\u015fa eden siyasetler \u00fcretmesinin \u00f6nemini daha belirgin \u015fekilde ortaya \u00e7\u0131kar\u0131yor. Evvelce, bildik baz\u0131 \u00fclkelerin katk\u0131lar\u0131na muhta\u00e7 g\u00f6r\u00fcnen pek \u00e7ok sorun, taraf \u00fclkelerin a\u00e7\u0131k davetleriyle, T\u00fcrkiye\u2019nin aktif kat\u0131l\u0131m\u0131yla \u00e7\u00f6z\u00fcm yolunda ilerliyor.<\/p>\n<p style=\"text-align: justify;\">T\u00fcrkiye, b\u00f6lgesinde, g\u00fcvenlik, istikrar, ekonomik i\u015fbirli\u011fi ve refah denkleminin adil bir bi\u00e7imde yeniden in\u015fas\u0131nda, dinamik bir unsur olarak \u00f6zg\u00fcn yerini almaktad\u0131r. \u00dclkemizin uluslararas\u0131 sorunlara yakla\u015f\u0131m\u0131n\u0131n her ge\u00e7en g\u00fcn daha \u00e7ok takdir toplad\u0131\u011f\u0131n\u0131 g\u00f6r\u00fcyoruz.<\/p>\n<p style=\"text-align: justify;\">D\u00fcnya sisteminin en \u00f6nemli akt\u00f6r\u00fc durumundaki Amerika Birle\u015fik Devletleri\u2019nde yeni bir y\u00f6netimin ba\u015fa gelmesi, b\u00fct\u00fcn d\u00fcnya i\u00e7in oldu\u011fu gibi, bizim \u00fclkemiz i\u00e7in de, yeni imkanlara ve f\u0131rsatlara kap\u0131 aralam\u0131\u015f bulunuyor. Yenilenmi\u015f bir anlay\u0131\u015fla i\u015fba\u015f\u0131na gelen yeni ABD y\u00f6netimiyle kar\u015f\u0131l\u0131kl\u0131 sayg\u0131 ve e\u015fitli\u011fe dayal\u0131 i\u015fbirli\u011fimiz g\u00fc\u00e7lenerek devam ediyor.<\/p>\n<p style=\"text-align: justify;\">Birle\u015fmi\u015f Milletler G\u00fcvenlik Konseyi\u2019ndeki ge\u00e7ici \u00fcyeli\u011fimizi, bu ba\u011flamda, hem milli menfaatlerimizin tahakkuku, hem b\u00f6lgede istikrar\u0131n in\u015fas\u0131, hem de d\u00fcnya sistemine yap\u0131c\u0131 katk\u0131larda bulunmak a\u00e7\u0131s\u0131ndan en verimli \u015fekilde kullanmal\u0131y\u0131z.<\/p>\n<p style=\"text-align: justify;\">Milli davam\u0131z olan K\u0131br\u0131s meselesinde, yerle\u015fik BM parametreleri olan iki kesimlilik, siyasi e\u015fitlik ve iki kurucu devleti haiz yeni bir ortakl\u0131k temelinde, BM Genel Sekreterinin iyi niyet misyonu \u00e7er\u00e7evesinde Ada\u2019da liderler aras\u0131nda kapsaml\u0131 m\u00fczakereler ge\u00e7ti\u011fimiz Eyl\u00fcl ay\u0131ndan itibaren devam etmektedir. Y\u00fcr\u00fct\u00fclen m\u00fczakerelerde bu y\u0131l sonuna kadar adil ve kal\u0131c\u0131 bir bar\u0131\u015fa eri\u015filmesi b\u00f6lgede bar\u0131\u015f ve istikrar\u0131n tesisi a\u00e7\u0131s\u0131ndan \u00e7ok \u00f6nemlidir.<\/p>\n<p style=\"text-align: justify;\">Burada t\u00fcm d\u00fcnyaya \u015funu hat\u0131rlatmak isterim: K\u0131br\u0131s\u2019ta mevcut stat\u00fckoya dayal\u0131 denklem ilanihaye devam edemez. Mevcut f\u0131rsat penceresi sonsuza kadar a\u00e7\u0131k kalmayacakt\u0131r. K\u0131br\u0131s T\u00fcrklerinin uluslararas\u0131 toplumun kenar\u0131na itilmesine ve tecrit alt\u0131nda tutulmas\u0131na devam edilemeyece\u011fi bilinmelidir.<\/p>\n<p style=\"text-align: justify;\">Kafkasya\u2019da, Ortado\u011fu\u2019da, Balkanlarda, G\u00fcneydo\u011fu Asya\u2019da ve uluslararas\u0131 toplumu me\u015fgul eden b\u00fct\u00fcn \u00f6nemli konularda kar\u015f\u0131l\u0131kl\u0131 g\u00fcveni peki\u015ftirmeyi, g\u00fcven art\u0131rmay\u0131 ve diyalog yoluyla sorun \u00e7\u00f6zmeyi \u00f6nceleyen giri\u015fimleri bundan b\u00f6yle de desteklemeye devam edece\u011fim. \u00d6zellikle, Kafkaslar\u2019daki stat\u00fckonun hi\u00e7 kimsenin yarar\u0131na olmad\u0131\u011f\u0131n\u0131 belirtmek isterim. Kafkaslar\u2019da donmu\u015f g\u00f6r\u00fcnen sorunlar\u0131n \u00e7\u00f6z\u00fcm\u00fc y\u00f6n\u00fcndeki gayretleri \u00e7ok \u00f6nemli buluyorum.<\/p>\n<p style=\"text-align: justify;\">T\u00fcrkiye\u2019nin bu vizyon temelinde performans\u0131n\u0131 art\u0131rmas\u0131 gere\u011fini bu vesileyle yeniden vurgulamak isterim.<\/p>\n<p style=\"text-align: justify;\">Art\u0131k d\u0131\u015f politikan\u0131n ayr\u0131lmaz bir par\u00e7as\u0131 olan enerji meselesine \u00f6n\u00fcm\u00fczdeki d\u00f6nemde \u00e7ok daha fazla \u00f6nem vermeliyiz. T\u00fcrkiye\u2019nin enerji meselelerini b\u00fcy\u00fck bir dikkatle takip ediyorum. T\u00fcrkiye sadece enerji ge\u00e7i\u015fi sa\u011flayan bir transit \u00fclkesi olmakla yetinemez. Alternatif enerji \u00fcretimi konusunda da tatminkar bir seviyeye s\u00fcratle ula\u015fmaya mecburuz.<\/p>\n<p style=\"text-align: justify;\">B\u00fcy\u00fck sava\u015flar\u0131n, b\u00fcy\u00fck kararlar\u0131n ve b\u00fcy\u00fck stratejilerin ekseni olan enerji b\u00f6lgelerinin \u00e7ok yak\u0131n\u0131nda bulunuyoruz. Sadece bu nedenle bile enerji meselemizi boru hatlar\u0131 ve ge\u00e7i\u015f g\u00fcvenli\u011fine indirgeyemeyiz. T\u00fcrkiye enerji \u00fcretim merkezlerinde g\u00fc\u00e7l\u00fc \u015firketleriyle de yerini almal\u0131d\u0131r.<\/p>\n<p style=\"text-align: justify;\">Say\u0131n Ba\u015fkan,<\/p>\n<p style=\"text-align: justify;\">De\u011ferli Milletvekilleri,<\/p>\n<p style=\"text-align: justify;\">\u0130lk, orta ve y\u00fcksek\u00f6\u011fretimde okulla\u015fma oranlar\u0131m\u0131z\u0131 \u00e7a\u011fda\u015f \u00fclkelerin seviyesine \u00e7\u0131karma yolunda bug\u00fcne kadar at\u0131lan ad\u0131mlar daha b\u00fcy\u00fck bir kararl\u0131l\u0131kla s\u00fcrd\u00fcr\u00fclmelidir. E\u011fitim sistemimizde nitelikli iyile\u015ftirmeler de sa\u011flanmal\u0131d\u0131r. \u00dcretebilen, kendi kendine yeten, ele\u015ftirel d\u00fc\u015f\u00fcnebilen, yeniliklere a\u00e7\u0131k ve her y\u00f6n\u00fcyle yetenekleri geli\u015fmi\u015f bir insang\u00fcc\u00fc, hem demokrasimizin hem de kalk\u0131nmam\u0131z\u0131n teminat\u0131 olacakt\u0131r.<\/p>\n<p style=\"text-align: justify;\">E\u011fitimde kar\u015f\u0131m\u0131za \u00e7\u0131kan b\u00f6lgesel farklar bir an \u00f6nce kapat\u0131lmal\u0131d\u0131r. Yurt \u00e7ap\u0131nda okullar\u0131m\u0131z\u0131n eksikliklerini tamamlamak i\u00e7in, elimizden geleni yapmal\u0131y\u0131z.<\/p>\n<p style=\"text-align: justify;\">E\u011fitim sistemimiz, yetenek, ba\u015far\u0131 ve f\u0131rsat e\u015fitli\u011fini \u00f6ne \u00e7\u0131karmal\u0131, her t\u00fcrl\u00fc e\u015fitsizli\u011fi d\u0131\u015flamal\u0131d\u0131r. Okullarda verilen e\u011fitim g\u00fc\u00e7lendirilmeli ve herkesin e\u015fit e\u011fitim imk\u00e2nlar\u0131ndan faydalanmas\u0131 sa\u011flanmal\u0131d\u0131r. \u00d6zellikle kad\u0131n erkek e\u015fitli\u011finin sa\u011flanmas\u0131 ve k\u0131zlar\u0131m\u0131z\u0131n e\u011fitimi ayr\u0131 bir \u00f6nem arz etmektedir. Son y\u0131llarda k\u0131zlar\u0131m\u0131z\u0131n e\u011fitimine g\u00f6sterilen \u00f6zenin artarak devam etmesini temenni ediyorum.<\/p>\n<p style=\"text-align: justify;\">T\u00fcrkiye\u2019nin 21. y\u00fczy\u0131l\u0131n bilgiye dayal\u0131 ekonomisinde rekabet etmesi ve ekonomik b\u00fcy\u00fcmesini devam ettirebilmesi yolunda, okullar\u0131m\u0131za ve \u00fcniversitelerimize \u00e7ok \u00f6nemli g\u00f6revler d\u00fc\u015fmektedir.<\/p>\n<p style=\"text-align: justify;\">\u00dcniversitelerimiz toplumumuz ve sanayimizle daha g\u00fc\u00e7l\u00fc ba\u011flar kurmal\u0131, toplumsal, k\u00fclt\u00fcrel ve ekonomik geli\u015fmemizde \u00f6nc\u00fc bir rol \u00fcstlenmelidir. \u00dcniversiteler \u00fclkemizin ihtiya\u00e7lar\u0131n\u0131 iyi analiz etmeli ve bu ihtiya\u00e7lar\u0131 g\u00f6zeten bir e\u011fitim sunmal\u0131d\u0131r. \u00dcniversite toplumun b\u00fct\u00fcn kesimleriyle ili\u015fki i\u00e7inde olmal\u0131 ve her kesime hayat boyu \u00f6\u011frenim imk\u00e2n\u0131 sunmal\u0131d\u0131r. \u00dcniversiteler, bulunduklar\u0131 b\u00f6lgelerin her a\u00e7\u0131dan geli\u015fmesinin ve kalk\u0131nmas\u0131n\u0131n lokomotifi olmal\u0131d\u0131r.<\/p>\n<p style=\"text-align: justify;\">T\u00fcrkiye\u2019nin bilgi ve teknoloji transfer eden bir \u00fclke olmaktan, bilgi ve teknoloji \u00fcreten bir \u00fclke konumuna ge\u00e7mesi \u00fcniversitelerimizin ba\u015far\u0131lar\u0131 sayesinde olacakt\u0131r. Ara\u015ft\u0131rma-geli\u015ftirmeye sa\u011flanan imkanlar ve ayr\u0131lan fonlar sayesinde, son y\u0131llarda bilim d\u00fcnyam\u0131zda b\u00fcy\u00fck bir at\u0131l\u0131m\u0131n ba\u015flad\u0131\u011f\u0131n\u0131 \u00fcniversiteler ve T\u00dcB\u0130TAK aras\u0131nda i\u015fbirli\u011finin geli\u015fti\u011fini g\u00f6rmekten b\u00fcy\u00fck memnuniyet duyuyorum.<\/p>\n<p style=\"text-align: justify;\">\u00dcniversite h\u00fcr d\u00fc\u015f\u00fcncenin kalesidir; her t\u00fcrl\u00fc g\u00f6r\u00fc\u015f\u00fcn tart\u0131\u015f\u0131labildi\u011fi ve bireylerin birbirini ho\u015fg\u00f6r\u00fcyle dinledi\u011fi bir kurum olarak varolagelmi\u015ftir. Bundan dolay\u0131, \u00fcniversiteler, farkl\u0131 kimliklerle bar\u0131\u015f ve diyalog i\u00e7inde birarada ya\u015fama k\u00fclt\u00fcr\u00fcn\u00fc \u00f6\u011frencilerine ya\u015fat\u0131rlar. Say\u0131lar\u0131 artan ve \u00fclkemizin art\u0131k her taraf\u0131nda bulunan \u00fcniversiteler, inan\u0131yorum ki, birlik duygumuzu g\u00fc\u00e7lendirece\u011fi gibi farkl\u0131l\u0131klara olan ho\u015fg\u00f6r\u00fcy\u00fc de yayg\u0131nla\u015ft\u0131racakt\u0131r.<\/p>\n<p style=\"text-align: justify;\">Bu noktada yeni kurulan \u00fcniversitelere aktar\u0131lacak kaynaklar\u0131n g\u00fc\u00e7l\u00fc olmas\u0131 konusunda H\u00fck\u00fcmetin \u00f6zellikle dikkatini \u00e7ekmek istiyorum. Yeni kurulan \u00fcniversiteler ne kadar g\u00fc\u00e7l\u00fc kaynaklarla i\u015fe ba\u015flarlarsa o kadar sa\u011flam altyap\u0131ya sahip olurlar. B\u00f6ylece yeni \u00fcniversite olmalar\u0131 bir avantaja d\u00f6n\u00fc\u015f\u00fcr.<\/p>\n<p style=\"text-align: justify;\">Say\u0131n Ba\u015fkan,<\/p>\n<p style=\"text-align: justify;\">De\u011ferli Milletvekilleri,<\/p>\n<p style=\"text-align: justify;\">K\u00fcresel ekonomik krizin ilk i\u015faretleri ge\u00e7en y\u0131l g\u00f6r\u00fclm\u00fc\u015ft\u00fc; o ba\u011flamda d\u00fc\u015f\u00fcncelerimi sizlerle payla\u015fm\u0131\u015ft\u0131m. O g\u00fcnlerin ard\u0131ndan kriz tam anlam\u0131yla ortaya \u00e7\u0131km\u0131\u015f ve t\u00fcm d\u00fcnyay\u0131 sarst\u0131\u011f\u0131 gibi bizi de etkilemi\u015ftir.<\/p>\n<p style=\"text-align: justify;\">H\u00fck\u00fcmetler ve merkez bankalar\u0131 krizin olumsuz etkilerini s\u0131n\u0131rlamak i\u00e7in \u00e7e\u015fitli \u00f6nlemleri hayata ge\u00e7irmi\u015flerdir. Bu \u00f6nlemler aras\u0131nda mali ve parasal geni\u015fleme, ekonomiyi canland\u0131rma paketleri, finans sekt\u00f6r\u00fcndeki sorunlar\u0131n daha da b\u00fcy\u00fcmesinin \u00f6n\u00fcne ge\u00e7mek ve mevcut sorunlar\u0131n \u00e7\u00f6z\u00fclmesine y\u00f6nelik olarak at\u0131lan ad\u0131mlar yer almaktad\u0131r. Bir yandan da ileride b\u00f6ylesine b\u00fcy\u00fck ve geni\u015f \u00e7apl\u0131 bir krizin ya\u015fanmamas\u0131 i\u00e7in gereken reformlar\u0131n hayata ge\u00e7irilmesi konusunda \u00fclkeler aras\u0131nda ortak bir anlay\u0131\u015f ve irade birli\u011fi olu\u015fmu\u015ftur. Bu noktada uluslararas\u0131 camian\u0131n bug\u00fcne kadar sergilemi\u015f oldu\u011fu yak\u0131n i\u015fbirli\u011fini \u00f6n\u00fcm\u00fczdeki d\u00f6nemde de s\u00fcrd\u00fcrmeleri gerekti\u011fini belirtmek istiyorum.<\/p>\n<p style=\"text-align: justify;\">G-20 platformu, k\u00fcresel krizle m\u00fccadele kapsam\u0131ndaki bu \u00e7al\u0131\u015fmalara stratejik y\u00f6n verilmesi a\u00e7\u0131s\u0131ndan \u00f6nemli bir g\u00f6revi yerine getirmektedir. T\u00fcrkiye\u2019nin s\u00f6z konusu platformda yer alarak yap\u0131lan \u00e7al\u0131\u015fmalara son derece \u00f6nemli katk\u0131 sa\u011flad\u0131\u011f\u0131n\u0131 memnuniyetle g\u00f6zl\u00fcyorum. Grup i\u00e7erisinde varl\u0131\u011f\u0131m\u0131z, k\u00fcresel sorunlar kar\u015f\u0131s\u0131nda \u00fclkemizin uluslararas\u0131 camian\u0131n etkin ve ayr\u0131lmaz bir par\u00e7as\u0131 oldu\u011funu teyit etmektedir.<\/p>\n<p style=\"text-align: justify;\">\u00dclkelerin tek tek ve birlikte atm\u0131\u015f oldu\u011fu ad\u0131mlar, bu zorlu test d\u00f6neminden belli oranda \u00e7\u0131k\u0131ld\u0131\u011f\u0131na i\u015faret etmektedir. A\u00e7\u0131klanan iktisadi veriler ve piyasalardaki geli\u015fmeler bu g\u00f6r\u00fc\u015f\u00fc do\u011frular niteliktedir. Ancak ya\u015fanmakta olan olumlu geli\u015fmelere ra\u011fmen, k\u00fcresel krizin tam olarak atlat\u0131ld\u0131\u011f\u0131n\u0131 s\u00f6ylemek i\u00e7in erken oldu\u011funu da unutmamak gerekiyor. Geli\u015fmi\u015f \u00fclkelerde, \u00f6zellikle de Avrupa\u2019da, finans sekt\u00f6r\u00fcndeki sorunlar hen\u00fcz tam olarak giderilememi\u015ftir. Emtia fiyatlar\u0131n\u0131n yeniden y\u00fckselme e\u011filimine girmesi enflasyon ve cari i\u015flemler a\u00e7\u0131s\u0131ndan risk olu\u015fturmaktad\u0131r. Artan ve derin bir sosyal sorun haline d\u00f6n\u00fc\u015fme riski bulunan i\u015fsizlik de h\u00fck\u00fcmetlerin ivedikle \u00e7\u00f6z\u00fcm \u00fcretmeleri gereken bir aland\u0131r.<\/p>\n<p style=\"text-align: justify;\">Son krizle birlikte, uluslararas\u0131 finansal mimarinin yeniden yap\u0131land\u0131r\u0131lmas\u0131 konusundaki \u00e7al\u0131\u015fmalar h\u0131z kazanm\u0131\u015ft\u0131r. T\u00fcrkiye s\u00fcrd\u00fcr\u00fclen bu \u00e7al\u0131\u015fmalara kat\u0131larak \u00f6nemli katk\u0131lar sa\u011flamaktad\u0131r. Bu \u00e7er\u00e7evede finans sekt\u00f6r\u00fcn\u00fcn d\u00fczenleme ve denetimine ili\u015fkin \u00e7al\u0131\u015fmalara aktif katk\u0131 sa\u011flanmas\u0131n\u0131 ve bu alandaki yeni d\u00fczenlemelerin zaman\u0131nda kendi uygulamalar\u0131m\u0131za yans\u0131t\u0131lmas\u0131n\u0131 \u00f6nemli buldu\u011fumu belirtmek isterim.<\/p>\n<p style=\"text-align: justify;\">T\u00fcrkiye pek \u00e7ok \u00fclkeden \u00f6nce krizden \u00e7\u0131k\u0131\u015f stratejisini a\u00e7\u0131klam\u0131\u015ft\u0131r. T\u00fcrkiye\u2019nin geli\u015febilecek olaylara kar\u015f\u0131 stratejilerini zaman\u0131nda haz\u0131rlamas\u0131 anlam\u0131na gelen b\u00fct\u00fcn \u00e7al\u0131\u015fmalar\u0131 dikkatle takip ediyorum.<\/p>\n<p style=\"text-align: justify;\">Unutmayal\u0131m ki ekonomi y\u00f6netimindeki gev\u015feklik, b\u00fcy\u00fck gayretlerle elde edilen ba\u015far\u0131lar\u0131 kolayca eritebilmektedir. Demokratik hayat\u0131n bir ger\u00e7e\u011fi olarak, zaman zaman y\u00f6netimlerin pop\u00fclist bask\u0131lar alt\u0131nda kalabildi\u011fi bir vak\u0131ad\u0131r. Halk\u0131m\u0131z\u0131n uzun vadeli \u00e7\u0131kar ve refah\u0131 i\u00e7in do\u011fru stratejiler kararl\u0131l\u0131kla uygulanabilmelidir.<\/p>\n<p style=\"text-align: justify;\">Bu ba\u011flamda, kamu dengelerindeki iyile\u015fmeyi kal\u0131c\u0131 k\u0131lmak amac\u0131yla \u201cmali kural\u201d uygulamas\u0131na ge\u00e7ilmesi de elde edilecek kazan\u0131mlar\u0131n \u00f6n\u00fcm\u00fczdeki d\u00f6nemlerde s\u00fcrd\u00fcr\u00fclmesine katk\u0131da bulunacakt\u0131r. Mali kural uygulamas\u0131n\u0131 \u00f6nemsiyor ve destekliyorum. T\u00fcrkiye\u2019nin \u00f6ng\u00f6r\u00fclebilir bir \u00fclke olmas\u0131, planl\u0131-programl\u0131 hareket etmesi ve g\u00fcven unsurunu peki\u015ftirmesi bak\u0131m\u0131ndan mali kural uygulamas\u0131 \u00f6nemli bir kazan\u0131m olacakt\u0131r.<\/p>\n<p style=\"text-align: justify;\">Orta ve uzun d\u00f6nemde ekonomimizin daha verimli, rekabet\u00e7i, esnek ve g\u00fc\u00e7l\u00fc olmas\u0131 i\u00e7in gerekli olan reformlar, toplumun t\u00fcm kesimlerinin deste\u011fini ve sahiplenmesini gerekli k\u0131lmaktad\u0131r. Bu s\u00fcre\u00e7te sosyal alanlardaki geli\u015fmenin g\u00fc\u00e7lendirilmesi de ihmal edilmemelidir. Millet iradesinin en \u00fcst d\u00fczeyde temsil edildi\u011fi Y\u00fcce Meclisin, ihtiya\u00e7 duydu\u011fumuz bu reformlar\u0131n en geni\u015f kat\u0131l\u0131mla ve en k\u0131sa s\u00fcrede ger\u00e7ekle\u015ftirilmesinde \u00fczerine d\u00fc\u015fen sorumlulu\u011fu hakk\u0131yla yerine getirece\u011fine inanc\u0131m tamd\u0131r.<\/p>\n<p style=\"text-align: justify;\">Say\u0131n Ba\u015fkan,<\/p>\n<p style=\"text-align: justify;\">De\u011ferli Milletvekilleri<\/p>\n<p style=\"text-align: justify;\">Yak\u0131n zamanda y\u00fcre\u011fimizi yakan do\u011fal afetler ya\u015fad\u0131k. Uzun y\u0131llar\u0131n birikimi olan tedbirsizlikler ve plans\u0131zl\u0131klar, do\u011fal afetlerle birle\u015fince, ger\u00e7ekten \u00e7ok \u00fcz\u00fcc\u00fc tablolar ortaya \u00e7\u0131kt\u0131.<\/p>\n<p style=\"text-align: justify;\">Devlet ve millet olarak \u00e7evre konular\u0131n\u0131 en \u00f6nemli ve \u00f6ncelikli konular\u0131m\u0131zdan kabul etmeliyiz. Aziz vatan\u0131m\u0131z\u0131n \u00e7evre ko\u015fullar\u0131n\u0131 sa\u011fl\u0131kl\u0131 k\u0131lmaya, \u015fehirlerimizi daha planl\u0131 hale getirmeye, do\u011fal afetlere kar\u015f\u0131 \u00f6nceden haz\u0131rl\u0131kl\u0131 olmaya da s\u0131n\u0131rlar\u0131m\u0131z\u0131 korumak kadar \u00f6nem vermeliyiz.<\/p>\n<p style=\"text-align: justify;\">\u00dclkemizin deprem fay hatlar\u0131 \u00fczerinde oldu\u011fu bilimsel verilerle ispatlanm\u0131\u015f bir ger\u00e7ektir. Ayr\u0131ca tarih de bunun \u015fahididir. Ac\u0131lar ya\u015fand\u0131ktan sonra feryat etmemek ve zararlar\u0131 asgariye \u00e7ekmek i\u00e7in \u015fimdiden ola\u011fan\u00fcst\u00fc bir anlay\u0131\u015fla koruyucu tedbirlerin al\u0131nmas\u0131n\u0131 ve bu konudaki \u00e7al\u0131\u015fmalara h\u0131z verilmesini bir kez daha dikkatlerinize sunmak istiyorum.<\/p>\n<p style=\"text-align: justify;\">\u00c7evre duyarl\u0131l\u0131\u011f\u0131n\u0131 art\u0131rmal\u0131y\u0131z. Kamu y\u00f6netiminin ve toplum hayat\u0131n\u0131n her sahas\u0131nda do\u011fal afetlere kar\u015f\u0131 haz\u0131rl\u0131kl\u0131 olmal\u0131y\u0131z. Uzun y\u0131llar\u0131n birikimi y\u00fcz\u00fcnden vatanda\u015flar\u0131m\u0131z\u0131n hayat\u0131n\u0131 ve milli servetlerimizi tehdit eden plans\u0131zl\u0131klar\u0131 s\u00fcratle ortadan kald\u0131rmal\u0131y\u0131z. \u00c7a\u011fda\u015f bir toplum olman\u0131n \u00e7evre duyarl\u0131l\u0131\u011f\u0131 konusundaki t\u00fcm gereklerini yerine getirmeliyiz. T\u00fcm kamu y\u00f6neticileri ba\u015fta olmak \u00fczere, ilgili herkesi ve tek tek her vatanda\u015f\u0131m\u0131z\u0131, ya\u015fanabilir \u00e7evre ko\u015fullar\u0131 olu\u015fturulmas\u0131 ve korunmas\u0131 konusunda seferberli\u011fe davet ediyorum.<\/p>\n<p style=\"text-align: justify;\">Say\u0131n Ba\u015fkan,<\/p>\n<p style=\"text-align: justify;\">De\u011ferli Milletvekilleri,<\/p>\n<p style=\"text-align: justify;\">Y\u00fcce Meclisin milletimiz ve devletimiz i\u00e7in \u00e7ok de\u011ferli \u00e7al\u0131\u015fmalara imza ataca\u011f\u0131na olan inanc\u0131mla s\u00f6zlerime son veriyorum.<\/p>\n<p style=\"text-align: justify;\">Ba\u015fta Gazi Mustafa Kemal Atat\u00fcrk olmak \u00fczere, Y\u00fcce Meclis\u2019in milletimize hizmet etmi\u015f t\u00fcm mensuplar\u0131n\u0131 minnet ve sayg\u0131yla an\u0131yorum.<\/p>\n<p style=\"text-align: justify;\">\u00d6n\u00fcm\u00fczdeki d\u00f6nemin milletimiz ve devletimiz i\u00e7in hay\u0131rlar getirmesini Cenab\u0131 Allah\u2019tan diliyorum.<\/p>\n<p style=\"text-align: justify;\">Sizleri ve \u015fahs\u0131n\u0131zda aziz milletimi sayg\u0131yla selaml\u0131yorum.<\/p>\n<p style=\"text-align: justify;\"><span style=\"color: #888888;\">Kaynak : Vatan<\/span><\/p>\n","protected":false},"excerpt":{"rendered":"<p style=\"text-align: center;\">\n<p style=\"text-align: justify;\">TBMM&#8217;de 23. D\u00f6nem 4. Yasama Y\u0131l\u0131 ba\u015flad\u0131. A\u00e7\u0131l\u0131\u015fa Genelkurmay Ba\u015fkan\u0131 Orgeneral \u0130lker Ba\u015fbu\u011f ve kuvvet komutanlar\u0131 da kat\u0131ld\u0131. Cumhurba\u015fkan\u0131 Abdullah G\u00fcl bir a\u00e7\u0131\u015f konu\u015fmas\u0131 yaparak, &#8220;B\u00fcy\u00fck milletler, devlet ve k\u00fclt\u00fcrel farkl\u0131l\u0131klar ili\u015fkisini tarihin \u00e7e\u015fitli d\u00f6nemlerinde tazeleyerek ve g\u00fcncelleyerek yollar\u0131na devam eder&#8221; dedi.<\/p>\n<p style=\"text-align: justify;\">TBMM Ba\u015fkan\u0131 Mehmet Ali \u015eahin&#8217;in sunu\u015f <\/p>\n","protected":false},"author":1,"featured_media":0,"comment_status":"open","ping_status":"closed","sticky":false,"template":"","format":"standard","meta":{"footnotes":""},"categories":[105],"tags":[],"class_list":["post-15414","post","type-post","status-publish","format-standard","hentry","category-gundem","odd"],"_links":{"self":[{"href":"http:\/\/www.korhanyilmaz.com\/index.php?rest_route=\/wp\/v2\/posts\/15414","targetHints":{"allow":["GET"]}}],"collection":[{"href":"http:\/\/www.korhanyilmaz.com\/index.php?rest_route=\/wp\/v2\/posts"}],"about":[{"href":"http:\/\/www.korhanyilmaz.com\/index.php?rest_route=\/wp\/v2\/types\/post"}],"author":[{"embeddable":true,"href":"http:\/\/www.korhanyilmaz.com\/index.php?rest_route=\/wp\/v2\/users\/1"}],"replies":[{"embeddable":true,"href":"http:\/\/www.korhanyilmaz.com\/index.php?rest_route=%2Fwp%2Fv2%2Fcomments&post=15414"}],"version-history":[{"count":0,"href":"http:\/\/www.korhanyilmaz.com\/index.php?rest_route=\/wp\/v2\/posts\/15414\/revisions"}],"wp:attachment":[{"href":"http:\/\/www.korhanyilmaz.com\/index.php?rest_route=%2Fwp%2Fv2%2Fmedia&parent=15414"}],"wp:term":[{"taxonomy":"category","embeddable":true,"href":"http:\/\/www.korhanyilmaz.com\/index.php?rest_route=%2Fwp%2Fv2%2Fcategories&post=15414"},{"taxonomy":"post_tag","embeddable":true,"href":"http:\/\/www.korhanyilmaz.com\/index.php?rest_route=%2Fwp%2Fv2%2Ftags&post=15414"}],"curies":[{"name":"wp","href":"https:\/\/api.w.org\/{rel}","templated":true}]}}