{"id":15409,"date":"2009-10-01T16:26:46","date_gmt":"2009-10-01T13:26:46","guid":{"rendered":"http:\/\/www.korhanyilmaz.com\/?p=15409"},"modified":"2009-10-01T16:26:46","modified_gmt":"2009-10-01T13:26:46","slug":"ismailaga-tarikatinda-sok-iddia","status":"publish","type":"post","link":"http:\/\/www.korhanyilmaz.com\/?p=15409","title":{"rendered":"\u0130smaila\u011fa tarikat\u0131nda \u015fok iddia"},"content":{"rendered":"<p style=\"text-align: center;\"><a href=\"http:\/\/www.korhanyilmaz.com\/wp-content\/uploads\/2009\/10\/ismailaga.jpg\"  class=\"lightview\"><img loading=\"lazy\" decoding=\"async\" class=\"aligncenter size-full wp-image-15410\" src=\"http:\/\/www.korhanyilmaz.com\/wp-content\/uploads\/2009\/10\/ismailaga.jpg\" alt=\"\" width=\"329\" height=\"210\" \/><\/a><\/p>\n<p style=\"text-align: justify;\"><strong><em>Tarikattaki kad\u0131n anlatt\u0131: Ya\u015fam\u0131m\u0131 \u00e7ald\u0131lar<\/em><\/strong><\/p>\n<p style=\"text-align: justify;\">\u0130smaila\u011fa tarikat\u0131n\u0131 bir kad\u0131n gizli tan\u0131k olarak anlatt\u0131: Zorla evlendirdiler. Kocam ba\u015f ba\u015fayken ba\u015f\u00f6rt\u00fcm a\u00e7\u0131l\u0131nca d\u00f6vd\u00fc. TV, telefon, pencereden bakmak yasakt\u0131.<\/p>\n<p style=\"text-align: justify;\">Tart\u0131\u015fmalara konu olan ve Erzincan ve Erzurum savc\u0131lar\u0131n\u0131 kar\u015f\u0131 kar\u015f\u0131ya getiren \u0130smaila\u011fa cemaati davas\u0131nda gizli bir tan\u0131k kad\u0131n tarikat\u0131n ya\u015fam\u0131n\u0131 \u00e7almas\u0131n\u0131 \u015f\u00f6yle anlat\u0131yor: \u201cBir perdenin arkas\u0131ndaki hoca ile tan\u0131\u015ft\u0131r\u0131ld\u0131m. \u0130stemedi\u011fim bir ki\u015fiyle zorla evlendirildim. Kocam d\u00f6v\u00fcyordu, kocam\u0131n buna hakk\u0131 oldu\u011funu s\u00f6ylediler. Kocam ka\u015f\u0131s\u0131nda ba\u015f\u00f6rt\u00fcm a\u00e7\u0131lsa d\u00f6v\u00fcyordu. Evlerde televizyon yasak. Penceye \u00e7\u0131kmama, telefon a\u00e7mama bile izin vermiyorlard\u0131.\u201d Gizli tan\u0131k ifadesinde \u201cBu ifadeyi verdi\u011fim anla\u015f\u0131l\u0131rsa e\u015fim beni \u00f6ld\u00fcr\u00fcr\u201d diyor, ancak tart\u0131\u015fmal\u0131 bir \u015fekilde davay\u0131 Erzincan savc\u0131s\u0131ndan alarak y\u00fcr\u00fcten Erzurum \u00f6zel yetkili savc\u0131s\u0131 bu kad\u0131n\u0131n kimli\u011fini annesinin ad\u0131n\u0131 yazarak de\u015fifre ediyor.<!--more--><\/p>\n<p style=\"text-align: justify;\">\u0130smaila\u011fa tarikat\u0131na y\u00f6nelik yap\u0131lan operasyon ve daha sonra ba\u015flayan dava s\u00fcreci tart\u0131\u015fmalara konu olmu\u015ftu. Soru\u015fturmay\u0131 Erzincan\u2019da ba\u015flatan Erzincan Cumhuriyet Ba\u015fsavc\u0131 \u0130lhan Cihaner hakk\u0131nda soru\u015fturma a\u00e7\u0131lm\u0131\u015ft\u0131. Daha sonra davay\u0131 yetkili oldu\u011funu \u00f6ne s\u00fcrerek Erzurum \u00d6zel Yetkili Cumhuriyet Savc\u0131s\u0131 Osman \u015eahin ald\u0131.<\/p>\n<p style=\"text-align: justify;\">\u0130ddianameyi haz\u0131rlayan Osman \u015eahin 235 \u015f\u00fcpheliyle ald\u0131\u011f\u0131 dosyay\u0131 16 san\u0131kla s\u0131n\u0131rland\u0131r\u0131nca \u2018s\u00fcmenalt\u0131\u2019 iddialar\u0131 g\u00fcndeme gelmi\u015fti. Erzincan Ba\u015fsavc\u0131s\u0131 \u0130lhan Cihaner de Osman \u015eahin\u2019i, yetkisini a\u015f\u0131p dosyay\u0131 el koymakla su\u00e7layarak H\u00e2kimler Savc\u0131lar Y\u00fcksek Kurulu\u2019na (HSYK) \u015fik\u00e2yet etti ve Adalet Bakanl\u0131\u011f\u0131\u2019ndan soru\u015fturma izni istedi.<\/p>\n<p style=\"text-align: justify;\">Dokuzu tutuklu 16 san\u0131k hakk\u0131nda, \u2018Anayasal d\u00fczeni kald\u0131rmaya te\u015febb\u00fcs ve kanuna ayk\u0131r\u0131 e\u011fitim kurumu a\u00e7ma\u2019 su\u00e7lar\u0131ndan dava a\u00e7\u0131ld\u0131. \u0130lk duru\u015fmas\u0131 Erzurum 2. A\u011f\u0131r Ceza Mahkemesi\u2019nde bug\u00fcn g\u00f6r\u00fclecek davan\u0131n iddianamesiyle bir skandal daha patlad\u0131.<\/p>\n<p style=\"text-align: justify;\"><strong><em>Gizli tan\u0131k de\u015fifre edildi <\/em><\/strong><\/p>\n<p style=\"text-align: justify;\">Erzincan Cumhuriyet Ba\u015fsavc\u0131s\u0131\u2019n\u0131n HSYK\u2019ye \u015fik\u00e2yet etti\u011fi Erzurum Savc\u0131s\u0131 Osman \u015eahin iddianamede, dosyan\u0131n tek tan\u0131\u011f\u0131 olan gizli tan\u0131\u011f\u0131n kimli\u011fini, annesinin ad\u0131n\u0131 vererek de\u015fifre etti.<\/p>\n<p style=\"text-align: justify;\">\u0130ddias\u0131na g\u00f6re, gen\u00e7 bir kad\u0131n olan gizli tan\u0131k, Erzincan\u2019da Diyanet \u0130\u015fleri\u2019ne ba\u011fl\u0131 Yeni Mahalle Kuran Kursu\u2019nda devam ederken, cemaate kat\u0131lan arkada\u015flar\u0131na \u2018ilgi duydu\u011fu ve m\u00fctevaz\u0131l\u0131klar\u0131na \u00f6zendi\u011fi\u2019 i\u00e7in aralar\u0131na girdi. Gizli tan\u0131\u011f\u0131n, iddianamede yer verilen anlat\u0131mlar\u0131 \u015f\u00f6yle:<\/p>\n<p style=\"text-align: justify;\"><strong><em>Perde arkas\u0131nda Tan\u0131\u015fma : <\/em><\/strong>\u201c\u0130smaila\u011fa ile tan\u0131\u015fmam 2001-2002\u2019ye denk geliyor. Yeni Mahalledeki Kuran Kursu\u2019nda hocal\u0131k yapan M.\u00d6., bana ilgi g\u00f6sterdi. Beni Ahmet Bahad\u0131r Alt\u0131nel (Tutuklu san\u0131k) ile tan\u0131\u015ft\u0131r\u0131p \u00e7ok de\u011ferli hoca oldu\u011funu s\u00f6yledi. Aram\u0131zda perde oldu\u011fu i\u00e7in y\u00fcz\u00fcn\u00fc g\u00f6rememi\u015ftim.<\/p>\n<p style=\"text-align: justify;\"><strong><em>Tan\u0131mad\u0131\u011f\u0131m Ki\u015fiyle Evlendirildim :<\/em><\/strong> Kendilerinin g\u00f6sterdi\u011fi biriyle evlenirsem ailemin bask\u0131 yapamayaca\u011f\u0131n\u0131 s\u00f6ylediler. Alt\u0131nel\u2019in evinde, evlenece\u011fim ki\u015fiyi g\u00f6sterdiler. \u015eah\u0131stan ho\u015flanmay\u0131p istemedi\u011fimi beyan ettiysem de \u2018nik\u00e2hta keramet var\u2019 diyerek, aileden kurtulman\u0131n yolu olarak g\u00f6sterildi\u011fi i\u00e7in raz\u0131 oldum.<\/p>\n<p style=\"text-align: justify;\"><strong><em>Gizli Kursta Dini E\u011fitim :<\/em><\/strong> Beni M.A.\u2019n\u0131n i\u015fletti\u011fi, Alt\u0131nel\u2019in sorumlulu\u011fundaki gizli e\u011fitim verilen kursa g\u00f6t\u00fcrd\u00fcler. Bu yer Bah\u00e7elievler\u2019de, d\u0131\u015far\u0131dan apartman gibiydi. Evde bulundu\u011fum m\u00fcddet\u00e7e pencereye \u00e7\u0131kmama ve telefon etmeme izin vermediler. Ne zaman a\u011flay\u0131p pi\u015fman oldu\u011fumu s\u00f6ylediysem, \u2018Hele dur, b\u00fcy\u00fck sevaba girdin, her \u015fey g\u00fczel olacak\u2019 diyerek engellediler. Bina, d\u0131\u015far\u0131dan apartman gibi g\u00f6r\u00fcnen ancak i\u00e7erisi hem yat\u0131l\u0131 kal\u0131nabilecek hem g\u00fcnd\u00fcz gelinebilecek \u015fekildeydi. Yer minderleriyle donat\u0131lm\u0131\u015ft\u0131. De\u011fi\u015fik ya\u015f gruplar\u0131ndan 12 ki\u015fi vard\u0131.<\/p>\n<p style=\"text-align: justify;\"><strong><em>\u0130ki ay eve kapat\u0131ld\u0131 <\/em><\/strong><\/p>\n<p style=\"text-align: justify;\"><strong><em>Yeni \u0130sim Verdiler<\/em><\/strong> : Eve geldi\u011fim andan itibaren ismimi kullanmay\u0131p yeni bir isim verdiler. \u0130ki ay d\u0131\u015far\u0131 \u00e7\u0131kmadan evde tutuldum. \u00d6nceleri \u00e7ok a\u011flay\u0131p pi\u015fmanl\u0131\u011f\u0131m\u0131 bildirdiysem de sonra uyum sa\u011flad\u0131m. Beni \u0130stanbul\u2019a g\u00f6nderdiler.<\/p>\n<p style=\"text-align: justify;\"><strong><em>Mahmut Hoca \u0130le Tan\u0131\u015fma<\/em><\/strong> : Orada perde arkas\u0131nda beni Mahmut Ustuosmano\u011flu ile tan\u0131\u015ft\u0131rd\u0131lar. Benimle ilgili, \u2018Herkes kar\u015f\u0131ma gelemez, seni r\u00fcyamda g\u00f6rd\u00fcm\u2019 dedi. Bana, \u0130smaila\u011fa Camii\u2019nde s\u00f6ylediklerine g\u00f6re de\u011ferli bir kad\u0131n hoca \u00e7ar\u015faf giydirdi. Bir hafta sonra \u00e7ar\u015fafla Erzincan\u2019a d\u00f6nd\u00fcm. \u0130stanbul Fatih\u2019te 4-5 ya\u015f\u0131ndaki k\u0131z \u00e7ocuklar\u0131n\u0131n rubadan elbise giydikleri okul donan\u0131m\u0131nda kalabal\u0131k yerler g\u00f6rd\u00fcm.<\/p>\n<p style=\"text-align: justify;\"><strong><em>Namaz K\u0131lmayan E\u015fe Dayak Hakt\u0131r<\/em><\/strong> : Tan\u0131may\u0131p benimsemedi\u011fim ki\u015fiyle evlendirdikleri i\u00e7in huzursuz bir ya\u015fam s\u00fcrmeye ba\u015flad\u0131m. Bunu M. Hoca\u2019ya s\u00f6yledi\u011fim zaman \u2018Sen asi oldun\u2019 diye beni su\u00e7lad\u0131. \u00c7ocuk yaparsak mutlu olaca\u011f\u0131m\u0131 s\u00f6yledi, bir y\u0131l sonra \u00e7ocu\u011fum oldu. Halen bu evlilik devam etmektedir. Evlilikte s\u00fcrekli nedenli nedensiz \u015fiddet g\u00f6rd\u00fcm. Kimsenin olmad\u0131\u011f\u0131 bir anda bile ba\u015f\u00f6rt\u00fcm a\u00e7\u0131lsa \u015fiddet uygulanmaktad\u0131r. Bo\u015fansam bile bu \u015fekilde ya\u015famam gerekti\u011fini, aksi takdirde kafam\u0131 koparaca\u011f\u0131n\u0131 s\u00f6ylemektedir. E\u015fimin beni d\u00f6vd\u00fc\u011f\u00fcnde dini gerek\u00e7elerle, hakl\u0131 oldu\u011funu s\u00f6yl\u00fcyorlard\u0131. Mesela kad\u0131n namaz k\u0131lmazsa, kocas\u0131 \u00e7a\u011f\u0131rd\u0131\u011f\u0131nda yata\u011fa girmezse, erke\u011fin d\u00f6vebilece\u011fini s\u00f6yl\u00fcyorlard\u0131.<\/p>\n<p style=\"text-align: justify;\"><strong><em>Atat\u00fcrk , Kafir Bir Toplum Kurdu <\/em><\/strong>: Ben cemaat mensuplar\u0131 taraf\u0131ndan birka\u00e7 kez e\u011fitime tabi tutuldum. Bu derslerin i\u00e7eri\u011fi Arap\u00e7a dersler, m\u0131zrakl\u0131 ilmihal, Mahmut Ustaosmano\u011flu\u2019na ait birtak\u0131m yaz\u0131lard\u0131. Atat\u00fcrk\u2019\u00fcn kafir bir toplum kurdu\u011funu, herkesi a\u00e7\u0131p sa\u00e7t\u0131\u011f\u0131n\u0131, topra\u011f\u0131n bile Atat\u00fcrk\u2019\u00fc kabul etmeyip d\u0131\u015far\u0131 att\u0131\u011f\u0131 i\u00e7in betonla kaplad\u0131klar\u0131n\u0131 anlat\u0131yorlard\u0131. Hatta resmi diyanet kursunda bile M. hoca Atat\u00fcrk\u2019\u00fcn foto\u011fraflar\u0131n\u0131 ya ters \u00e7eviriyor ya da \u00fcst\u00fcn\u00fc \u00f6rt\u00fcyordu.<\/p>\n<p style=\"text-align: center;\"><a title=\"Mahmut Ustaosmano\u011flu da cenazeye kat\u0131ld\u0131.\" href=\"http:\/\/www.korhanyilmaz.com\/wp-content\/uploads\/2009\/10\/fft5_mf259868.Jpeg\"  class=\"lightview\"><img loading=\"lazy\" decoding=\"async\" class=\"aligncenter size-full wp-image-15426\" src=\"http:\/\/www.korhanyilmaz.com\/wp-content\/uploads\/2009\/10\/fft5_mf259868.Jpeg\" alt=\"\" width=\"286\" height=\"360\" \/><\/a><em><span style=\"color: #888888;\">ismaila\u011fa Tarikat\u0131 \u2018son Osmanl\u0131\u2019 Ertu\u011frul Osmano\u011flu\u2019nun cenaze t\u00f6reninde g\u00f6vde g\u00f6sterisi yapt\u0131. Mahmut Ustaosmano\u011flu da cenazeye kat\u0131ld\u0131.<\/span><\/em><\/p>\n<p style=\"text-align: justify;\"><strong><em>\u2018Cihat yap\u0131yoruz\u2019 diyorlar<\/em><\/strong><\/p>\n<p style=\"text-align: justify;\"><strong><em>Aleviler Kafirdir<\/em><\/strong> : Alevi kesime kar\u015f\u0131 \u2018Bunlar kafirdir, pi\u015firdikleri kestikleri yenmez\u2019 diyorlard\u0131. Hocalar cemaate ba\u011fl\u0131 gizli yerlerde \u2018Cihat yap\u0131yoruz\u2019 diyorlard\u0131. E\u011fer hoca olursam, cemaate ne kadar insan kazand\u0131r\u0131rsam maddi manevi o kadar tatmin edeceklerini, hatta kaloriferli ev alacaklar\u0131n\u0131 s\u00f6yl\u00fcyorlard\u0131.<\/p>\n<p style=\"text-align: justify;\"><strong><em>K\u0131z \u00c7ocuklar\u0131 Okutulmuyor<\/em><\/strong> : Cemaat evlerinde televizyon yasak. K\u0131zlar okutulmaz. Alt\u0131nel \u00e7ocuklar\u0131n\u0131 okula g\u00f6ndermemi\u015f. Ama nas\u0131lsa \u00e7ocuklar\u0131na diploma alm\u0131\u015f. Yine k\u0131z \u00e7ocuklar\u0131n\u0131n \u00e7ar\u015faf giymeleri gerekti\u011fi, erkeklerinse sakal b\u0131rakmalar\u0131, \u015falvar girmeleri gerekti\u011fini s\u00f6yl\u00fcyorlar.<\/p>\n<p style=\"text-align: justify;\"><strong><em>E\u015fim Beni \u00d6ld\u00fcr\u00fcr<\/em><\/strong> : Benim g\u00f6sterdi\u011fim cesareti bir\u00e7ok kimse g\u00f6steremez. Bu ifadeyi verdi\u011fim anla\u015f\u0131lsa e\u015fim beni \u00f6ld\u00fcr\u00fcr. Dine ayk\u0131r\u0131 bir s\u00fcr\u00fc u\u00e7 \u015feyi kabullenebiliyorlar. \u00c7o\u011fu \u00e7ok e\u015fli.<\/p>\n<p style=\"text-align: justify;\"><strong><em>Ya\u015fam\u0131m\u0131 \u00c7ald\u0131lar<\/em><\/strong> : Cemaate kat\u0131ld\u0131\u011f\u0131mdan bu yana adeta ya\u015fam\u0131m\u0131 \u00e7ald\u0131lar. Bir cehennem hayat\u0131 ya\u015fad\u0131m. Bunun b\u00fcy\u00fck bir su\u00e7 oldu\u011funu d\u00fc\u015f\u00fcn\u00fcyorum.<\/p>\n<p style=\"text-align: justify;\"><strong><em>Su\u00e7lama<\/em><\/strong> : Anayasal d\u00fczeni kald\u0131rmak<\/p>\n<p style=\"text-align: justify;\">\u0130smaila\u011fa Cemaati soru\u015fturmas\u0131 Erzincan Cumhuriyet Ba\u015fsavc\u0131s\u0131 \u0130lhan Cihaner taraf\u0131ndan iki y\u0131l \u00f6nce ba\u015flat\u0131ld\u0131. \u0130ddiaya g\u00f6re, cemaate ba\u011fl\u0131 Medine Vakf\u0131\u2019n\u0131n kentte ve baz\u0131 il\u00e7elerdeki evlerinde \u00e7ocuklara yat\u0131l\u0131 dini e\u011fitim veriliyordu. Hemen dinleme karar\u0131 al\u0131nd\u0131.<\/p>\n<p style=\"text-align: justify;\">Edinilen bilgilere g\u00f6re cemaat, \u00e7ok say\u0131da kent ve il\u00e7ede a\u00e7t\u0131\u011f\u0131 \u00e7e\u015fitli dernek ve vak\u0131f b\u00fcnyesinde kurs kurmu\u015f, dini e\u011fitim veriyordu.<\/p>\n<p style=\"text-align: justify;\">Ba\u015fsavc\u0131l\u0131k, 16 kentte operasyon yaparak aralar\u0131nda cemaat lideri Mahmut Ustaosmano\u011flu ile C\u00fcppeli Ahmet diye bilinen Ahmet Mahmut \u00dcnl\u00fc\u2019n\u00fcn de aralar\u0131nda bulundu\u011fu 69 \u015f\u00fcpheliyi g\u00f6zalt\u0131na almaya haz\u0131rlan\u0131yordu ki, \u00d6zel Yetkili Erzurum Cumhuriyet Ba\u015fsavc\u0131l\u0131\u011f\u0131 devreye girdi. Erzurum, kendisine ula\u015fan, cemaatin \u2018silahl\u0131\u2019 oldu\u011funu \u00f6ne s\u00fcren \u2018ihbar\u0131\u2019 g\u00f6sterip dosyan\u0131n yetki alan\u0131na girdi\u011fini savundu.<\/p>\n<p style=\"text-align: justify;\">Cihaner\u2019e g\u00f6re, grubun \u2018silahl\u0131\u2019 oldu\u011fu y\u00f6n\u00fcnde bilgi yoktu. \u0130hbar mektubu dosyan\u0131n Erzurum\u2019a g\u00f6nderilmesini isteyen \u015f\u00fcphelilerce g\u00f6nderilmi\u015f olabilirdi.<\/p>\n<p style=\"text-align: justify;\"><strong><em>S\u00fcmenalt\u0131 iddias\u0131<\/em><\/strong><\/p>\n<p style=\"text-align: justify;\">Erzurum savc\u0131l\u0131\u011f\u0131 5 May\u0131s\u2019taki Erzincan Valili\u011fi\u2019ne g\u00f6nderdi\u011fi yaz\u0131da, Erzincan ba\u015fsavc\u0131l\u0131\u011f\u0131n\u0131n g\u00f6revini kald\u0131rd\u0131\u011f\u0131n\u0131 belirterek, ba\u015fsavc\u0131l\u0131\u011f\u0131n emirlerine uyulmamas\u0131n\u0131 istedi. Erzincan Ba\u015fsavc\u0131l\u0131\u011f\u0131 ise 26 May\u0131s\u2019ta valili\u011fe, Erzurum Ba\u015fsavc\u0131l\u0131\u011f\u0131\u2019n\u0131n b\u00f6yle bir yetkisinin bulunmad\u0131\u011f\u0131n\u0131 belirtti. HSYK\u2019ye de \u015fik\u00e2yet etti. Ancak dosya, art\u0131k Erzurum\u2019dayd\u0131.<\/p>\n<p style=\"text-align: justify;\">Erzincan savc\u0131l\u0131\u011f\u0131 soru\u015fturmas\u0131nda 235 \u015f\u00fcpheli vard\u0131. Ancak Erzurum\u2019da 16 ki\u015fi hakk\u0131nda \u201cAnayasal d\u00fczeni kald\u0131rmaya te\u015febb\u00fcs ve kanuna ayk\u0131r\u0131 e\u011fitim kurumu a\u00e7ma\u201d su\u00e7lar\u0131ndan dava a\u00e7\u0131ld\u0131. Erzincan Ba\u015fsavc\u0131l\u0131\u011f\u0131\u2019n\u0131n soru\u015fturulmas\u0131n\u0131 istedi\u011fini \u015fu su\u00e7lamalar hakk\u0131nda Erzurum savc\u0131s\u0131 takipsizlik verdi:<\/p>\n<p style=\"text-align: justify;\">Karapara aklama, sahte diploma haz\u0131rlama, cemaatin iste\u011fi do\u011frultusunda Diyanet\u2019in imam atamas\u0131, \u00e7ocuklar\u0131n okula g\u00f6nderilmemesi, bunu engellemek isteyen MEB g\u00f6revlilerini pasifize etme, baz\u0131 polislerin \u015f\u00fcphelileri haberdar etmesi, \u0130BB\u2019nin imara ayk\u0131r\u0131 yap\u0131la\u015fmaya g\u00f6z yummas\u0131, siyasi sebeplerle tayin, sahte se\u00e7men kayd\u0131, ihaleye fesat kar\u0131\u015ft\u0131rma, baz\u0131 belediye ba\u015fkan adaylar\u0131 hakk\u0131nda ses dosyas\u0131 haz\u0131rlama, r\u00fc\u015fvet, iki bakanla ticari \u00e7\u0131kar i\u00e7in g\u00f6r\u00fc\u015fme&#8230;<\/p>\n<p style=\"text-align: justify;\">\u0130smaila\u011fa\u2019n\u0131n yan\u0131 s\u0131ra Fethullah G\u00fclen Cemaati ile ilgili soru\u015fturma a\u00e7an Erzincan Ba\u015fsavc\u0131s\u0131 Cihaner\u2019e iki idari soru\u015fturma a\u00e7\u0131ld\u0131 ve daha sonra telefonlar\u0131n\u0131n dinlendi\u011fi ortaya \u00e7\u0131kt\u0131.<\/p>\n<p style=\"text-align: justify;\"><span style=\"color: #888888;\">Kaynak :\u00a0 \u0130SMA\u0130L SAYMAZ \/ <a href=\"http:\/\/www.radikal.com.tr\/Radikal.aspx?aType=RadikalDetay&amp;ArticleID=957064&amp;Date=01.10.2009&amp;CategoryID=77\" target=\"_blank\">Radikal<\/a><\/span><\/p>\n","protected":false},"excerpt":{"rendered":"<p style=\"text-align: center;\">\n<p style=\"text-align: justify;\">Tarikattaki kad\u0131n anlatt\u0131: Ya\u015fam\u0131m\u0131 \u00e7ald\u0131lar<\/p>\n<p style=\"text-align: justify;\">\u0130smaila\u011fa tarikat\u0131n\u0131 bir kad\u0131n gizli tan\u0131k olarak anlatt\u0131: Zorla evlendirdiler. Kocam ba\u015f ba\u015fayken ba\u015f\u00f6rt\u00fcm a\u00e7\u0131l\u0131nca d\u00f6vd\u00fc. TV, telefon, pencereden bakmak yasakt\u0131.<\/p>\n<p style=\"text-align: justify;\">Tart\u0131\u015fmalara konu olan ve Erzincan ve Erzurum savc\u0131lar\u0131n\u0131 kar\u015f\u0131 kar\u015f\u0131ya getiren \u0130smaila\u011fa cemaati davas\u0131nda gizli bir tan\u0131k kad\u0131n tarikat\u0131n ya\u015fam\u0131n\u0131 <\/p>\n","protected":false},"author":1,"featured_media":0,"comment_status":"open","ping_status":"closed","sticky":false,"template":"","format":"standard","meta":{"footnotes":""},"categories":[105],"tags":[],"class_list":["post-15409","post","type-post","status-publish","format-standard","hentry","category-gundem","odd"],"_links":{"self":[{"href":"http:\/\/www.korhanyilmaz.com\/index.php?rest_route=\/wp\/v2\/posts\/15409","targetHints":{"allow":["GET"]}}],"collection":[{"href":"http:\/\/www.korhanyilmaz.com\/index.php?rest_route=\/wp\/v2\/posts"}],"about":[{"href":"http:\/\/www.korhanyilmaz.com\/index.php?rest_route=\/wp\/v2\/types\/post"}],"author":[{"embeddable":true,"href":"http:\/\/www.korhanyilmaz.com\/index.php?rest_route=\/wp\/v2\/users\/1"}],"replies":[{"embeddable":true,"href":"http:\/\/www.korhanyilmaz.com\/index.php?rest_route=%2Fwp%2Fv2%2Fcomments&post=15409"}],"version-history":[{"count":0,"href":"http:\/\/www.korhanyilmaz.com\/index.php?rest_route=\/wp\/v2\/posts\/15409\/revisions"}],"wp:attachment":[{"href":"http:\/\/www.korhanyilmaz.com\/index.php?rest_route=%2Fwp%2Fv2%2Fmedia&parent=15409"}],"wp:term":[{"taxonomy":"category","embeddable":true,"href":"http:\/\/www.korhanyilmaz.com\/index.php?rest_route=%2Fwp%2Fv2%2Fcategories&post=15409"},{"taxonomy":"post_tag","embeddable":true,"href":"http:\/\/www.korhanyilmaz.com\/index.php?rest_route=%2Fwp%2Fv2%2Ftags&post=15409"}],"curies":[{"name":"wp","href":"https:\/\/api.w.org\/{rel}","templated":true}]}}