{"id":15400,"date":"2009-09-30T21:48:14","date_gmt":"2009-09-30T18:48:14","guid":{"rendered":"http:\/\/www.korhanyilmaz.com\/?p=15400"},"modified":"2009-09-30T21:48:14","modified_gmt":"2009-09-30T18:48:14","slug":"kktcdeki-yeni-asgari-ucret-1237-lira","status":"publish","type":"post","link":"http:\/\/www.korhanyilmaz.com\/?p=15400","title":{"rendered":"KKTC&#8217;deki yeni asgari \u00fccret 1237 lira"},"content":{"rendered":"<p style=\"text-align: justify;\"><a href=\"http:\/\/www.korhanyilmaz.com\/wp-content\/uploads\/2009\/10\/TALAT.jpg\"  class=\"lightview\"><img loading=\"lazy\" decoding=\"async\" class=\"size-full wp-image-15401 alignleft\" style=\"margin: 0px 10px;\" src=\"http:\/\/www.korhanyilmaz.com\/wp-content\/uploads\/2009\/10\/TALAT.jpg\" alt=\"\" width=\"175\" height=\"176\" \/><\/a>KKTC&#8217;de asgari \u00fccret 1190 liradan 1237 liraya \u00e7\u0131kar\u0131ld\u0131.<\/p>\n<p style=\"text-align: justify;\">KKTC Asgari \u00dccret Tespit Komisyonu, KKTC \u00c7al\u0131\u015fma ve Sosyal G\u00fcvenlik Bakan\u0131 T\u00fcrkay Tokel&#8217;in de kat\u0131ld\u0131\u011f\u0131 toplant\u0131da, yeni asgari \u00fccreti, h\u00fck\u00fcmet, i\u015fveren ve i\u015f\u00e7i kesimlerinin tesmilcilerinin oybirli\u011fiyle ve 47 liral\u0131k art\u0131\u015fla ayl\u0131k 1237 lira olarak belirledi.<\/p>\n<p style=\"text-align: justify;\">T\u00fcrkay Tokel, toplant\u0131dan sonra yapt\u0131\u011f\u0131 a\u00e7\u0131klamada, zor bir d\u00f6nemden ge\u00e7ildi\u011fine i\u015faret ederek, g\u00f6n\u00fcllerden farkl\u0131 farkl\u0131 rakamlar ge\u00e7se de yeni asgari \u00fccretin oybirli\u011fiyle belirlenmesi nedeniyle i\u015f\u00e7i ve i\u015fveren temsilcilerine te\u015fekk\u00fcr etti.<\/p>\n<p style=\"text-align: justify;\">Tokel, yeni asgari \u00fccretin ayl\u0131k 1237, haftal\u0131k 283, g\u00fcnl\u00fck 57 ve saatlik 7 lira olarak belirlendi\u011fini, bu rakamlar\u0131n k\u00fcs\u00fcratlar\u0131 olabilece\u011fini kaydetti. <!--more--><\/p>\n<p style=\"text-align: justify;\">Hi\u00e7bir h\u00fck\u00fcmetin se\u00e7imden 100 g\u00fcn sonra ac\u0131 veren \u00f6nlemler almay\u0131 istemedi\u011fini ifade eden Tokel, 6 ayl\u0131k bir b\u00fct\u00e7e bulduklar\u0131n\u0131 bu nedenle e\u015fel-mobil uygulamas\u0131n\u0131 2 aydan 6 aya \u00e7\u0131kard\u0131klar\u0131n\u0131, 2009 y\u0131l\u0131 sonuna dek istihdamlar\u0131 durdurduklar\u0131n\u0131, ek \u00e7al\u0131\u015fma konusunda \u00f6nlem ald\u0131klar\u0131n\u0131 hat\u0131rlatt\u0131.<\/p>\n<p style=\"text-align: justify;\">Tokel, birlikte \u00f6zveride bulunup birlikte karar al\u0131nmad\u0131\u011f\u0131 s\u00fcrece d\u00fcze \u00e7\u0131kman\u0131n m\u00fcmk\u00fcn olmad\u0131\u011f\u0131n\u0131 belirterek, oybirli\u011finin birlikte \u00f6zveride bulunup birlikte karar almaya \u00f6rnek olu\u015fturdu\u011funu s\u00f6yledi.<\/p>\n<p style=\"text-align: justify;\">\u0130\u015f\u00e7i taraf\u0131n\u0131n temsilcisi olan H\u00fcr-\u0130\u015f Genel Ba\u015fkan\u0131 Yakup Latifo\u011flu da masaya ayl\u0131k 1350 lira \u00f6nerisini getirdiklerini, ancak buna onay alman\u0131n m\u00fcmk\u00fcn olmad\u0131\u011f\u0131n\u0131 ifade ederek, kendilerini tatmin etmese de 1 y\u0131lda olu\u015fan hayat pahal\u0131l\u0131\u011f\u0131na yak\u0131n art\u0131\u015f getiren 1237 rakam\u0131na onay verdiklerini bildirdi.<\/p>\n<p style=\"text-align: justify;\">KKTC \u0130\u015fverenler Sendikas\u0131 Ba\u015fkan\u0131 Hasan Sungur ise i\u015f\u00e7i taraf\u0131na te\u015fekk\u00fcr ederek, i\u015fverenler olarak masaya &#8220;asgari \u00fccret artmas\u0131n&#8221; arg\u00fcman\u0131yla gelmediklerini, s\u00f6yledikleri tek \u015feyin &#8220;\u00f6zellikle 2002 y\u0131l\u0131ndan itibaren asgari \u00fccretin kabarmamas\u0131, gerekti\u011fi kadar kabard\u0131\u011f\u0131&#8221; oldu\u011funu belirterek, bundan dolay\u0131 yanl\u0131\u015f anla\u015f\u0131ld\u0131klar\u0131n\u0131 dile getirdi.<\/p>\n<p style=\"text-align: justify;\">Sungur, i\u015f\u00e7ilerin s\u0131k\u0131nt\u0131 ya\u015fad\u0131klar\u0131n\u0131, ancak i\u015fverenlerin de her ge\u00e7en g\u00fcn a\u011f\u0131rla\u015fan s\u0131k\u0131nt\u0131lar ya\u015fad\u0131klar\u0131n\u0131 vurgulayarak, art\u0131\u015f\u0131n ancak t\u00fcm olanaklar zorlanarak yap\u0131ld\u0131\u011f\u0131n\u0131 bildirdi.<\/p>\n<p style=\"text-align: justify;\">Yeni asgari \u00fccret, Resmi Gazete&#8217;de yay\u0131mland\u0131ktan ve itiraz s\u00fcresi dolduktan sonra y\u00fcr\u00fcrl\u00fc\u011fe girecek.<\/p>\n<p style=\"text-align: justify;\"><span style=\"color: #888888;\">CNN T\u00dcRK<\/span><\/p>\n","protected":false},"excerpt":{"rendered":"<p style=\"text-align: justify;\">KKTC&#8217;de asgari \u00fccret 1190 liradan 1237 liraya \u00e7\u0131kar\u0131ld\u0131.<\/p>\n<p style=\"text-align: justify;\">KKTC Asgari \u00dccret Tespit Komisyonu, KKTC \u00c7al\u0131\u015fma ve Sosyal G\u00fcvenlik Bakan\u0131 T\u00fcrkay Tokel&#8217;in de kat\u0131ld\u0131\u011f\u0131 toplant\u0131da, yeni asgari \u00fccreti, h\u00fck\u00fcmet, i\u015fveren ve i\u015f\u00e7i kesimlerinin tesmilcilerinin oybirli\u011fiyle ve 47 liral\u0131k art\u0131\u015fla ayl\u0131k 1237 lira olarak belirledi.<\/p>\n<p style=\"text-align: justify;\">T\u00fcrkay Tokel, toplant\u0131dan sonra yapt\u0131\u011f\u0131 a\u00e7\u0131klamada, <\/p>\n","protected":false},"author":1,"featured_media":0,"comment_status":"open","ping_status":"closed","sticky":false,"template":"","format":"standard","meta":{"footnotes":""},"categories":[7],"tags":[],"class_list":["post-15400","post","type-post","status-publish","format-standard","hentry","category-ekonomi","odd"],"_links":{"self":[{"href":"http:\/\/www.korhanyilmaz.com\/index.php?rest_route=\/wp\/v2\/posts\/15400","targetHints":{"allow":["GET"]}}],"collection":[{"href":"http:\/\/www.korhanyilmaz.com\/index.php?rest_route=\/wp\/v2\/posts"}],"about":[{"href":"http:\/\/www.korhanyilmaz.com\/index.php?rest_route=\/wp\/v2\/types\/post"}],"author":[{"embeddable":true,"href":"http:\/\/www.korhanyilmaz.com\/index.php?rest_route=\/wp\/v2\/users\/1"}],"replies":[{"embeddable":true,"href":"http:\/\/www.korhanyilmaz.com\/index.php?rest_route=%2Fwp%2Fv2%2Fcomments&post=15400"}],"version-history":[{"count":0,"href":"http:\/\/www.korhanyilmaz.com\/index.php?rest_route=\/wp\/v2\/posts\/15400\/revisions"}],"wp:attachment":[{"href":"http:\/\/www.korhanyilmaz.com\/index.php?rest_route=%2Fwp%2Fv2%2Fmedia&parent=15400"}],"wp:term":[{"taxonomy":"category","embeddable":true,"href":"http:\/\/www.korhanyilmaz.com\/index.php?rest_route=%2Fwp%2Fv2%2Fcategories&post=15400"},{"taxonomy":"post_tag","embeddable":true,"href":"http:\/\/www.korhanyilmaz.com\/index.php?rest_route=%2Fwp%2Fv2%2Ftags&post=15400"}],"curies":[{"name":"wp","href":"https:\/\/api.w.org\/{rel}","templated":true}]}}