{"id":15391,"date":"2009-09-30T18:02:57","date_gmt":"2009-09-30T15:02:57","guid":{"rendered":"http:\/\/www.korhanyilmaz.com\/?p=15391"},"modified":"2009-09-30T18:02:57","modified_gmt":"2009-09-30T15:02:57","slug":"titden-aydinlara-tehdit","status":"publish","type":"post","link":"http:\/\/www.korhanyilmaz.com\/?p=15391","title":{"rendered":"T\u0130T&#039;den ayd\u0131nlara tehdit"},"content":{"rendered":"<p style=\"text-align: center;\"><a href=\"http:\/\/www.korhanyilmaz.com\/wp-content\/uploads\/2009\/10\/baskinoran2.jpg\"  class=\"lightview\"><img loading=\"lazy\" decoding=\"async\" class=\"aligncenter size-full wp-image-15392\" src=\"http:\/\/www.korhanyilmaz.com\/wp-content\/uploads\/2009\/10\/baskinoran2.jpg\" alt=\"\" width=\"320\" height=\"240\" \/><\/a><\/p>\n<p style=\"text-align: justify;\">&#8216;Bask\u0131n Oran\u2019\u0131n imhas\u0131 i\u00e7in 3 T\u00fcrk\u00e7\u00fc \u015fehir sava\u015f\u00e7\u0131s\u0131, komutan\u0131m\u0131z Ats\u0131z taraf\u0131ndan g\u00f6revlendirildi.&#8217;<\/p>\n<p style=\"text-align: justify;\">&#8220;Say\u0131n \u0130lker Ba\u015fbu\u011f pa\u015fam\u0131z\u0131n Mardin\u2019in Nusaybin \u0130l\u00e7esinde S\u0131n\u0131rtepe karakolunda yapt\u0131\u011f\u0131 a\u00e7\u0131klamalar\u0131 gerek\u00e7e g\u00f6stererek, T\u00fcrk Silahl\u0131 Kuvvetleri\u2019ni y\u0131pratma giri\u015fimleriniz sonu\u00e7suz kalacakt\u0131r&#8221; denildi\u011fi tehdit mektubunda, Ba\u015fbu\u011f hakk\u0131nda su\u00e7 duyurusunda bulunan ayd\u0131nlara, &#8220;\u0130stanbul Cumhuriyet Savc\u0131l\u0131\u011f\u0131na sundu\u011funuz su\u00e7 duyurusu ile idam fermanlar\u0131n\u0131z\u0131 kendi ellerinizle imzalam\u0131\u015f bulunmaktas\u0131n\u0131z&#8221; denildi. <!--more--><\/p>\n<p style=\"text-align: justify;\">Gazeteport&#8217;un haberine g\u00f6re tehdit mektubunda \u015fu ifadeler kullan\u0131ld\u0131:<\/p>\n<p style=\"text-align: justify;\">&#8220;Kutsal T\u00fcrk Devleti\u2019ni var eden y\u00fcce T\u00fcrk Irk\u0131\u2019n\u0131n ya\u015fama g\u00fcvencesi ve teminat\u0131 olan, T\u00fcrk Silahl\u0131 Kuvvetleri\u2019ne her f\u0131rsatta kinlerini ve nefretlerini kusarak cephe alan Ufuk Uras, Bask\u0131n Oran, Cengiz Algan, Ahmet \u0130nsel, Mebuse Tekay, Oya Baydar, Ayd\u0131n Engin, Mithat Sancar, Sezgin Tanr\u0131kulu, T\u00fcrk Irk\u0131\u2019na ve ordusuna kar\u015f\u0131 a\u00e7\u0131ktan bayrak a\u00e7man\u0131z gaflet dalalet ve ihanet g\u00f6stergesidir!<\/p>\n<p style=\"text-align: justify;\">Say\u0131n \u0130lker Ba\u015fbu\u011f pa\u015fam\u0131z\u0131n Mardin\u2019in Nusaybin \u0130l\u00e7esinde S\u0131n\u0131rtepe karakolunda yapt\u0131\u011f\u0131 a\u00e7\u0131klamalar\u0131 gerek\u00e7e g\u00f6stererek, T\u00fcrk Silahl\u0131 Kuvvetleri\u2019ni y\u0131pratma giri\u015fimleriniz sonu\u00e7suz kalacakt\u0131r!<\/p>\n<p style=\"text-align: justify;\">\u0130stanbul Cumhuriyet Savc\u0131l\u0131\u011f\u0131na sundu\u011funuz su\u00e7 duyurusu ile idam fermanlar\u0131n\u0131z\u0131 kendi ellerinizle imzalam\u0131\u015f bulunmaktas\u0131n\u0131z. S\u00f6zde ayd\u0131n T\u00fcrk d\u00fc\u015fman\u0131 Bask\u0131n Oran bir s\u00fcre \u00f6nce T\u00fcrk \u0130ntikam Birli\u011fi Te\u015fkilat\u0131 taraf\u0131ndan uyar\u0131larak Bask\u0131n Oran\u2019\u0131n imhas\u0131 i\u00e7in 3 T\u00fcrk\u00e7\u00fc \u015fehir sava\u015f\u00e7\u0131s\u0131, komutan\u0131m\u0131z Sava\u015fan Ats\u0131z taraf\u0131ndan g\u00f6revlendirildi. Bu ba\u011flamda T\u00fcrk\u00e7\u00fc timlerimiz gelecekte yer ve iz tespiti sonucunda gereken ad\u0131mlar at\u0131larak imha harekat\u0131 ba\u015far\u0131ya ula\u015ft\u0131r\u0131lacakt\u0131r. Bask\u0131n Oran i\u00e7in \u00e7ember daralm\u0131\u015ft\u0131r!<\/p>\n<p style=\"text-align: justify;\">Son geli\u015fmeler \u0131\u015f\u0131\u011f\u0131nda, Ufuk Uras, Bask\u0131n Oran, Cengiz Algan, Ahmet \u0130nsel, Mebuse Tekay, Oya Baydar, Ayd\u0131n Engin, Mithat Sancar, Sezgin Tanr\u0131kulu, T\u00fcrk \u0130ntikam Birli\u011fi Te\u015fkilat\u0131\u2019n\u0131n kara listesinin \u00fcst s\u0131ras\u0131na, komutan\u0131m\u0131z Sava\u015fan Ats\u0131z\u2019\u0131n talimat\u0131 ile al\u0131nm\u0131\u015ft\u0131r.<\/p>\n<p style=\"text-align: justify;\">T\u00fcrk \u0130ntikam Birli\u011fi Te\u015fkilat\u0131\u2019n\u0131n kara listesinde yer alan imha edilmesi gereken \u00f6ncelikli T\u00fcrk d\u00fc\u015fmanlar\u0131\u2019n\u0131n artmas\u0131 sonucu, ad\u0131 ge\u00e7en T\u00fcrk d\u00fc\u015fmanlar\u0131\u2019n\u0131n imhas\u0131 i\u00e7in 27 T\u00fcrk\u00e7\u00fc \u015fehir sava\u015f\u00e7\u0131s\u0131, komutan\u0131m\u0131z Sava\u015fan Ats\u0131z taraf\u0131ndan g\u00f6revlendirilmi\u015ftir.<\/p>\n<p style=\"text-align: justify;\">T\u00fcrk Irk\u0131\u2019na ve T\u00fcrk Silahl\u0131 Kuvvetleri\u2019ne yap\u0131lan her sald\u0131r\u0131 \u015fiddetle kar\u015f\u0131l\u0131\u011f\u0131n\u0131 bulacakt\u0131r!<\/p>\n<p style=\"text-align: justify;\">Ya\u015fas\u0131n Irk\u00e7\u0131 T\u00fcrk\u00e7\u00fc direni\u015f hareketi, T\u0130BT \/ T\u00fcrk \u0130ntikam Birli\u011fi Te\u015fkilat\u0131<\/p>\n<p style=\"text-align: justify;\">Ya\u015fas\u0131n T\u00fcrk\u00e7\u00fc komutan\u0131m\u0131z Sava\u015fan Ats\u0131z ve T\u00fcrk\u00e7\u00fc \u015fehir sava\u015f\u00e7\u0131lar\u0131<\/p>\n<p style=\"text-align: justify;\">Ya T\u00fcrk\u00e7\u00fc Devrim, Ya \u00d6l\u00fcm!&#8221;<\/p>\n<p style=\"text-align: justify;\"><a href=\"http:\/\/haber.gazetevatan.com\/TITden_aydinlara_tehdit\/262052\/1\/Gundem\" target=\"_blank\"><span style=\"color: #888888;\">Kaynak : Vatan<\/span><\/a><\/p>\n","protected":false},"excerpt":{"rendered":"<p style=\"text-align: center;\">\n<p style=\"text-align: justify;\">&#8216;Bask\u0131n Oran\u2019\u0131n imhas\u0131 i\u00e7in 3 T\u00fcrk\u00e7\u00fc \u015fehir sava\u015f\u00e7\u0131s\u0131, komutan\u0131m\u0131z Ats\u0131z taraf\u0131ndan g\u00f6revlendirildi.&#8217;<\/p>\n<p style=\"text-align: justify;\">&#8220;Say\u0131n \u0130lker Ba\u015fbu\u011f pa\u015fam\u0131z\u0131n Mardin\u2019in Nusaybin \u0130l\u00e7esinde S\u0131n\u0131rtepe karakolunda yapt\u0131\u011f\u0131 a\u00e7\u0131klamalar\u0131 gerek\u00e7e g\u00f6stererek, T\u00fcrk Silahl\u0131 Kuvvetleri\u2019ni y\u0131pratma giri\u015fimleriniz sonu\u00e7suz kalacakt\u0131r&#8221; denildi\u011fi tehdit mektubunda, Ba\u015fbu\u011f hakk\u0131nda su\u00e7 duyurusunda bulunan ayd\u0131nlara, &#8220;\u0130stanbul Cumhuriyet Savc\u0131l\u0131\u011f\u0131na sundu\u011funuz su\u00e7 duyurusu ile <\/p>\n","protected":false},"author":1,"featured_media":0,"comment_status":"open","ping_status":"closed","sticky":false,"template":"","format":"standard","meta":{"footnotes":""},"categories":[105],"tags":[],"class_list":["post-15391","post","type-post","status-publish","format-standard","hentry","category-gundem","odd"],"_links":{"self":[{"href":"http:\/\/www.korhanyilmaz.com\/index.php?rest_route=\/wp\/v2\/posts\/15391","targetHints":{"allow":["GET"]}}],"collection":[{"href":"http:\/\/www.korhanyilmaz.com\/index.php?rest_route=\/wp\/v2\/posts"}],"about":[{"href":"http:\/\/www.korhanyilmaz.com\/index.php?rest_route=\/wp\/v2\/types\/post"}],"author":[{"embeddable":true,"href":"http:\/\/www.korhanyilmaz.com\/index.php?rest_route=\/wp\/v2\/users\/1"}],"replies":[{"embeddable":true,"href":"http:\/\/www.korhanyilmaz.com\/index.php?rest_route=%2Fwp%2Fv2%2Fcomments&post=15391"}],"version-history":[{"count":0,"href":"http:\/\/www.korhanyilmaz.com\/index.php?rest_route=\/wp\/v2\/posts\/15391\/revisions"}],"wp:attachment":[{"href":"http:\/\/www.korhanyilmaz.com\/index.php?rest_route=%2Fwp%2Fv2%2Fmedia&parent=15391"}],"wp:term":[{"taxonomy":"category","embeddable":true,"href":"http:\/\/www.korhanyilmaz.com\/index.php?rest_route=%2Fwp%2Fv2%2Fcategories&post=15391"},{"taxonomy":"post_tag","embeddable":true,"href":"http:\/\/www.korhanyilmaz.com\/index.php?rest_route=%2Fwp%2Fv2%2Ftags&post=15391"}],"curies":[{"name":"wp","href":"https:\/\/api.w.org\/{rel}","templated":true}]}}