{"id":15388,"date":"2009-09-30T11:21:03","date_gmt":"2009-09-30T08:21:03","guid":{"rendered":"http:\/\/www.korhanyilmaz.com\/?p=15388"},"modified":"2009-09-30T11:21:03","modified_gmt":"2009-09-30T08:21:03","slug":"merkel-erdogan%e2%80%99a-%e2%80%98sert-muhalefete-hazir-ol%e2%80%99-dedi","status":"publish","type":"post","link":"http:\/\/www.korhanyilmaz.com\/?p=15388","title":{"rendered":"Merkel, Erdo\u011fan\u2019a \u2018Sert muhalefete haz\u0131r ol\u2019 dedi"},"content":{"rendered":"<p style=\"text-align: center;\"><a href=\"http:\/\/www.korhanyilmaz.com\/wp-content\/uploads\/2009\/10\/merkel.jpg\"  class=\"lightview\"><img loading=\"lazy\" decoding=\"async\" class=\"aligncenter size-full wp-image-15389\" src=\"http:\/\/www.korhanyilmaz.com\/wp-content\/uploads\/2009\/10\/merkel.jpg\" alt=\"\" width=\"329\" height=\"210\" \/><\/a><\/p>\n<p style=\"text-align: justify;\">Almanya se\u00e7imlerinde \u2018kaybeden T\u00fcrkiye\u2019 yorumlar\u0131ndan sonra beklenen oldu.<\/p>\n<p style=\"text-align: justify;\">Almanya\u2019da genel se\u00e7imlerden galibiyetle \u00e7\u0131karak 11 y\u0131l sonra ilk kez merkez sa\u011f bir koalisyona ba\u015fbakanl\u0131k etme f\u0131rsat\u0131n\u0131 yakalayan Angela Merkel, \u201cBu sonu\u00e7 T\u00fckiye\u2019yi olumsuz etkileyecek\u201d yorumlar\u0131n\u0131 hakl\u0131 \u00e7\u0131karan bir politika de\u011fi\u015fikli\u011fine gidiyor. T\u00fcrkiye\u2019ye tam \u00fcyelik yerine imtiyazl\u0131 ortakl\u0131k verilmesini Fransa Cumhurba\u015fkan\u0131 Nicolas Sarkozy ile birlikte en ate\u015fli \u015fekilde savunan Alman Ba\u015fbakan\u0131, Telegraph gazetesinin iddias\u0131na g\u00f6re se\u00e7im sonu\u00e7lar\u0131n\u0131n netle\u015fmesinin ard\u0131ndan Ba\u015fbakan Erdo\u011fan\u2019\u0131 arayarak T\u00fcrkiye\u2019ye y\u00f6nelik muhalefeti art\u0131raca\u011f\u0131 uyar\u0131s\u0131nda bulundu. <!--more--><\/p>\n<p style=\"text-align: justify;\">Telegraph\u2019\u0131n \u201cAlmanya\u2019daki se\u00e7im sonucuyla T\u00fcrkiye\u2019nin Avrupa Birli\u011fi\u2019ne kat\u0131lma umutlar\u0131 t\u00fckendi\u201d ba\u015fl\u0131\u011f\u0131yla verdi\u011fi habere g\u00f6re Merkel, \u201cAlmanya d\u0131\u015f politikas\u0131n\u0131 yeniden \u015fekillendiriyorum\u201d diyerek T\u00fcrkiye\u2019ye kar\u015f\u0131 daha sert muhalefet yapaca\u011f\u0131 imas\u0131nda bulundu. Alman h\u00fck\u00fcmeti daha \u00f6nce T\u00fcrkiye\u2019nin AB \u00fcyeli\u011fine a\u00e7\u0131k destek veren Sosyal Demokratlar ile Merkel\u2019in H\u0131ristiyan Demokrat Partisi aras\u0131ndaki koalisyonla y\u00f6netiliyor, Sosyal Demokratlar D\u0131\u015fi\u015fleri Bakanl\u0131\u011f\u0131 koltu\u011funda oturarak Merkel\u2019in T\u00fcrkiye kar\u015f\u0131t\u0131 tutumunu frenleyebiliyordu.<\/p>\n<p style=\"text-align: justify;\"><span style=\"color: #888888;\">Kaynak : Vatan<\/span><\/p>\n","protected":false},"excerpt":{"rendered":"<p style=\"text-align: center;\">\n<p style=\"text-align: justify;\">Almanya se\u00e7imlerinde \u2018kaybeden T\u00fcrkiye\u2019 yorumlar\u0131ndan sonra beklenen oldu.<\/p>\n<p style=\"text-align: justify;\">Almanya\u2019da genel se\u00e7imlerden galibiyetle \u00e7\u0131karak 11 y\u0131l sonra ilk kez merkez sa\u011f bir koalisyona ba\u015fbakanl\u0131k etme f\u0131rsat\u0131n\u0131 yakalayan Angela Merkel, \u201cBu sonu\u00e7 T\u00fckiye\u2019yi olumsuz etkileyecek\u201d yorumlar\u0131n\u0131 hakl\u0131 \u00e7\u0131karan bir politika de\u011fi\u015fikli\u011fine gidiyor. T\u00fcrkiye\u2019ye tam \u00fcyelik yerine imtiyazl\u0131 ortakl\u0131k verilmesini Fransa <\/p>\n","protected":false},"author":1,"featured_media":0,"comment_status":"open","ping_status":"closed","sticky":false,"template":"","format":"standard","meta":{"footnotes":""},"categories":[3],"tags":[],"class_list":["post-15388","post","type-post","status-publish","format-standard","hentry","category-dunya","odd"],"_links":{"self":[{"href":"http:\/\/www.korhanyilmaz.com\/index.php?rest_route=\/wp\/v2\/posts\/15388","targetHints":{"allow":["GET"]}}],"collection":[{"href":"http:\/\/www.korhanyilmaz.com\/index.php?rest_route=\/wp\/v2\/posts"}],"about":[{"href":"http:\/\/www.korhanyilmaz.com\/index.php?rest_route=\/wp\/v2\/types\/post"}],"author":[{"embeddable":true,"href":"http:\/\/www.korhanyilmaz.com\/index.php?rest_route=\/wp\/v2\/users\/1"}],"replies":[{"embeddable":true,"href":"http:\/\/www.korhanyilmaz.com\/index.php?rest_route=%2Fwp%2Fv2%2Fcomments&post=15388"}],"version-history":[{"count":0,"href":"http:\/\/www.korhanyilmaz.com\/index.php?rest_route=\/wp\/v2\/posts\/15388\/revisions"}],"wp:attachment":[{"href":"http:\/\/www.korhanyilmaz.com\/index.php?rest_route=%2Fwp%2Fv2%2Fmedia&parent=15388"}],"wp:term":[{"taxonomy":"category","embeddable":true,"href":"http:\/\/www.korhanyilmaz.com\/index.php?rest_route=%2Fwp%2Fv2%2Fcategories&post=15388"},{"taxonomy":"post_tag","embeddable":true,"href":"http:\/\/www.korhanyilmaz.com\/index.php?rest_route=%2Fwp%2Fv2%2Ftags&post=15388"}],"curies":[{"name":"wp","href":"https:\/\/api.w.org\/{rel}","templated":true}]}}