{"id":15384,"date":"2009-09-30T15:28:25","date_gmt":"2009-09-30T13:28:25","guid":{"rendered":"http:\/\/www.korhanyilmaz.com\/?p=15384"},"modified":"2009-09-30T15:28:25","modified_gmt":"2009-09-30T13:28:25","slug":"erdogana-izmirde-protesto","status":"publish","type":"post","link":"http:\/\/www.korhanyilmaz.com\/?p=15384","title":{"rendered":"Erdo\u011fan&#039;a \u0130zmir&#039;de protesto"},"content":{"rendered":"<p style=\"text-align: center;\"><a href=\"http:\/\/www.korhanyilmaz.com\/wp-content\/uploads\/2009\/10\/PROTESTOLAR.jpg\"  class=\"lightview\"><img loading=\"lazy\" decoding=\"async\" class=\"aligncenter size-full wp-image-15385\" src=\"http:\/\/www.korhanyilmaz.com\/wp-content\/uploads\/2009\/10\/PROTESTOLAR.jpg\" alt=\"\" width=\"329\" height=\"210\" \/><\/a><\/p>\n<p style=\"text-align: justify;\">Erdo\u011fan, \u0130zmir&#8217;de 2 ayr\u0131 protestoya hedef oldu.<\/p>\n<p style=\"text-align: justify;\">Ba\u015fbakan Recep Tayyip Erdo\u011fan, Dokuz Eyl\u00fcl \u00dcniversitesi&#8217;nin akademik y\u0131l a\u00e7\u0131l\u0131\u015f\u0131na kat\u0131lmak \u00fczere \u0130zmir&#8217;e geldi.<\/p>\n<p style=\"text-align: justify;\">Ba\u015fbakan Recep Tayyip Erdo\u011fan, bug\u00fcn saat 12.35&#8217;te GAP u\u00e7a\u011f\u0131yla \u0130zmir Adnan Menderes Havaliman\u0131&#8217;na geldi. Yan\u0131nda Milli Savunma Bakan\u0131 Vecdi G\u00f6n\u00fcl, Devlet Bakan\u0131 Mehmet Ayd\u0131n, AKP Genel Ba\u015fkan Yard\u0131mc\u0131s\u0131 N\u00fckhet Hotar&#8217;\u0131n da bulunud\u011fu Ba\u015fbakan Erdo\u011fan&#8217;\u0131 \u0130zmir Valisi M. Cahit K\u0131ra\u00e7, CHP&#8217;li \u0130zmir B\u00fcy\u00fck\u015fehir Belediye Ba\u015fkan\u0131 Aziz Kocao\u011flu, \u0130zmir Ticaret Odas\u0131 Ba\u015fkan\u0131 Ekrem Demirta\u015f, Ege B\u00f6lgesi Sanayi Odas\u0131 Ba\u015fkan\u0131 Erder Yorganc\u0131lar, \u0130zmir Ticaret Borsas\u0131 Ba\u015fkan\u0131 I\u015f\u0131nsu Kestelli ve T\u00fcrkiye Futbol Federasyonu Ba\u015fkan\u0131 Mahmut \u00d6zgener kar\u015f\u0131lad\u0131. <!--more--><\/p>\n<p style=\"text-align: justify;\">Ba\u015fbakan Erdo\u011fan, Havaliman\u0131 V\u0130P salonunda 10 dakika kendisini kar\u015f\u0131layanlarla sohbet etti. \u00c7\u0131k\u0131\u015fta, \u00f6zellikle Mahmut \u00d6zgener ile otomobiline kadar g\u00fcl\u00fcp, konu\u015farak y\u00fcr\u00fcmesi dikkat \u00e7ekti. Ba\u015fbakanl\u0131k otob\u00fcs\u00fc de haz\u0131r olmas\u0131na ra\u011fmen daha h\u0131zl\u0131 gidebilmek i\u00e7in makam otomobilini tercih eden Ba\u015fbakan Erdo\u011fan, Dokuz Eyl\u00fcl \u00dcniversitesi&#8217;nin akademik y\u0131l a\u00e7\u0131l\u0131\u015f\u0131na kat\u0131lmak \u00fczere havaliman\u0131ndan ayr\u0131ld\u0131. Bal\u00e7ova, \u00fczerinden Mustafa Kemal Sahil Bulvar\u0131&#8217;n\u0131 takiben, a\u00e7\u0131l\u0131\u015f t\u00f6reninin yap\u0131laca\u011f\u0131 Konak&#8217;taki Sabanc\u0131 K\u00fclt\u00fcr Saray\u0131&#8217;na gelen Erdo\u011fan&#8217;\u0131n konvoyunu, eskortlarla al\u0131nan \u00f6nlemlerin yan\u0131 s\u0131ra, havadan polis helikopteri, sahil kesiminde de deniz polisi botu takip etti.<\/p>\n<p style=\"text-align: justify;\"><strong><em>\u00d6\u011frencilerden Protesto <\/em><\/strong><\/p>\n<p style=\"text-align: justify;\">Ba\u015fbakan Recep Tayyip Erdo\u011fan Dokuz Eyl\u00fcl \u00dcniversitesi akademik y\u0131l a\u00e7\u0131l\u0131\u015f t\u00f6reni i\u00e7in Sabanc\u0131 K\u00fclt\u00fcr Merkezi&#8217;ne geldikten sonra kendilerine T\u00fcrkiye Gen\u00e7lik Birli\u011fi ad\u0131n\u0131 veren bir grup \u00f6\u011frenci de Atat\u00fcrk K\u00fclt\u00fcr Merkezi kar\u015f\u0131s\u0131nda topland\u0131. Yakla\u015f\u0131k 100 metre uzakdaki Sabanc\u0131 K\u00fclt\u00fcr Merkezi&#8217;ne yakla\u015ft\u0131r\u0131lmayan \u00f6\u011frenciler, burada bas\u0131n a\u00e7\u0131klamas\u0131 yaparken ayn\u0131 anda iki arkada\u015flar\u0131 da Konak&#8217;daki Varyant \u00dcstge\u00e7idine &#8216;Cumhuriyet D\u00fc\u015fman\u0131 Tayyip&#8217;i \u00dcniversitelerimizde, \u0130zmir&#8217;de istemiyoruz&#8217; yazan bir pankart a\u00e7t\u0131. Polis pankart\u0131 a\u00e7an \u00f6\u011frenciler \u00c7.Y. ve C.D.&#8217;yi hemen g\u00f6zalt\u0131na ald\u0131, pankart\u0131 da toplad\u0131.<\/p>\n<p style=\"text-align: justify;\">Bas\u0131n a\u00e7\u0131klamas\u0131 yapan ve sloganlar atan \u00f6\u011frenci grubuna ise m\u00fcdahale edilmedi.<\/p>\n<p style=\"text-align: justify;\"><strong><em>K\u00fcrs\u00fcde Protesto <\/em><\/strong><\/p>\n<p style=\"text-align: justify;\">Ba\u015fbakan Recep Tayyip Erdo\u011fan Sabanc\u0131 K\u00fclt\u00fcr Saray\u0131&#8217;ndaki t\u00f6rende konu\u015fmas\u0131n\u0131 yapmak \u00fczere k\u00fcrs\u00fcye ilerlerken seyirciler aras\u0131ndan aya\u011fa kalkan bir \u00f6\u011frenci, &#8216;Cumhuriyet yokedicilerini&#8230;&#8217; diye ba\u011f\u0131rd\u0131. \u00d6\u011frenci c\u00fcmlesini tamamlayamadan polisler taraf\u0131ndan a\u011fz\u0131 kapat\u0131larak g\u00f6zalt\u0131na al\u0131n\u0131p d\u0131\u015far\u0131ya \u00e7\u0131kart\u0131ld\u0131.<\/p>\n<p style=\"text-align: justify;\"><span style=\"color: #888888;\">Kaynak : Vatan<\/span><\/p>\n","protected":false},"excerpt":{"rendered":"<p style=\"text-align: center;\">\n<p style=\"text-align: justify;\">Erdo\u011fan, \u0130zmir&#8217;de 2 ayr\u0131 protestoya hedef oldu.<\/p>\n<p style=\"text-align: justify;\">Ba\u015fbakan Recep Tayyip Erdo\u011fan, Dokuz Eyl\u00fcl \u00dcniversitesi&#8217;nin akademik y\u0131l a\u00e7\u0131l\u0131\u015f\u0131na kat\u0131lmak \u00fczere \u0130zmir&#8217;e geldi.<\/p>\n<p style=\"text-align: justify;\">Ba\u015fbakan Recep Tayyip Erdo\u011fan, bug\u00fcn saat 12.35&#8217;te GAP u\u00e7a\u011f\u0131yla \u0130zmir Adnan Menderes Havaliman\u0131&#8217;na geldi. Yan\u0131nda Milli Savunma Bakan\u0131 Vecdi G\u00f6n\u00fcl, Devlet Bakan\u0131 Mehmet Ayd\u0131n, AKP <\/p>\n","protected":false},"author":1,"featured_media":0,"comment_status":"open","ping_status":"closed","sticky":false,"template":"","format":"standard","meta":{"footnotes":""},"categories":[105],"tags":[],"class_list":["post-15384","post","type-post","status-publish","format-standard","hentry","category-gundem","odd"],"_links":{"self":[{"href":"http:\/\/www.korhanyilmaz.com\/index.php?rest_route=\/wp\/v2\/posts\/15384","targetHints":{"allow":["GET"]}}],"collection":[{"href":"http:\/\/www.korhanyilmaz.com\/index.php?rest_route=\/wp\/v2\/posts"}],"about":[{"href":"http:\/\/www.korhanyilmaz.com\/index.php?rest_route=\/wp\/v2\/types\/post"}],"author":[{"embeddable":true,"href":"http:\/\/www.korhanyilmaz.com\/index.php?rest_route=\/wp\/v2\/users\/1"}],"replies":[{"embeddable":true,"href":"http:\/\/www.korhanyilmaz.com\/index.php?rest_route=%2Fwp%2Fv2%2Fcomments&post=15384"}],"version-history":[{"count":0,"href":"http:\/\/www.korhanyilmaz.com\/index.php?rest_route=\/wp\/v2\/posts\/15384\/revisions"}],"wp:attachment":[{"href":"http:\/\/www.korhanyilmaz.com\/index.php?rest_route=%2Fwp%2Fv2%2Fmedia&parent=15384"}],"wp:term":[{"taxonomy":"category","embeddable":true,"href":"http:\/\/www.korhanyilmaz.com\/index.php?rest_route=%2Fwp%2Fv2%2Fcategories&post=15384"},{"taxonomy":"post_tag","embeddable":true,"href":"http:\/\/www.korhanyilmaz.com\/index.php?rest_route=%2Fwp%2Fv2%2Ftags&post=15384"}],"curies":[{"name":"wp","href":"https:\/\/api.w.org\/{rel}","templated":true}]}}