{"id":15380,"date":"2009-09-30T18:55:22","date_gmt":"2009-09-30T15:55:22","guid":{"rendered":"http:\/\/www.korhanyilmaz.com\/?p=15380"},"modified":"2009-09-30T18:55:22","modified_gmt":"2009-09-30T15:55:22","slug":"3-kopruye-son-noktayi-yildirim-koydu","status":"publish","type":"post","link":"http:\/\/www.korhanyilmaz.com\/?p=15380","title":{"rendered":"3. k\u00f6pr\u00fcye son noktay\u0131 Y\u0131ld\u0131r\u0131m koydu"},"content":{"rendered":"<p style=\"text-align: center;\"><a href=\"http:\/\/www.korhanyilmaz.com\/wp-content\/uploads\/2009\/09\/B\u0130NAL\u0130.jpg\"  class=\"lightview\"><img loading=\"lazy\" decoding=\"async\" class=\"aligncenter size-full wp-image-15381\" src=\"http:\/\/www.korhanyilmaz.com\/wp-content\/uploads\/2009\/09\/B\u0130NAL\u0130.jpg\" alt=\"\" width=\"307\" height=\"236\" \/><\/a><\/p>\n<p style=\"text-align: justify;\">Ula\u015ft\u0131rma Bakan\u0131 Binali Y\u0131ld\u0131r\u0131m, \u0130stanbul&#8217;da yap\u0131lmas\u0131 planlanan 3. k\u00f6pr\u00fcyle ilgili \u015fu anda belirlenmi\u015f hi\u00e7bir g\u00fczergah bulunmad\u0131\u011f\u0131n\u0131 belirterek, &#8220;Bir partinin il ba\u015fkan\u0131, bu nas\u0131l ve ne \u015fekilde elde etti\u011fini bilmedi\u011fimiz kurum i\u00e7i yaz\u0131\u015fmalardan hareket ederek \u00f6yle bir g\u00fczergah beyan\u0131nda bulunmu\u015ftur. Erken konu\u015fmu\u015ftur, \u00fczerine de vazife de\u011fildir&#8221; dedi.<\/p>\n<p style=\"text-align: justify;\">Y\u0131ld\u0131r\u0131m, Ula\u015ft\u0131rma Bakanl\u0131\u011f\u0131&#8217;nca Hali\u00e7 K\u00fclt\u00fcr ve Kongre Merkezi&#8217;nde d\u00fczenlenen &#8220;10. Ula\u015ft\u0131rma \u015euras\u0131&#8221;n\u0131n ard\u0131ndan bas\u0131n mensuplar\u0131n\u0131n \u0130stanbul&#8217;da yap\u0131lmas\u0131 planlanan 3. k\u00f6pr\u00fcye ili\u015fkin sorular\u0131n\u0131 yan\u0131tlad\u0131. <!--more--><\/p>\n<p style=\"text-align: justify;\">Bir gazetecinin &#8220;3. k\u00f6pr\u00fc ile ilgili tart\u0131\u015fmalar devam ediyor. Bug\u00fcn \u015eura&#8217;da da konu\u015fuldu. G\u00fczergah\u0131n neresi olaca\u011f\u0131 tart\u0131\u015f\u0131l\u0131yor. Kesinle\u015fmi\u015f bir bilgi var m\u0131 g\u00fczergahla ilgili?&#8221; sorusunu cevaplayan Y\u0131ld\u0131r\u0131m, &#8220;bug\u00fcn k\u00f6pr\u00fcn\u00fcn ve ba\u011fl\u0131 otoyolun tart\u0131\u015f\u0131lmas\u0131n\u0131 biz istedik ve bunu \u015furada ayr\u0131 bir oturum olarak planlad\u0131k. Bu da ger\u00e7ekle\u015fti. Bana verilen rapora g\u00f6re, seviyeli, d\u00fczeyli bir tart\u0131\u015fma oldu ve her t\u00fcrl\u00fc fikir tart\u0131\u015f\u0131ld\u0131. \u00d6zg\u00fcr bir platform olu\u015fturuldu. G\u00fczergahla ilgili tart\u0131\u015fmalar\u0131 sonland\u0131r\u0131yorum. \u015eu anda belirlenmi\u015f hi\u00e7bir g\u00fczergah yoktur. G\u00fczergah \u00e7al\u0131\u015fmalar\u0131 mevcuttur. Ancak k\u00f6pr\u00fcn\u00fcn yap\u0131laca\u011f\u0131 g\u00fczergah, \u00fczerinde \u00e7al\u0131\u015f\u0131lan 6 g\u00fczergahtan bir tanesi olacakt\u0131r. Bu nas\u0131l olacak?&#8221; diye konu\u015ftu.<\/p>\n<p style=\"text-align: justify;\">Binali Y\u0131ldr\u0131r\u0131m, &#8220;bunun cevab\u0131 da \u00e7ok a\u00e7\u0131kt\u0131r. B\u00fct\u00fcn \u00e7al\u0131\u015fmalar tamamlanm\u0131\u015ft\u0131r. Gayet nettir ki, bu g\u00fczergah\u0131n planlara i\u015flenmesiyle birlikte Sakarya, Kocaeli ve \u0130stanbul belediyeleri taraf\u0131ndan imar planlar\u0131na meclis kararlar\u0131yla i\u015fleninceye kadar kesinle\u015fen bir g\u00fczergahtan s\u00f6z etmek m\u00fcmk\u00fcn de\u011fildir. Bug\u00fcne kadar s\u00f6ylenen b\u00fct\u00fcn hususlar bir spek\u00fclasyondur. Siyaseten s\u00f6ylenmi\u015f laflard\u0131r. Gayet tabii ki g\u00fczergah belirleninceye kadar \u00e7e\u015fitli g\u00fczergahlar \u00fczerinde \u00e7al\u0131\u015facaks\u0131n\u0131z. R\u00fcyaya yatarak g\u00fczergah belirlenmez. Bu bir bilimsel \u00e7al\u0131\u015fma gerektirir&#8221; dedi.<\/p>\n<p style=\"text-align: justify;\">&#8220;K\u00f6pr\u00fcy\u00fc ben, bu h\u00fck\u00fcmet geldi de g\u00fcndeme getirdi de\u011fil. 1993&#8217;te DYP-SHP koalisyonu d\u00f6neminde say\u0131n Onur Kumbarac\u0131ba\u015f\u0131&#8217;n\u0131n Bay\u0131nd\u0131rl\u0131k ve \u0130skan Bakanl\u0131\u011f\u0131 d\u00f6neminde g\u00fcndeme gelmi\u015f bir projedir&#8221; diyen Y\u0131ld\u0131r\u0131m, k\u00f6pr\u00fcn\u00fcn 16 y\u0131ll\u0131k bir ge\u00e7mi\u015finin bulundu\u011funu ifade etti.<\/p>\n<p style=\"text-align: justify;\">&#8220;Niye Beykoz ve Tarabya g\u00fczergah\u0131 g\u00fcndeme geldi? \u0130stanbul B\u00fcy\u00fck\u015fehir Belediye Ba\u015fkan\u0131 Kadir Topba\u015f da bu g\u00fczergah\u0131 a\u00e7\u0131klam\u0131\u015ft\u0131&#8221; denmezi \u00fczerine, Y\u0131ld\u0131r\u0131m, &#8220;6 g\u00fczergahtan bir tanesi de budur. Ancak bu \u00e7al\u0131\u015fma hen\u00fcz tamamlanmadan yap\u0131lm\u0131\u015f bir a\u00e7\u0131klamad\u0131r. Olay budur. Bir partinin il ba\u015fkan\u0131, bu nas\u0131l ve ne \u015fekilde elde etti\u011fini bilmedi\u011fimiz kurum i\u00e7i yaz\u0131\u015fmalardan hareket ederek \u00f6yle bir g\u00fczergah beyan\u0131nda bulunmu\u015ftur. Erken konu\u015fmu\u015ftur, \u00fczerine de vazife de\u011fildir. \u0130\u015fi yapacak, \u00fczerine vazife olan da bellidir&#8221; cevab\u0131n\u0131 verdi.<\/p>\n<p style=\"text-align: justify;\"><span style=\"color: #888888;\">CNN T\u00dcRK<\/span><\/p>\n","protected":false},"excerpt":{"rendered":"<p style=\"text-align: center;\">\n<p style=\"text-align: justify;\">Ula\u015ft\u0131rma Bakan\u0131 Binali Y\u0131ld\u0131r\u0131m, \u0130stanbul&#8217;da yap\u0131lmas\u0131 planlanan 3. k\u00f6pr\u00fcyle ilgili \u015fu anda belirlenmi\u015f hi\u00e7bir g\u00fczergah bulunmad\u0131\u011f\u0131n\u0131 belirterek, &#8220;Bir partinin il ba\u015fkan\u0131, bu nas\u0131l ve ne \u015fekilde elde etti\u011fini bilmedi\u011fimiz kurum i\u00e7i yaz\u0131\u015fmalardan hareket ederek \u00f6yle bir g\u00fczergah beyan\u0131nda bulunmu\u015ftur. Erken konu\u015fmu\u015ftur, \u00fczerine de vazife de\u011fildir&#8221; dedi.<\/p>\n<p style=\"text-align: justify;\">Y\u0131ld\u0131r\u0131m, Ula\u015ft\u0131rma <\/p>\n","protected":false},"author":1,"featured_media":0,"comment_status":"open","ping_status":"closed","sticky":false,"template":"","format":"standard","meta":{"footnotes":""},"categories":[105],"tags":[],"class_list":["post-15380","post","type-post","status-publish","format-standard","hentry","category-gundem","odd"],"_links":{"self":[{"href":"http:\/\/www.korhanyilmaz.com\/index.php?rest_route=\/wp\/v2\/posts\/15380","targetHints":{"allow":["GET"]}}],"collection":[{"href":"http:\/\/www.korhanyilmaz.com\/index.php?rest_route=\/wp\/v2\/posts"}],"about":[{"href":"http:\/\/www.korhanyilmaz.com\/index.php?rest_route=\/wp\/v2\/types\/post"}],"author":[{"embeddable":true,"href":"http:\/\/www.korhanyilmaz.com\/index.php?rest_route=\/wp\/v2\/users\/1"}],"replies":[{"embeddable":true,"href":"http:\/\/www.korhanyilmaz.com\/index.php?rest_route=%2Fwp%2Fv2%2Fcomments&post=15380"}],"version-history":[{"count":0,"href":"http:\/\/www.korhanyilmaz.com\/index.php?rest_route=\/wp\/v2\/posts\/15380\/revisions"}],"wp:attachment":[{"href":"http:\/\/www.korhanyilmaz.com\/index.php?rest_route=%2Fwp%2Fv2%2Fmedia&parent=15380"}],"wp:term":[{"taxonomy":"category","embeddable":true,"href":"http:\/\/www.korhanyilmaz.com\/index.php?rest_route=%2Fwp%2Fv2%2Fcategories&post=15380"},{"taxonomy":"post_tag","embeddable":true,"href":"http:\/\/www.korhanyilmaz.com\/index.php?rest_route=%2Fwp%2Fv2%2Ftags&post=15380"}],"curies":[{"name":"wp","href":"https:\/\/api.w.org\/{rel}","templated":true}]}}