{"id":15377,"date":"2009-09-30T20:50:52","date_gmt":"2009-09-30T18:50:52","guid":{"rendered":"http:\/\/www.korhanyilmaz.com\/?p=15377"},"modified":"2009-09-30T20:50:52","modified_gmt":"2009-09-30T18:50:52","slug":"ulusa-demokratik-acilimi-anlatti","status":"publish","type":"post","link":"http:\/\/www.korhanyilmaz.com\/?p=15377","title":{"rendered":"Ulusa &quot;Demokratik a\u00e7\u0131l\u0131m&quot;\u0131 anlatt\u0131"},"content":{"rendered":"<p style=\"text-align: center;\"><a href=\"http:\/\/www.korhanyilmaz.com\/wp-content\/uploads\/2009\/09\/TAYY\u0130P1.jpg\"  class=\"lightview\"><img loading=\"lazy\" decoding=\"async\" class=\"aligncenter size-full wp-image-15378\" src=\"http:\/\/www.korhanyilmaz.com\/wp-content\/uploads\/2009\/09\/TAYY\u0130P1.jpg\" alt=\"\" width=\"307\" height=\"236\" \/><\/a><\/p>\n<p style=\"text-align: justify;\">Ba\u015fbakan Recep Tayyip Erdo\u011fan, &#8220;Bu a\u00e7\u0131l\u0131mdan (Demokratik A\u00e7\u0131l\u0131m) maksad\u0131m\u0131z belli bir konuyu de\u011fil, bu \u00fclkenin insanlar\u0131n\u0131n zihinlerinde ve vicdanlar\u0131nda yer eden ne kadar meselemiz, sorun alanlar\u0131m\u0131z varsa hepsini tart\u0131\u015fmaya a\u00e7mak, bir ortak kanaate ula\u015fmak ve bunlar\u0131n her biri i\u00e7in \u00e7are neyse bulup hayata ge\u00e7irmektir&#8221; dedi.<\/p>\n<p style=\"text-align: justify;\"><strong><em>Demokratik a\u00e7\u0131l\u0131m <\/em><\/strong><\/p>\n<p style=\"text-align: justify;\">Ba\u015fbakan Erdo\u011fan, televizyonlarda yay\u0131nlanan &#8220;Ulusa Sesleni\u015f&#8221; konu\u015fmas\u0131nda vatanda\u015flara seslendi.<\/p>\n<p style=\"text-align: justify;\">Bir \u00fclkenin kalk\u0131nmas\u0131, ilerlemesi ve g\u00fc\u00e7lenmesi i\u00e7in o \u00fclkenin insanlar\u0131n\u0131n birbirine inan\u0131p g\u00fcvenmesi ve ortak bir iradede bulu\u015fmas\u0131n\u0131n \u00e7ok \u00f6nemli oldu\u011funu vurgulayan Ba\u015fbakan Erdo\u011fan, T\u00fcrk Milletinin tarih boyunca ya\u015fad\u0131\u011f\u0131 b\u00fcy\u00fck zorluklar\u0131 hep bu \u015fuurla ve hep bu iradeyle a\u015ft\u0131\u011f\u0131n\u0131 dile getirdi. <!--more--><\/p>\n<p style=\"text-align: justify;\">&#8220;Nice badireleri; dan\u0131\u015farak, g\u00f6r\u00fc\u015ferek, ortak bir ak\u0131l, ortak bir fikir, ortak bir yol bulabildi\u011fimiz i\u00e7in hasar almadan, zarar g\u00f6rmeden a\u015ft\u0131k&#8221; diyen Erdo\u011fan, AK Parti H\u00fck\u00fcmeti olarak bir &#8220;Demokratik A\u00e7\u0131l\u0131m&#8221; s\u00fcreci ba\u015flatt\u0131klar\u0131n\u0131 ve a\u015famal\u0131 olarak bu \u00f6nemli meseleyi toplum g\u00fcndemine ta\u015f\u0131d\u0131klar\u0131n\u0131 bildirdi.<\/p>\n<p style=\"text-align: justify;\">Ba\u015fbakan Erdo\u011fan, &#8220;bu a\u00e7\u0131l\u0131mdan maksad\u0131m\u0131z, belli bir konuyu de\u011fil, bu \u00fclkenin insanlar\u0131n\u0131n zihinlerinde ve vicdanlar\u0131nda yer eden ne kadar meselemiz, sorun alanlar\u0131m\u0131z varsa hepsini tart\u0131\u015fmaya a\u00e7mak, bir ortak kanaate ula\u015fmak ve bunlar\u0131n her biri i\u00e7in \u00e7are neyse bulup hayata ge\u00e7irmektir. Biz, b\u00fct\u00fcn insanlar\u0131m\u0131z\u0131n gurur duyduklar\u0131 ve raz\u0131 olduklar\u0131 bir \u00fclkede ya\u015famalar\u0131n\u0131 istiyoruz. Biz, k\u00f6keni, inanc\u0131, k\u00fclt\u00fcr\u00fc ne olursa olsun, b\u00fct\u00fcn vatanda\u015flar\u0131m\u0131z\u0131n kendilerini \u00f6zg\u00fcr ve g\u00fcvende hissedecekleri bir toplumsal hayat\u0131 in\u015fa etmenin yolunu a\u00e7mak istiyoruz&#8221; dedi.<\/p>\n<p style=\"text-align: justify;\">Erdo\u011fan, &#8220;biz, T\u00fcrkiye&#8217;nin kazan\u0131mlar\u0131n\u0131 b\u00fct\u00fcn insanlar\u0131m\u0131z\u0131n hak\u00e7a payla\u015fmas\u0131n\u0131, bu \u00fclkenin k\u00f6yleri, kasabalar\u0131, kentleri aras\u0131ndaki geli\u015fme farkl\u0131l\u0131klar\u0131n\u0131n en aza indirilmesinin yolunu a\u00e7mak istiyoruz. Biz, bu \u00fclkede hakimiyetin kay\u0131ts\u0131z ve \u015farts\u0131z olarak millete ait olmas\u0131n\u0131, hi\u00e7 kimsenin kendini millet iradesinin \u00fcst\u00fcnde g\u00f6rmeye kalk\u0131\u015fmamas\u0131n\u0131 istiyoruz. Biz, \u00fclkenin gencecik fidanlar\u0131 daha ye\u015fermeden k\u0131r\u0131lmas\u0131n, bu topraklarda ter\u00f6r kendine asla varl\u0131k zemini bulamas\u0131n, karde\u015fler aras\u0131nda kin ve nefret ya\u015fanmas\u0131n istiyoruz. Biz eli ekmek tutmas\u0131 gerekenler silah tutmas\u0131n; yola, okula, hastaneye, kalk\u0131nmaya harcanmas\u0131 gereken kaynaklar heba edilmesin istiyoruz. Biz, bu \u00fclkenin gen\u00e7lerinin yar\u0131nlar\u0131ndan \u00fcmitlerini kesmemelerini istiyoruz&#8221; diye konu\u015ftu.<\/p>\n<p style=\"text-align: justify;\">T\u00fcrkiye&#8217;de g\u00f6zleri ya\u015fl\u0131, y\u00fcrekleri yasl\u0131 analar olmas\u0131n\u0131 istemediklerini belirten Ba\u015fbakan Erdo\u011fan, &#8220;bu millet as\u0131rlar boyunca ayn\u0131 medeniyet sanca\u011f\u0131 alt\u0131nda nas\u0131l tarihe nam salan alt\u0131n sayfalar yazm\u0131\u015fsa insanl\u0131\u011f\u0131n gelece\u011finde de \u00f6yle ihti\u015fam dolu izler b\u0131raks\u0131n istiyoruz. Biz bu \u00fclke i\u00e7in huzur istiyoruz, istikrar istiyoruz. Bunun i\u00e7in, hepimizin ama hepimizin bu muhasebeyi samimiyetle yapmam\u0131z gerekti\u011fini s\u00f6yl\u00fcyoruz. Bu s\u00fcre\u00e7te herkes i\u00e7indekini samimiyetle s\u00f6ylemeli; bug\u00fcne kadar s\u00f6ylenmemi\u015f, s\u00f6ylenememi\u015f olanlar da a\u00e7\u0131k\u00e7a, korkusuzca dile getirilmeli ki, ortak bir yol bulunsun, o yola da bir daha g\u00f6lgeler d\u00fc\u015fmesin&#8221; ifadelerini kulland\u0131.<\/p>\n<p style=\"text-align: justify;\"><strong><em>&#8220;A\u00e7\u0131l\u0131m\u0131 istismar etmeyelim&#8221; <\/em><\/strong><\/p>\n<p style=\"text-align: justify;\">Hi\u00e7 kimsenin s\u00f6z s\u00f6ylemek ad\u0131na, bu iyi niyetli a\u00e7\u0131l\u0131m ad\u0131mlar\u0131n\u0131 istismar etmemesi gerekti\u011finin alt\u0131n\u0131 \u00e7izen Erdo\u011fan, bunun bir \u00fclke meselisi oldu\u011funu hat\u0131rlatt\u0131.<\/p>\n<p style=\"text-align: justify;\">&#8220;T\u00fcrkiye&#8217;nin senelerdir kanayan yaralar\u0131na \u00e7are aramak bizim bu \u00fclkeye borcumuzdur&#8221; diyen Ba\u015fbakan Erdo\u011fan, &#8220;T\u00fcrkiye&#8217;nin b\u00fct\u00fcnl\u00fc\u011f\u00fc asla tart\u0131\u015fma konusu de\u011fildir, olmayacakt\u0131r. Bizim b\u00fct\u00fcn gayretimiz o b\u00fct\u00fcnl\u00fc\u011f\u00fc daha da g\u00fc\u00e7l\u00fc hale getirmek, bu milletin birbirine ba\u011fl\u0131l\u0131\u011f\u0131n\u0131 daha da peki\u015ftirmektir. Sizlerin, bu gayretimizin T\u00fcrkiye i\u00e7in ne mana ifade etti\u011fini gayet iyi bildi\u011finizden asla \u015f\u00fcphe etmiyorum. Sizlerin deste\u011finizle k\u0131sa zamanda bu \u00fclke her zamankinden daha da ayd\u0131nl\u0131k ve huzurlu bir \u00fclke haline gelecektir. K\u0131sa, orta, uzun vadede bu \u00e7abalar\u0131m\u0131z\u0131 neticeye ula\u015ft\u0131rmak istiyoruz&#8221; dedi.<\/p>\n<p style=\"text-align: justify;\">Geli\u015fmeleri vatanda\u015flar\u0131n da anbean izlediklerini kaydeden Ba\u015fbakan Erdo\u011fan, T\u00fcrkiye&#8217;nin sadece i\u00e7 meselelerinde de\u011fil d\u0131\u015f d\u00fcnyayla ili\u015fkilerinde de bir tazelenme ve de\u011fi\u015fim i\u00e7inde oldu\u011funu vurgulad\u0131.<\/p>\n<p style=\"text-align: justify;\">H\u00fck\u00fcmet olarak d\u0131\u015f meselelere ilk g\u00fcnden bu yana g\u00fcndemlerinde \u00e7ok \u00f6nemli bir yer ay\u0131rd\u0131klar\u0131n\u0131 belirten Erdo\u011fan, &#8220;daha aktif, meselelerini \u00e7\u00f6zme iradesi g\u00f6steren, bar\u0131\u015ftan yana bir d\u0131\u015f politika stratejisi geli\u015ftirmek noktas\u0131nda daima kararl\u0131 bir tutum i\u00e7inde olduklar\u0131n\u0131&#8221; dile getirdi.<\/p>\n<p style=\"text-align: justify;\">Ba\u015fbakan Erdo\u011fan, &#8220;T\u00fcrkiye bu kararl\u0131l\u0131kla \u00e7\u00f6z\u00fcms\u00fczl\u00fckleri \u00e7\u00f6z\u00fcm gibi g\u00f6stermeye yeltenen k\u00f6hnemi\u015f zihniyetleri bertaraf ederek, y\u0131llard\u0131r \u00e7\u00f6zemedi\u011fi pek \u00e7ok meselesini hal yoluna koydu. Bunlar\u0131n ba\u015f\u0131nda da kom\u015fular\u0131m\u0131zla ili\u015fkilerimizi iyile\u015ftirme yolunda ald\u0131\u011f\u0131m\u0131z mesafeler geliyor. \u00dcz\u00fclerek ifade edeyim ki y\u0131llar y\u0131l\u0131 T\u00fcrkiye&#8217;nin d\u0131\u015f politika g\u00fcndemindeki en \u00f6nemli meseleler kom\u015fular\u0131yla ya\u015fad\u0131\u011f\u0131 s\u0131k\u0131nt\u0131larla ilgiliydi. T\u00fcrkiye&#8217;nin bir k\u0131sm\u0131yla tarihi ortak ba\u011flara da sahip oldu\u011fu kom\u015fular\u0131yla bu mesafeli hali, ne bizim, ne kom\u015fu \u00fclkelerin, ne b\u00f6lgemizin menfaatine bir durumdu. Bu tabloyu de\u011fi\u015ftirmeyi ve kom\u015fular\u0131m\u0131zla problemlerimizi \u00e7\u00f6z\u00fcme ba\u011flayarak iyi ili\u015fkiler geli\u015ftirmeyi \u00f6ncelikli g\u00f6revimiz sayd\u0131k&#8221; diye konu\u015ftu.<\/p>\n<p style=\"text-align: justify;\"><strong><em>&#8220;Hi\u00e7bir \u00fclkeye kap\u0131m\u0131z kapal\u0131 de\u011fil&#8221; <\/em><\/strong><\/p>\n<p style=\"text-align: justify;\">Bunun en g\u00fczel \u00f6rneklerinden birinin Suriye ile ya\u015fand\u0131\u011f\u0131n\u0131 anlatan Ba\u015fbakan Erdo\u011fan, T\u00fcrkiye ile Suriye aras\u0131nda vizenin kald\u0131r\u0131ld\u0131\u011f\u0131n\u0131 hat\u0131rlatt\u0131.<\/p>\n<p style=\"text-align: justify;\">&#8220;Ortak bir tarihe, zengin k\u00fclt\u00fcrel ba\u011flara sahip olan, birbirine akraba olan, kom\u015fu olan, gelece\u011fe d\u00f6n\u00fck menfaatleri de ayn\u0131 olan bu iki dost \u00fclkeye yak\u0131\u015fan da bu&#8221; diyen Erdo\u011fan, Suriye ile ili\u015fkilerin bundan b\u00f6yle \u00e7ok daha g\u00fczel seviyelere gelece\u011fini ve iki halk aras\u0131ndaki kayna\u015fman\u0131n da h\u0131zlanaca\u011f\u0131n\u0131 ifade etti.<\/p>\n<p style=\"text-align: justify;\"><strong><em>K\u0131br\u0131s <\/em><\/strong><\/p>\n<p style=\"text-align: justify;\">Ba\u015fbakan Erdo\u011fan, &#8220;T\u00fcrkiye&#8217;nin b\u00f6lgesinde sevilen, g\u00fc\u00e7l\u00fc, a\u011f\u0131rl\u0131\u011f\u0131, itibar\u0131 olan bir \u00fclke olmas\u0131, d\u00fcnyadaki \u00f6nemini de do\u011frudan artt\u0131rmaktad\u0131r, bunu \u00e7ok \u00f6nemli g\u00f6r\u00fcyoruz. B\u00f6lgemizde \u00e7e\u015fitli sebeplerle hen\u00fcz istedi\u011fimiz seviyede ilerleme sa\u011flanamayan meselelerle ilgili olarak da ilgili b\u00fct\u00fcn \u00fclkelerle temaslar\u0131m\u0131z\u0131 s\u00fcrd\u00fcr\u00fcyoruz. K\u0131br\u0131s meselesinde T\u00fcrkiye son y\u0131llarda d\u00fcnyan\u0131n da kabul etti\u011fi gibi daima \u00e7\u00f6z\u00fcmden yana olan, yap\u0131c\u0131 olan taraf konumundad\u0131r, bu tutumumuzu bundan sonra da s\u00fcrd\u00fcrece\u011fiz. Bizim, \u00fclke olarak, hi\u00e7 kimseye kar\u015f\u0131, hi\u00e7bir \u00f6nyarg\u0131m\u0131z yok, hi\u00e7bir kompleksimiz yok, d\u00fcnyadaki hi\u00e7bir \u00fclkeye de kap\u0131m\u0131z kapal\u0131 de\u011fil&#8230;&#8221; dedi.<\/p>\n<p style=\"text-align: justify;\"><strong><em>Ermenistan <\/em><\/strong><\/p>\n<p style=\"text-align: justify;\">Ermenistan ile ba\u015flayan ili\u015fkileri geli\u015ftirme \u00e7al\u0131\u015fmalar\u0131na da de\u011finen Erdo\u011fan, &#8220;Ermenistan ile hen\u00fcz \u00e7\u00f6z\u00fclmemi\u015f baz\u0131 sorunlar\u0131m\u0131z oldu\u011fu do\u011frudur. Ancak bunlar\u0131n da iyi niyet temelinde \u00e7\u00f6z\u00fclebilir meseleler oldu\u011funu d\u00fc\u015f\u00fcn\u00fcyoruz. Bu \u00e7er\u00e7evede, Ermenistan ile imzalanacak olan protokol \u00f6nemli bir a\u015famaya i\u015faret etmektedir. Bildi\u011finiz gibi, bu protokol ancak TBMM&#8217;nin onay\u0131 ile ge\u00e7erlilik kazanacak olan bir protokold\u00fcr. \u0130ki \u00fclke aras\u0131ndaki meseleleri \u00e7\u00f6zmek ve ili\u015fkilerimizi iki kom\u015fu \u00fclkeye yak\u0131\u015f\u0131r bir \u00e7izgiye \u00e7ekebilmek i\u00e7in bu temaslar\u0131m\u0131z\u0131 s\u00fcrd\u00fcrece\u011fiz. Bu temaslar\u0131m\u0131z s\u0131ras\u0131nda elbette dostumuz ve karde\u015fimiz Azerbaycan halk\u0131n\u0131n menfaatlerini de en az kendi menfaatlerimiz kadar korumaya \u00f6zen g\u00f6steriyoruz. \u0130nan\u0131yorum ki bu s\u00fcre\u00e7, hem T\u00fcrkiye hem Ermenistan hem de Azerbaycan i\u00e7in mutlu bir sona ba\u011flanacak, adeta kangrene d\u00f6n\u00fc\u015fm\u00fc\u015f bu mesele de ortadan kalkm\u0131\u015f olacakt\u0131r&#8221; diye konu\u015ftu.<\/p>\n<p style=\"text-align: justify;\">T\u00fcrkiye&#8217;nin, Kafkasya, Ortado\u011fu ve Balkanlar&#8217;da do\u011frudan taraf\u0131 olsun ya da olmas\u0131n b\u00fct\u00fcn meselelerin \u00e7\u00f6z\u00fcm\u00fcne katk\u0131 sa\u011flamak \u00fczere, en \u00fcst seviyede \u00e7abalar\u0131n\u0131 s\u00fcrd\u00fcrd\u00fc\u011f\u00fcn\u00fc kaydeden Erdo\u011fan, bunun sadece kendilerinin d\u0131\u015f politika rotas\u0131 de\u011fil, ayn\u0131 zamanda T\u00fcrkiye&#8217;nin d\u00fcnyada ve b\u00f6lgesinde ula\u015ft\u0131\u011f\u0131 a\u011f\u0131rl\u0131\u011f\u0131n ve \u00f6nemin de bir gere\u011fi oldu\u011funu s\u00f6yledi.<\/p>\n<p style=\"text-align: justify;\">Ba\u015fbakan Erdo\u011fan, Avrupa Birli\u011fi ile ili\u015fkileri de bu bar\u0131\u015f\u00e7\u0131 ve medeni perspektif i\u00e7inde ele ald\u0131klar\u0131n\u0131 ve meseleye bu ciddiyetle yakla\u015ft\u0131klar\u0131n\u0131 dile getirdi.<\/p>\n<p style=\"text-align: justify;\"><strong><em>ABD temaslar\u0131<\/em><\/strong><\/p>\n<p style=\"text-align: justify;\">Ba\u015fbakan Recep Tayyip Erdo\u011fan, &#8220;Bu (ABD) gezimiz vesilesiyle T\u00fcrkiye&#8217;nin b\u00fcy\u00fckl\u00fc\u011f\u00fcn\u00fc bir kere daha m\u00fc\u015fahede ettik ve bundan b\u00fcy\u00fck gurur duyduk, daha b\u00fcy\u00fck hedeflere do\u011fru ilerleme ad\u0131na azim ve kararl\u0131l\u0131\u011f\u0131m\u0131z daha da artt\u0131, daha da katmerlendi&#8221; dedi.<\/p>\n<p style=\"text-align: justify;\">Erdo\u011fan, New York&#8217;ta d\u00fczenlenen Birle\u015fmi\u015f Milletlerin 64. Genel Kurulu ile Pittsburgh&#8217;da d\u00fczenlenen G-20 zirvesi \u00e7al\u0131\u015fmalar\u0131na kat\u0131lmak \u00fczere ABD&#8217;ye gittiklerini ve pek \u00e7ok \u00fcst d\u00fczey temaslarda bulunduklar\u0131n\u0131 an\u0131msatt\u0131.<\/p>\n<p style=\"text-align: justify;\">Bu y\u0131lki BM Genel Kurulu&#8217;nda uluslararas\u0131 g\u00fcndemle ilgili konularda T\u00fcrkiye&#8217;nin g\u00f6r\u00fc\u015flerini a\u00e7\u0131klayan bir konu\u015fma yapma imkan\u0131 buldu\u011funu ifade eden Erdo\u011fan &#8220;Genel Kurul&#8217;dan \u00f6nce de, ABD Ba\u015fkan\u0131 Say\u0131n Barack H\u00fcseyin Obama ba\u015fkanl\u0131\u011f\u0131nda d\u00fczenlenen n\u00fckleer silahs\u0131zlanma ve yay\u0131lman\u0131n \u00f6nlenmesi konulu G\u00fcvenlik Konseyi toplant\u0131s\u0131na kat\u0131larak bir konu\u015fma yapt\u0131m. Bildi\u011finiz gibi, T\u00fcrkiye, y\u00fcr\u00fctt\u00fc\u011f\u00fcm\u00fcz diplomatik \u00e7abalar neticesinde, BM G\u00fcvenlik Konseyi ge\u00e7ici \u00fcyeli\u011fine se\u00e7ilmi\u015fti. Dolay\u0131s\u0131yla, ilk defa bir T\u00fcrk Ba\u015fbakan\u0131, G\u00fcvenlik Konseyi&#8217;nde \u00fclkemizi temsilen konu\u015fma yapm\u0131\u015f oldu&#8221; dedi.<\/p>\n<p style=\"text-align: justify;\">&#8220;Gerek BM Genel Kurulu, gerek G-20 zirvesi vesilesiyle orada bulunan pek \u00e7ok yabanc\u0131 liderle de \u00e7ok yararl\u0131 ikili g\u00f6r\u00fc\u015fmeler ger\u00e7ekle\u015ftirdim&#8221; diyen Ba\u015fbakan Erdo\u011fan, &#8220;Bu temaslar sayesinde ABD, Rusya, \u0130ran, Pakistan, Hollanda, \u0130sve\u00e7, Irak, G\u00fcney Kore, Avusturya, \u0130talya, G\u00fcney Afrika, Hindistan, L\u00fcbnan ba\u015fta olmak \u00fczere 32 h\u00fck\u00fcmet ve devlet ba\u015fkan\u0131yla g\u00f6r\u00fc\u015f al\u0131\u015fveri\u015finde bulundum. Ayr\u0131ca, BM Genel Sekreteri Ban Ki-Moon ile de bir araya geldim. Bu g\u00f6r\u00fc\u015fmenin hemen ard\u0131ndan, KKTC Cumhurba\u015fkan\u0131 Say\u0131n Talat ile ger\u00e7ekle\u015ftirdi\u011fimiz g\u00f6r\u00fc\u015fmeye BM Genel Sekreteri Say\u0131n Ban Ki-Moon ve \u0130slam Konferans\u0131 Te\u015fkilat\u0131 Genel Sekreteri Say\u0131n Ekmeleddin \u0130hsano\u011flu&#8217;nun da kat\u0131lm\u0131\u015f olmas\u0131 bizi ayr\u0131ca memnun etti&#8221; diye konu\u015ftu.<\/p>\n<p style=\"text-align: justify;\"><strong><em>&#8220;T\u00fcrkiye&#8217;nin itibar\u0131 art\u0131yor&#8221; <\/em><\/strong><\/p>\n<p style=\"text-align: justify;\">Erdo\u011fan, b\u00fct\u00fcn bu temaslar\u0131nda ba\u015fta b\u00f6lgesel sorunlar olmak \u00fczere g\u00fcndemdeki d\u00fcnya meseleleri hakk\u0131nda T\u00fcrkiye&#8217;nin g\u00f6r\u00fc\u015f ve hassasiyetlerini aktarma imkan\u0131 bulduklar\u0131n\u0131 belirterek, &#8220;memnuniyetle g\u00f6rd\u00fck ki, d\u0131\u015f politikada att\u0131\u011f\u0131m\u0131z sa\u011flam ve geni\u015f ufuklu ad\u0131mlar, T\u00fcrkiye&#8217;nin d\u00fcnyadaki itibar\u0131n\u0131 ve a\u011f\u0131rl\u0131\u011f\u0131n\u0131 her ge\u00e7en g\u00fcn artt\u0131r\u0131yor. Amerika&#8217;n\u0131n en sayg\u0131n \u00fcniversitelerinden olan Princeton \u00dcniversitesi&#8217;nde, New York Eyalet \u00dcniversitesi&#8217;ne ba\u011fl\u0131 Levin Enstit\u00fcs\u00fc&#8217;nde yapt\u0131\u011f\u0131m\u0131z konu\u015fmalarda; \u0130slam Konferans\u0131 Te\u015fkilat\u0131 40. Kurulu\u015f Y\u0131l\u0131 Resepsiyonu&#8217;nda ve di\u011fer b\u00fct\u00fcn etkinliklerde bu itibar ve a\u011f\u0131rl\u0131\u011f\u0131 fazlas\u0131yla hissettik. K\u00fcresel bar\u0131\u015f, n\u00fckleer silahs\u0131zlanma, medeniyetler ittifak\u0131, iklim de\u011fi\u015fikli\u011fi gibi d\u00fcnya g\u00fcndeminin \u00f6nemli konu ba\u015fl\u0131klar\u0131yla ilgili T\u00fcrkiye ad\u0131na dile getirdi\u011fimiz g\u00f6r\u00fc\u015fler, hem muhataplar\u0131m\u0131zda hem uluslararas\u0131 medyada b\u00fcy\u00fck yank\u0131 buldu&#8221; ifadelerini kulland\u0131.<\/p>\n<p style=\"text-align: justify;\"><strong><em>E\u011fitim <\/em><\/strong><\/p>\n<p style=\"text-align: justify;\">Eyl\u00fcl ay\u0131n\u0131n e\u011fitim y\u0131l\u0131n\u0131n da ba\u015flad\u0131\u011f\u0131 d\u00f6nem oldu\u011funu hat\u0131rlatan Ba\u015fbakan Erdo\u011fan, &#8220;e\u011fitimin T\u00fcrkiye&#8217;nin en temel \u00f6nceli\u011fi oldu\u011fu ger\u00e7e\u011finden hareketle son y\u0131llarda b\u00fct\u00e7eden en b\u00fcy\u00fck pay\u0131 e\u011fitim harcamalar\u0131na, e\u011fitim yat\u0131r\u0131mlar\u0131na ay\u0131r\u0131yoruz. Bak\u0131n\u0131z Milli E\u011fitim Bakanl\u0131\u011f\u0131m\u0131z\u0131n 2002 y\u0131l\u0131nda b\u00fct\u00e7eden ald\u0131\u011f\u0131 pay 7,5 milyar TL iken, bu y\u0131l bu rakam\u0131 y\u00fczde 267&#8217;lik bir art\u0131\u015fla 27,5 milyar TL seviyesine y\u00fckseltmi\u015f durumday\u0131z. Yedi bu\u00e7uk milyardan 27 bu\u00e7uk milyara.&#8221; Ba\u015fbakan Erdo\u011fan, &#8220;Bu T\u00fcrkiye&#8217;nin son alt\u0131 y\u0131lda ya\u015fad\u0131\u011f\u0131 ekonomik zorluklar hesaba kat\u0131ld\u0131\u011f\u0131nda \u00e7ok ileri bir ad\u0131md\u0131r, \u00e7ok \u00f6nemli bir geli\u015fmedir&#8221; dedi.<\/p>\n<p style=\"text-align: justify;\">Erdo\u011fan, 2002 y\u0131l\u0131nda 2,5 milyar TL seviyesinde olan y\u00fcksek \u00f6\u011fretim b\u00fct\u00e7esini de 2009 y\u0131l\u0131nda y\u00fczde 252&#8217;lik art\u0131\u015fla 8,8 milyar TL&#8217;ye y\u00fckselttiklerini ifade ederek, &#8220;2002 y\u0131l\u0131nda 494 milyon TL olan YURTKUR b\u00fct\u00e7esi y\u00fczde 386&#8217;l\u0131k bir art\u0131\u015f g\u00f6stererek, 2009 y\u0131l\u0131nda 2 milyar 400 milyon TL&#8217;yi a\u015fm\u0131\u015f duruma geldi. L\u00fctfen dikkat ediniz; 494 milyon&#8217;dan 2 milyar 400 milyon liraya&#8230; Yedi y\u0131lda y\u00fczde 386&#8217;l\u0131k bir art\u0131\u015f. 2003 y\u0131l\u0131ndan bug\u00fcne kadar toplam 132 bin 790 yeni dersli\u011fin yap\u0131m\u0131n\u0131 tamamlayarak \u00f6\u011frencilerimizin hizmetine sunduk&#8221; diye konu\u015ftu.<\/p>\n<p style=\"text-align: justify;\">Ba\u015fbakan Erdo\u011fan, 2003-2009 y\u0131llar\u0131 aras\u0131nda 610 resmi anaokulu, 1587 ilk\u00f6\u011fretim okulu, 55 yat\u0131l\u0131 ilk\u00f6\u011fretim okulunu, 113 Anadolu \u00f6\u011fretmen lisesini, 402 genel liseyi, 561 Anadolu lisesini, 41 fen lisesini, 22 spor lisesini, 17 sosyal bilimler lisesini ve 10 Anadolu g\u00fczel sanatlar lisesini hizmete a\u00e7arak e\u011fitimimize kazand\u0131rd\u0131klar\u0131n\u0131 kaydetti.<\/p>\n<p style=\"text-align: justify;\"><strong><em>Ekonomi <\/em><\/strong><\/p>\n<p style=\"text-align: justify;\">Ba\u015fbakan Recep Tayyip Erdo\u011fan, &#8220;Yine s\u00fcrecin (global ekonomik kriz) ba\u015f\u0131ndan beri iddiam\u0131z \u015fudur; T\u00fcrkiye, d\u00fcnya ekonomilerini derinden sarsan bu krizi, m\u00fcmk\u00fcn olan en az hasarla, ayakta kalarak ge\u00e7irmi\u015ftir. Biz bu krizden etkilenmedi\u011fimizi s\u00f6ylemiyoruz, elbette etkilendik, bunu sadece sekt\u00f6rlerimiz de\u011fil, vatanda\u015flar\u0131m\u0131z da hissetti ama &#8216;en az biz hissedece\u011fiz&#8217; dedik, en az biz hissettik&#8221; dedi.<\/p>\n<p style=\"text-align: justify;\">Erdo\u011fan, &#8216;MEB \u0130nternete Eri\u015fim Projesi&#8217; kapsam\u0131nda, 20 Temmuz 2009 tarihi itibari ile alt yap\u0131s\u0131 m\u00fcsait olan 36 bin 82 e\u011fitim kurumuna geni\u015f bant ADSL ba\u011flant\u0131s\u0131 ile internet sa\u011fland\u0131\u011f\u0131n\u0131 ve di\u011fer okullara da bu imkan\u0131 sa\u011flayabilmek i\u00e7in \u00e7al\u0131\u015fmalar\u0131n devam etti\u011fini bildirdi.<\/p>\n<p style=\"text-align: justify;\">&#8220;Bildi\u011finiz gibi liselerin \u00f6\u011fretim s\u00fcresini 3 y\u0131ldan 4 y\u0131la \u00e7\u0131kard\u0131k, \u00f6rg\u00fcn ve yayg\u0131n e\u011fitimde toplam 599 dersin m\u00fcfredat\u0131n\u0131 yeniledik, e\u011fitimde bug\u00fcn\u00fcn d\u00fcnyas\u0131yla uyumlu standartlar\u0131 yakalamak i\u00e7in \u00e7al\u0131\u015fmalar\u0131m\u0131z\u0131 \u00e7ok y\u00f6nl\u00fc olarak s\u00fcrd\u00fcr\u00fcyoruz&#8221; diyen Ba\u015fbakan Erdo\u011fan, 2003 y\u0131l\u0131ndan 2009 y\u0131l\u0131na kadar 142 bin 848 kadrolu, 50 bin s\u00f6zle\u015fmeli olmak \u00fczere toplam 192 bin 848 \u00f6\u011fretmen al\u0131m\u0131n\u0131n ger\u00e7ekle\u015fti\u011fini kaydetti.<\/p>\n<p style=\"text-align: justify;\">Ba\u015fbakan Erdo\u011fan, &#8220;global ekonomik krizin \u00fclkemizdeki olumsuz etkilerini en aza indirmek, T\u00fcrkiye&#8217;nin kriz \u00f6ncesi dinamik b\u00fcy\u00fcme trendini yeniden yakalamas\u0131n\u0131 sa\u011flamak i\u00e7in ilgili b\u00fct\u00fcn birimlerimizle birlikte yo\u011fun bir mesai harc\u0131yoruz. Ge\u00e7en hafta, ilgili bakanlar\u0131m\u0131z hem krizin T\u00fcrkiye&#8217;ye \u00e7\u0131kard\u0131\u011f\u0131 faturay\u0131 sizlere en a\u00e7\u0131k, en \u015feffaf bi\u00e7imde aktard\u0131lar, hem de h\u00fck\u00fcmetimizin gelece\u011fe d\u00f6n\u00fck orta vadeli planlar\u0131n\u0131 bilginize sundular&#8221; dedi.<\/p>\n<p style=\"text-align: justify;\">Krizin ba\u015f\u0131ndan bug\u00fcne kadar bizim de\u011fi\u015fmeyen bir tav\u0131rlar\u0131 bulundu\u011funu anlatan Erdo\u011fan, &#8220;o da sizlere a\u00e7\u0131k davranmak, ekonomimizin seyrini ad\u0131m ad\u0131m sizlerle payla\u015fmakt\u0131r. Yine s\u00fcrecin ba\u015f\u0131ndan beri iddiam\u0131z \u015fudur; T\u00fcrkiye, d\u00fcnya ekonomilerini derinden sarsan bu krizi, m\u00fcmk\u00fcn olan en az hasarla, ayakta kalarak ge\u00e7irmi\u015ftir. Biz bu krizden etkilenmedi\u011fimizi s\u00f6ylemiyoruz, elbette etkilendik, bunu sadece sekt\u00f6rlerimiz de\u011fil, vatanda\u015flar\u0131m\u0131z da hissetti ama &#8216;en az biz hissedece\u011fiz&#8217; dedik, en az biz hissettik. \u00dclke olarak biz bu s\u00fcre\u00e7te b\u00fcy\u00fck y\u0131k\u0131mlar, kitlesel felaketler, dev iflaslar da ya\u015famad\u0131k, batan firmalar\u0131 devlet b\u00fct\u00e7esinden kurtarmak suretiyle faturay\u0131 milletimize de \u00f6dettirmedik. \u015eimdi daha berrak bi\u00e7imde ortaya \u00e7\u0131kan tablo, T\u00fcrkiye&#8217;nin kriz s\u00fcrecinde son 6 y\u0131ll\u0131k dinamik b\u00fcy\u00fcme \u00e7izgisinden bir par\u00e7a geri kald\u0131\u011f\u0131n\u0131 ortaya koymaktad\u0131r&#8221; diye konu\u015ftu.<\/p>\n<p style=\"text-align: justify;\">&#8220;\u015eunu bilmenizi isterim ki h\u00fck\u00fcmet olarak bu konunun hassasiyetle ve dikkatle takip\u00e7isi olmaya devam ediyoruz ve edece\u011fiz&#8221; diyen Erdo\u011fan, &#8220;her gelinen a\u015famada, yeni yeni geli\u015fmeler olduk\u00e7a sizleri de bilgilendirmek konusunda hassasiyetimizi s\u00fcrd\u00fcrece\u011fiz, ama ben ama bakan arkada\u015flar\u0131m. Karamsar olmam\u0131z i\u00e7in hi\u00e7bir sebep yok. Ekonomimiz krizin etkilerini h\u0131zla \u00fcst\u00fcnden at\u0131yor ve bu iyile\u015fmenin etkisini de hepimiz her g\u00fcn biraz daha hissedece\u011fiz. Bizler bu \u00fclkenin vatanda\u015flar\u0131 olarak i\u015flerimize d\u00f6rt elle sar\u0131l\u0131p, \u00fclkemiz i\u00e7in \u00fcretmeye, \u00fclkemiz i\u00e7in kazanmaya, \u00fclkemize inanarak ve g\u00fcvenerek \u00e7al\u0131\u015fmaya devam edersek T\u00fcrkiye&#8217;nin a\u015famayaca\u011f\u0131 engel yoktur. T\u00fcrkiye&#8217;nin gelece\u011fe umutla bakmak i\u00e7in \u00e7ok sebebi vard\u0131r. Yeter ki huzur ve istikrar\u0131m\u0131z\u0131n, birlik ve beraberli\u011fimizin de\u011ferini bilelim, T\u00fcrkiye&#8217;nin ideallerine sahip \u00e7\u0131kal\u0131m. Bu inan\u00e7 ve umutla yolumuza devam edelim&#8221; ifadelerini kulland\u0131.<\/p>\n<p style=\"text-align: justify;\"><span style=\"color: #888888;\">CNN T\u00dcRK<\/span><\/p>\n","protected":false},"excerpt":{"rendered":"<p style=\"text-align: center;\">\n<p style=\"text-align: justify;\">Ba\u015fbakan Recep Tayyip Erdo\u011fan, &#8220;Bu a\u00e7\u0131l\u0131mdan (Demokratik A\u00e7\u0131l\u0131m) maksad\u0131m\u0131z belli bir konuyu de\u011fil, bu \u00fclkenin insanlar\u0131n\u0131n zihinlerinde ve vicdanlar\u0131nda yer eden ne kadar meselemiz, sorun alanlar\u0131m\u0131z varsa hepsini tart\u0131\u015fmaya a\u00e7mak, bir ortak kanaate ula\u015fmak ve bunlar\u0131n her biri i\u00e7in \u00e7are neyse bulup hayata ge\u00e7irmektir&#8221; dedi.<\/p>\n<p style=\"text-align: justify;\">Demokratik a\u00e7\u0131l\u0131m <\/p>\n","protected":false},"author":1,"featured_media":0,"comment_status":"open","ping_status":"closed","sticky":false,"template":"","format":"standard","meta":{"footnotes":""},"categories":[105],"tags":[],"class_list":["post-15377","post","type-post","status-publish","format-standard","hentry","category-gundem","odd"],"_links":{"self":[{"href":"http:\/\/www.korhanyilmaz.com\/index.php?rest_route=\/wp\/v2\/posts\/15377","targetHints":{"allow":["GET"]}}],"collection":[{"href":"http:\/\/www.korhanyilmaz.com\/index.php?rest_route=\/wp\/v2\/posts"}],"about":[{"href":"http:\/\/www.korhanyilmaz.com\/index.php?rest_route=\/wp\/v2\/types\/post"}],"author":[{"embeddable":true,"href":"http:\/\/www.korhanyilmaz.com\/index.php?rest_route=\/wp\/v2\/users\/1"}],"replies":[{"embeddable":true,"href":"http:\/\/www.korhanyilmaz.com\/index.php?rest_route=%2Fwp%2Fv2%2Fcomments&post=15377"}],"version-history":[{"count":0,"href":"http:\/\/www.korhanyilmaz.com\/index.php?rest_route=\/wp\/v2\/posts\/15377\/revisions"}],"wp:attachment":[{"href":"http:\/\/www.korhanyilmaz.com\/index.php?rest_route=%2Fwp%2Fv2%2Fmedia&parent=15377"}],"wp:term":[{"taxonomy":"category","embeddable":true,"href":"http:\/\/www.korhanyilmaz.com\/index.php?rest_route=%2Fwp%2Fv2%2Fcategories&post=15377"},{"taxonomy":"post_tag","embeddable":true,"href":"http:\/\/www.korhanyilmaz.com\/index.php?rest_route=%2Fwp%2Fv2%2Ftags&post=15377"}],"curies":[{"name":"wp","href":"https:\/\/api.w.org\/{rel}","templated":true}]}}