{"id":15374,"date":"2009-09-30T19:48:57","date_gmt":"2009-09-30T17:48:57","guid":{"rendered":"http:\/\/www.korhanyilmaz.com\/?p=15374"},"modified":"2009-09-30T19:48:57","modified_gmt":"2009-09-30T17:48:57","slug":"cumhurbaskanligi-seciminde-eski-istek","status":"publish","type":"post","link":"http:\/\/www.korhanyilmaz.com\/?p=15374","title":{"rendered":"Cumhurba\u015fkanl\u0131\u011f\u0131 se\u00e7iminde &quot;eski&quot; istek"},"content":{"rendered":"<p style=\"text-align: center;\"><a href=\"http:\/\/www.korhanyilmaz.com\/wp-content\/uploads\/2009\/09\/baykal3.jpg\"  class=\"lightview\"><img loading=\"lazy\" decoding=\"async\" class=\"aligncenter size-full wp-image-15375\" src=\"http:\/\/www.korhanyilmaz.com\/wp-content\/uploads\/2009\/09\/baykal3.jpg\" alt=\"\" width=\"307\" height=\"236\" \/><\/a><\/p>\n<p style=\"text-align: justify;\">CHP Genel Ba\u015fkan\u0131 Deniz Baykal, DTP&#8217;li milletvekillerinin ifade vermek \u00fczere mahkemeye zorla getirilmeleriyle ilgili de\u011ferlendirmede bulunurken, &#8220;konuya yasal \u00e7\u00f6z\u00fcm bulunmas\u0131 gerekti\u011fini&#8221; belirtti. CHP, TBMM&#8217;de bir uzla\u015fma sa\u011flan\u0131rsa Cumhurba\u015fkan\u0131n\u0131n Parlamento taraf\u0131ndan se\u00e7ilmesi sistemine yeniden d\u00f6n\u00fclmesine y\u00f6nelik d\u00fczenlemeye destek verecek.<\/p>\n<p style=\"text-align: justify;\">CHP Merkez Y\u00f6netim Kurulu (MYK) Genel Ba\u015fkan Deniz Baykal ba\u015fkanl\u0131\u011f\u0131nda topland\u0131.<\/p>\n<p style=\"text-align: justify;\">Al\u0131nan bilgiye g\u00f6re, g\u00fcndemdeki konular\u0131n de\u011ferlendirildi\u011fi toplant\u0131da DTP&#8217;li milletvekillerinin mahkemeye zorla getirilmeleri karar\u0131 da ele al\u0131nd\u0131. <!--more--><\/p>\n<p style=\"text-align: justify;\">Baykal, buna ili\u015fkin olarak, &#8220;Yasal \u00e7\u00f6z\u00fcm bulunmal\u0131. Biz her zaman dokunulmazl\u0131klar\u0131n daralt\u0131lmas\u0131ndan yana olduk&#8221; dedi.<\/p>\n<p style=\"text-align: justify;\">Konunun yasal \u00e7\u00f6z\u00fcm\u00fcne y\u00f6nelik \u00f6neriler de getiren Baykal, &#8220;Ya dokunulmazlar kald\u0131r\u0131l\u0131r ya da b\u00fct\u00fcn dokunulmazl\u0131k dosyalar\u0131 TBMM Genel Kurul&#8217;unda g\u00f6r\u00fc\u015f\u00fcl\u00fcr, dokunulmazl\u0131klar kald\u0131r\u0131l\u0131r ve herkes gider hesab\u0131n\u0131 yarg\u0131da verir&#8221; diye konu\u015ftu.<\/p>\n<p style=\"text-align: justify;\">MYK toplant\u0131s\u0131nda H\u00fck\u00fcmet&#8217;in TBMM&#8217;ye sevk etme karar\u0131 ald\u0131\u011f\u0131 Cumhurba\u015fkan\u0131 se\u00e7imine ili\u015fkin uyum yasas\u0131 da ele al\u0131nd\u0131.<\/p>\n<p style=\"text-align: justify;\">Baykal, Cumhurba\u015fkan\u0131n\u0131n halk taraf\u0131ndan se\u00e7ilmesinin alt yap\u0131s\u0131n\u0131n bulunmad\u0131\u011f\u0131n\u0131 vurgulayarak, TBMM&#8217;de bir uzla\u015fma sa\u011flan\u0131rsa Cumhurba\u015fkan\u0131n\u0131n Parlamento taraf\u0131ndan se\u00e7ilmesine y\u00f6nelik sisteme yeniden d\u00f6n\u00fclmesine y\u00f6nelik d\u00fczenlemeye destek vereceklerini s\u00f6yledi.<\/p>\n<p style=\"text-align: justify;\">T\u00fcrkiye-Ermenistan ili\u015fkilerinin de de\u011ferlendirildi\u011fi toplant\u0131da ABD D\u0131\u015fi\u015fleri Bakan\u0131 Hillary Clinton&#8217;un konuya ili\u015fkin a\u00e7\u0131klamalar\u0131na dikkati \u00e7eken Baykal, T\u00fcrkiye-Ermenistan s\u0131n\u0131r\u0131n\u0131n a\u00e7\u0131lmas\u0131n\u0131n Ermenistan&#8217;\u0131n i\u015fgal etti\u011fi Azerbaycan topraklar\u0131ndan \u00e7\u0131kmas\u0131 ko\u015fuluna ba\u011flanmad\u0131\u011f\u0131n\u0131n g\u00f6r\u00fcld\u00fc\u011f\u00fcn\u00fc savundu.<\/p>\n<p style=\"text-align: justify;\">Baykal, &#8220;Demokratik A\u00e7\u0131l\u0131m&#8221; konusunda ise H\u00fck\u00fcmet&#8217;in hala konuya ili\u015fkin somut veriler ortaya koymad\u0131\u011f\u0131n\u0131 ifade etti.<\/p>\n<p style=\"text-align: justify;\">Anayasa de\u011fi\u015fikli\u011fi, ana dilde e\u011fitim gibi konularda yap\u0131lan a\u00e7\u0131klamalar\u0131n H\u00fck\u00fcmet&#8217;in kafas\u0131n\u0131n kar\u0131\u015f\u0131k oldu\u011funu ortaya koydu\u011funu savunan Baykal, &#8220;H\u00fck\u00fcmet 2 ayd\u0131r hi\u00e7bir somut a\u00e7\u0131klama yapmad\u0131. Toplumu 2 ay beklentide tutamazs\u0131n\u0131z ya somut bir yol haritas\u0131 ortaya koyacaklar ya da konuyu dalgaland\u0131r\u0131p, unutturup, g\u00fcndemden kald\u0131racaklar. Gelinen nokta bu&#8221; dedi.<\/p>\n<p style=\"text-align: justify;\">CHP MYK, toplant\u0131da Ola\u011fan Kurultay s\u00fcrecinin 12 Ekim&#8217;de ba\u015flamas\u0131n\u0131 kararla\u015ft\u0131rd\u0131. Ola\u011fan Kurultay&#8217;\u0131n da bu takvim i\u00e7erisinde 2010 y\u0131l\u0131n\u0131n May\u0131s ay\u0131 sonunda ya da Haziran ay\u0131 ba\u015f\u0131nda yap\u0131lmas\u0131 planlan\u0131yor.<\/p>\n<p style=\"text-align: justify;\"><span style=\"color: #888888;\">CNN T\u00dcRK<\/span><\/p>\n","protected":false},"excerpt":{"rendered":"<p style=\"text-align: center;\">\n<p style=\"text-align: justify;\">CHP Genel Ba\u015fkan\u0131 Deniz Baykal, DTP&#8217;li milletvekillerinin ifade vermek \u00fczere mahkemeye zorla getirilmeleriyle ilgili de\u011ferlendirmede bulunurken, &#8220;konuya yasal \u00e7\u00f6z\u00fcm bulunmas\u0131 gerekti\u011fini&#8221; belirtti. CHP, TBMM&#8217;de bir uzla\u015fma sa\u011flan\u0131rsa Cumhurba\u015fkan\u0131n\u0131n Parlamento taraf\u0131ndan se\u00e7ilmesi sistemine yeniden d\u00f6n\u00fclmesine y\u00f6nelik d\u00fczenlemeye destek verecek.<\/p>\n<p style=\"text-align: justify;\">CHP Merkez Y\u00f6netim Kurulu (MYK) Genel Ba\u015fkan Deniz Baykal ba\u015fkanl\u0131\u011f\u0131nda <\/p>\n","protected":false},"author":1,"featured_media":0,"comment_status":"open","ping_status":"closed","sticky":false,"template":"","format":"standard","meta":{"footnotes":""},"categories":[105],"tags":[],"class_list":["post-15374","post","type-post","status-publish","format-standard","hentry","category-gundem","odd"],"_links":{"self":[{"href":"http:\/\/www.korhanyilmaz.com\/index.php?rest_route=\/wp\/v2\/posts\/15374","targetHints":{"allow":["GET"]}}],"collection":[{"href":"http:\/\/www.korhanyilmaz.com\/index.php?rest_route=\/wp\/v2\/posts"}],"about":[{"href":"http:\/\/www.korhanyilmaz.com\/index.php?rest_route=\/wp\/v2\/types\/post"}],"author":[{"embeddable":true,"href":"http:\/\/www.korhanyilmaz.com\/index.php?rest_route=\/wp\/v2\/users\/1"}],"replies":[{"embeddable":true,"href":"http:\/\/www.korhanyilmaz.com\/index.php?rest_route=%2Fwp%2Fv2%2Fcomments&post=15374"}],"version-history":[{"count":0,"href":"http:\/\/www.korhanyilmaz.com\/index.php?rest_route=\/wp\/v2\/posts\/15374\/revisions"}],"wp:attachment":[{"href":"http:\/\/www.korhanyilmaz.com\/index.php?rest_route=%2Fwp%2Fv2%2Fmedia&parent=15374"}],"wp:term":[{"taxonomy":"category","embeddable":true,"href":"http:\/\/www.korhanyilmaz.com\/index.php?rest_route=%2Fwp%2Fv2%2Fcategories&post=15374"},{"taxonomy":"post_tag","embeddable":true,"href":"http:\/\/www.korhanyilmaz.com\/index.php?rest_route=%2Fwp%2Fv2%2Ftags&post=15374"}],"curies":[{"name":"wp","href":"https:\/\/api.w.org\/{rel}","templated":true}]}}