{"id":15351,"date":"2009-09-30T17:16:00","date_gmt":"2009-09-30T14:16:00","guid":{"rendered":"http:\/\/www.korhanyilmaz.com\/?p=15351"},"modified":"2009-09-30T17:16:00","modified_gmt":"2009-09-30T14:16:00","slug":"ayamamada-inanilmaz-kurnazlik","status":"publish","type":"post","link":"http:\/\/www.korhanyilmaz.com\/?p=15351","title":{"rendered":"Ayamama&#039;da inan\u0131lmaz kurnazl\u0131k!"},"content":{"rendered":"<p><a href=\"http:\/\/www.korhanyilmaz.com\/wp-content\/uploads\/2009\/09\/h\u0131rs\u0131zlar.jpg\"  class=\"lightview\"><img loading=\"lazy\" decoding=\"async\" class=\"aligncenter size-full wp-image-15352\" src=\"http:\/\/www.korhanyilmaz.com\/wp-content\/uploads\/2009\/09\/h\u0131rs\u0131zlar.jpg\" alt=\"\" width=\"292\" height=\"193\" \/><\/a><\/p>\n<p style=\"text-align: justify;\">\u0130stanbul&#8217;aki sel felaketinin ard\u0131ndan Ayamama deresinde \u00e7al\u0131\u015fma yapan ekipler tesad\u00fcfen ak\u0131l almaz bir akaryak\u0131t h\u0131rs\u0131zl\u0131\u011f\u0131n\u0131 ortaya \u00e7\u0131kard\u0131. Derenin i\u00e7inden ge\u00e7en yakla\u015f\u0131k 500 metre uzunlu\u011fundaki hortumu fark eden belediye ekipleri durumu polise bildirdi.<\/p>\n<p style=\"text-align: justify;\">(DHA) &#8212; 9 Eyl\u00fcl&#8217;de ya\u015fanan sel felaketinden en \u00e7ok etkilenen b\u00f6lgelerden biri Ayamama Deresi&#8217;ydi. Sel sonras\u0131nda derede ve \u00e7evresinde temizleme \u00e7al\u0131\u015fmalar\u0131 ba\u015flat\u0131ld\u0131. \u00c7al\u0131\u015fmalar s\u0131ras\u0131nda Ayamama Deresi&#8217;nin i\u00e7inden ge\u00e7en yakla\u015f\u0131k 500 metre uzunlu\u011fundaki hortum belediye ekiplerini ekipleri \u015fa\u015fk\u0131na \u00e7evirdi. <!--more--><\/p>\n<p style=\"text-align: justify;\">Belediye ekiplerinin bildirmesiyle polis olay yerine geldi. Polis ekipleri kimi zaman r\u00f6gardan ge\u00e7irilen hortumu metre metre takip etti. \u0130nceleme sonucu hortumun bir ucunun \u0130n\u00f6n\u00fc Mahallesi, \u00c7\u0131naryolu Sokak&#8217;ta Atat\u00fcrk Havaliman\u0131&#8217;na giden &#8216;u\u00e7ak yak\u0131t ikmal&#8217; hatt\u0131na, di\u011fer ucunun ise Ayamama Deresi&#8217;nin kar\u015f\u0131s\u0131ndaki bir TIR park\u0131ndaki bir TIR&#8217;a ba\u011fl\u0131 oldu\u011fu tespit edildi.<\/p>\n<p style=\"text-align: justify;\">Hortumun ula\u015ft\u0131\u011f\u0131 son nokta olan TIR&#8217;\u0131 da konrol eden ekipler, yak\u0131t\u0131n araca monte edilmi\u015f tankta topland\u0131\u011f\u0131n\u0131 tespit etti. Polis, operasyon sonunda 5 ki\u015fiyi g\u00f6zalt\u0131na ald\u0131.<\/p>\n<p style=\"text-align: justify;\">B\u00f6lgede \u00e7al\u0131\u015fan vatanda\u015flar ise \u015fa\u015fk\u0131n. Ka\u00e7ak hatt\u0131n selde temizlik yaparkan ortaya \u00e7\u0131kt\u0131\u011f\u0131n\u0131 ifade eden Murat K\u0131nal\u0131, &#8220;Bu ka\u00e7ak mazot hortumu. Selde temizlik yaparken tesad\u00fcfen ortaya \u00e7\u0131kt\u0131. TIR&#8217;\u0131n i\u00e7indeki tankere \u00e7\u0131k\u0131yor bu hortumun ucu&#8230;&#8221; dedi.<\/p>\n<p style=\"text-align: justify;\">Havaliman\u0131na giden &#8216;u\u00e7ak ikmal&#8217; hatt\u0131nda g\u00f6revli bir ki\u015fi ise,&#8221; Kanal\u0131n i\u00e7inde ka\u00e7ak hat var. Bizim hatt\u0131n i\u00e7ine hortum tak\u0131p ka\u00e7ak hat \u00e7ekmi\u015fler. Per\u015fembe ak\u015fam\u0131 tespit edildi. 5 g\u00fcn takip edildi ve operasyon yap\u0131ld\u0131. Biz bu hatt\u0131n kontrollerini yap\u0131yoruz. Bu hat hava ikmale gidiyor&#8221; diye konu\u015ftu.<\/p>\n<p style=\"text-align: justify;\">Gayrettepe Asayi\u015f \u015eube&#8217;de sorgulanan ki\u015filerin hattan \u00e7ald\u0131\u011f\u0131 yak\u0131t miktar\u0131 tespit edilmeye \u00e7al\u0131\u015f\u0131l\u0131yor.<\/p>\n<p style=\"text-align: justify;\"><span style=\"color: #888888;\">CNN T\u00dcRK<\/span><\/p>\n","protected":false},"excerpt":{"rendered":"<\/p>\n<p style=\"text-align: justify;\">\u0130stanbul&#8217;aki sel felaketinin ard\u0131ndan Ayamama deresinde \u00e7al\u0131\u015fma yapan ekipler tesad\u00fcfen ak\u0131l almaz bir akaryak\u0131t h\u0131rs\u0131zl\u0131\u011f\u0131n\u0131 ortaya \u00e7\u0131kard\u0131. Derenin i\u00e7inden ge\u00e7en yakla\u015f\u0131k 500 metre uzunlu\u011fundaki hortumu fark eden belediye ekipleri durumu polise bildirdi.<\/p>\n<p style=\"text-align: justify;\">(DHA) &#8212; 9 Eyl\u00fcl&#8217;de ya\u015fanan sel felaketinden en \u00e7ok etkilenen b\u00f6lgelerden biri Ayamama Deresi&#8217;ydi. Sel sonras\u0131nda derede ve <\/p>\n","protected":false},"author":1,"featured_media":0,"comment_status":"open","ping_status":"closed","sticky":false,"template":"","format":"standard","meta":{"footnotes":""},"categories":[105],"tags":[],"class_list":["post-15351","post","type-post","status-publish","format-standard","hentry","category-gundem","odd"],"_links":{"self":[{"href":"http:\/\/www.korhanyilmaz.com\/index.php?rest_route=\/wp\/v2\/posts\/15351","targetHints":{"allow":["GET"]}}],"collection":[{"href":"http:\/\/www.korhanyilmaz.com\/index.php?rest_route=\/wp\/v2\/posts"}],"about":[{"href":"http:\/\/www.korhanyilmaz.com\/index.php?rest_route=\/wp\/v2\/types\/post"}],"author":[{"embeddable":true,"href":"http:\/\/www.korhanyilmaz.com\/index.php?rest_route=\/wp\/v2\/users\/1"}],"replies":[{"embeddable":true,"href":"http:\/\/www.korhanyilmaz.com\/index.php?rest_route=%2Fwp%2Fv2%2Fcomments&post=15351"}],"version-history":[{"count":0,"href":"http:\/\/www.korhanyilmaz.com\/index.php?rest_route=\/wp\/v2\/posts\/15351\/revisions"}],"wp:attachment":[{"href":"http:\/\/www.korhanyilmaz.com\/index.php?rest_route=%2Fwp%2Fv2%2Fmedia&parent=15351"}],"wp:term":[{"taxonomy":"category","embeddable":true,"href":"http:\/\/www.korhanyilmaz.com\/index.php?rest_route=%2Fwp%2Fv2%2Fcategories&post=15351"},{"taxonomy":"post_tag","embeddable":true,"href":"http:\/\/www.korhanyilmaz.com\/index.php?rest_route=%2Fwp%2Fv2%2Ftags&post=15351"}],"curies":[{"name":"wp","href":"https:\/\/api.w.org\/{rel}","templated":true}]}}