{"id":15317,"date":"2009-09-30T10:28:07","date_gmt":"2009-09-30T07:28:07","guid":{"rendered":"http:\/\/www.korhanyilmaz.com\/?p=15317"},"modified":"2009-09-30T10:28:07","modified_gmt":"2009-09-30T07:28:07","slug":"kayseride-kayip-3-cocukla-ilgili-ihbar-yagiyor","status":"publish","type":"post","link":"http:\/\/www.korhanyilmaz.com\/?p=15317","title":{"rendered":"Kayseri&#039;de kay\u0131p 3 \u00e7ocukla ilgili ihbar ya\u011f\u0131yor"},"content":{"rendered":"<p><a href=\"http:\/\/www.korhanyilmaz.com\/wp-content\/uploads\/2009\/09\/kayseri.jpg\"  class=\"lightview\"><img loading=\"lazy\" decoding=\"async\" class=\"aligncenter size-full wp-image-15318\" src=\"http:\/\/www.korhanyilmaz.com\/wp-content\/uploads\/2009\/09\/kayseri.jpg\" alt=\"\" width=\"292\" height=\"201\" \/><\/a><\/p>\n<p style=\"text-align: justify;\">Kayseri&#8217;nin Talas \u0130l\u00e7esi&#8217;nde Ramazan bayram\u0131n\u0131n 2&#8217;nci g\u00fcn\u00fc olan 21 Eyl\u00fcl&#8217;de \u015feker toplamak i\u00e7in gittikten sonra kaybolan 3 \u00e7ocuk t\u00fcm aramalara ra\u011fmen hala bulunamad\u0131. \u00c7ocuklarla ilgili olarak as\u0131ls\u0131z ihbarlar ya\u011f\u0131yor.<\/p>\n<p style=\"text-align: justify;\">Talas&#8217;ta \u015feker toplamak i\u00e7in \u00e7\u0131kan 7 ya\u015f\u0131ndaki Dilruba Tekin ile a\u011fabeyi 8 ya\u015f\u0131ndaki Ahmet Tuna Tekin ve kom\u015fular\u0131n\u0131n \u00e7ocuklar\u0131 10 ya\u015f\u0131ndaki T\u00fcrkan Ay&#8217;dan bir haber al\u0131namad\u0131.<\/p>\n<p style=\"text-align: justify;\">Emniyet M\u00fcd\u00fcrl\u00fc\u011f\u00fc b\u00fcnyesinde olu\u015fturulan 60 ki\u015filik \u00e7ekirdek ekip \u00e7al\u0131\u015fmalar\u0131n\u0131 s\u00fcrd\u00fcr\u00fcrken, \u00f6zellikle Toplum Destekli Polislik B\u00fcro Amirli\u011fi ekiplerinin b\u00fcy\u00fck b\u00f6l\u00fcm\u00fc il\u00e7ede g\u00f6revlendirildi. <!--more--><\/p>\n<p style=\"text-align: justify;\">\u0130l\u00e7edeki bir\u00e7ok esnaf da i\u015fyerlerine kay\u0131p \u00e7ocuklar\u0131n\u0131n foto\u011fraflar\u0131n\u0131 asarak, arama \u00e7al\u0131\u015fmalar\u0131na destek verdi. G\u00fcn\u00fcn b\u00fcy\u00fck bir k\u0131sm\u0131n\u0131 apartman\u0131n \u00f6n\u00fcndeki parkta ge\u00e7iren kay\u0131p Dilruba Tekin ve Ahmet Tekin&#8217;in babas\u0131 emekli i\u015f\u00e7i Hamza Tekin, polislerin arama \u00e7al\u0131\u015fmalar\u0131n\u0131 s\u00fcrd\u00fcrd\u00fc\u011f\u00fc halde \u015fimdiye kadar bir sonu\u00e7 alamad\u0131\u011f\u0131n\u0131 s\u00f6yledi.<\/p>\n<p style=\"text-align: justify;\">\u00c7ocuklar\u0131n\u0131n gelmesini umutla bekledi\u011fini belirten, aslen Tokat&#8217;\u0131n Erba \u0130l\u00e7esi&#8217;nden olan ve Organize Sanayi B\u00f6lgesi&#8217;ndeki Kumtel Fabrikas\u0131&#8217;ndan emekli olan Hamza Tekin, &#8220;\u00c7ocuklar\u0131n ka\u00e7\u0131r\u0131ld\u0131\u011f\u0131na inan\u0131yorum. \u00c7ocuklar\u0131 kim tutuyorsa, Allah ona vicdan versin. Yavrular\u0131 b\u0131raks\u0131n&#8221; dedi.<\/p>\n<p style=\"text-align: justify;\">Hamza Tekin, Cumhurba\u015fkanl\u0131\u011f\u0131&#8217;ndan arand\u0131\u011f\u0131n\u0131 anlat\u0131rken, Cumhurba\u015fkan\u0131 Abdullah G\u00fcl&#8217;\u00fcn \u00e7ocuklar\u0131n bulunmas\u0131 i\u00e7in ilgililerle g\u00f6r\u00fc\u015ft\u00fc\u011f\u00fcn\u00fc s\u00f6yledi.<\/p>\n<p style=\"text-align: justify;\">Tacettinveli Mahallesi&#8217;nde 19 y\u0131ldan bu yana oturduklar\u0131n\u0131, has\u0131m ve daval\u0131 olduklar\u0131 kimse bulunmad\u0131\u011f\u0131n\u0131 belirten baba Hamza Tekin, &#8220;Hi\u00e7 kimseyle d\u00fc\u015fmanl\u0131\u011f\u0131m\u0131z olmad\u0131&#8221; diye konu\u015ftu.<\/p>\n<p style=\"text-align: justify;\">Dilruba ve Ahmet&#8217;in babannesi Hayriye G\u00fcro\u011flu, torunlar\u0131n\u0131 g\u00f6r\u00fcnt\u00fclerini televizyonda izledi\u011fi s\u0131rada g\u00f6zya\u015flar\u0131n\u0131 tutamad\u0131. Babaanne Hayriye G\u00fcro\u011flu, &#8220;Ne olur yavrular\u0131m\u0131z\u0131 b\u0131rak\u0131n&#8221; diyerek a\u011flad\u0131. Tekin ailesi umutla sabaha kadar televizyondan haberleri izledi.<\/p>\n<p style=\"text-align: justify;\"><em><strong>As\u0131ls\u0131z iddialara tepki <\/strong><\/em><\/p>\n<p style=\"text-align: justify;\">Kay\u0131p T\u00fcrkan Ay&#8217;\u0131n babas\u0131 \u0130brahim Ay, \u00e7ocuklar\u0131n sa\u011f salim bulunaca\u011f\u0131n\u0131 d\u00fc\u015f\u00fcnd\u00fc\u011f\u00fcn\u00fc belirterek, as\u0131ls\u0131z iddialarla u\u011fra\u015f\u0131ld\u0131\u011f\u0131n\u0131 s\u00f6yledi.<\/p>\n<p style=\"text-align: justify;\">\u0130brahim Ay, \u015f\u00f6yle dedi:<\/p>\n<p style=\"text-align: justify;\">&#8220;Bulunacaklar\u0131 umudu ile ya\u015f\u0131yorum. Bu s\u00fcreyi nas\u0131l ge\u00e7irdim bilemiyorum. E\u011fer bu 3 yavru ellerindeyse b\u0131raks\u0131nlar. Hi\u00e7 mi Allah&#8217;tan korkmuyorlar ? \u00c7ocuklar\u0131n ka\u00e7\u0131r\u0131lmas\u0131 ile ilgili hi\u00e7bir \u015f\u00fcphem yok. Herkes \u015fa\u015fk\u0131n durumda, birine bir \u015fey s\u00f6ylesem as\u0131ls\u0131z \u015feyler \u00e7\u0131k\u0131yor. Kar\u0131m ve bald\u0131z\u0131mla il\u011fili iddialar ise \u00e7ok \u00e7irkin. Bunlar\u0131 \u00e7\u0131karanlar ve yazanlar hakk\u0131nda gerekli kanuni ba\u015fvurular\u0131 yapaca\u011f\u0131m. Hi\u00e7bir \u015fey s\u00f6yleyemiyorum. Art\u0131k dayanacak halim kalmad\u0131, bu \u00e7ocuklar\u0131 bulun.&#8221;<\/p>\n<p style=\"text-align: justify;\">\u00c7ocuklar\u0131n kaybolmas\u0131yla ilgili bir\u00e7ok iddian\u0131n as\u0131ls\u0131z \u00e7\u0131kt\u0131\u011f\u0131n\u0131 s\u00f6yleyen T\u00fcrkan Ay&#8217;\u0131n annesi \u00d6zlem ise, &#8220;\u00c7ocukla ilgili iyi haber bekliyoruz. Sadece otomobille ka\u00e7\u0131r\u0131lma akl\u0131ma gelmiyor. \u015eeker toplamaya gittikleri evlerden birinde, k\u00f6t\u00fc niyetli insanlar onlar\u0131 i\u00e7eri \u00e7ekip, al\u0131koyuyor olabililir&#8221; diye konu\u015ftu.<\/p>\n<p style=\"text-align: justify;\">Kayseri Valisi Mevl\u00fct Bilici de, kay\u0131p \u00e7ocuklarla ilgili olarak \u015fu ana kadar somut ve soyut bilgiye ula\u015famad\u0131klar\u0131n\u0131, birbiri ard\u0131na gelen ihbarlar\u0131n as\u0131ls\u0131z dahi olsa titizlilikle ara\u015ft\u0131r\u0131ld\u0131\u011f\u0131n\u0131 belirterek, \u015f\u00f6yle dedi:<\/p>\n<p style=\"text-align: justify;\">&#8220;\u00c7ocuklar\u0131n bulunmas\u0131 i\u00e7in gerek valili\u011fimiz gerekse polisimiz \u00f6zveriyle \u00e7al\u0131\u015fmaktad\u0131r. Arama \u00e7al\u0131\u015fmalar\u0131 hi\u00e7 h\u0131z kesmedi. Her t\u00fcrl\u00fc ihtimali ve bul\u011fuyu de\u011ferlendirerek, var g\u00fcc\u00fcm\u00fczle \u00e7al\u0131\u015f\u0131yoruz.&#8221;<\/p>\n<p style=\"text-align: justify;\">Emniyet M\u00fcd\u00fcr\u00fc Arif Akkale de Kayseri polisi olarak her t\u00fcrl\u00fc olas\u0131l\u0131k \u00fczerinde durduklar\u0131n\u0131 ancak \u015fu ana kadar yap\u0131lan ihbarlar\u0131n as\u0131ls\u0131z olmdu\u011funu s\u00f6yledi.<\/p>\n<p style=\"text-align: justify;\">Akkale, &#8220;\u00c7ocuklar\u0131n \u0130zmir ve Eski\u015fehir&#8217;de g\u00f6r\u00fcld\u00fc\u011f\u00fc yolundaki ihbarlar da as\u0131ls\u0131z \u00e7\u0131kt\u0131. Gerek ilimizde gerekse ba\u015fka kentlerde polis te\u015fkilat\u0131 her t\u00fcrl\u00fc ihbar\u0131 de\u011ferlmendiriyor&#8221; diye konu\u015ftu.<\/p>\n<p style=\"text-align: justify;\">Bu arada bug\u00fcn saat 07.00 s\u0131ralar\u0131nda \u0130stanbul&#8217;da Do\u011fan Haber Ajans\u0131&#8217;n\u0131 3 kez arayan bir ki\u015fi &#8220;Arad\u0131\u011f\u0131n\u0131z \u00e7ocuklar Erzurum&#8217;da benim bir arkada\u015f\u0131m\u0131n yan\u0131nda&#8221; diye ihbarda bulundu. Kayseri Emniyet M\u00fcd\u00fcrl\u00fc\u011f\u00fc bunun \u00fczerine telefon numaras\u0131n\u0131 tespit etmek i\u00e7in harekete ge\u00e7ti.<\/p>\n<p style=\"text-align: justify;\"><span style=\"color: #888888;\">CNN T\u00dcRK<\/span><\/p>\n","protected":false},"excerpt":{"rendered":"<\/p>\n<p style=\"text-align: justify;\">Kayseri&#8217;nin Talas \u0130l\u00e7esi&#8217;nde Ramazan bayram\u0131n\u0131n 2&#8217;nci g\u00fcn\u00fc olan 21 Eyl\u00fcl&#8217;de \u015feker toplamak i\u00e7in gittikten sonra kaybolan 3 \u00e7ocuk t\u00fcm aramalara ra\u011fmen hala bulunamad\u0131. \u00c7ocuklarla ilgili olarak as\u0131ls\u0131z ihbarlar ya\u011f\u0131yor.<\/p>\n<p style=\"text-align: justify;\">Talas&#8217;ta \u015feker toplamak i\u00e7in \u00e7\u0131kan 7 ya\u015f\u0131ndaki Dilruba Tekin ile a\u011fabeyi 8 ya\u015f\u0131ndaki Ahmet Tuna Tekin ve kom\u015fular\u0131n\u0131n \u00e7ocuklar\u0131 10 ya\u015f\u0131ndaki <\/p>\n","protected":false},"author":1,"featured_media":0,"comment_status":"open","ping_status":"closed","sticky":false,"template":"","format":"standard","meta":{"footnotes":""},"categories":[105],"tags":[],"class_list":["post-15317","post","type-post","status-publish","format-standard","hentry","category-gundem","odd"],"_links":{"self":[{"href":"http:\/\/www.korhanyilmaz.com\/index.php?rest_route=\/wp\/v2\/posts\/15317","targetHints":{"allow":["GET"]}}],"collection":[{"href":"http:\/\/www.korhanyilmaz.com\/index.php?rest_route=\/wp\/v2\/posts"}],"about":[{"href":"http:\/\/www.korhanyilmaz.com\/index.php?rest_route=\/wp\/v2\/types\/post"}],"author":[{"embeddable":true,"href":"http:\/\/www.korhanyilmaz.com\/index.php?rest_route=\/wp\/v2\/users\/1"}],"replies":[{"embeddable":true,"href":"http:\/\/www.korhanyilmaz.com\/index.php?rest_route=%2Fwp%2Fv2%2Fcomments&post=15317"}],"version-history":[{"count":0,"href":"http:\/\/www.korhanyilmaz.com\/index.php?rest_route=\/wp\/v2\/posts\/15317\/revisions"}],"wp:attachment":[{"href":"http:\/\/www.korhanyilmaz.com\/index.php?rest_route=%2Fwp%2Fv2%2Fmedia&parent=15317"}],"wp:term":[{"taxonomy":"category","embeddable":true,"href":"http:\/\/www.korhanyilmaz.com\/index.php?rest_route=%2Fwp%2Fv2%2Fcategories&post=15317"},{"taxonomy":"post_tag","embeddable":true,"href":"http:\/\/www.korhanyilmaz.com\/index.php?rest_route=%2Fwp%2Fv2%2Ftags&post=15317"}],"curies":[{"name":"wp","href":"https:\/\/api.w.org\/{rel}","templated":true}]}}