{"id":15309,"date":"2009-09-30T09:57:49","date_gmt":"2009-09-30T06:57:49","guid":{"rendered":"http:\/\/www.korhanyilmaz.com\/?p=15309"},"modified":"2009-09-30T09:57:49","modified_gmt":"2009-09-30T06:57:49","slug":"hazirlik-toplantilari-bugun-basliyor","status":"publish","type":"post","link":"http:\/\/www.korhanyilmaz.com\/?p=15309","title":{"rendered":"Haz\u0131rl\u0131k toplant\u0131lar\u0131 bug\u00fcn ba\u015fl\u0131yor"},"content":{"rendered":"<p style=\"text-align: center;\"><a href=\"http:\/\/www.korhanyilmaz.com\/wp-content\/uploads\/2009\/09\/\u0130STANBUL.jpg\"  class=\"lightview\"><img loading=\"lazy\" decoding=\"async\" class=\"aligncenter size-full wp-image-15310\" src=\"http:\/\/www.korhanyilmaz.com\/wp-content\/uploads\/2009\/09\/\u0130STANBUL.jpg\" alt=\"\" width=\"307\" height=\"236\" \/><\/a><\/p>\n<p style=\"text-align: justify;\">IMF ve D\u00fcnya Bankas\u0131 Y\u0131ll\u0131k Toplant\u0131lar\u0131 \u00e7er\u00e7evesinde d\u00fczenlenecek haz\u0131rl\u0131k toplant\u0131lar\u0131, bug\u00fcn K\u00fcresel Finansal \u0130stikrar Raporu&#8217;nun a\u00e7\u0131klanmas\u0131yla ba\u015flayacak.<\/p>\n<p style=\"text-align: justify;\">Rapor, IMF Finans Dan\u0131\u015fman\u0131, Para ve Sermaye Pazarlar\u0131 B\u00f6l\u00fcm\u00fc Direkt\u00f6r\u00fc Jose Vinals taraf\u0131ndan d\u00fczenlenecek bas\u0131n toplant\u0131s\u0131 ile kamuoyuna duyurulacak.<\/p>\n<p style=\"text-align: justify;\">Devlet Bakan\u0131 ve Ba\u015fbakan Yard\u0131mc\u0131s\u0131 Ali Babacan da bug\u00fcn IMF ve D\u00fcnya Bankas\u0131 Y\u0131ll\u0131k Toplant\u0131lar\u0131na ili\u015fkin \u0130stanbul&#8217;da bas\u0131n toplant\u0131s\u0131 d\u00fczenleyecek. <!--more--><\/p>\n<p style=\"text-align: justify;\">Y\u0131ll\u0131k Toplant\u0131lar kapsam\u0131nda 1 Ekim Per\u015fembe g\u00fcn\u00fc de IMF Ekonomi Dan\u0131\u015fman\u0131 ve Ara\u015ft\u0131rma B\u00f6l\u00fcm\u00fc Direkt\u00f6r\u00fc Olivier Blanchard, &#8220;D\u00fcnya Ekonomik G\u00f6r\u00fcn\u00fcm\u00fc&#8221; raporuna ili\u015fkin bas\u0131n toplant\u0131s\u0131 yapacak.<\/p>\n<p style=\"text-align: justify;\">Ayn\u0131 g\u00fcn &#8220;ABD Ekonomik G\u00f6r\u00fcn\u00fcm\u00fc: Beklentiler, Riskler ve Latin Amerika ve Karayiplere Etkisi&#8221; ba\u015fl\u0131kl\u0131 bir seminer ger\u00e7ekle\u015ftirilecek.<\/p>\n<p style=\"text-align: justify;\">Program ak\u0131\u015f\u0131na g\u00f6re, D\u00fcnya Bankas\u0131 Ba\u015fkan\u0131 Robert Zoellick ile IMF Y\u00f6netici Direkt\u00f6r\u00fc Dominique Strauss-Kahn 2 Ekim Cuma g\u00fcn\u00fc ayr\u0131 ayr\u0131 bas\u0131n toplant\u0131s\u0131 ger\u00e7ekle\u015ftirecek.<\/p>\n<p style=\"text-align: justify;\">Ayn\u0131 tarihte ayr\u0131ca IMF&#8217;den Lorenzo Giorgianni taraf\u0131ndan &#8220;IMF Destekli Programlar: \u015eimdiye Kadar Ne \u00d6\u011frendik?&#8221; konulu seminer d\u00fczenlenecek.<\/p>\n<p style=\"text-align: justify;\">Etkinlik takvimine g\u00f6re, 3 Ekim&#8217;de IMF Avrupa B\u00f6l\u00fcm\u00fc Direkt\u00f6r\u00fc Marek Belka taraf\u0131ndan &#8220;Avrupa B\u00f6lgesel Ekonomik G\u00f6r\u00fcn\u00fcm\u00fc&#8221; konulu, D\u00fcnya Bankas\u0131 B\u00f6lge Ba\u015fkan Yard\u0131mc\u0131s\u0131 Philippe Le Houerou ve Ba\u015fekonomist Indermit Gill taraf\u0131ndan &#8220;Avrupa ve Orta Asya Ekonomik G\u00fcncelle\u015ftirmesi&#8221;, IMF Ortado\u011fu ve Orta Asya B\u00f6l\u00fcm\u00fc Direkt\u00f6r\u00fc Masood Ahmet taraf\u0131ndan &#8220;Orta Asya Ekonomik G\u00f6r\u00fcn\u00fcm\u00fc&#8221; konulu, IMF Afrika B\u00f6l\u00fcm\u00fc Direkt\u00f6r\u00fc Antoinette Sayeh taraf\u0131ndan &#8220;Sahraalt\u0131 Afrika Ekonomik G\u00f6r\u00fcn\u00fcm\u00fc&#8221;, Shamshad Akhtar taraf\u0131ndan &#8220;Ortado\u011fu ve Kuzey Afrika (MENA) Ekonomik Geli\u015fmeler ve D\u00fcnya Bankas\u0131 Potansiyeli&#8221; konulu bas\u0131n toplant\u0131lar\u0131 yap\u0131lacak.<\/p>\n<p style=\"text-align: justify;\">3 Ekim&#8217;de ayr\u0131ca, resmi programda olmayan, G-7&#8217;de yer alan \u00fclkelerin finans ve maliye bakanlar\u0131n\u0131n bir araya gelece\u011fi bir toplant\u0131 ger\u00e7ekle\u015ftirilecek.<\/p>\n<p style=\"text-align: justify;\"><strong><em>IMFC toplant\u0131lar\u0131 <\/em><\/strong><\/p>\n<p style=\"text-align: justify;\">Uluslararas\u0131 Para ve Finans Komitesi (IMFC) toplant\u0131lar\u0131n\u0131n da yap\u0131laca\u011f\u0131 etkinlikler kapsam\u0131nda, 4 Ekim&#8217;de &#8220;\u0130klim De\u011fi\u015fikli\u011fi D\u00fcnya Kalk\u0131nma Raporu&#8221;na ili\u015fkin bas\u0131n toplant\u0131s\u0131 d\u00fczenlenecek.<\/p>\n<p style=\"text-align: justify;\">Ayn\u0131 g\u00fcn Asya ve Pasifik, Bat\u0131 Yar\u0131m K\u00fcresi konular\u0131nda bas\u0131n toplant\u0131lar\u0131 ile Uluslararas\u0131 A\u011f\u0131r Bor\u00e7lu Yoksul \u00dclkeler Giri\u015fimi (HIPC) Bakanlar Toplant\u0131s\u0131, Yoksullu\u011fu Azaltma ve Ekonomik Y\u00f6netim A\u011f\u0131 (PREM) toplant\u0131s\u0131 ile &#8220;H1N1 Grip Salg\u0131n\u0131 G\u00fcncellemesi&#8221; konular\u0131nda toplant\u0131lar ger\u00e7ekle\u015ftirilecek.<\/p>\n<p style=\"text-align: justify;\">Kemal Dervi\u015f de 4 Ekim&#8217;de yap\u0131lacak bir toplant\u0131ya kat\u0131lacak.<\/p>\n<p style=\"text-align: justify;\">Ayn\u0131 g\u00fcn IMFC Ba\u015fkan\u0131 Bakan Youssef Boutros Ghali ve IMF Y\u00f6netici Direkt\u00f6r\u00fc Dominique Strauss Kahn&#8217;\u0131n kat\u0131l\u0131m\u0131yla bir bas\u0131n toplant\u0131s\u0131 yap\u0131lacak.<\/p>\n<p style=\"text-align: justify;\">Ayr\u0131ca &#8220;Finansal Kriz ve Geli\u015fmekte olan \u00dclkelere Etkisi&#8221; konulu toplant\u0131 ile &#8220;IMF-Finansal \u0130stikrar Kurulu (FSB) Erken Uyar\u0131 Sistemi&#8221; konulu seminerin d\u00fczenlenece\u011fi 4 Ekim&#8217;de, D\u00fcnya Bankas\u0131 Ba\u015fkan\u0131 Robert Zoellick ve D\u00fcnya Bankas\u0131 Genel M\u00fcd\u00fcr\u00fc Ngozi Okonjo Iweala&#8217;n\u0131n kat\u0131l\u0131m\u0131yla &#8220;G\u00fcney-G\u00fcney M\u00fcbadele Deneyimi Y\u0131ld\u00f6n\u00fcm\u00fc&#8221; G\u00fcncelle\u015ftirmesi ger\u00e7ekle\u015ftirilecek.<\/p>\n<p style=\"text-align: justify;\">Haz\u0131rl\u0131k toplant\u0131lar\u0131 kapsam\u0131nda, 5 Ekim Pazartesi g\u00fcn\u00fc DC Ba\u015fkan\u0131 Agustin Carstens, D\u00fcnya Bankas\u0131 Ba\u015fkan\u0131 Robert Zoellick ve IMF Y\u00f6netici Direkt\u00f6r\u00fc Dominique Strauss Kahn&#8217;\u0131n kat\u0131laca\u011f\u0131 bas\u0131n toplant\u0131s\u0131 yap\u0131lacak ve &#8220;\u00d6zel Sekt\u00f6r Geli\u015ftirme Kurumlar\u0131-Krize Yan\u0131t ve Kurtarma Giri\u015fimleri&#8221; konusu ele al\u0131nacak.<\/p>\n<p style=\"text-align: justify;\">6 Ekim&#8217;de ise IMF ve D\u00fcnya Bankas\u0131 Y\u0131ll\u0131k Toplant\u0131lar\u0131n ana oturumlar\u0131 ba\u015flayacak. Ayn\u0131 g\u00fcn IMF Y\u00f6netici Direkt\u00f6r Yard\u0131mc\u0131s\u0131 Takatoshi Kato y\u00f6netiminde, IMF Asya ve Pasifik B\u00f6l\u00fcm\u00fc Ba\u015fkan\u0131 Anoop Singh, IMF Asya ve Pasifik B\u00f6l\u00fcm\u00fc K\u0131demli Dan\u0131\u015fman\u0131 James Gordon&#8217;\u0131n sunuculu\u011funu \u00fcstlendi\u011fi seminerde &#8220;Japonya&#8217;n\u0131n 1990&#8217;lardaki Ye\u015fil Filizleri ve Sahte \u015eafaklar\u0131: Olas\u0131 A\u00e7\u0131l\u0131mlar ve Bug\u00fcn \u0130\u00e7in Dersler&#8221; konusu ele al\u0131nacak. IMF ve D\u00fcnya Bankas\u0131 Y\u0131ll\u0131k Toplant\u0131lar\u0131, 7 Ekim&#8217;de ger\u00e7ekle\u015ftirilecek kapan\u0131\u015f oturumu ile sona erecek.<\/p>\n<p style=\"text-align: justify;\"><span style=\"color: #888888;\">CNN T\u00dcRK<\/span><\/p>\n","protected":false},"excerpt":{"rendered":"<p style=\"text-align: center;\">\n<p style=\"text-align: justify;\">IMF ve D\u00fcnya Bankas\u0131 Y\u0131ll\u0131k Toplant\u0131lar\u0131 \u00e7er\u00e7evesinde d\u00fczenlenecek haz\u0131rl\u0131k toplant\u0131lar\u0131, bug\u00fcn K\u00fcresel Finansal \u0130stikrar Raporu&#8217;nun a\u00e7\u0131klanmas\u0131yla ba\u015flayacak.<\/p>\n<p style=\"text-align: justify;\">Rapor, IMF Finans Dan\u0131\u015fman\u0131, Para ve Sermaye Pazarlar\u0131 B\u00f6l\u00fcm\u00fc Direkt\u00f6r\u00fc Jose Vinals taraf\u0131ndan d\u00fczenlenecek bas\u0131n toplant\u0131s\u0131 ile kamuoyuna duyurulacak.<\/p>\n<p style=\"text-align: justify;\">Devlet Bakan\u0131 ve Ba\u015fbakan Yard\u0131mc\u0131s\u0131 Ali Babacan da bug\u00fcn IMF <\/p>\n","protected":false},"author":1,"featured_media":0,"comment_status":"open","ping_status":"closed","sticky":false,"template":"","format":"standard","meta":{"footnotes":""},"categories":[7],"tags":[],"class_list":["post-15309","post","type-post","status-publish","format-standard","hentry","category-ekonomi","odd"],"_links":{"self":[{"href":"http:\/\/www.korhanyilmaz.com\/index.php?rest_route=\/wp\/v2\/posts\/15309","targetHints":{"allow":["GET"]}}],"collection":[{"href":"http:\/\/www.korhanyilmaz.com\/index.php?rest_route=\/wp\/v2\/posts"}],"about":[{"href":"http:\/\/www.korhanyilmaz.com\/index.php?rest_route=\/wp\/v2\/types\/post"}],"author":[{"embeddable":true,"href":"http:\/\/www.korhanyilmaz.com\/index.php?rest_route=\/wp\/v2\/users\/1"}],"replies":[{"embeddable":true,"href":"http:\/\/www.korhanyilmaz.com\/index.php?rest_route=%2Fwp%2Fv2%2Fcomments&post=15309"}],"version-history":[{"count":0,"href":"http:\/\/www.korhanyilmaz.com\/index.php?rest_route=\/wp\/v2\/posts\/15309\/revisions"}],"wp:attachment":[{"href":"http:\/\/www.korhanyilmaz.com\/index.php?rest_route=%2Fwp%2Fv2%2Fmedia&parent=15309"}],"wp:term":[{"taxonomy":"category","embeddable":true,"href":"http:\/\/www.korhanyilmaz.com\/index.php?rest_route=%2Fwp%2Fv2%2Fcategories&post=15309"},{"taxonomy":"post_tag","embeddable":true,"href":"http:\/\/www.korhanyilmaz.com\/index.php?rest_route=%2Fwp%2Fv2%2Ftags&post=15309"}],"curies":[{"name":"wp","href":"https:\/\/api.w.org\/{rel}","templated":true}]}}