{"id":15303,"date":"2009-09-30T10:35:23","date_gmt":"2009-09-30T07:35:23","guid":{"rendered":"http:\/\/www.korhanyilmaz.com\/?p=15303"},"modified":"2009-09-30T10:35:23","modified_gmt":"2009-09-30T07:35:23","slug":"sabahat-tuncel-de-zorla-getirilecek","status":"publish","type":"post","link":"http:\/\/www.korhanyilmaz.com\/?p=15303","title":{"rendered":"Sabahat Tuncel de zorla getirilecek"},"content":{"rendered":"<p style=\"text-align: center;\"><a href=\"http:\/\/www.korhanyilmaz.com\/wp-content\/uploads\/2009\/09\/tuncel.jpg\"  class=\"lightview\"><img loading=\"lazy\" decoding=\"async\" class=\"aligncenter size-full wp-image-15304\" src=\"http:\/\/www.korhanyilmaz.com\/wp-content\/uploads\/2009\/09\/tuncel.jpg\" alt=\"\" width=\"307\" height=\"236\" \/><\/a><\/p>\n<p style=\"text-align: justify;\">Ankara 11. A\u011f\u0131r Ceza Mahkemesi, DTP milletvekili Sebahat Tuncel&#8217;in mahkemede ifade vermek \u00fczere zorla duru\u015fmaya getirilmesine karar verdi. Tuncel, ifade vermeyece\u011fini a\u00e7\u0131klad\u0131.<\/p>\n<p style=\"text-align: justify;\">Tuncel, &#8220;Karar demokrasiyi zora sokuyor&#8221; dedi.<\/p>\n<p style=\"text-align: justify;\">DTP&#8217;lilerin mahkemedeki ifade krizi s\u00fcrecinde Ankara 11. A\u011f\u0131r Ceza Mahkemesi&#8217;nde d\u00fcn yap\u0131lan duru\u015fmada da Mardin Milletvekili Emine Ayna ve Diyarbak\u0131r Milletvekili Selahattin Demirta\u015f&#8217;\u0131n mahkemeye zorla getirilmesine, DTP Genel Ba\u015fkan\u0131 Ahmet T\u00fcrk&#8217;e ise yeni bir tebligat yap\u0131lmas\u0131na karar verilmi\u015fti.<\/p>\n<p style=\"text-align: justify;\"><span style=\"color: #888888;\">CNN T\u00dcRK<\/span><\/p>\n","protected":false},"excerpt":{"rendered":"<p style=\"text-align: center;\">\n<p style=\"text-align: justify;\">Ankara 11. A\u011f\u0131r Ceza Mahkemesi, DTP milletvekili Sebahat Tuncel&#8217;in mahkemede ifade vermek \u00fczere zorla duru\u015fmaya getirilmesine karar verdi. Tuncel, ifade vermeyece\u011fini a\u00e7\u0131klad\u0131.<\/p>\n<p style=\"text-align: justify;\">Tuncel, &#8220;Karar demokrasiyi zora sokuyor&#8221; dedi.<\/p>\n<p style=\"text-align: justify;\">DTP&#8217;lilerin mahkemedeki ifade krizi s\u00fcrecinde Ankara 11. A\u011f\u0131r Ceza Mahkemesi&#8217;nde d\u00fcn yap\u0131lan duru\u015fmada da Mardin Milletvekili Emine Ayna <\/p>\n","protected":false},"author":1,"featured_media":0,"comment_status":"open","ping_status":"closed","sticky":false,"template":"","format":"standard","meta":{"footnotes":""},"categories":[105],"tags":[],"class_list":["post-15303","post","type-post","status-publish","format-standard","hentry","category-gundem","odd"],"_links":{"self":[{"href":"http:\/\/www.korhanyilmaz.com\/index.php?rest_route=\/wp\/v2\/posts\/15303","targetHints":{"allow":["GET"]}}],"collection":[{"href":"http:\/\/www.korhanyilmaz.com\/index.php?rest_route=\/wp\/v2\/posts"}],"about":[{"href":"http:\/\/www.korhanyilmaz.com\/index.php?rest_route=\/wp\/v2\/types\/post"}],"author":[{"embeddable":true,"href":"http:\/\/www.korhanyilmaz.com\/index.php?rest_route=\/wp\/v2\/users\/1"}],"replies":[{"embeddable":true,"href":"http:\/\/www.korhanyilmaz.com\/index.php?rest_route=%2Fwp%2Fv2%2Fcomments&post=15303"}],"version-history":[{"count":0,"href":"http:\/\/www.korhanyilmaz.com\/index.php?rest_route=\/wp\/v2\/posts\/15303\/revisions"}],"wp:attachment":[{"href":"http:\/\/www.korhanyilmaz.com\/index.php?rest_route=%2Fwp%2Fv2%2Fmedia&parent=15303"}],"wp:term":[{"taxonomy":"category","embeddable":true,"href":"http:\/\/www.korhanyilmaz.com\/index.php?rest_route=%2Fwp%2Fv2%2Fcategories&post=15303"},{"taxonomy":"post_tag","embeddable":true,"href":"http:\/\/www.korhanyilmaz.com\/index.php?rest_route=%2Fwp%2Fv2%2Ftags&post=15303"}],"curies":[{"name":"wp","href":"https:\/\/api.w.org\/{rel}","templated":true}]}}