{"id":15295,"date":"2009-09-29T18:14:01","date_gmt":"2009-09-29T15:14:01","guid":{"rendered":"http:\/\/www.korhanyilmaz.com\/?p=15295"},"modified":"2009-09-29T18:14:01","modified_gmt":"2009-09-29T15:14:01","slug":"kacti-mi","status":"publish","type":"post","link":"http:\/\/www.korhanyilmaz.com\/?p=15295","title":{"rendered":"Ka\u00e7t\u0131 m\u0131?"},"content":{"rendered":"<p style=\"text-align: center;\"><a href=\"http:\/\/www.korhanyilmaz.com\/wp-content\/uploads\/2009\/09\/CEMUZAN.jpg\"  class=\"lightview\"><img loading=\"lazy\" decoding=\"async\" class=\"aligncenter size-full wp-image-15296\" src=\"http:\/\/www.korhanyilmaz.com\/wp-content\/uploads\/2009\/09\/CEMUZAN.jpg\" alt=\"\" width=\"329\" height=\"210\" \/><\/a><\/p>\n<p style=\"text-align: justify;\"><strong><em>\u00c7al\u0131\u015fanlar\u0131: &#8216;Cem Bey, ailesiyle birlikte Ramazan Bayram\u0131\u2019nda tatile \u00e7\u0131kt\u0131&#8217;<\/em><\/strong><\/p>\n<p style=\"text-align: justify;\">BabasI Kemal Uzan, amcas\u0131 Yavuz Uzan ve karde\u015fi Hakan Uzan, \u0130mar Bankas\u0131\u2019n\u0131n i\u00e7ini bo\u015faltmak su\u00e7undan uluslararas\u0131 d\u00fczeyde k\u0131rm\u0131z\u0131 b\u00fcltenle aranan Cem Uzan\u2019\u0131n da yurt d\u0131\u015f\u0131na ka\u00e7t\u0131\u011f\u0131 iddia edildi. \u0130ddiaya g\u00f6re bayramdan bu yana kendisinden haber al\u0131namayan Cem Uzan, tatili i\u00e7in gitti\u011fi Antalya\u2019dan bir tekneyle Meis adas\u0131na ge\u00e7ti. Oradan da b\u00fcy\u00fck bir yatla \u00dcrd\u00fcn\u2019e ka\u00e7t\u0131. Uzan\u2019\u0131n ailesiyle birlikte ya\u015fad\u0131\u011f\u0131 Beykoz \u00c7ubuklu\u2019daki Sazak Villalar\u0131\u2019nda bulunan villas\u0131n\u0131n da yakla\u015f\u0131k 20 g\u00fcnd\u00fcr kapal\u0131 oldu\u011fu ortaya \u00e7\u0131kt\u0131. Uzan ve ailesinin, Ramazan\u2019\u0131n ortalar\u0131ndan bu yana evde bulunmad\u0131\u011f\u0131 anla\u015f\u0131ld\u0131. <!--more--><\/p>\n<p style=\"text-align: justify;\"><strong><em>Tatile \u00e7\u0131kt\u0131, d\u00f6necek <\/em><\/strong><\/p>\n<p style=\"text-align: justify;\">Uzan\u2019\u0131n yurt d\u0131\u015f\u0131na ka\u00e7t\u0131\u011f\u0131 iddialar\u0131 \u00fczerine villaya geldiklerini ve \u00e7evrede kontrol yapt\u0131klar\u0131n\u0131 s\u00f6yleyen \u00e7al\u0131\u015fanlar\u0131, \u201cCem Bey, ailesiyle birlikte Ramazan Bayram\u0131\u2019nda tatile \u00e7\u0131kt\u0131. Bayramdan sonra gelecekti. Gazetelerde haberleri okuyunca gelip villay\u0131 ve etraf\u0131n\u0131 kontrol ettik. Ayr\u0131ca avukat\u0131n\u0131 arad\u0131k. Bir \u015fey olmad\u0131\u011f\u0131n\u0131 kendisinin bir iki g\u00fcn i\u00e7inde gerekli a\u00e7\u0131klamay\u0131 yapaca\u011f\u0131n\u0131 belirtti. Bizler de bas\u0131ndan geli\u015fmeleri takip ediyoruz\u201d dedi. Sazak Villalar\u0131\u2019n\u0131n g\u00fcvenlik elemanlar\u0131 da Cem Uzan\u2019\u0131 en son Ramazan\u2019\u0131n 15\u2019inci g\u00fcn\u00fcnde g\u00f6rd\u00fcklerini belirterek \u201cMakam otosuyla s\u00fcrekli gelip giderdi. En son Ramazan ay\u0131n\u0131n 15\u2019inde ailesiyle birlikte tatile gittiklerini biliyoruz. Bayram bitiminde geleceklerdi. Ama hala gelen giden yok. Ev \u015fu anda kapal\u0131, gelmi\u015f olsalard\u0131 haberimiz olurdu\u201d dedi.<\/p>\n<p style=\"text-align: justify;\"><strong><em>Yurt d\u0131\u015f\u0131 yasa\u011f\u0131 var <\/em><\/strong><\/p>\n<p style=\"text-align: justify;\">Uzan, halen \u0130stanbul 8. A\u011f\u0131r Ceza Mahkemesi\u2019nde devam eden davada, ailesinden Kemal Uzan, Yavuz Uzan, Murat Hakan Uzan ile birlikte yarg\u0131lan\u0131yor. San\u0131klar i\u00e7in \u201cSu\u00e7 i\u015flemek i\u00e7in \u00f6rg\u00fct kurmak, nitelikli doland\u0131r\u0131c\u0131l\u0131k ve devlete kar\u015f\u0131 doland\u0131r\u0131c\u0131l\u0131k\u201d su\u00e7lar\u0131ndan 9 y\u0131ldan 31 y\u0131la kadar, \u201czimmet\u201d su\u00e7undan da 21 y\u0131ldan az olmamak \u00fczere hapis cezas\u0131 isteniyor. Bu davan\u0131n \u015fubat ay\u0131nda g\u00f6r\u00fclen duru\u015fmas\u0131nda avukat\u0131n\u0131n, \u201cCem Uzan\u2019da kanser \u015f\u00fcphesi var. Tedavi i\u00e7in yurtd\u0131\u015f\u0131na \u00e7\u0131kmas\u0131 gerekiyor\u201d istemi mahkeme heyeti taraf\u0131ndan reddedilmi\u015fti.<\/p>\n<p style=\"text-align: justify;\">Davan\u0131n g\u00f6r\u00fclmesine 10 Kas\u0131m 2009\u2019da devam edilecek. \u201cTMSF g\u00f6revlilerine hakaret ve tehdit\u201d su\u00e7lar\u0131ndan \u015ei\u015fli 3. Asliye Ceza Mahkemesi\u2019nde devam eden bir ba\u015fka davada ise Cem Uzan\u2019\u0131n 8 aydan 4.5 y\u0131la kadar hapsi isteniyor. Uzan, son olarak \u201c2 milyar dolar kara para aklamak\u201d la su\u00e7land\u0131\u011f\u0131 davan\u0131n duru\u015fmas\u0131nda 25 Haziran 2009\u2019da ifade vermi\u015fti. Uzan\u2019a bu davada 10 y\u0131l isteniyor.<\/p>\n<p style=\"text-align: justify;\"><span style=\"color: #888888;\">Kaynak : Vatan<\/span><\/p>\n","protected":false},"excerpt":{"rendered":"<p style=\"text-align: center;\">\n<p style=\"text-align: justify;\">\u00c7al\u0131\u015fanlar\u0131: &#8216;Cem Bey, ailesiyle birlikte Ramazan Bayram\u0131\u2019nda tatile \u00e7\u0131kt\u0131&#8217;<\/p>\n<p style=\"text-align: justify;\">BabasI Kemal Uzan, amcas\u0131 Yavuz Uzan ve karde\u015fi Hakan Uzan, \u0130mar Bankas\u0131\u2019n\u0131n i\u00e7ini bo\u015faltmak su\u00e7undan uluslararas\u0131 d\u00fczeyde k\u0131rm\u0131z\u0131 b\u00fcltenle aranan Cem Uzan\u2019\u0131n da yurt d\u0131\u015f\u0131na ka\u00e7t\u0131\u011f\u0131 iddia edildi. \u0130ddiaya g\u00f6re bayramdan bu yana kendisinden haber al\u0131namayan Cem Uzan, tatili <\/p>\n","protected":false},"author":1,"featured_media":0,"comment_status":"open","ping_status":"closed","sticky":false,"template":"","format":"standard","meta":{"footnotes":""},"categories":[105],"tags":[],"class_list":["post-15295","post","type-post","status-publish","format-standard","hentry","category-gundem","odd"],"_links":{"self":[{"href":"http:\/\/www.korhanyilmaz.com\/index.php?rest_route=\/wp\/v2\/posts\/15295","targetHints":{"allow":["GET"]}}],"collection":[{"href":"http:\/\/www.korhanyilmaz.com\/index.php?rest_route=\/wp\/v2\/posts"}],"about":[{"href":"http:\/\/www.korhanyilmaz.com\/index.php?rest_route=\/wp\/v2\/types\/post"}],"author":[{"embeddable":true,"href":"http:\/\/www.korhanyilmaz.com\/index.php?rest_route=\/wp\/v2\/users\/1"}],"replies":[{"embeddable":true,"href":"http:\/\/www.korhanyilmaz.com\/index.php?rest_route=%2Fwp%2Fv2%2Fcomments&post=15295"}],"version-history":[{"count":0,"href":"http:\/\/www.korhanyilmaz.com\/index.php?rest_route=\/wp\/v2\/posts\/15295\/revisions"}],"wp:attachment":[{"href":"http:\/\/www.korhanyilmaz.com\/index.php?rest_route=%2Fwp%2Fv2%2Fmedia&parent=15295"}],"wp:term":[{"taxonomy":"category","embeddable":true,"href":"http:\/\/www.korhanyilmaz.com\/index.php?rest_route=%2Fwp%2Fv2%2Fcategories&post=15295"},{"taxonomy":"post_tag","embeddable":true,"href":"http:\/\/www.korhanyilmaz.com\/index.php?rest_route=%2Fwp%2Fv2%2Ftags&post=15295"}],"curies":[{"name":"wp","href":"https:\/\/api.w.org\/{rel}","templated":true}]}}