{"id":15281,"date":"2009-09-30T00:08:43","date_gmt":"2009-09-29T21:08:43","guid":{"rendered":"http:\/\/www.korhanyilmaz.com\/?p=15281"},"modified":"2009-09-30T00:08:43","modified_gmt":"2009-09-29T21:08:43","slug":"otv-indiriminde-bugun-son-gun","status":"publish","type":"post","link":"http:\/\/www.korhanyilmaz.com\/?p=15281","title":{"rendered":"\u00d6TV indiriminde bug\u00fcn son g\u00fcn"},"content":{"rendered":"<p><a href=\"http:\/\/www.korhanyilmaz.com\/wp-content\/uploads\/2009\/09\/OTV.jpg\"  class=\"lightview\"><img loading=\"lazy\" decoding=\"async\" class=\"aligncenter size-full wp-image-15282\" src=\"http:\/\/www.korhanyilmaz.com\/wp-content\/uploads\/2009\/09\/OTV.jpg\" alt=\"\" width=\"292\" height=\"181\" \/><\/a><\/p>\n<p style=\"text-align: justify;\">\u00d6TV ve KDV indirimleri bug\u00fcn son buluyor. Mobilya, beyaz e\u015fya ve otomotivdeki vergi indirimleri h\u00fck\u00fcmet s\u00fcre uzat\u0131m\u0131na gitmedi\u011fi takdirde bug\u00fcn sona erecek.<\/p>\n<p style=\"text-align: justify;\">H\u00fck\u00fcmetin stoklar\u0131 eritmek ve i\u00e7 piyasay\u0131 canland\u0131rmak i\u00e7in ba\u015flatt\u0131\u011f\u0131 vergi indirimlerinde sona gelindi.<\/p>\n<p style=\"text-align: justify;\">Mobilya, beyaz e\u015fya ve otomotivdeki vergi indirimleri bug\u00fcn sona erecek.<\/p>\n<p style=\"text-align: justify;\">Devlet Bakan\u0131 Zafer \u00c7a\u011flayan, \u00d6TV ve KDV indirimleriyle ilgili karar\u0131n Ekonomi Koordinasyon Kurulu&#8217;nda g\u00f6r\u00fc\u015f\u00fcld\u00fckten sonra d\u00fcn ak\u015fama kadar mutlaka a\u00e7\u0131klanaca\u011f\u0131n\u0131 s\u00f6ylemi\u015fti ancak indirimin s\u00fcr\u00fcp s\u00fcrmeyece\u011fi ile ilgili herhangi bir a\u00e7\u0131klama yap\u0131lmad\u0131. <!--more--><\/p>\n<p style=\"text-align: justify;\">Gelir \u0130daresi Ba\u015fkanl\u0131\u011f\u0131&#8217;ndan yap\u0131lan yaz\u0131l\u0131 a\u00e7\u0131klamaya g\u00f6re, vergi dairelerinde y\u0131\u011f\u0131lmalar\u0131n \u00f6nlenmesi ve m\u00fckelleflere kolayl\u0131k sa\u011flanmas\u0131 amac\u0131yla Ankara, \u0130stanbul, \u0130zmir, Adana ve Bursa&#8217;da MTV&#8217;yi tahsile yetkili vergi daireleri bug\u00fcn saat 21.00&#8217;e kadar a\u00e7\u0131k bulundurulacak.<\/p>\n<p style=\"text-align: justify;\"><strong><em>Nerede indirim var? <\/em><\/strong><\/p>\n<p style=\"text-align: justify;\">* 1.600 cc&#8217;ye kadar olan ara\u00e7larda y\u00fczde 37 olan \u00d6TV oran\u0131 15 Mart-15 Haziran aras\u0131nda y\u00fczde 18 olarak uygulanm\u0131\u015ft\u0131. 16 Haziran-30 Eyl\u00fcl tarihleri aras\u0131nda ise y\u00fczde 27&#8217;ye \u00e7\u0131kar\u0131lm\u0131\u015ft\u0131.<\/p>\n<p style=\"text-align: justify;\">* Beyaz e\u015fya ve elektronikteki y\u00fczde 6.7 olan \u00d6TV oran\u0131 y\u00fczde 2 olarak uygulan\u0131yor.<\/p>\n<p style=\"text-align: justify;\">* Mobilya ve bilgisayardaki y\u00fczde 18&#8217;lik KDV yar\u0131na kadar y\u00fczde 8.<\/p>\n<p style=\"text-align: justify;\"><strong><em>Otomotiv sekt\u00f6r\u00fc hurda te\u015fviki istiyor <\/em><\/strong><\/p>\n<p style=\"text-align: justify;\">H\u00fck\u00fcmetin ekonomik \u00f6nlem paketleri kapsam\u0131nda a\u00e7\u0131klad\u0131\u011f\u0131 ve 30 Eyl\u00fcl&#8217;e kadar uzatt\u0131\u011f\u0131 \u00d6TV indirimi sona ererken, sekt\u00f6r temsilcileri Avrupa \u00fclkelerinde oldu\u011fu gibi hurda te\u015fviki istiyor.<\/p>\n<p style=\"text-align: justify;\"><span style=\"color: #888888;\">CNN T\u00dcRK<\/span><\/p>\n","protected":false},"excerpt":{"rendered":"<\/p>\n<p style=\"text-align: justify;\">\u00d6TV ve KDV indirimleri bug\u00fcn son buluyor. Mobilya, beyaz e\u015fya ve otomotivdeki vergi indirimleri h\u00fck\u00fcmet s\u00fcre uzat\u0131m\u0131na gitmedi\u011fi takdirde bug\u00fcn sona erecek.<\/p>\n<p style=\"text-align: justify;\">H\u00fck\u00fcmetin stoklar\u0131 eritmek ve i\u00e7 piyasay\u0131 canland\u0131rmak i\u00e7in ba\u015flatt\u0131\u011f\u0131 vergi indirimlerinde sona gelindi.<\/p>\n<p style=\"text-align: justify;\">Mobilya, beyaz e\u015fya ve otomotivdeki vergi indirimleri bug\u00fcn sona erecek.<\/p>\n<p style=\"text-align: justify;\">Devlet <\/p>\n","protected":false},"author":1,"featured_media":0,"comment_status":"open","ping_status":"closed","sticky":false,"template":"","format":"standard","meta":{"footnotes":""},"categories":[7],"tags":[],"class_list":["post-15281","post","type-post","status-publish","format-standard","hentry","category-ekonomi","odd"],"_links":{"self":[{"href":"http:\/\/www.korhanyilmaz.com\/index.php?rest_route=\/wp\/v2\/posts\/15281","targetHints":{"allow":["GET"]}}],"collection":[{"href":"http:\/\/www.korhanyilmaz.com\/index.php?rest_route=\/wp\/v2\/posts"}],"about":[{"href":"http:\/\/www.korhanyilmaz.com\/index.php?rest_route=\/wp\/v2\/types\/post"}],"author":[{"embeddable":true,"href":"http:\/\/www.korhanyilmaz.com\/index.php?rest_route=\/wp\/v2\/users\/1"}],"replies":[{"embeddable":true,"href":"http:\/\/www.korhanyilmaz.com\/index.php?rest_route=%2Fwp%2Fv2%2Fcomments&post=15281"}],"version-history":[{"count":0,"href":"http:\/\/www.korhanyilmaz.com\/index.php?rest_route=\/wp\/v2\/posts\/15281\/revisions"}],"wp:attachment":[{"href":"http:\/\/www.korhanyilmaz.com\/index.php?rest_route=%2Fwp%2Fv2%2Fmedia&parent=15281"}],"wp:term":[{"taxonomy":"category","embeddable":true,"href":"http:\/\/www.korhanyilmaz.com\/index.php?rest_route=%2Fwp%2Fv2%2Fcategories&post=15281"},{"taxonomy":"post_tag","embeddable":true,"href":"http:\/\/www.korhanyilmaz.com\/index.php?rest_route=%2Fwp%2Fv2%2Ftags&post=15281"}],"curies":[{"name":"wp","href":"https:\/\/api.w.org\/{rel}","templated":true}]}}