{"id":15278,"date":"2009-09-29T22:24:48","date_gmt":"2009-09-29T19:24:48","guid":{"rendered":"http:\/\/www.korhanyilmaz.com\/?p=15278"},"modified":"2009-09-29T22:24:48","modified_gmt":"2009-09-29T19:24:48","slug":"aihmden-turkiye-aleyhine-karar","status":"publish","type":"post","link":"http:\/\/www.korhanyilmaz.com\/?p=15278","title":{"rendered":"A\u0130HM&#8217;den T\u00fcrkiye aleyhine karar"},"content":{"rendered":"<p><a href=\"http:\/\/www.korhanyilmaz.com\/wp-content\/uploads\/2009\/09\/A\u0130HM.jpg\"  class=\"lightview\"><img loading=\"lazy\" decoding=\"async\" class=\"aligncenter size-full wp-image-15279\" src=\"http:\/\/www.korhanyilmaz.com\/wp-content\/uploads\/2009\/09\/A\u0130HM.jpg\" alt=\"\" width=\"292\" height=\"194\" \/><\/a><\/p>\n<p style=\"text-align: justify;\">Avrupa \u0130nsan Haklar\u0131 Mahkemesi (A\u0130HM), T\u00fcrk Silahl\u0131 Kuvvetleri veya askeri okullardan ihra\u00e7 edilen 21 ki\u015finin yapt\u0131\u011f\u0131 ba\u015fvuruda, T\u00fcrkiye&#8217;nin insan haklar\u0131 ihlalinde bulundu\u011funa h\u00fckmetti.<\/p>\n<p style=\"text-align: justify;\">T\u00fcrkiye&#8217;nin Avrupa \u0130nsan Haklar\u0131 S\u00f6zle\u015fmesi&#8217;nin adil yarg\u0131lanma hakk\u0131yla ilgili 6. maddesinin 1. f\u0131kras\u0131n\u0131 ihlal etti\u011fi g\u00f6r\u00fc\u015f\u00fcne varan A\u0130HM, ba\u015fvuru sahiplerine mahkeme masraflar\u0131 dahil yakla\u015f\u0131k 120 bin euro \u00f6denmesini kararla\u015ft\u0131rd\u0131.<\/p>\n<p style=\"text-align: justify;\">A\u0130HM, Milli Savunma Bakanl\u0131\u011f\u0131 taraf\u0131ndan Askeri Y\u00fcksek \u0130dare Mahkemeye iletilen belgelerin davac\u0131lara a\u00e7\u0131k tutulmamas\u0131 nedeniyle, Avrupa \u0130nsan Haklar\u0131 S\u00f6zle\u015fmesi&#8217;nin adil yarg\u0131lanma hakk\u0131n\u0131n ihlal edildi\u011fine h\u00fckmetti. <!--more--><\/p>\n<p style=\"text-align: justify;\">\u015eikayet ba\u015fvurusunda bulunanlar, haklar\u0131ndaki su\u00e7lamalar\u0131n dayana\u011f\u0131n\u0131 bilemedikleri i\u00e7in savunma haklar\u0131n\u0131n ellerinden al\u0131nd\u0131\u011f\u0131n\u0131 ileri s\u00fcrm\u00fc\u015flerdi.<\/p>\n<p style=\"text-align: justify;\">A\u0130HM ayr\u0131ca bug\u00fcn bir Yunan vatanda\u015f\u0131n\u0131n a\u00e7t\u0131\u011f\u0131 davada T\u00fcrkiye aleyhine karar ald\u0131.<\/p>\n<p style=\"text-align: justify;\">A\u0130HM, Yannis Fokas adl\u0131 bir Yunan vatanda\u015f\u0131n\u0131n, \u0130stanbul&#8217;da ailesinden miras kalan m\u00fclklerine ula\u015famad\u0131\u011f\u0131 gerek\u00e7esiyle a\u00e7t\u0131\u011f\u0131 davayla ilgili bug\u00fcn ald\u0131\u011f\u0131 kararda, Avrupa \u0130nsan Haklar\u0131 S\u00f6zle\u015fmesinin mal ve m\u00fclkiyet hakk\u0131n\u0131n korunmas\u0131 konusunda 1. protokol\u00fcn 1. maddesinin T\u00fcrkiye taraf\u0131ndan ihlal edildi\u011fine h\u00fckmetti.<\/p>\n<p style=\"text-align: justify;\">\u00d6te yandan Yunanistan D\u0131\u015fi\u015fleri Bakan\u0131 Dora Bakoyanni de, Avrupa \u0130nsan Haklar\u0131 Mahkemesi&#8217;nin (A\u0130HM) ald\u0131\u011f\u0131 karar\u0131n \u00f6nemli oldu\u011funu s\u00f6yledi.<\/p>\n<p style=\"text-align: justify;\">Bakoyanni, yapt\u0131\u011f\u0131 yaz\u0131l\u0131 a\u00e7\u0131klamada, A\u0130HM&#8217;nin Yannis Fokas&#8217;\u0131n, \u0130stanbul&#8217;da ailesinden miras kalan m\u00fclklerine ula\u015famad\u0131\u011f\u0131 gerek\u00e7esiyle a\u00e7t\u0131\u011f\u0131 davaya de\u011findi.<\/p>\n<p style=\"text-align: justify;\">A\u0130HM&#8217;nin ald\u0131\u011f\u0131 karar\u0131n, &#8220;m\u00fclkiyet haklar\u0131n\u0131n \u00e7i\u011fnendi\u011fini belirlemesinin \u00f6nemli oldu\u011funu&#8221; ifade eden Bakoyanni, s\u00f6z konusu kararla Yunan vatanda\u015flar\u0131n\u0131n \u0130stanbul&#8217;daki m\u00fclklerine ili\u015fkin haklar\u0131n\u0131n tan\u0131nm\u0131\u015f oldu\u011funu ve benzeri davalar i\u00e7in olumlu sonu\u00e7lara giden yolun a\u00e7\u0131ld\u0131\u011f\u0131n\u0131 kaydetti.<\/p>\n<p style=\"text-align: justify;\">Daha \u00f6nceki benzeri davalarda oldu\u011fu gibi bunda da Yunan h\u00fck\u00fcmetinin faal bir bi\u00e7imde m\u00fcdahil oldu\u011funu s\u00f6yleyen Bakoyanni, &#8220;Bize iletilmi\u015f ve m\u00fcdahil oldu\u011fumuz olan ask\u0131daki di\u011fer davalarda da olumlu sonu\u00e7lar alaca\u011f\u0131m\u0131z konusunda iyimseriz&#8221; dedi.<\/p>\n<p style=\"text-align: justify;\">A\u00e7\u0131klamada, Yunan h\u00fck\u00fcmetinin konuya m\u00fcdahalesinin, Yunan vatanda\u015flar\u0131n\u0131n, &#8220;T\u00fcrkiye taraf\u0131ndan tan\u0131nmayan&#8221; \u0130stanbul&#8217;daki m\u00fclklerine ili\u015fkin haklar\u0131 konulu yaz\u0131l\u0131 g\u00f6zlemlerini sunmas\u0131 bi\u00e7iminde oldu\u011fu da kaydedildi.<\/p>\n<p style=\"text-align: justify;\"><span style=\"color: #888888;\">CNN T\u00dcRK<\/span><\/p>\n","protected":false},"excerpt":{"rendered":"<\/p>\n<p style=\"text-align: justify;\">Avrupa \u0130nsan Haklar\u0131 Mahkemesi (A\u0130HM), T\u00fcrk Silahl\u0131 Kuvvetleri veya askeri okullardan ihra\u00e7 edilen 21 ki\u015finin yapt\u0131\u011f\u0131 ba\u015fvuruda, T\u00fcrkiye&#8217;nin insan haklar\u0131 ihlalinde bulundu\u011funa h\u00fckmetti.<\/p>\n<p style=\"text-align: justify;\">T\u00fcrkiye&#8217;nin Avrupa \u0130nsan Haklar\u0131 S\u00f6zle\u015fmesi&#8217;nin adil yarg\u0131lanma hakk\u0131yla ilgili 6. maddesinin 1. f\u0131kras\u0131n\u0131 ihlal etti\u011fi g\u00f6r\u00fc\u015f\u00fcne varan A\u0130HM, ba\u015fvuru sahiplerine mahkeme masraflar\u0131 dahil yakla\u015f\u0131k 120 bin euro <\/p>\n","protected":false},"author":1,"featured_media":0,"comment_status":"open","ping_status":"closed","sticky":false,"template":"","format":"standard","meta":{"footnotes":""},"categories":[3],"tags":[],"class_list":["post-15278","post","type-post","status-publish","format-standard","hentry","category-dunya","odd"],"_links":{"self":[{"href":"http:\/\/www.korhanyilmaz.com\/index.php?rest_route=\/wp\/v2\/posts\/15278","targetHints":{"allow":["GET"]}}],"collection":[{"href":"http:\/\/www.korhanyilmaz.com\/index.php?rest_route=\/wp\/v2\/posts"}],"about":[{"href":"http:\/\/www.korhanyilmaz.com\/index.php?rest_route=\/wp\/v2\/types\/post"}],"author":[{"embeddable":true,"href":"http:\/\/www.korhanyilmaz.com\/index.php?rest_route=\/wp\/v2\/users\/1"}],"replies":[{"embeddable":true,"href":"http:\/\/www.korhanyilmaz.com\/index.php?rest_route=%2Fwp%2Fv2%2Fcomments&post=15278"}],"version-history":[{"count":0,"href":"http:\/\/www.korhanyilmaz.com\/index.php?rest_route=\/wp\/v2\/posts\/15278\/revisions"}],"wp:attachment":[{"href":"http:\/\/www.korhanyilmaz.com\/index.php?rest_route=%2Fwp%2Fv2%2Fmedia&parent=15278"}],"wp:term":[{"taxonomy":"category","embeddable":true,"href":"http:\/\/www.korhanyilmaz.com\/index.php?rest_route=%2Fwp%2Fv2%2Fcategories&post=15278"},{"taxonomy":"post_tag","embeddable":true,"href":"http:\/\/www.korhanyilmaz.com\/index.php?rest_route=%2Fwp%2Fv2%2Ftags&post=15278"}],"curies":[{"name":"wp","href":"https:\/\/api.w.org\/{rel}","templated":true}]}}