{"id":15274,"date":"2009-09-29T17:35:08","date_gmt":"2009-09-29T14:35:08","guid":{"rendered":"http:\/\/www.korhanyilmaz.com\/?p=15274"},"modified":"2020-05-16T01:09:37","modified_gmt":"2020-05-15T22:09:37","slug":"ahmet-turk-turkiye-kaybeder","status":"publish","type":"post","link":"http:\/\/www.korhanyilmaz.com\/?p=15274","title":{"rendered":"Ahmet T\u00fcrk: T\u00fcrkiye kaybeder"},"content":{"rendered":"\n<p><a href=\"http:\/\/www.korhanyilmaz.com\/wp-content\/uploads\/2009\/09\/ahmet_turk_3375.jpg\"  class=\"lightview\"><img loading=\"lazy\" decoding=\"async\" class=\"aligncenter wp-image-67983\" src=\"http:\/\/www.korhanyilmaz.com\/wp-content\/uploads\/2009\/09\/ahmet_turk_3375.jpg\" alt=\"\" width=\"400\" height=\"301\" \/><\/a><\/p>\n\n\n<p style=\"text-align: justify;\">DTP Genel Ba\u015fkan\u0131 Ahmet T\u00fcrk, mahkemede sorgu krizinde DTP&#8217;li Emine Ayna ve Selahattin Demirta\u015f&#8217;\u0131n zorla mahkemeye g\u00f6t\u00fcr\u00fclmesi karar\u0131 i\u00e7in, &#8220;Tamamen hukuksuz bir karar. T\u00fcrkiye kaybeder&#8221; dedi.<\/p>\n<p style=\"text-align: justify;\">CNN T\u00dcRK&#8217;e konuyla ilgili a\u00e7\u0131klamalarda bulunan T\u00fcrk, &#8220;Tamamen hukuksuz bir karar. Bug\u00fcne kadar d\u00fc\u015f\u00fcncelerimizi \u00f6zg\u00fcrce ifade etmeye \u00e7al\u0131\u015ft\u0131k. Bu nedenle Anayasa&#8217;n\u0131n 14. maddeye g\u00f6re yorumlanmas\u0131 do\u011fru de\u011fil. 14. maddeye g\u00f6re, T\u00fcrkiye&#8217;nin b\u00f6l\u00fcnmez b\u00fct\u00fcnl\u00fc\u011f\u00fc aleyhine i\u015flenen su\u00e7larla ilgili fiili bir durum varsa, bu konu g\u00fcndeme gelir. Ancak parlamento d\u00fc\u015f\u00fcncelerini ifade eden vekilllere sahip \u00e7\u0131kan bir duru\u015fu ortaya koymam\u0131\u015ft\u0131r&#8221; dedi. <!--more--><\/p>\n<p style=\"text-align: justify;\">Karar\u0131 \u00f6zg\u00fcr d\u00fc\u015f\u00fcnceye kar\u015f\u0131 bir tutum olarak de\u011ferlendiren T\u00fcrk, &#8220;Yarg\u0131dan, hukuktan ka\u00e7ma durumumuz yok. Ger\u00e7ekten dokunulmazl\u0131klar\u0131n kald\u0131r\u0131lmas\u0131n\u0131 istiyoruz. Verilemeyecek hesab\u0131m\u0131z yok. K\u00fcrt sorununun g\u00fcndeme getirdi\u011fimizden parlamento taraf\u0131ndan \u00f6tekile\u015ftiriliyoruz&#8221; diye konu\u015ftu.<\/p>\n<p style=\"text-align: justify;\">&#8220;Zorla g\u00f6t\u00fcr\u00fclerse diyece\u011fimiz bir\u015fey yok&#8221; diyen DTP&#8217;li T\u00fcrk, &#8220;(Mahkemeye) Haks\u0131z oldu\u011fu i\u00e7in gitmedik. E\u011fer b\u00f6yle bir\u015fey olursa (zorla g\u00f6t\u00fcr\u00fcl\u00fcrsek) T\u00fcrkiye kaybeder. Bizim kaybedecek bir\u015feyimiz yok&#8221; ifadelerini kulland\u0131.<\/p>\n<p style=\"text-align: justify;\">Ahmet T\u00fcrk K\u00fcrt a\u00e7\u0131l\u0131m\u0131yla ilgili olarak da, &#8220;Diyalog ve ortak akl\u0131 ortadan kald\u0131racak yakla\u015f\u0131mlar T\u00fcrkiye&#8217;ye zarar verir. \u00d6nemli bir s\u00fcre\u00e7. Sorunun \u00e7\u00f6z\u00fcm\u00fc kolay de\u011fil. Cesaretle ve sab\u0131rla s\u00fcreci g\u00f6t\u00fcrmeliyiz. E\u011fer cesaretle demokrasiyi, cesaretle bar\u0131\u015f\u0131, cesaretle karde\u015fle\u015fmeyi savunamazsak, birileri tabii ki bu s\u00fcreci da\u011f\u0131t\u0131r&#8221; ifadelerini kulland\u0131.<\/p>\n<p style=\"text-align: justify;\">&#8220;H\u00fck\u00fcmetten bir ad\u0131m bekliyor musunuz?&#8221; sorusu \u00fczerine de T\u00fcrk, mahkeme karar\u0131 konusundaki muhataplar\u0131n\u0131n TBMM oldu\u011funu s\u00f6yledi.<\/p>\n<p style=\"text-align: justify;\">T\u00fcrk, &#8220;Meclis Ba\u015fkan\u0131&#8217;n\u0131n bug\u00fcn Adalet ve Anayasa komisyonunu ortak toplamas\u0131 ve bu konuda bir de\u011ferlendirme yapmas\u0131 gerekir. Kendi \u00fcyeleri ile ilgili bir tart\u0131\u015fma T\u00fcrkiye g\u00fcndemindeyse, Anayasa ve Adalet komisyonlar\u0131 oturup bu konuyu g\u00f6r\u00fc\u015femiyorsa, bir karar ortaya \u00e7\u0131karam\u0131yorsa, bir eksikliktir diye d\u00fc\u015f\u00fcn\u00fcyorum&#8221; dedi.<\/p>\n<p style=\"text-align: justify;\">Ankara 11. A\u011f\u0131r Ceza Mahkemesi, bug\u00fcn DTP Grup Ba\u015fkanvekili ve Diyarbak\u0131r Milletvekili Selahattin Demirta\u015f ile Genel Ba\u015fkan Yard\u0131mc\u0131s\u0131 ve Mardin Milletvekili Emine Ayna&#8217;n\u0131n, talimatla ifadelerinin al\u0131nmas\u0131 i\u00e7in polis zoruyla mahkemeye getirilmesine karar vermi\u015fti.<\/p>\n<p style=\"text-align: justify;\"><strong><em>Ayna: &#8220;Bir \u00e7arp\u0131kl\u0131\u011f\u0131 te\u015fhir diyoruz&#8221; <\/em><\/strong><\/p>\n<p style=\"text-align: justify;\">DTP Genel Ba\u015fkan Yard\u0131mc\u0131s\u0131 Emine Ayna, DTP Grup Ba\u015fkanvekili Selahattin Demirta\u015f ile Mezopotamya Sosyal Forumu&#8217;na kat\u0131lmak \u00fczere geldi\u011fi Diyarbak\u0131r&#8217;da gazetecilerin sorular\u0131n\u0131 yan\u0131tlad\u0131.<\/p>\n<p style=\"text-align: justify;\">Ayna, Ankara 11. A\u011f\u0131r Ceza Mahkemesi&#8217;nin, ba\u015fka illerde a\u00e7\u0131lan davalar kapsam\u0131nda talimatla ifadelerinin al\u0131nmas\u0131 i\u00e7in zorla mahkemeye getirilmesi karar\u0131 ile ilgili, &#8220;Bizler mahkemeye kat\u0131lmayarak dokunulmazl\u0131\u011f\u0131n arkas\u0131na saklanm\u0131yoruz. Bir kere bu anla\u015f\u0131lmal\u0131d\u0131r. Bizler bir \u00e7arp\u0131kl\u0131\u011f\u0131 te\u015fhir ediyoruz&#8221; dedi.<\/p>\n<p style=\"text-align: justify;\">Ayna, T\u00fcrkiye&#8217;de ciddi anlamda bir \u00e7arp\u0131kl\u0131\u011f\u0131n ya\u015fand\u0131\u011f\u0131n\u0131, bu \u00e7arp\u0131kl\u0131\u011f\u0131n te\u015fhir edilmesi gerekti\u011fini savunarak, &#8220;Bizimkiler d\u00fc\u015f\u00fcnceyi ifade etmekten a\u00e7\u0131ld\u0131. Di\u011fer vekiller i\u00e7in ise yolsuzluk ve zimmete para ge\u00e7irmedir. Vekil se\u00e7ildikleri i\u00e7in mahkemeler d\u00fc\u015fm\u00fc\u015ft\u00fcr. Milletvekillikleri bittikten sonra davalar\u0131 g\u00f6r\u00fclecektir ama s\u00f6z konusu DTP&#8217;li vekiller olunca hi\u00e7birinin mahkemesi durmu\u015f de\u011fil. Ya bu s\u00fcre\u00e7te dokunulmazl\u0131klar\u0131 kalkar ya da milletvekillikleri bittikten sonra mahkemeler s\u00fcrer ama s\u00f6z konusu DTP&#8217;li milletvekilleri olunca hi\u00e7birinin hen\u00fcz mahkemeleri durmu\u015f de\u011fil&#8221; dedi.<\/p>\n<p style=\"text-align: justify;\">&#8220;Bir komedi bu, hukuki bir skandal bu&#8221; diyen Ayna, &#8220;Bu de\u011fi\u015fmek zorunda. Bizler mahkemeye kat\u0131lmayarak dokunulmazl\u0131\u011f\u0131n arkas\u0131na saklanm\u0131yoruz. Bir kere bu anla\u015f\u0131lmal\u0131d\u0131r. Bizler bir \u00e7arp\u0131kl\u0131\u011f\u0131 te\u015fhir ediyoruz. Milletvekilleri bile d\u00fc\u015f\u00fcncelerini ifade edip yarg\u0131lan\u0131yor. H\u0131rs\u0131zl\u0131k yapanlar yarg\u0131lanm\u0131yorlar. Bu bir \u00e7arp\u0131kl\u0131kt\u0131r. Dokunulmazl\u0131klar t\u00fcmden kalkmal\u0131d\u0131r. Mahkemeye gitmeme nedenimiz dokunulmazl\u0131k z\u0131rh\u0131n\u0131n arkas\u0131na s\u0131\u011f\u0131nmak de\u011fildir, bu \u00e7arp\u0131kl\u0131\u011f\u0131 te\u015fhir etmektir. Yoksa hemen hemen hepimiz bir\u00e7ok kez mahkemeye de \u00e7\u0131km\u0131\u015f\u0131zd\u0131r, cezaevine de girmi\u015fizdir&#8221; dedi.<\/p>\n<p style=\"text-align: justify;\">Ayna, bu s\u00fcrecin, demokratik s\u00fcreci tamamen t\u0131kayaca\u011f\u0131n\u0131 savunarak, &#8220;Hi\u00e7bir a\u00e7\u0131klamas\u0131 yoktur bunun. \u00c7ok ciddi bir krizdir. Yani \u015funu \u00fcst\u00fcne \u00fcst\u00fcne basa basa ifade ediyorum: DTP&#8217;li vekiller d\u00fc\u015f\u00fcncelerini ifade ediyor, bu halk\u0131n taleplerini dile getiriyor olmalar\u0131ndan dolay\u0131 zorla mahkemeye g\u00f6t\u00fcr\u00fclmeleri, \u00fczerlerinde zor kullan\u0131lmas\u0131 ne DTP&#8217;nin kabul edebilece\u011fi bir \u015feydir ne de bu halk\u0131n kabul edebilece\u011fi bir \u015feydir&#8221; diye konu\u015ftu.<\/p>\n<p style=\"text-align: justify;\"><em><strong>Demirta\u015f: &#8220;Dokunulmazl\u0131klar\u0131m\u0131z tan\u0131nmad\u0131&#8221; <\/strong><\/em><\/p>\n<p style=\"text-align: justify;\">DTP Grup Ba\u015fkanvekili Selahattin Demirta\u015f da a\u00e7\u0131lan davalar\u0131n bir ay\u0131r\u0131mc\u0131l\u0131ktan kaynakland\u0131\u011f\u0131n\u0131 \u00f6ne s\u00fcrd\u00fc. Haklar\u0131nda a\u00e7\u0131lan davalar\u0131n se\u00e7im \u00f6ncesi yapt\u0131klar\u0131 konu\u015fmalardan, d\u00fc\u015f\u00fcncelerinden dolay\u0131 a\u00e7\u0131ld\u0131\u011f\u0131n\u0131 ifade eden Demirta\u015f, &#8220;Bu davalar\u0131n hi\u00e7biri yolsuzluk, ihaleye fesat kar\u0131\u015ft\u0131rmak ya da ba\u015fka bir \u015fey de\u011fildir, tamamen kendi politik d\u00fc\u015f\u00fcncemizi a\u00e7\u0131klamakt\u0131r. \u00d6zellikle K\u00fcrt sorununun \u00e7\u00f6z\u00fcm\u00fc ile ilgili politik g\u00f6r\u00fc\u015flerimizdi. O g\u00fcn s\u00f6ylediklerimizin daha fazlas\u0131 bug\u00fcn T\u00fcrkiye&#8217;de tart\u0131\u015f\u0131l\u0131yor, hatta s\u00f6ylediklerimizden daha fazlas\u0131 s\u00f6yleniyor ve bunlar su\u00e7 olarak de\u011ferlendirilmiyor&#8221; dedi.<\/p>\n<p style=\"text-align: justify;\">&#8220;Dokunulmazl\u0131klar\u0131m\u0131z tan\u0131nmad\u0131. B\u00fct\u00fcn itirazlar\u0131m\u0131za ra\u011fmen yarg\u0131lamalar\u0131 durduramad\u0131k&#8221; diyen Demirta\u015f, &#8220;Bu yarg\u0131laman\u0131n T\u00fcrkiye i\u00e7in hay\u0131rl\u0131 olmad\u0131\u011f\u0131n\u0131 ba\u015f\u0131ndan belirttik. Bunun bir krize d\u00f6n\u00fc\u015febilece\u011fi konusunda uyar\u0131lar\u0131m\u0131z\u0131 yapt\u0131k. Bu a\u015famada bir krizden s\u00f6z ediliyor. Bu kriz DTP&#8217;li milletvekillerinin yaratt\u0131\u011f\u0131 bir kriz de\u011fil. &#8216;DTP&#8217;li milletvekilleri yarg\u0131y\u0131 tan\u0131m\u0131yor&#8217; krizi de\u011fil, tam tersine &#8216;yarg\u0131 DTP&#8217;li milletvekillerinin dokunmazl\u0131\u011f\u0131n\u0131 tan\u0131m\u0131yor&#8217; krizidir. Biz yarg\u0131y\u0131 tan\u0131yoruz, yarg\u0131ya sayg\u0131m\u0131z var. &#8216;Yarg\u0131tay\u0131n verdi\u011fi bu ayr\u0131mc\u0131 karar\u0131, hukuktan kaynakl\u0131 hakk\u0131m\u0131z\u0131 kullanarak mahkemeye gitmeyece\u011fiz&#8217; dedik. \u0130\u00e7i\u015fleri Bakanl\u0131\u011f\u0131 bu konuda ne diyecek bilmiyoruz. Dokunulmazl\u0131\u011f\u0131m\u0131z var, polis bizi nas\u0131l zorla g\u00f6t\u00fcrecek bilmiyoruz. Bug\u00fcne kadar bunun \u00f6rne\u011fi yok&#8221; dedi.<\/p>\n<p style=\"text-align: justify;\">H\u00fck\u00fcmet ve devletin K\u00fcrt sorunu i\u00e7in e\u011fer bir a\u00e7\u0131l\u0131m yapmak istiyorsa bu karar\u0131 de\u011ferlendirmesi gerekti\u011fini ifade eden Demirta\u015f, &#8220;Bu bir f\u0131rsatt\u0131r. AK Parti buyursun Anayasa&#8217;y\u0131 de\u011fi\u015ftirsin ve bu sorun \u00e7\u00f6z\u00fcls\u00fcn. \u00c7\u00fcnk\u00fc bu \u00fclkede ifade \u00f6zg\u00fcrl\u00fc\u011f\u00fc konusu sadece DTP&#8217;nin de\u011fil, T\u00fcrkiye&#8217;nin sorunudur. Bu s\u00fcre\u00e7te b\u00f6yle bir \u015fey ya\u015fans\u0131n istenmiyorsa, Anayasa&#8217;y\u0131 de\u011fi\u015ftirsinler&#8221; diye konu\u015ftu.<\/p>\n<p style=\"text-align: justify;\"><strong><em>S\u0131rr\u0131 Sak\u0131k: &#8220;Haks\u0131z uygulama&#8221; <\/em><\/strong><\/p>\n<p style=\"text-align: justify;\">DTP Mu\u015f Milletvekili TBMM Ba\u015fkan\u0131 Mehmet Ali \u015eahin ile birlikte gitti\u011fi Azerbaycan&#8217;dan d\u00f6n\u00fc\u015f\u00fcnde gazetecilerin sorular\u0131 \u00fczerine, &#8220;Ge\u00e7mi\u015ften gerekli dersin al\u0131nmad\u0131\u011f\u0131n\u0131&#8221; savunarak, DTP&#8217;lilere yap\u0131lan uygulamay\u0131 &#8220;haks\u0131z&#8221; olarak niteledi.<\/p>\n<p style=\"text-align: justify;\">Sak\u0131k, &#8220;Halk\u0131n iradesini \u00e7i\u011fnetmeyece\u011fiz. Bedeli neyse \u00f6deriz. \u00c7ok a\u011f\u0131r bedeller \u00f6dememize ra\u011fmen 1994&#8217;lerde uygulanan yol, y\u00f6ntem yeniden uygulan\u0131yor. Parlamento bar\u0131\u015f\u0131n in\u015fas\u0131 i\u00e7in de\u011fi\u015fiklik yapmal\u0131, antidemokratik yasalarda d\u00fczenlemeler olmal\u0131. Konu Adalet Bakanl\u0131\u011f\u0131 ve Anayasa Komisyonunda defalarca g\u00f6r\u00fc\u015f\u00fclmesine ra\u011fmen olumlu herhangi bir sonu\u00e7 al\u0131nmad\u0131. T\u00fcrkiye&#8217;de i\u00e7 bar\u0131\u015f\u0131n sa\u011flanmas\u0131na \u00e7al\u0131\u015f\u0131l\u0131rken yeniden b\u00f6yle \u015feylerin \u00e7\u0131kmas\u0131 d\u00fc\u015f\u00fcnd\u00fcr\u00fcc\u00fc. 12 Eyl\u00fcl&#8217;\u00fcn \u00fcr\u00fcn\u00fc olan yasan\u0131n de\u011fi\u015ftirilmesi laz\u0131m. K\u00fcrt sorununun \u00e7\u00f6z\u00fcm\u00fc i\u00e7in \u00f6zg\u00fcrce d\u00fc\u015f\u00fcncelerimizi s\u00f6ylemeliyiz&#8221; dedi.,<\/p>\n<p style=\"text-align: justify;\"><strong><em>CNN T\u00dcRK<\/em><\/strong><\/p>","protected":false},"excerpt":{"rendered":"\n<\/p>\n<p style=\"text-align: justify;\">DTP Genel Ba\u015fkan\u0131 Ahmet T\u00fcrk, mahkemede sorgu krizinde DTP&#8217;li Emine Ayna ve Selahattin Demirta\u015f&#8217;\u0131n zorla mahkemeye g\u00f6t\u00fcr\u00fclmesi karar\u0131 i\u00e7in, &#8220;Tamamen hukuksuz bir karar. T\u00fcrkiye kaybeder&#8221; dedi.<\/p>\n<p style=\"text-align: justify;\">CNN T\u00dcRK&#8217;e konuyla ilgili a\u00e7\u0131klamalarda bulunan T\u00fcrk, &#8220;Tamamen hukuksuz bir karar. Bug\u00fcne kadar d\u00fc\u015f\u00fcncelerimizi \u00f6zg\u00fcrce ifade etmeye \u00e7al\u0131\u015ft\u0131k. Bu nedenle Anayasa&#8217;n\u0131n 14. maddeye <\/p>\n","protected":false},"author":1,"featured_media":0,"comment_status":"open","ping_status":"closed","sticky":false,"template":"","format":"standard","meta":{"footnotes":""},"categories":[105],"tags":[],"class_list":["post-15274","post","type-post","status-publish","format-standard","hentry","category-gundem","odd"],"_links":{"self":[{"href":"http:\/\/www.korhanyilmaz.com\/index.php?rest_route=\/wp\/v2\/posts\/15274","targetHints":{"allow":["GET"]}}],"collection":[{"href":"http:\/\/www.korhanyilmaz.com\/index.php?rest_route=\/wp\/v2\/posts"}],"about":[{"href":"http:\/\/www.korhanyilmaz.com\/index.php?rest_route=\/wp\/v2\/types\/post"}],"author":[{"embeddable":true,"href":"http:\/\/www.korhanyilmaz.com\/index.php?rest_route=\/wp\/v2\/users\/1"}],"replies":[{"embeddable":true,"href":"http:\/\/www.korhanyilmaz.com\/index.php?rest_route=%2Fwp%2Fv2%2Fcomments&post=15274"}],"version-history":[{"count":0,"href":"http:\/\/www.korhanyilmaz.com\/index.php?rest_route=\/wp\/v2\/posts\/15274\/revisions"}],"wp:attachment":[{"href":"http:\/\/www.korhanyilmaz.com\/index.php?rest_route=%2Fwp%2Fv2%2Fmedia&parent=15274"}],"wp:term":[{"taxonomy":"category","embeddable":true,"href":"http:\/\/www.korhanyilmaz.com\/index.php?rest_route=%2Fwp%2Fv2%2Fcategories&post=15274"},{"taxonomy":"post_tag","embeddable":true,"href":"http:\/\/www.korhanyilmaz.com\/index.php?rest_route=%2Fwp%2Fv2%2Ftags&post=15274"}],"curies":[{"name":"wp","href":"https:\/\/api.w.org\/{rel}","templated":true}]}}