{"id":15268,"date":"2009-09-29T23:07:46","date_gmt":"2009-09-29T20:07:46","guid":{"rendered":"http:\/\/www.korhanyilmaz.com\/?p=15268"},"modified":"2009-09-29T23:07:46","modified_gmt":"2009-09-29T20:07:46","slug":"amerikan-samoasi-aciklarinda-siddetli-deprem","status":"publish","type":"post","link":"http:\/\/www.korhanyilmaz.com\/?p=15268","title":{"rendered":"Amerikan Samoas\u0131 a\u00e7\u0131klar\u0131nda \u015fiddetli deprem"},"content":{"rendered":"<p style=\"text-align: center;\"><a href=\"http:\/\/www.korhanyilmaz.com\/wp-content\/uploads\/2009\/09\/deprem.jpg\"  class=\"lightview\"><img loading=\"lazy\" decoding=\"async\" class=\"aligncenter size-full wp-image-15269\" src=\"http:\/\/www.korhanyilmaz.com\/wp-content\/uploads\/2009\/09\/deprem.jpg\" alt=\"\" width=\"307\" height=\"236\" \/><\/a><\/p>\n<p style=\"text-align: justify;\">G\u00fcney Pasifik Okyanus&#8217;undaki ada \u00fclkesi Amerikan Samoas\u0131 a\u00e7\u0131klar\u0131nda \u015fiddetli bir deprem oldu.<\/p>\n<p style=\"text-align: justify;\">G\u00fcney Pasifik Okyanusu&#8217;ndaki ada \u00fclkesi Amerikan Samoas\u0131 a\u00e7\u0131klar\u0131nda meydana gelen \u015fiddetli depremin yol a\u00e7t\u0131\u011f\u0131 tsunaminin, bu \u00fclke sahillerini vurmaya ba\u015flad\u0131\u011f\u0131 bildirildi.<\/p>\n<p style=\"text-align: justify;\">Yetkililer, tsunaminin, can ya da mal kayb\u0131na yol a\u00e7t\u0131\u011f\u0131na ili\u015fkin bir haber al\u0131nmad\u0131\u011f\u0131n\u0131 belirtirken, Bat\u0131 Sahili\/Alaska Tsunami Uyar\u0131 Merkezi, Bat\u0131 Samoa&#8217;ya ba\u011fl\u0131 Apia&#8217;da ve Amerikan Samoas\u0131&#8217;na ba\u011fl\u0131 Pago Pago&#8217;da tsunami g\u00f6zlendi\u011fini, Pago Pago&#8217;da dalgalar\u0131n, normal deniz suyu seviyesinin 1 bu\u00e7uk metre \u00fczerinde oldu\u011funu bildirdi. <!--more--><\/p>\n<p style=\"text-align: justify;\">Bat\u0131 Samoa&#8217;n\u0131n baz\u0131 yerlileri, Radio New Zeland&#8217;a yapt\u0131klar\u0131 a\u00e7\u0131klamada, b\u00fcy\u00fck bir sars\u0131nt\u0131 hissettiklerini ve yetkililerin y\u00fcksek yerlere \u00e7\u0131kmalar\u0131 tavsiyesinde bulunduklar\u0131n\u0131 s\u00f6ylediler.<\/p>\n<p style=\"text-align: justify;\">Amerikan Samoas\u0131&#8217;ndan bir yetkili de, Fox televizyonuna, sars\u0131nt\u0131y\u0131 5 dakika boyunca hissetti\u011fi a\u00e7\u0131klamas\u0131n\u0131 yapt\u0131.<\/p>\n<p style=\"text-align: justify;\">Pasifik Tsunami Merkezi, depremin anl\u0131k b\u00fcy\u00fckl\u00fc\u011f\u00fcn\u00fc 8.3&#8217;e y\u00fckseltmi\u015f, depremden sonra b\u00f6lgede deniz suyu seviyeleriyle ilgili yap\u0131lan kay\u0131tlar\u0131n, Pasifik&#8217;te bir tsunaminin olu\u015ftu\u011funu g\u00f6sterdi\u011fi a\u00e7\u0131klam\u0131\u015ft\u0131.<\/p>\n<p style=\"text-align: justify;\">A\u00e7\u0131klamada, tsunaminin, depremin merkez \u00fcss\u00fcne yak\u0131n sahillerde y\u0131k\u0131c\u0131 olabilece\u011fi uyar\u0131s\u0131nda bulunulmu\u015ftu.<\/p>\n<p style=\"text-align: justify;\">Pasifik Tsunami Merkezi, daha \u00f6nce anl\u0131k b\u00fcy\u00fckl\u00fc\u011f\u00fc 7.9 olarak a\u00e7\u0131klanan deprem nedeniyle Yeni Zelanda, Amerikan Samoas\u0131, Hawaii, Papua Yeni Gine ve Pasifik&#8217;teki di\u011fer adalar i\u00e7in tsunami uyar\u0131s\u0131 yapm\u0131\u015ft\u0131.<\/p>\n<p style=\"text-align: justify;\">Amerikan Jeolojik Ara\u015ft\u0131rma Merkezi, depremin merkez \u00fcss\u00fcn\u00fcn, Amerikan Samoas\u0131&#8217;n\u0131n 190 kilometre g\u00fcneybat\u0131s\u0131 oldu\u011funu ve 33 kilometre derinlikte meydana geldi\u011fini a\u00e7\u0131klam\u0131\u015ft\u0131.<\/p>\n<p style=\"text-align: justify;\"><span style=\"color: #888888;\">CNN T\u00dcRK<\/span><\/p>\n<p style=\"text-align: justify;\"><a href=\"http:\/\/www.korhanyilmaz.com\/wp-content\/uploads\/2009\/09\/090929-tsuuu.grid-8x3.jpg\"  class=\"lightview\"><img loading=\"lazy\" decoding=\"async\" class=\"aligncenter size-full wp-image-15272\" src=\"http:\/\/www.korhanyilmaz.com\/wp-content\/uploads\/2009\/09\/090929-tsuuu.grid-8x3.jpg\" alt=\"\" width=\"448\" height=\"192\" \/><\/a><\/p>\n","protected":false},"excerpt":{"rendered":"<p style=\"text-align: center;\">\n<p style=\"text-align: justify;\">G\u00fcney Pasifik Okyanus&#8217;undaki ada \u00fclkesi Amerikan Samoas\u0131 a\u00e7\u0131klar\u0131nda \u015fiddetli bir deprem oldu.<\/p>\n<p style=\"text-align: justify;\">G\u00fcney Pasifik Okyanusu&#8217;ndaki ada \u00fclkesi Amerikan Samoas\u0131 a\u00e7\u0131klar\u0131nda meydana gelen \u015fiddetli depremin yol a\u00e7t\u0131\u011f\u0131 tsunaminin, bu \u00fclke sahillerini vurmaya ba\u015flad\u0131\u011f\u0131 bildirildi.<\/p>\n<p style=\"text-align: justify;\">Yetkililer, tsunaminin, can ya da mal kayb\u0131na yol a\u00e7t\u0131\u011f\u0131na ili\u015fkin bir haber al\u0131nmad\u0131\u011f\u0131n\u0131 <\/p>\n","protected":false},"author":1,"featured_media":0,"comment_status":"open","ping_status":"closed","sticky":false,"template":"","format":"standard","meta":{"footnotes":""},"categories":[3],"tags":[],"class_list":["post-15268","post","type-post","status-publish","format-standard","hentry","category-dunya","odd"],"_links":{"self":[{"href":"http:\/\/www.korhanyilmaz.com\/index.php?rest_route=\/wp\/v2\/posts\/15268","targetHints":{"allow":["GET"]}}],"collection":[{"href":"http:\/\/www.korhanyilmaz.com\/index.php?rest_route=\/wp\/v2\/posts"}],"about":[{"href":"http:\/\/www.korhanyilmaz.com\/index.php?rest_route=\/wp\/v2\/types\/post"}],"author":[{"embeddable":true,"href":"http:\/\/www.korhanyilmaz.com\/index.php?rest_route=\/wp\/v2\/users\/1"}],"replies":[{"embeddable":true,"href":"http:\/\/www.korhanyilmaz.com\/index.php?rest_route=%2Fwp%2Fv2%2Fcomments&post=15268"}],"version-history":[{"count":0,"href":"http:\/\/www.korhanyilmaz.com\/index.php?rest_route=\/wp\/v2\/posts\/15268\/revisions"}],"wp:attachment":[{"href":"http:\/\/www.korhanyilmaz.com\/index.php?rest_route=%2Fwp%2Fv2%2Fmedia&parent=15268"}],"wp:term":[{"taxonomy":"category","embeddable":true,"href":"http:\/\/www.korhanyilmaz.com\/index.php?rest_route=%2Fwp%2Fv2%2Fcategories&post=15268"},{"taxonomy":"post_tag","embeddable":true,"href":"http:\/\/www.korhanyilmaz.com\/index.php?rest_route=%2Fwp%2Fv2%2Ftags&post=15268"}],"curies":[{"name":"wp","href":"https:\/\/api.w.org\/{rel}","templated":true}]}}