{"id":15259,"date":"2009-09-29T16:29:59","date_gmt":"2009-09-29T13:29:59","guid":{"rendered":"http:\/\/www.korhanyilmaz.com\/?p=15259"},"modified":"2009-09-29T16:29:59","modified_gmt":"2009-09-29T13:29:59","slug":"chpli-okayin-kardesi-tutuklandi","status":"publish","type":"post","link":"http:\/\/www.korhanyilmaz.com\/?p=15259","title":{"rendered":"CHP&#039;li Okay&#039;\u0131n karde\u015fi tutukland\u0131"},"content":{"rendered":"<p><a href=\"http:\/\/www.korhanyilmaz.com\/wp-content\/uploads\/2009\/09\/okay.jpg\"  class=\"lightview\"><img loading=\"lazy\" decoding=\"async\" class=\"aligncenter size-full wp-image-15260\" src=\"http:\/\/www.korhanyilmaz.com\/wp-content\/uploads\/2009\/09\/okay.jpg\" alt=\"\" width=\"292\" height=\"183\" \/><\/a><\/p>\n<p style=\"text-align: justify;\">\u0130stanbul&#8217;daki bir uyu\u015fturucu operasyonu kapsam\u0131nda g\u00f6zalt\u0131na al\u0131nan CHP&#8217;li Hakk\u0131 S\u00fcha Okay&#8217;\u0131n karde\u015fi Fehmi Okay tutukland\u0131.<\/p>\n<p style=\"text-align: justify;\">Mustafa Fehmi Okay, Be\u015fikta\u015f&#8217;taki \u0130stanbul Adliyesinde, soru\u015fturmay\u0131 y\u00fcr\u00fcten Cumhuriyet Savc\u0131s\u0131 Mehmet Berk taraf\u0131ndan yakla\u015f\u0131k 3 saat s\u00fcreyle sorguland\u0131.<\/p>\n<p style=\"text-align: justify;\">Savc\u0131 Mehmet Berk, sorgulaman\u0131n ard\u0131ndan Mustafa Fehmi Okay&#8217;\u0131, tutuklanmas\u0131 istemiyle \u0130stanbul N\u00f6bet\u00e7i 14. A\u011f\u0131r Ceza Mahkemesine sevk etti.<\/p>\n<p style=\"text-align: justify;\">Be\u015fikta\u015f&#8217;taki \u0130stanbul Adliyesi&#8217;nde n\u00f6bet\u00e7i 14. A\u011f\u0131r Ceza Mahkemesi&#8217;nce sorguland\u0131ktan sonra &#8220;delilleri karartma ihtimali bulundu\u011fu&#8221; gerek\u00e7esiyle tutuklanan Okay, \u0130stanbul Emniyet M\u00fcd\u00fcrl\u00fc\u011f\u00fcne ba\u011fl\u0131 Organize Su\u00e7larla M\u00fccadele \u015eube M\u00fcd\u00fcrl\u00fc\u011f\u00fc ekipleri nezaretinde Metris Cezaevi&#8217;ne yolland\u0131. <!--more--><\/p>\n<p style=\"text-align: justify;\">Adliye \u00e7\u0131k\u0131\u015f\u0131nda bas\u0131n mensuplar\u0131n\u0131n sorular\u0131n\u0131 yan\u0131tlayan Okay&#8217;\u0131n avukat\u0131 Arzu Ac\u0131maz, m\u00fcvekkili hakk\u0131nda mahkemede fiziki ve teknik takip tutanaklar\u0131 bulundu\u011funu belirterek, Okay aleyhinde bir tek uyu\u015fturucu iddias\u0131na ili\u015fkin delil bulunmad\u0131\u011f\u0131n\u0131 ve tapelerde bu y\u00f6nde bir konu\u015fmas\u0131n\u0131n s\u00f6z konusu olmad\u0131\u011f\u0131n\u0131 \u00f6ne s\u00fcrd\u00fc.<\/p>\n<p style=\"text-align: justify;\">M\u00fcvekkili Okay&#8217;\u0131n, &#8220;bas\u0131n taraf\u0131ndan mahkum edildi\u011fini&#8221; iddia eden Ac\u0131maz, &#8220;Okay&#8217;\u0131n, TCK&#8217;n\u0131n hangi maddeleri kapsam\u0131nda tutukland\u0131\u011f\u0131&#8221; yolundaki sorular\u0131n\u0131 yan\u0131ts\u0131z b\u0131rakt\u0131.<\/p>\n<p style=\"text-align: justify;\">Soru\u015fturma kapsam\u0131nda, Emniyet Genel M\u00fcd\u00fcr Yard\u0131mc\u0131s\u0131 Emin Arsan ve 4. S\u0131n\u0131f Emniyet M\u00fcd\u00fcrleri Murat Nemutlu ile Mustafa Aral&#8217;\u0131n da aralar\u0131nda bulundu\u011fu 12 ki\u015fi tutuklanarak cezaevine g\u00f6nderilmi\u015fti.<\/p>\n<p style=\"text-align: justify;\">Fehmi Okay, uyu\u015fturucu ticaretinin reisi oldu\u011fu iddias\u0131yla tutuklanan Habib Kanat&#8217;\u0131n sa\u011f kolu ve imalathanenin y\u00f6neticisi olmakla su\u00e7lan\u0131yor.<\/p>\n<p style=\"text-align: justify;\">Polis, Okay&#8217;\u0131n &#8216;hassas burun&#8217; olarak bilinen kimyager H\u00fcseyin Fehmi I\u015f\u0131k ve imalathanedeki i\u015f\u00e7ilerle yapt\u0131\u011f\u0131 g\u00f6r\u00fc\u015fmeleri tek tek kayda ald\u0131. Telefonda &#8220;Kazanlar haz\u0131r&#8221;, &#8220;Kazanlar \u0131s\u0131nd\u0131&#8221; \u015feklinde g\u00f6r\u00fc\u015fmeleri saptanan Fehmi Okay, soru\u015fturma kapsam\u0131nda aran\u0131yordu.<\/p>\n<p style=\"text-align: justify;\"><span style=\"color: #888888;\">CNN T\u00dcRK<\/span><\/p>\n","protected":false},"excerpt":{"rendered":"<\/p>\n<p style=\"text-align: justify;\">\u0130stanbul&#8217;daki bir uyu\u015fturucu operasyonu kapsam\u0131nda g\u00f6zalt\u0131na al\u0131nan CHP&#8217;li Hakk\u0131 S\u00fcha Okay&#8217;\u0131n karde\u015fi Fehmi Okay tutukland\u0131.<\/p>\n<p style=\"text-align: justify;\">Mustafa Fehmi Okay, Be\u015fikta\u015f&#8217;taki \u0130stanbul Adliyesinde, soru\u015fturmay\u0131 y\u00fcr\u00fcten Cumhuriyet Savc\u0131s\u0131 Mehmet Berk taraf\u0131ndan yakla\u015f\u0131k 3 saat s\u00fcreyle sorguland\u0131.<\/p>\n<p style=\"text-align: justify;\">Savc\u0131 Mehmet Berk, sorgulaman\u0131n ard\u0131ndan Mustafa Fehmi Okay&#8217;\u0131, tutuklanmas\u0131 istemiyle \u0130stanbul N\u00f6bet\u00e7i 14. A\u011f\u0131r Ceza <\/p>\n","protected":false},"author":1,"featured_media":0,"comment_status":"open","ping_status":"closed","sticky":false,"template":"","format":"standard","meta":{"footnotes":""},"categories":[105],"tags":[],"class_list":["post-15259","post","type-post","status-publish","format-standard","hentry","category-gundem","odd"],"_links":{"self":[{"href":"http:\/\/www.korhanyilmaz.com\/index.php?rest_route=\/wp\/v2\/posts\/15259","targetHints":{"allow":["GET"]}}],"collection":[{"href":"http:\/\/www.korhanyilmaz.com\/index.php?rest_route=\/wp\/v2\/posts"}],"about":[{"href":"http:\/\/www.korhanyilmaz.com\/index.php?rest_route=\/wp\/v2\/types\/post"}],"author":[{"embeddable":true,"href":"http:\/\/www.korhanyilmaz.com\/index.php?rest_route=\/wp\/v2\/users\/1"}],"replies":[{"embeddable":true,"href":"http:\/\/www.korhanyilmaz.com\/index.php?rest_route=%2Fwp%2Fv2%2Fcomments&post=15259"}],"version-history":[{"count":0,"href":"http:\/\/www.korhanyilmaz.com\/index.php?rest_route=\/wp\/v2\/posts\/15259\/revisions"}],"wp:attachment":[{"href":"http:\/\/www.korhanyilmaz.com\/index.php?rest_route=%2Fwp%2Fv2%2Fmedia&parent=15259"}],"wp:term":[{"taxonomy":"category","embeddable":true,"href":"http:\/\/www.korhanyilmaz.com\/index.php?rest_route=%2Fwp%2Fv2%2Fcategories&post=15259"},{"taxonomy":"post_tag","embeddable":true,"href":"http:\/\/www.korhanyilmaz.com\/index.php?rest_route=%2Fwp%2Fv2%2Ftags&post=15259"}],"curies":[{"name":"wp","href":"https:\/\/api.w.org\/{rel}","templated":true}]}}